{"id":297148,"date":"2017-09-09T16:10:34","date_gmt":"2017-09-09T14:10:34","guid":{"rendered":"http:\/\/hudo.com\/si\/?p=297148"},"modified":"2017-09-09T16:10:34","modified_gmt":"2017-09-09T14:10:34","slug":"arso-izdal-opozorilo-zaradi-obilnih-padavin-ki-bodo-zajele-slovenijo","status":"publish","type":"post","link":"https:\/\/hudo.com\/si\/aktualno\/arso-izdal-opozorilo-zaradi-obilnih-padavin-ki-bodo-zajele-slovenijo\/","title":{"rendered":"Arso izdal opozorilo zaradi obilnih padavin, ki bodo zajele Slovenijo"},"content":{"rendered":"<div class=\"text\">\n<p>Po podatkih Agencije RS za okolje (Arso) se bo nara\u0161\u010danje rek v nedeljo in ponedeljek \u0161irilo od zahoda v notranjost Slovenije. V no\u010di z nedelje na ponedeljek bodo reke, najprej na zahodu, dosegle velike pretoke. Plimovanje morja bo v nedeljo zjutraj nekoliko povi\u0161ano.<\/p>\n<p>V nedeljo lahko v osrednji Sloveniji vodotoki lahko poplavljajo ob strugah na obmo\u010dju pogostih poplav. Krajevno lahko pade tudi do 200 litrov na kvadratni meter.<\/p>\n<p>Verjetne so motnje v prometu in pri oskrbi z elektri\u010dno energijo in pitno vodo. Mo\u017eni so zemeljski plazovi, so zapisali na Arsu.<\/p>\n<p>Na agenciji svetujejo, da ljudje iz ni\u017ejih prostorov in kleti umaknejo hrano, premi\u010dnine, dokumente, denar in druge dragocenosti. Izklopijo naj elektriko, plin in vodovod in naj ne posku\u0161ajo pre\u010dkati vodnega toka. Prav tako naj bodo previdni pri u\u017eivanju hrane in vode. Spremljajo naj trend vodostaja in meteorolo\u0161ka ter hidrolo\u0161ka obvestila in opozorila ter informacije pristojnih slu\u017eb in organov, \u0161e svetujejo.<\/p>\n<\/div>\n","protected":false},"excerpt":{"rendered":"<p>Reke po Sloveniji, predvsem na zahodu in jugu, bodo danes za\u010dele nara\u0161\u010dati. Od nedelje do torka zjutraj pa bo zahodno polovico dr\u017eave zajelo mo\u010dno de\u017eevje. Za nedeljo in ponedeljek je razgla\u0161ena oran\u017ena stopnja ogro\u017eenosti za severozahodno, jugozahodno in osrednjo Slovenijo.<\/p>\n","protected":false},"author":5,"featured_media":297149,"comment_status":"closed","ping_status":"closed","sticky":false,"template":"","format":"standard","meta":{"footnotes":""},"categories":[1179],"tags":[4922,1595,2149],"source":[4511],"supertag":[],"acf":[],"yoast_head":"<!-- This site is optimized with the Yoast SEO plugin v21.3 - https:\/\/yoast.com\/wordpress\/plugins\/seo\/ -->\n<title>Arso izdal opozorilo zaradi obilnih padavin, ki bodo zajele Slovenijo - Hudo Slovenija<\/title>\n<meta name=\"robots\" content=\"index, follow, max-snippet:-1, max-image-preview:large, max-video-preview:-1\" \/>\n<link rel=\"canonical\" href=\"https:\/\/hudo.com\/si\/aktualno\/arso-izdal-opozorilo-zaradi-obilnih-padavin-ki-bodo-zajele-slovenijo\/\" \/>\n<meta property=\"og:locale\" content=\"sl_SI\" \/>\n<meta property=\"og:type\" content=\"article\" \/>\n<meta property=\"og:title\" content=\"Arso izdal opozorilo zaradi obilnih padavin, ki bodo zajele Slovenijo - Hudo Slovenija\" \/>\n<meta property=\"og:description\" content=\"Reke po Sloveniji, predvsem na zahodu in jugu, bodo danes za\u010dele nara\u0161\u010dati. Od nedelje do torka zjutraj pa bo zahodno polovico dr\u017eave zajelo mo\u010dno de\u017eevje. Za nedeljo in ponedeljek je razgla\u0161ena oran\u017ena stopnja ogro\u017eenosti za severozahodno, jugozahodno in osrednjo Slovenijo.\" \/>\n<meta property=\"og:url\" content=\"https:\/\/hudo.com\/si\/aktualno\/arso-izdal-opozorilo-zaradi-obilnih-padavin-ki-bodo-zajele-slovenijo\/\" \/>\n<meta property=\"og:site_name\" content=\"Hudo Slovenija\" \/>\n<meta property=\"article:publisher\" content=\"https:\/\/www.facebook.com\/hudo.si\" \/>\n<meta property=\"article:published_time\" content=\"2017-09-09T14:10:34+00:00\" \/>\n<meta property=\"og:image\" content=\"https:\/\/hudo.com\/si\/wp-content\/uploads\/sites\/2\/2017\/09\/profimedia-0098645799.jpg\" \/>\n\t<meta property=\"og:image:width\" content=\"1250\" \/>\n\t<meta property=\"og:image:height\" content=\"833\" \/>\n\t<meta property=\"og:image:type\" content=\"image\/jpeg\" \/>\n<meta name=\"author\" content=\"A. G., STA\" \/>\n<meta name=\"twitter:card\" content=\"summary_large_image\" \/>\n<meta name=\"twitter:creator\" content=\"@hudo_si\" \/>\n<meta name=\"twitter:site\" content=\"@hudo_si\" \/>\n<meta name=\"twitter:label1\" content=\"Written by\" \/>\n\t<meta name=\"twitter:data1\" content=\"A. G., STA\" \/>\n\t<meta name=\"twitter:label2\" content=\"Est. reading time\" \/>\n\t<meta name=\"twitter:data2\" content=\"1 minuta\" \/>\n<script type=\"application\/ld+json\" class=\"yoast-schema-graph\">{\"@context\":\"https:\/\/schema.org\",\"@graph\":[{\"@type\":\"Article\",\"@id\":\"https:\/\/hudo.com\/si\/aktualno\/arso-izdal-opozorilo-zaradi-obilnih-padavin-ki-bodo-zajele-slovenijo\/#article\",\"isPartOf\":{\"@id\":\"https:\/\/hudo.com\/si\/aktualno\/arso-izdal-opozorilo-zaradi-obilnih-padavin-ki-bodo-zajele-slovenijo\/\"},\"author\":{\"name\":\"A. G., STA\",\"@id\":\"https:\/\/hudo.com\/si\/#\/schema\/person\/2391667a63ea075ba94f2f2dc6b77537\"},\"headline\":\"Arso izdal opozorilo zaradi obilnih padavin, ki bodo zajele Slovenijo\",\"datePublished\":\"2017-09-09T14:10:34+00:00\",\"dateModified\":\"2017-09-09T14:10:34+00:00\",\"mainEntityOfPage\":{\"@id\":\"https:\/\/hudo.com\/si\/aktualno\/arso-izdal-opozorilo-zaradi-obilnih-padavin-ki-bodo-zajele-slovenijo\/\"},\"wordCount\":173,\"publisher\":{\"@id\":\"https:\/\/hudo.com\/si\/#organization\"},\"keywords\":[\"Arso\",\"Slovenija\",\"vreme\"],\"articleSection\":[\"Aktualno\"],\"inLanguage\":\"sl-SI\"},{\"@type\":\"WebPage\",\"@id\":\"https:\/\/hudo.com\/si\/aktualno\/arso-izdal-opozorilo-zaradi-obilnih-padavin-ki-bodo-zajele-slovenijo\/\",\"url\":\"https:\/\/hudo.com\/si\/aktualno\/arso-izdal-opozorilo-zaradi-obilnih-padavin-ki-bodo-zajele-slovenijo\/\",\"name\":\"Arso izdal opozorilo zaradi obilnih padavin, ki bodo zajele Slovenijo - Hudo Slovenija\",\"isPartOf\":{\"@id\":\"https:\/\/hudo.com\/si\/#website\"},\"datePublished\":\"2017-09-09T14:10:34+00:00\",\"dateModified\":\"2017-09-09T14:10:34+00:00\",\"breadcrumb\":{\"@id\":\"https:\/\/hudo.com\/si\/aktualno\/arso-izdal-opozorilo-zaradi-obilnih-padavin-ki-bodo-zajele-slovenijo\/#breadcrumb\"},\"inLanguage\":\"sl-SI\",\"potentialAction\":[{\"@type\":\"ReadAction\",\"target\":[\"https:\/\/hudo.com\/si\/aktualno\/arso-izdal-opozorilo-zaradi-obilnih-padavin-ki-bodo-zajele-slovenijo\/\"]}]},{\"@type\":\"BreadcrumbList\",\"@id\":\"https:\/\/hudo.com\/si\/aktualno\/arso-izdal-opozorilo-zaradi-obilnih-padavin-ki-bodo-zajele-slovenijo\/#breadcrumb\",\"itemListElement\":[{\"@type\":\"ListItem\",\"position\":1,\"name\":\"Home\",\"item\":\"https:\/\/hudo.com\/si\/\"},{\"@type\":\"ListItem\",\"position\":2,\"name\":\"Arso izdal opozorilo zaradi obilnih padavin, ki bodo zajele Slovenijo\"}]},{\"@type\":\"WebSite\",\"@id\":\"https:\/\/hudo.com\/si\/#website\",\"url\":\"https:\/\/hudo.com\/si\/\",\"name\":\"Hudo Slovenija\",\"description\":\"Vse novice iz Slovenije in sveta\",\"publisher\":{\"@id\":\"https:\/\/hudo.com\/si\/#organization\"},\"potentialAction\":[{\"@type\":\"SearchAction\",\"target\":{\"@type\":\"EntryPoint\",\"urlTemplate\":\"https:\/\/hudo.com\/si\/?s={search_term_string}\"},\"query-input\":\"required name=search_term_string\"}],\"inLanguage\":\"sl-SI\"},{\"@type\":\"Organization\",\"@id\":\"https:\/\/hudo.com\/si\/#organization\",\"name\":\"VSN Media\",\"url\":\"https:\/\/hudo.com\/si\/\",\"logo\":{\"@type\":\"ImageObject\",\"inLanguage\":\"sl-SI\",\"@id\":\"https:\/\/hudo.com\/si\/#\/schema\/logo\/image\/\",\"url\":\"https:\/\/hudo.com\/si\/wp-content\/uploads\/sites\/2\/2021\/03\/hudo-app-2.png\",\"contentUrl\":\"https:\/\/hudo.com\/si\/wp-content\/uploads\/sites\/2\/2021\/03\/hudo-app-2.png\",\"width\":2185,\"height\":2167,\"caption\":\"VSN Media\"},\"image\":{\"@id\":\"https:\/\/hudo.com\/si\/#\/schema\/logo\/image\/\"},\"sameAs\":[\"https:\/\/www.facebook.com\/hudo.si\",\"https:\/\/twitter.com\/hudo_si\"]},{\"@type\":\"Person\",\"@id\":\"https:\/\/hudo.com\/si\/#\/schema\/person\/2391667a63ea075ba94f2f2dc6b77537\",\"name\":\"A. G., STA\",\"image\":{\"@type\":\"ImageObject\",\"inLanguage\":\"sl-SI\",\"@id\":\"https:\/\/hudo.com\/si\/#\/schema\/person\/image\/\",\"url\":\"https:\/\/secure.gravatar.com\/avatar\/e13d22ac3e442658d5025fbbe6238a79?s=96&d=mm&r=g\",\"contentUrl\":\"https:\/\/secure.gravatar.com\/avatar\/e13d22ac3e442658d5025fbbe6238a79?s=96&d=mm&r=g\",\"caption\":\"A. G., STA\"},\"url\":\"https:\/\/hudo.com\/si\/author\/alenka\/\"}]}<\/script>\n<!-- \/ Yoast SEO plugin. -->","yoast_head_json":{"title":"Arso izdal opozorilo zaradi obilnih padavin, ki bodo zajele Slovenijo - Hudo Slovenija","robots":{"index":"index","follow":"follow","max-snippet":"max-snippet:-1","max-image-preview":"max-image-preview:large","max-video-preview":"max-video-preview:-1"},"canonical":"https:\/\/hudo.com\/si\/aktualno\/arso-izdal-opozorilo-zaradi-obilnih-padavin-ki-bodo-zajele-slovenijo\/","og_locale":"sl_SI","og_type":"article","og_title":"Arso izdal opozorilo zaradi obilnih padavin, ki bodo zajele Slovenijo - Hudo Slovenija","og_description":"Reke po Sloveniji, predvsem na zahodu in jugu, bodo danes za\u010dele nara\u0161\u010dati. Od nedelje do torka zjutraj pa bo zahodno polovico dr\u017eave zajelo mo\u010dno de\u017eevje. Za nedeljo in ponedeljek je razgla\u0161ena oran\u017ena stopnja ogro\u017eenosti za severozahodno, jugozahodno in osrednjo Slovenijo.","og_url":"https:\/\/hudo.com\/si\/aktualno\/arso-izdal-opozorilo-zaradi-obilnih-padavin-ki-bodo-zajele-slovenijo\/","og_site_name":"Hudo Slovenija","article_publisher":"https:\/\/www.facebook.com\/hudo.si","article_published_time":"2017-09-09T14:10:34+00:00","og_image":[{"width":1250,"height":833,"url":"https:\/\/hudo.com\/si\/wp-content\/uploads\/sites\/2\/2017\/09\/profimedia-0098645799.jpg","type":"image\/jpeg"}],"author":"A. G., STA","twitter_card":"summary_large_image","twitter_creator":"@hudo_si","twitter_site":"@hudo_si","twitter_misc":{"Written by":"A. G., STA","Est. reading time":"1 minuta"},"schema":{"@context":"https:\/\/schema.org","@graph":[{"@type":"Article","@id":"https:\/\/hudo.com\/si\/aktualno\/arso-izdal-opozorilo-zaradi-obilnih-padavin-ki-bodo-zajele-slovenijo\/#article","isPartOf":{"@id":"https:\/\/hudo.com\/si\/aktualno\/arso-izdal-opozorilo-zaradi-obilnih-padavin-ki-bodo-zajele-slovenijo\/"},"author":{"name":"A. G., STA","@id":"https:\/\/hudo.com\/si\/#\/schema\/person\/2391667a63ea075ba94f2f2dc6b77537"},"headline":"Arso izdal opozorilo zaradi obilnih padavin, ki bodo zajele Slovenijo","datePublished":"2017-09-09T14:10:34+00:00","dateModified":"2017-09-09T14:10:34+00:00","mainEntityOfPage":{"@id":"https:\/\/hudo.com\/si\/aktualno\/arso-izdal-opozorilo-zaradi-obilnih-padavin-ki-bodo-zajele-slovenijo\/"},"wordCount":173,"publisher":{"@id":"https:\/\/hudo.com\/si\/#organization"},"keywords":["Arso","Slovenija","vreme"],"articleSection":["Aktualno"],"inLanguage":"sl-SI"},{"@type":"WebPage","@id":"https:\/\/hudo.com\/si\/aktualno\/arso-izdal-opozorilo-zaradi-obilnih-padavin-ki-bodo-zajele-slovenijo\/","url":"https:\/\/hudo.com\/si\/aktualno\/arso-izdal-opozorilo-zaradi-obilnih-padavin-ki-bodo-zajele-slovenijo\/","name":"Arso izdal opozorilo zaradi obilnih padavin, ki bodo zajele Slovenijo - Hudo Slovenija","isPartOf":{"@id":"https:\/\/hudo.com\/si\/#website"},"datePublished":"2017-09-09T14:10:34+00:00","dateModified":"2017-09-09T14:10:34+00:00","breadcrumb":{"@id":"https:\/\/hudo.com\/si\/aktualno\/arso-izdal-opozorilo-zaradi-obilnih-padavin-ki-bodo-zajele-slovenijo\/#breadcrumb"},"inLanguage":"sl-SI","potentialAction":[{"@type":"ReadAction","target":["https:\/\/hudo.com\/si\/aktualno\/arso-izdal-opozorilo-zaradi-obilnih-padavin-ki-bodo-zajele-slovenijo\/"]}]},{"@type":"BreadcrumbList","@id":"https:\/\/hudo.com\/si\/aktualno\/arso-izdal-opozorilo-zaradi-obilnih-padavin-ki-bodo-zajele-slovenijo\/#breadcrumb","itemListElement":[{"@type":"ListItem","position":1,"name":"Home","item":"https:\/\/hudo.com\/si\/"},{"@type":"ListItem","position":2,"name":"Arso izdal opozorilo zaradi obilnih padavin, ki bodo zajele Slovenijo"}]},{"@type":"WebSite","@id":"https:\/\/hudo.com\/si\/#website","url":"https:\/\/hudo.com\/si\/","name":"Hudo Slovenija","description":"Vse novice iz Slovenije in sveta","publisher":{"@id":"https:\/\/hudo.com\/si\/#organization"},"potentialAction":[{"@type":"SearchAction","target":{"@type":"EntryPoint","urlTemplate":"https:\/\/hudo.com\/si\/?s={search_term_string}"},"query-input":"required name=search_term_string"}],"inLanguage":"sl-SI"},{"@type":"Organization","@id":"https:\/\/hudo.com\/si\/#organization","name":"VSN Media","url":"https:\/\/hudo.com\/si\/","logo":{"@type":"ImageObject","inLanguage":"sl-SI","@id":"https:\/\/hudo.com\/si\/#\/schema\/logo\/image\/","url":"https:\/\/hudo.com\/si\/wp-content\/uploads\/sites\/2\/2021\/03\/hudo-app-2.png","contentUrl":"https:\/\/hudo.com\/si\/wp-content\/uploads\/sites\/2\/2021\/03\/hudo-app-2.png","width":2185,"height":2167,"caption":"VSN Media"},"image":{"@id":"https:\/\/hudo.com\/si\/#\/schema\/logo\/image\/"},"sameAs":["https:\/\/www.facebook.com\/hudo.si","https:\/\/twitter.com\/hudo_si"]},{"@type":"Person","@id":"https:\/\/hudo.com\/si\/#\/schema\/person\/2391667a63ea075ba94f2f2dc6b77537","name":"A. G., STA","image":{"@type":"ImageObject","inLanguage":"sl-SI","@id":"https:\/\/hudo.com\/si\/#\/schema\/person\/image\/","url":"https:\/\/secure.gravatar.com\/avatar\/e13d22ac3e442658d5025fbbe6238a79?s=96&d=mm&r=g","contentUrl":"https:\/\/secure.gravatar.com\/avatar\/e13d22ac3e442658d5025fbbe6238a79?s=96&d=mm&r=g","caption":"A. G., STA"},"url":"https:\/\/hudo.com\/si\/author\/alenka\/"}]}},"amp_enabled":true,"_links":{"self":[{"href":"https:\/\/hudo.com\/si\/wp-json\/wp\/v2\/posts\/297148"}],"collection":[{"href":"https:\/\/hudo.com\/si\/wp-json\/wp\/v2\/posts"}],"about":[{"href":"https:\/\/hudo.com\/si\/wp-json\/wp\/v2\/types\/post"}],"author":[{"embeddable":true,"href":"https:\/\/hudo.com\/si\/wp-json\/wp\/v2\/users\/5"}],"replies":[{"embeddable":true,"href":"https:\/\/hudo.com\/si\/wp-json\/wp\/v2\/comments?post=297148"}],"version-history":[{"count":1,"href":"https:\/\/hudo.com\/si\/wp-json\/wp\/v2\/posts\/297148\/revisions"}],"predecessor-version":[{"id":297150,"href":"https:\/\/hudo.com\/si\/wp-json\/wp\/v2\/posts\/297148\/revisions\/297150"}],"wp:featuredmedia":[{"embeddable":true,"href":"https:\/\/hudo.com\/si\/wp-json\/wp\/v2\/media\/297149"}],"wp:attachment":[{"href":"https:\/\/hudo.com\/si\/wp-json\/wp\/v2\/media?parent=297148"}],"wp:term":[{"taxonomy":"category","embeddable":true,"href":"https:\/\/hudo.com\/si\/wp-json\/wp\/v2\/categories?post=297148"},{"taxonomy":"post_tag","embeddable":true,"href":"https:\/\/hudo.com\/si\/wp-json\/wp\/v2\/tags?post=297148"},{"taxonomy":"source","embeddable":true,"href":"https:\/\/hudo.com\/si\/wp-json\/wp\/v2\/source?post=297148"},{"taxonomy":"supertag","embeddable":true,"href":"https:\/\/hudo.com\/si\/wp-json\/wp\/v2\/supertag?post=297148"}],"curies":[{"name":"wp","href":"https:\/\/api.w.org\/{rel}","templated":true}]}}