{"id":298298,"date":"2017-09-12T18:00:00","date_gmt":"2017-09-12T16:00:00","guid":{"rendered":"http:\/\/hudo.com\/si\/2017\/09\/12\/hrvaski-predsednici-v-budimpesti-potrdili-zavrnitev\/"},"modified":"2017-09-12T18:00:00","modified_gmt":"2017-09-12T16:00:00","slug":"hrvaski-predsednici-v-budimpesti-potrdili-zavrnitev","status":"publish","type":"post","link":"https:\/\/hudo.com\/si\/aktualno\/hrvaski-predsednici-v-budimpesti-potrdili-zavrnitev\/","title":{"rendered":"Hrva\u0161ki predsednici v Budimpe\u0161ti potrdili zavrnitev"},"content":{"rendered":"<p>Kategorija: Sose\u0161\u010dina Tue, 12 Sep 2017 20:00:00 +0200  Ideolo\u0161ka bli\u017eina \u0161e ne pomeni, da vladajo med dvema dr\u017eavama tudi dobri sosedski odnosi. O tem se je prepri\u010dala tudi hrva\u0161ka predsednica Kolinda Grabar Kitarovi\u0107, ki jo je neprijetno presenetila mad\u017earska odlo\u010ditev o blokadi hrva\u0161kega \u010dlanstva v OECD. Sicer pa je po dana\u0161njem sre\u010danju s premierom Viktorjem Orbanom in predsednikom Janosem Aderjem v Budmipe\u0161ti sama potrdila, da Mad\u017eari trdno vztrajajo pri tej svoji odlo\u010ditvi.\u00a0 Je pa ob tem ugotovila, da \u00bbMad\u017eari ne nasprotujejo zaradi politi\u010dnih, temve\u010d izklju\u010dno zaradi poslovnih razlogov\u00ab in da \u00bbnima njihova odlo\u010ditev nikakr\u0161ne zveze s slovensko odlo\u010ditvijo o blokadi Hrva\u0161ke zaradi arbitra\u017ee\u00ab. V njeno zadovoljstvo je namre\u010d povsem izklju\u010dena mad\u017earsko-slovenska koalicija. Vse drugo je pravzaprav isto, saj Hrva\u0161ka \u0161e naprej ostaja pred vrati OECD. Mad\u017eari trdijo, da so omenjeno odlo\u010ditev sprejeli zaradi odnosa Hrva\u0161ke do Mola in njegovega\u00a0&#8230;<\/p>\n","protected":false},"excerpt":{"rendered":"<p>Kategorija: Sose\u0161\u010dina Tue, 12 Sep 2017 20:00:00 +0200  Ideolo\u0161ka bli\u017eina \u0161e ne pomeni, da vladajo med dvema dr\u017eavama tudi dobri sosedski odnosi. O tem se je prepri\u010dala tudi hrva\u0161ka predsednica Kolinda Grabar Kitarovi\u0107, ki jo je neprijetno presenetila mad\u017earska odlo\u010ditev o blokadi hrva\u0161kega \u010dlanstva v OECD. Sicer pa je po dana\u0161njem sre\u010danju s premierom Viktorjem Orbanom in predsednikom Janosem Aderjem v Budmipe\u0161ti sama potrdila, da Mad\u017eari trdno vztrajajo pri tej svoji odlo\u010ditvi.\u00a0 Je pa ob tem ugotovila, da \u00bbMad\u017eari ne nasprotujejo zaradi politi\u010dnih, temve\u010d izklju\u010dno zaradi poslovnih razlogov\u00ab in da \u00bbnima njihova odlo\u010ditev nikakr\u0161ne zveze s slovensko odlo\u010ditvijo o blokadi Hrva\u0161ke zaradi arbitra\u017ee\u00ab. V njeno zadovoljstvo je namre\u010d povsem izklju\u010dena mad\u017earsko-slovenska koalicija. Vse drugo je pravzaprav isto, saj Hrva\u0161ka \u0161e naprej ostaja pred vrati OECD. Mad\u017eari trdijo, da so omenjeno odlo\u010ditev sprejeli zaradi odnosa Hrva\u0161ke do Mola in njegovega\u00a0&#8230;<\/p>\n","protected":false},"author":1,"featured_media":0,"comment_status":"closed","ping_status":"closed","sticky":false,"template":"","format":"standard","meta":{"footnotes":""},"categories":[1179],"tags":[],"source":[1703],"supertag":[],"acf":[],"yoast_head":"<!-- This site is optimized with the Yoast SEO plugin v21.3 - https:\/\/yoast.com\/wordpress\/plugins\/seo\/ -->\n<title>Hrva\u0161ki predsednici v Budimpe\u0161ti potrdili zavrnitev - Hudo Slovenija<\/title>\n<meta name=\"robots\" content=\"index, follow, max-snippet:-1, max-image-preview:large, max-video-preview:-1\" \/>\n<link rel=\"canonical\" href=\"https:\/\/hudo.com\/si\/aktualno\/hrvaski-predsednici-v-budimpesti-potrdili-zavrnitev\/\" \/>\n<meta property=\"og:locale\" content=\"sl_SI\" \/>\n<meta property=\"og:type\" content=\"article\" \/>\n<meta property=\"og:title\" content=\"Hrva\u0161ki predsednici v Budimpe\u0161ti potrdili zavrnitev - Hudo Slovenija\" \/>\n<meta property=\"og:description\" content=\"Kategorija: Sose\u0161\u010dina Tue, 12 Sep 2017 20:00:00 +0200 Ideolo\u0161ka bli\u017eina \u0161e ne pomeni, da vladajo med dvema dr\u017eavama tudi dobri sosedski odnosi. O tem se je prepri\u010dala tudi hrva\u0161ka predsednica Kolinda Grabar Kitarovi\u0107, ki jo je neprijetno presenetila mad\u017earska odlo\u010ditev o blokadi hrva\u0161kega \u010dlanstva v OECD. Sicer pa je po dana\u0161njem sre\u010danju s premierom Viktorjem Orbanom in predsednikom Janosem Aderjem v Budmipe\u0161ti sama potrdila, da Mad\u017eari trdno vztrajajo pri tej svoji odlo\u010ditvi.\u00a0 Je pa ob tem ugotovila, da \u00bbMad\u017eari ne nasprotujejo zaradi politi\u010dnih, temve\u010d izklju\u010dno zaradi poslovnih razlogov\u00ab in da \u00bbnima njihova odlo\u010ditev nikakr\u0161ne zveze s slovensko odlo\u010ditvijo o blokadi Hrva\u0161ke zaradi arbitra\u017ee\u00ab. V njeno zadovoljstvo je namre\u010d povsem izklju\u010dena mad\u017earsko-slovenska koalicija. Vse drugo je pravzaprav isto, saj Hrva\u0161ka \u0161e naprej ostaja pred vrati OECD. Mad\u017eari trdijo, da so omenjeno odlo\u010ditev sprejeli zaradi odnosa Hrva\u0161ke do Mola in njegovega\u00a0...\" \/>\n<meta property=\"og:url\" content=\"https:\/\/hudo.com\/si\/aktualno\/hrvaski-predsednici-v-budimpesti-potrdili-zavrnitev\/\" \/>\n<meta property=\"og:site_name\" content=\"Hudo Slovenija\" \/>\n<meta property=\"article:publisher\" content=\"https:\/\/www.facebook.com\/hudo.si\" \/>\n<meta property=\"article:published_time\" content=\"2017-09-12T16:00:00+00:00\" \/>\n<meta property=\"og:image\" content=\"https:\/\/hudo.com\/si\/wp-content\/uploads\/sites\/2\/2017\/09\/480x290_AFP_Photo-20170912134405-47400400.jpeg\" \/>\n\t<meta property=\"og:image:width\" content=\"480\" \/>\n\t<meta property=\"og:image:height\" content=\"290\" \/>\n\t<meta property=\"og:image:type\" content=\"image\/jpeg\" \/>\n<meta name=\"author\" content=\"hudo\" \/>\n<meta name=\"twitter:card\" content=\"summary_large_image\" \/>\n<meta name=\"twitter:creator\" content=\"@hudo_si\" \/>\n<meta name=\"twitter:site\" content=\"@hudo_si\" \/>\n<meta name=\"twitter:label1\" content=\"Written by\" \/>\n\t<meta name=\"twitter:data1\" content=\"hudo\" \/>\n\t<meta name=\"twitter:label2\" content=\"Est. reading time\" \/>\n\t<meta name=\"twitter:data2\" content=\"1 minuta\" \/>\n<script type=\"application\/ld+json\" class=\"yoast-schema-graph\">{\"@context\":\"https:\/\/schema.org\",\"@graph\":[{\"@type\":\"Article\",\"@id\":\"https:\/\/hudo.com\/si\/aktualno\/hrvaski-predsednici-v-budimpesti-potrdili-zavrnitev\/#article\",\"isPartOf\":{\"@id\":\"https:\/\/hudo.com\/si\/aktualno\/hrvaski-predsednici-v-budimpesti-potrdili-zavrnitev\/\"},\"author\":{\"name\":\"hudo\",\"@id\":\"https:\/\/hudo.com\/si\/#\/schema\/person\/601cf3379633985b20f7e50f2bb47707\"},\"headline\":\"Hrva\u0161ki predsednici v Budimpe\u0161ti potrdili zavrnitev\",\"datePublished\":\"2017-09-12T16:00:00+00:00\",\"dateModified\":\"2017-09-12T16:00:00+00:00\",\"mainEntityOfPage\":{\"@id\":\"https:\/\/hudo.com\/si\/aktualno\/hrvaski-predsednici-v-budimpesti-potrdili-zavrnitev\/\"},\"wordCount\":171,\"publisher\":{\"@id\":\"https:\/\/hudo.com\/si\/#organization\"},\"articleSection\":[\"Aktualno\"],\"inLanguage\":\"sl-SI\"},{\"@type\":\"WebPage\",\"@id\":\"https:\/\/hudo.com\/si\/aktualno\/hrvaski-predsednici-v-budimpesti-potrdili-zavrnitev\/\",\"url\":\"https:\/\/hudo.com\/si\/aktualno\/hrvaski-predsednici-v-budimpesti-potrdili-zavrnitev\/\",\"name\":\"Hrva\u0161ki predsednici v Budimpe\u0161ti potrdili zavrnitev - Hudo Slovenija\",\"isPartOf\":{\"@id\":\"https:\/\/hudo.com\/si\/#website\"},\"datePublished\":\"2017-09-12T16:00:00+00:00\",\"dateModified\":\"2017-09-12T16:00:00+00:00\",\"breadcrumb\":{\"@id\":\"https:\/\/hudo.com\/si\/aktualno\/hrvaski-predsednici-v-budimpesti-potrdili-zavrnitev\/#breadcrumb\"},\"inLanguage\":\"sl-SI\",\"potentialAction\":[{\"@type\":\"ReadAction\",\"target\":[\"https:\/\/hudo.com\/si\/aktualno\/hrvaski-predsednici-v-budimpesti-potrdili-zavrnitev\/\"]}]},{\"@type\":\"BreadcrumbList\",\"@id\":\"https:\/\/hudo.com\/si\/aktualno\/hrvaski-predsednici-v-budimpesti-potrdili-zavrnitev\/#breadcrumb\",\"itemListElement\":[{\"@type\":\"ListItem\",\"position\":1,\"name\":\"Home\",\"item\":\"https:\/\/hudo.com\/si\/\"},{\"@type\":\"ListItem\",\"position\":2,\"name\":\"Hrva\u0161ki predsednici v Budimpe\u0161ti potrdili zavrnitev\"}]},{\"@type\":\"WebSite\",\"@id\":\"https:\/\/hudo.com\/si\/#website\",\"url\":\"https:\/\/hudo.com\/si\/\",\"name\":\"Hudo Slovenija\",\"description\":\"Vse novice iz Slovenije in sveta\",\"publisher\":{\"@id\":\"https:\/\/hudo.com\/si\/#organization\"},\"potentialAction\":[{\"@type\":\"SearchAction\",\"target\":{\"@type\":\"EntryPoint\",\"urlTemplate\":\"https:\/\/hudo.com\/si\/?s={search_term_string}\"},\"query-input\":\"required name=search_term_string\"}],\"inLanguage\":\"sl-SI\"},{\"@type\":\"Organization\",\"@id\":\"https:\/\/hudo.com\/si\/#organization\",\"name\":\"VSN Media\",\"url\":\"https:\/\/hudo.com\/si\/\",\"logo\":{\"@type\":\"ImageObject\",\"inLanguage\":\"sl-SI\",\"@id\":\"https:\/\/hudo.com\/si\/#\/schema\/logo\/image\/\",\"url\":\"https:\/\/hudo.com\/si\/wp-content\/uploads\/sites\/2\/2021\/03\/hudo-app-2.png\",\"contentUrl\":\"https:\/\/hudo.com\/si\/wp-content\/uploads\/sites\/2\/2021\/03\/hudo-app-2.png\",\"width\":2185,\"height\":2167,\"caption\":\"VSN Media\"},\"image\":{\"@id\":\"https:\/\/hudo.com\/si\/#\/schema\/logo\/image\/\"},\"sameAs\":[\"https:\/\/www.facebook.com\/hudo.si\",\"https:\/\/twitter.com\/hudo_si\"]},{\"@type\":\"Person\",\"@id\":\"https:\/\/hudo.com\/si\/#\/schema\/person\/601cf3379633985b20f7e50f2bb47707\",\"name\":\"hudo\",\"image\":{\"@type\":\"ImageObject\",\"inLanguage\":\"sl-SI\",\"@id\":\"https:\/\/hudo.com\/si\/#\/schema\/person\/image\/\",\"url\":\"https:\/\/secure.gravatar.com\/avatar\/c4ca25fa72cace7a696b52ff5db9e095?s=96&d=mm&r=g\",\"contentUrl\":\"https:\/\/secure.gravatar.com\/avatar\/c4ca25fa72cace7a696b52ff5db9e095?s=96&d=mm&r=g\",\"caption\":\"hudo\"},\"url\":\"https:\/\/hudo.com\/si\/author\/hudo\/\"}]}<\/script>\n<!-- \/ Yoast SEO plugin. -->","yoast_head_json":{"title":"Hrva\u0161ki predsednici v Budimpe\u0161ti potrdili zavrnitev - Hudo Slovenija","robots":{"index":"index","follow":"follow","max-snippet":"max-snippet:-1","max-image-preview":"max-image-preview:large","max-video-preview":"max-video-preview:-1"},"canonical":"https:\/\/hudo.com\/si\/aktualno\/hrvaski-predsednici-v-budimpesti-potrdili-zavrnitev\/","og_locale":"sl_SI","og_type":"article","og_title":"Hrva\u0161ki predsednici v Budimpe\u0161ti potrdili zavrnitev - Hudo Slovenija","og_description":"Kategorija: Sose\u0161\u010dina Tue, 12 Sep 2017 20:00:00 +0200 Ideolo\u0161ka bli\u017eina \u0161e ne pomeni, da vladajo med dvema dr\u017eavama tudi dobri sosedski odnosi. O tem se je prepri\u010dala tudi hrva\u0161ka predsednica Kolinda Grabar Kitarovi\u0107, ki jo je neprijetno presenetila mad\u017earska odlo\u010ditev o blokadi hrva\u0161kega \u010dlanstva v OECD. Sicer pa je po dana\u0161njem sre\u010danju s premierom Viktorjem Orbanom in predsednikom Janosem Aderjem v Budmipe\u0161ti sama potrdila, da Mad\u017eari trdno vztrajajo pri tej svoji odlo\u010ditvi.\u00a0 Je pa ob tem ugotovila, da \u00bbMad\u017eari ne nasprotujejo zaradi politi\u010dnih, temve\u010d izklju\u010dno zaradi poslovnih razlogov\u00ab in da \u00bbnima njihova odlo\u010ditev nikakr\u0161ne zveze s slovensko odlo\u010ditvijo o blokadi Hrva\u0161ke zaradi arbitra\u017ee\u00ab. V njeno zadovoljstvo je namre\u010d povsem izklju\u010dena mad\u017earsko-slovenska koalicija. Vse drugo je pravzaprav isto, saj Hrva\u0161ka \u0161e naprej ostaja pred vrati OECD. Mad\u017eari trdijo, da so omenjeno odlo\u010ditev sprejeli zaradi odnosa Hrva\u0161ke do Mola in njegovega\u00a0...","og_url":"https:\/\/hudo.com\/si\/aktualno\/hrvaski-predsednici-v-budimpesti-potrdili-zavrnitev\/","og_site_name":"Hudo Slovenija","article_publisher":"https:\/\/www.facebook.com\/hudo.si","article_published_time":"2017-09-12T16:00:00+00:00","og_image":[{"width":480,"height":290,"url":"https:\/\/hudo.com\/si\/wp-content\/uploads\/sites\/2\/2017\/09\/480x290_AFP_Photo-20170912134405-47400400.jpeg","type":"image\/jpeg"}],"author":"hudo","twitter_card":"summary_large_image","twitter_creator":"@hudo_si","twitter_site":"@hudo_si","twitter_misc":{"Written by":"hudo","Est. reading time":"1 minuta"},"schema":{"@context":"https:\/\/schema.org","@graph":[{"@type":"Article","@id":"https:\/\/hudo.com\/si\/aktualno\/hrvaski-predsednici-v-budimpesti-potrdili-zavrnitev\/#article","isPartOf":{"@id":"https:\/\/hudo.com\/si\/aktualno\/hrvaski-predsednici-v-budimpesti-potrdili-zavrnitev\/"},"author":{"name":"hudo","@id":"https:\/\/hudo.com\/si\/#\/schema\/person\/601cf3379633985b20f7e50f2bb47707"},"headline":"Hrva\u0161ki predsednici v Budimpe\u0161ti potrdili zavrnitev","datePublished":"2017-09-12T16:00:00+00:00","dateModified":"2017-09-12T16:00:00+00:00","mainEntityOfPage":{"@id":"https:\/\/hudo.com\/si\/aktualno\/hrvaski-predsednici-v-budimpesti-potrdili-zavrnitev\/"},"wordCount":171,"publisher":{"@id":"https:\/\/hudo.com\/si\/#organization"},"articleSection":["Aktualno"],"inLanguage":"sl-SI"},{"@type":"WebPage","@id":"https:\/\/hudo.com\/si\/aktualno\/hrvaski-predsednici-v-budimpesti-potrdili-zavrnitev\/","url":"https:\/\/hudo.com\/si\/aktualno\/hrvaski-predsednici-v-budimpesti-potrdili-zavrnitev\/","name":"Hrva\u0161ki predsednici v Budimpe\u0161ti potrdili zavrnitev - Hudo Slovenija","isPartOf":{"@id":"https:\/\/hudo.com\/si\/#website"},"datePublished":"2017-09-12T16:00:00+00:00","dateModified":"2017-09-12T16:00:00+00:00","breadcrumb":{"@id":"https:\/\/hudo.com\/si\/aktualno\/hrvaski-predsednici-v-budimpesti-potrdili-zavrnitev\/#breadcrumb"},"inLanguage":"sl-SI","potentialAction":[{"@type":"ReadAction","target":["https:\/\/hudo.com\/si\/aktualno\/hrvaski-predsednici-v-budimpesti-potrdili-zavrnitev\/"]}]},{"@type":"BreadcrumbList","@id":"https:\/\/hudo.com\/si\/aktualno\/hrvaski-predsednici-v-budimpesti-potrdili-zavrnitev\/#breadcrumb","itemListElement":[{"@type":"ListItem","position":1,"name":"Home","item":"https:\/\/hudo.com\/si\/"},{"@type":"ListItem","position":2,"name":"Hrva\u0161ki predsednici v Budimpe\u0161ti potrdili zavrnitev"}]},{"@type":"WebSite","@id":"https:\/\/hudo.com\/si\/#website","url":"https:\/\/hudo.com\/si\/","name":"Hudo Slovenija","description":"Vse novice iz Slovenije in sveta","publisher":{"@id":"https:\/\/hudo.com\/si\/#organization"},"potentialAction":[{"@type":"SearchAction","target":{"@type":"EntryPoint","urlTemplate":"https:\/\/hudo.com\/si\/?s={search_term_string}"},"query-input":"required name=search_term_string"}],"inLanguage":"sl-SI"},{"@type":"Organization","@id":"https:\/\/hudo.com\/si\/#organization","name":"VSN Media","url":"https:\/\/hudo.com\/si\/","logo":{"@type":"ImageObject","inLanguage":"sl-SI","@id":"https:\/\/hudo.com\/si\/#\/schema\/logo\/image\/","url":"https:\/\/hudo.com\/si\/wp-content\/uploads\/sites\/2\/2021\/03\/hudo-app-2.png","contentUrl":"https:\/\/hudo.com\/si\/wp-content\/uploads\/sites\/2\/2021\/03\/hudo-app-2.png","width":2185,"height":2167,"caption":"VSN Media"},"image":{"@id":"https:\/\/hudo.com\/si\/#\/schema\/logo\/image\/"},"sameAs":["https:\/\/www.facebook.com\/hudo.si","https:\/\/twitter.com\/hudo_si"]},{"@type":"Person","@id":"https:\/\/hudo.com\/si\/#\/schema\/person\/601cf3379633985b20f7e50f2bb47707","name":"hudo","image":{"@type":"ImageObject","inLanguage":"sl-SI","@id":"https:\/\/hudo.com\/si\/#\/schema\/person\/image\/","url":"https:\/\/secure.gravatar.com\/avatar\/c4ca25fa72cace7a696b52ff5db9e095?s=96&d=mm&r=g","contentUrl":"https:\/\/secure.gravatar.com\/avatar\/c4ca25fa72cace7a696b52ff5db9e095?s=96&d=mm&r=g","caption":"hudo"},"url":"https:\/\/hudo.com\/si\/author\/hudo\/"}]}},"amp_enabled":true,"_links":{"self":[{"href":"https:\/\/hudo.com\/si\/wp-json\/wp\/v2\/posts\/298298"}],"collection":[{"href":"https:\/\/hudo.com\/si\/wp-json\/wp\/v2\/posts"}],"about":[{"href":"https:\/\/hudo.com\/si\/wp-json\/wp\/v2\/types\/post"}],"author":[{"embeddable":true,"href":"https:\/\/hudo.com\/si\/wp-json\/wp\/v2\/users\/1"}],"replies":[{"embeddable":true,"href":"https:\/\/hudo.com\/si\/wp-json\/wp\/v2\/comments?post=298298"}],"version-history":[{"count":0,"href":"https:\/\/hudo.com\/si\/wp-json\/wp\/v2\/posts\/298298\/revisions"}],"wp:attachment":[{"href":"https:\/\/hudo.com\/si\/wp-json\/wp\/v2\/media?parent=298298"}],"wp:term":[{"taxonomy":"category","embeddable":true,"href":"https:\/\/hudo.com\/si\/wp-json\/wp\/v2\/categories?post=298298"},{"taxonomy":"post_tag","embeddable":true,"href":"https:\/\/hudo.com\/si\/wp-json\/wp\/v2\/tags?post=298298"},{"taxonomy":"source","embeddable":true,"href":"https:\/\/hudo.com\/si\/wp-json\/wp\/v2\/source?post=298298"},{"taxonomy":"supertag","embeddable":true,"href":"https:\/\/hudo.com\/si\/wp-json\/wp\/v2\/supertag?post=298298"}],"curies":[{"name":"wp","href":"https:\/\/api.w.org\/{rel}","templated":true}]}}