{"id":298422,"date":"2017-09-12T21:42:00","date_gmt":"2017-09-12T19:42:00","guid":{"rendered":"http:\/\/hudo.com\/si\/2017\/09\/12\/vidno-utrujeni-in-pretepeni-dragic-velik-uspeh-za-slovenijo\/"},"modified":"2017-09-12T21:42:00","modified_gmt":"2017-09-12T19:42:00","slug":"vidno-utrujeni-in-pretepeni-dragic-velik-uspeh-za-slovenijo","status":"publish","type":"post","link":"https:\/\/hudo.com\/si\/aktualno\/vidno-utrujeni-in-pretepeni-dragic-velik-uspeh-za-slovenijo\/","title":{"rendered":"Vidno utrujeni in pretepeni Dragi\u0107: Velik uspeh za Slovenijo!"},"content":{"rendered":"<p>Slovenija se veseli. Slovenski ko\u0161arkarji so v \u010detrtfinalu evropskega prvenstva po pravem boju v dvorani Sinan Erdem v Istanbulu s 103:97 premagali\u00a0Latvijo in dosegli\u00a0nov rekord po dose\u017eenih to\u010dkah. &#8220;\u010ce \u017eeli\u0161 dobiti medaljo, mora\u0161 premagati najbolj\u0161e,&#8221; je bil kapetan Goran Dragi\u0107 presre\u010den po veliki zmagi za slovensko ko\u0161arko. Luka Don\u010di\u0107 je zablestel, ko je bilo najbolj potrebno, tekmo pa kon\u010dal pri strelskem rekordu, 27 to\u010dkah, Dragi\u0107 pa je dal eno manj. Ponovila se je Poljska 2009, ko je bila Slovenija prav tako v polfinalu, tokrat pa so ko\u0161arkarji prepri\u010dani, da se bodo iz Tur\u010dije vrnili z medaljo okoli vratu.<\/p>\n","protected":false},"excerpt":{"rendered":"<p>Slovenija se veseli. Slovenski ko\u0161arkarji so v \u010detrtfinalu evropskega prvenstva po pravem boju v dvorani Sinan Erdem v Istanbulu s 103:97 premagali\u00a0Latvijo in dosegli\u00a0nov rekord po dose\u017eenih to\u010dkah. &#8220;\u010ce \u017eeli\u0161 dobiti medaljo, mora\u0161 premagati najbolj\u0161e,&#8221; je bil kapetan Goran Dragi\u0107 presre\u010den po veliki zmagi za slovensko ko\u0161arko. Luka Don\u010di\u0107 je zablestel, ko je bilo najbolj potrebno, tekmo pa kon\u010dal pri strelskem rekordu, 27 to\u010dkah, Dragi\u0107 pa je dal eno manj. Ponovila se je Poljska 2009, ko je bila Slovenija prav tako v polfinalu, tokrat pa so ko\u0161arkarji prepri\u010dani, da se bodo iz Tur\u010dije vrnili z medaljo okoli vratu.<\/p>\n","protected":false},"author":1,"featured_media":0,"comment_status":"closed","ping_status":"closed","sticky":false,"template":"","format":"standard","meta":{"footnotes":""},"categories":[1179],"tags":[],"source":[1717],"supertag":[],"acf":[],"yoast_head":"<!-- This site is optimized with the Yoast SEO plugin v21.3 - https:\/\/yoast.com\/wordpress\/plugins\/seo\/ -->\n<title>Vidno utrujeni in pretepeni Dragi\u0107: Velik uspeh za Slovenijo! - Hudo Slovenija<\/title>\n<meta name=\"robots\" content=\"index, follow, max-snippet:-1, max-image-preview:large, max-video-preview:-1\" \/>\n<link rel=\"canonical\" href=\"https:\/\/hudo.com\/si\/aktualno\/vidno-utrujeni-in-pretepeni-dragic-velik-uspeh-za-slovenijo\/\" \/>\n<meta property=\"og:locale\" content=\"sl_SI\" \/>\n<meta property=\"og:type\" content=\"article\" \/>\n<meta property=\"og:title\" content=\"Vidno utrujeni in pretepeni Dragi\u0107: Velik uspeh za Slovenijo! - Hudo Slovenija\" \/>\n<meta property=\"og:description\" content=\"Slovenija se veseli. Slovenski ko\u0161arkarji so v \u010detrtfinalu evropskega prvenstva po pravem boju v dvorani Sinan Erdem v Istanbulu s 103:97 premagali\u00a0Latvijo in dosegli\u00a0nov rekord po dose\u017eenih to\u010dkah. &quot;\u010ce \u017eeli\u0161 dobiti medaljo, mora\u0161 premagati najbolj\u0161e,&quot; je bil kapetan Goran Dragi\u0107 presre\u010den po veliki zmagi za slovensko ko\u0161arko. Luka Don\u010di\u0107 je zablestel, ko je bilo najbolj potrebno, tekmo pa kon\u010dal pri strelskem rekordu, 27 to\u010dkah, Dragi\u0107 pa je dal eno manj. Ponovila se je Poljska 2009, ko je bila Slovenija prav tako v polfinalu, tokrat pa so ko\u0161arkarji prepri\u010dani, da se bodo iz Tur\u010dije vrnili z medaljo okoli vratu.\" \/>\n<meta property=\"og:url\" content=\"https:\/\/hudo.com\/si\/aktualno\/vidno-utrujeni-in-pretepeni-dragic-velik-uspeh-za-slovenijo\/\" \/>\n<meta property=\"og:site_name\" content=\"Hudo Slovenija\" \/>\n<meta property=\"article:publisher\" content=\"https:\/\/www.facebook.com\/hudo.si\" \/>\n<meta property=\"article:published_time\" content=\"2017-09-12T19:42:00+00:00\" \/>\n<meta property=\"og:image\" content=\"https:\/\/hudo.com\/si\/wp-content\/uploads\/sites\/2\/2017\/09\/86024206fb55209f4a61-slovenija-eurobasket.jpeg\" \/>\n\t<meta property=\"og:image:width\" content=\"1200\" \/>\n\t<meta property=\"og:image:height\" content=\"628\" \/>\n\t<meta property=\"og:image:type\" content=\"image\/jpeg\" \/>\n<meta name=\"author\" content=\"hudo\" \/>\n<meta name=\"twitter:card\" content=\"summary_large_image\" \/>\n<meta name=\"twitter:creator\" content=\"@hudo_si\" \/>\n<meta name=\"twitter:site\" content=\"@hudo_si\" \/>\n<meta name=\"twitter:label1\" content=\"Written by\" \/>\n\t<meta name=\"twitter:data1\" content=\"hudo\" \/>\n\t<meta name=\"twitter:label2\" content=\"Est. reading time\" \/>\n\t<meta name=\"twitter:data2\" content=\"1 minuta\" \/>\n<script type=\"application\/ld+json\" class=\"yoast-schema-graph\">{\"@context\":\"https:\/\/schema.org\",\"@graph\":[{\"@type\":\"Article\",\"@id\":\"https:\/\/hudo.com\/si\/aktualno\/vidno-utrujeni-in-pretepeni-dragic-velik-uspeh-za-slovenijo\/#article\",\"isPartOf\":{\"@id\":\"https:\/\/hudo.com\/si\/aktualno\/vidno-utrujeni-in-pretepeni-dragic-velik-uspeh-za-slovenijo\/\"},\"author\":{\"name\":\"hudo\",\"@id\":\"https:\/\/hudo.com\/si\/#\/schema\/person\/601cf3379633985b20f7e50f2bb47707\"},\"headline\":\"Vidno utrujeni in pretepeni Dragi\u0107: Velik uspeh za Slovenijo!\",\"datePublished\":\"2017-09-12T19:42:00+00:00\",\"dateModified\":\"2017-09-12T19:42:00+00:00\",\"mainEntityOfPage\":{\"@id\":\"https:\/\/hudo.com\/si\/aktualno\/vidno-utrujeni-in-pretepeni-dragic-velik-uspeh-za-slovenijo\/\"},\"wordCount\":118,\"publisher\":{\"@id\":\"https:\/\/hudo.com\/si\/#organization\"},\"articleSection\":[\"Aktualno\"],\"inLanguage\":\"sl-SI\"},{\"@type\":\"WebPage\",\"@id\":\"https:\/\/hudo.com\/si\/aktualno\/vidno-utrujeni-in-pretepeni-dragic-velik-uspeh-za-slovenijo\/\",\"url\":\"https:\/\/hudo.com\/si\/aktualno\/vidno-utrujeni-in-pretepeni-dragic-velik-uspeh-za-slovenijo\/\",\"name\":\"Vidno utrujeni in pretepeni Dragi\u0107: Velik uspeh za Slovenijo! - Hudo Slovenija\",\"isPartOf\":{\"@id\":\"https:\/\/hudo.com\/si\/#website\"},\"datePublished\":\"2017-09-12T19:42:00+00:00\",\"dateModified\":\"2017-09-12T19:42:00+00:00\",\"breadcrumb\":{\"@id\":\"https:\/\/hudo.com\/si\/aktualno\/vidno-utrujeni-in-pretepeni-dragic-velik-uspeh-za-slovenijo\/#breadcrumb\"},\"inLanguage\":\"sl-SI\",\"potentialAction\":[{\"@type\":\"ReadAction\",\"target\":[\"https:\/\/hudo.com\/si\/aktualno\/vidno-utrujeni-in-pretepeni-dragic-velik-uspeh-za-slovenijo\/\"]}]},{\"@type\":\"BreadcrumbList\",\"@id\":\"https:\/\/hudo.com\/si\/aktualno\/vidno-utrujeni-in-pretepeni-dragic-velik-uspeh-za-slovenijo\/#breadcrumb\",\"itemListElement\":[{\"@type\":\"ListItem\",\"position\":1,\"name\":\"Home\",\"item\":\"https:\/\/hudo.com\/si\/\"},{\"@type\":\"ListItem\",\"position\":2,\"name\":\"Vidno utrujeni in pretepeni Dragi\u0107: Velik uspeh za Slovenijo!\"}]},{\"@type\":\"WebSite\",\"@id\":\"https:\/\/hudo.com\/si\/#website\",\"url\":\"https:\/\/hudo.com\/si\/\",\"name\":\"Hudo Slovenija\",\"description\":\"Vse novice iz Slovenije in sveta\",\"publisher\":{\"@id\":\"https:\/\/hudo.com\/si\/#organization\"},\"potentialAction\":[{\"@type\":\"SearchAction\",\"target\":{\"@type\":\"EntryPoint\",\"urlTemplate\":\"https:\/\/hudo.com\/si\/?s={search_term_string}\"},\"query-input\":\"required name=search_term_string\"}],\"inLanguage\":\"sl-SI\"},{\"@type\":\"Organization\",\"@id\":\"https:\/\/hudo.com\/si\/#organization\",\"name\":\"VSN Media\",\"url\":\"https:\/\/hudo.com\/si\/\",\"logo\":{\"@type\":\"ImageObject\",\"inLanguage\":\"sl-SI\",\"@id\":\"https:\/\/hudo.com\/si\/#\/schema\/logo\/image\/\",\"url\":\"https:\/\/hudo.com\/si\/wp-content\/uploads\/sites\/2\/2021\/03\/hudo-app-2.png\",\"contentUrl\":\"https:\/\/hudo.com\/si\/wp-content\/uploads\/sites\/2\/2021\/03\/hudo-app-2.png\",\"width\":2185,\"height\":2167,\"caption\":\"VSN Media\"},\"image\":{\"@id\":\"https:\/\/hudo.com\/si\/#\/schema\/logo\/image\/\"},\"sameAs\":[\"https:\/\/www.facebook.com\/hudo.si\",\"https:\/\/twitter.com\/hudo_si\"]},{\"@type\":\"Person\",\"@id\":\"https:\/\/hudo.com\/si\/#\/schema\/person\/601cf3379633985b20f7e50f2bb47707\",\"name\":\"hudo\",\"image\":{\"@type\":\"ImageObject\",\"inLanguage\":\"sl-SI\",\"@id\":\"https:\/\/hudo.com\/si\/#\/schema\/person\/image\/\",\"url\":\"https:\/\/secure.gravatar.com\/avatar\/c4ca25fa72cace7a696b52ff5db9e095?s=96&d=mm&r=g\",\"contentUrl\":\"https:\/\/secure.gravatar.com\/avatar\/c4ca25fa72cace7a696b52ff5db9e095?s=96&d=mm&r=g\",\"caption\":\"hudo\"},\"url\":\"https:\/\/hudo.com\/si\/author\/hudo\/\"}]}<\/script>\n<!-- \/ Yoast SEO plugin. -->","yoast_head_json":{"title":"Vidno utrujeni in pretepeni Dragi\u0107: Velik uspeh za Slovenijo! - Hudo Slovenija","robots":{"index":"index","follow":"follow","max-snippet":"max-snippet:-1","max-image-preview":"max-image-preview:large","max-video-preview":"max-video-preview:-1"},"canonical":"https:\/\/hudo.com\/si\/aktualno\/vidno-utrujeni-in-pretepeni-dragic-velik-uspeh-za-slovenijo\/","og_locale":"sl_SI","og_type":"article","og_title":"Vidno utrujeni in pretepeni Dragi\u0107: Velik uspeh za Slovenijo! - Hudo Slovenija","og_description":"Slovenija se veseli. Slovenski ko\u0161arkarji so v \u010detrtfinalu evropskega prvenstva po pravem boju v dvorani Sinan Erdem v Istanbulu s 103:97 premagali\u00a0Latvijo in dosegli\u00a0nov rekord po dose\u017eenih to\u010dkah. \"\u010ce \u017eeli\u0161 dobiti medaljo, mora\u0161 premagati najbolj\u0161e,\" je bil kapetan Goran Dragi\u0107 presre\u010den po veliki zmagi za slovensko ko\u0161arko. Luka Don\u010di\u0107 je zablestel, ko je bilo najbolj potrebno, tekmo pa kon\u010dal pri strelskem rekordu, 27 to\u010dkah, Dragi\u0107 pa je dal eno manj. Ponovila se je Poljska 2009, ko je bila Slovenija prav tako v polfinalu, tokrat pa so ko\u0161arkarji prepri\u010dani, da se bodo iz Tur\u010dije vrnili z medaljo okoli vratu.","og_url":"https:\/\/hudo.com\/si\/aktualno\/vidno-utrujeni-in-pretepeni-dragic-velik-uspeh-za-slovenijo\/","og_site_name":"Hudo Slovenija","article_publisher":"https:\/\/www.facebook.com\/hudo.si","article_published_time":"2017-09-12T19:42:00+00:00","og_image":[{"width":1200,"height":628,"url":"https:\/\/hudo.com\/si\/wp-content\/uploads\/sites\/2\/2017\/09\/86024206fb55209f4a61-slovenija-eurobasket.jpeg","type":"image\/jpeg"}],"author":"hudo","twitter_card":"summary_large_image","twitter_creator":"@hudo_si","twitter_site":"@hudo_si","twitter_misc":{"Written by":"hudo","Est. reading time":"1 minuta"},"schema":{"@context":"https:\/\/schema.org","@graph":[{"@type":"Article","@id":"https:\/\/hudo.com\/si\/aktualno\/vidno-utrujeni-in-pretepeni-dragic-velik-uspeh-za-slovenijo\/#article","isPartOf":{"@id":"https:\/\/hudo.com\/si\/aktualno\/vidno-utrujeni-in-pretepeni-dragic-velik-uspeh-za-slovenijo\/"},"author":{"name":"hudo","@id":"https:\/\/hudo.com\/si\/#\/schema\/person\/601cf3379633985b20f7e50f2bb47707"},"headline":"Vidno utrujeni in pretepeni Dragi\u0107: Velik uspeh za Slovenijo!","datePublished":"2017-09-12T19:42:00+00:00","dateModified":"2017-09-12T19:42:00+00:00","mainEntityOfPage":{"@id":"https:\/\/hudo.com\/si\/aktualno\/vidno-utrujeni-in-pretepeni-dragic-velik-uspeh-za-slovenijo\/"},"wordCount":118,"publisher":{"@id":"https:\/\/hudo.com\/si\/#organization"},"articleSection":["Aktualno"],"inLanguage":"sl-SI"},{"@type":"WebPage","@id":"https:\/\/hudo.com\/si\/aktualno\/vidno-utrujeni-in-pretepeni-dragic-velik-uspeh-za-slovenijo\/","url":"https:\/\/hudo.com\/si\/aktualno\/vidno-utrujeni-in-pretepeni-dragic-velik-uspeh-za-slovenijo\/","name":"Vidno utrujeni in pretepeni Dragi\u0107: Velik uspeh za Slovenijo! - Hudo Slovenija","isPartOf":{"@id":"https:\/\/hudo.com\/si\/#website"},"datePublished":"2017-09-12T19:42:00+00:00","dateModified":"2017-09-12T19:42:00+00:00","breadcrumb":{"@id":"https:\/\/hudo.com\/si\/aktualno\/vidno-utrujeni-in-pretepeni-dragic-velik-uspeh-za-slovenijo\/#breadcrumb"},"inLanguage":"sl-SI","potentialAction":[{"@type":"ReadAction","target":["https:\/\/hudo.com\/si\/aktualno\/vidno-utrujeni-in-pretepeni-dragic-velik-uspeh-za-slovenijo\/"]}]},{"@type":"BreadcrumbList","@id":"https:\/\/hudo.com\/si\/aktualno\/vidno-utrujeni-in-pretepeni-dragic-velik-uspeh-za-slovenijo\/#breadcrumb","itemListElement":[{"@type":"ListItem","position":1,"name":"Home","item":"https:\/\/hudo.com\/si\/"},{"@type":"ListItem","position":2,"name":"Vidno utrujeni in pretepeni Dragi\u0107: Velik uspeh za Slovenijo!"}]},{"@type":"WebSite","@id":"https:\/\/hudo.com\/si\/#website","url":"https:\/\/hudo.com\/si\/","name":"Hudo Slovenija","description":"Vse novice iz Slovenije in sveta","publisher":{"@id":"https:\/\/hudo.com\/si\/#organization"},"potentialAction":[{"@type":"SearchAction","target":{"@type":"EntryPoint","urlTemplate":"https:\/\/hudo.com\/si\/?s={search_term_string}"},"query-input":"required name=search_term_string"}],"inLanguage":"sl-SI"},{"@type":"Organization","@id":"https:\/\/hudo.com\/si\/#organization","name":"VSN Media","url":"https:\/\/hudo.com\/si\/","logo":{"@type":"ImageObject","inLanguage":"sl-SI","@id":"https:\/\/hudo.com\/si\/#\/schema\/logo\/image\/","url":"https:\/\/hudo.com\/si\/wp-content\/uploads\/sites\/2\/2021\/03\/hudo-app-2.png","contentUrl":"https:\/\/hudo.com\/si\/wp-content\/uploads\/sites\/2\/2021\/03\/hudo-app-2.png","width":2185,"height":2167,"caption":"VSN Media"},"image":{"@id":"https:\/\/hudo.com\/si\/#\/schema\/logo\/image\/"},"sameAs":["https:\/\/www.facebook.com\/hudo.si","https:\/\/twitter.com\/hudo_si"]},{"@type":"Person","@id":"https:\/\/hudo.com\/si\/#\/schema\/person\/601cf3379633985b20f7e50f2bb47707","name":"hudo","image":{"@type":"ImageObject","inLanguage":"sl-SI","@id":"https:\/\/hudo.com\/si\/#\/schema\/person\/image\/","url":"https:\/\/secure.gravatar.com\/avatar\/c4ca25fa72cace7a696b52ff5db9e095?s=96&d=mm&r=g","contentUrl":"https:\/\/secure.gravatar.com\/avatar\/c4ca25fa72cace7a696b52ff5db9e095?s=96&d=mm&r=g","caption":"hudo"},"url":"https:\/\/hudo.com\/si\/author\/hudo\/"}]}},"amp_enabled":true,"_links":{"self":[{"href":"https:\/\/hudo.com\/si\/wp-json\/wp\/v2\/posts\/298422"}],"collection":[{"href":"https:\/\/hudo.com\/si\/wp-json\/wp\/v2\/posts"}],"about":[{"href":"https:\/\/hudo.com\/si\/wp-json\/wp\/v2\/types\/post"}],"author":[{"embeddable":true,"href":"https:\/\/hudo.com\/si\/wp-json\/wp\/v2\/users\/1"}],"replies":[{"embeddable":true,"href":"https:\/\/hudo.com\/si\/wp-json\/wp\/v2\/comments?post=298422"}],"version-history":[{"count":0,"href":"https:\/\/hudo.com\/si\/wp-json\/wp\/v2\/posts\/298422\/revisions"}],"wp:attachment":[{"href":"https:\/\/hudo.com\/si\/wp-json\/wp\/v2\/media?parent=298422"}],"wp:term":[{"taxonomy":"category","embeddable":true,"href":"https:\/\/hudo.com\/si\/wp-json\/wp\/v2\/categories?post=298422"},{"taxonomy":"post_tag","embeddable":true,"href":"https:\/\/hudo.com\/si\/wp-json\/wp\/v2\/tags?post=298422"},{"taxonomy":"source","embeddable":true,"href":"https:\/\/hudo.com\/si\/wp-json\/wp\/v2\/source?post=298422"},{"taxonomy":"supertag","embeddable":true,"href":"https:\/\/hudo.com\/si\/wp-json\/wp\/v2\/supertag?post=298422"}],"curies":[{"name":"wp","href":"https:\/\/api.w.org\/{rel}","templated":true}]}}