{"id":298487,"date":"2017-09-13T05:00:00","date_gmt":"2017-09-13T03:00:00","guid":{"rendered":"http:\/\/hudo.com\/si\/2017\/09\/13\/darko-milanic-nasa-motivacija-bo-prerasla-vse\/"},"modified":"2017-09-13T05:00:00","modified_gmt":"2017-09-13T03:00:00","slug":"darko-milanic-nasa-motivacija-bo-prerasla-vse","status":"publish","type":"post","link":"https:\/\/hudo.com\/si\/aktualno\/darko-milanic-nasa-motivacija-bo-prerasla-vse\/","title":{"rendered":"Darko Milani\u010d: Na\u0161a motivacija bo prerasla vse"},"content":{"rendered":"<p>V za\u010detku poletja si je za\u017eelel, da bi si ve\u010dkrat nadel slovesno obleko. \u017delja se mu je izpolnila: vsaj \u0161estkrat jo bo \u0161e nosil v tej evropski sezoni. V njegovi pisarni \u017ee visi suknji\u010d. Nov? &#8220;Ne, ne, ta je star. Nisem \u0161e na\u0161el \u010dasa, da bi \u0161el h kroja\u010du. Bi pa moral iti. Kot se vse tro\u0161i, se tudi obleke tro\u0161ijo,&#8221; je pogovor za\u010del Darko Milani\u010d, trener nogometa\u0161ev Maribora. Trener nogometa\u0161ev iz lige prvakov. Lepa jesen je pred vami z ligo prvakov. Nepri\u010dakovano glede na spremembe na za\u010detku poletja in glede na to, da zaklju\u010dek pomladi ni bil najbolj ble\u0161\u010de\u010d? &#8220;Na pomlad se nam pa res ni treba ozirati, saj je bila do trenutka, ko smo osvojili naslov dr\u017eavnega prvaka, fantasti\u010dna. Osredoto\u010diti se je treba na pomembne stvari, na prave odgovore, ki smo jih dobili. Sre\u010den sem, da se je tako izteklo. Presene\u010denje? Moram biti iskren in re\u010di, da zame liga prvakov je presene\u010denje, po drugi strani pa so presene\u010denja v \u017eivljenju in \u0161portu prisotna vsak dan.&#8221;   &#8220;Upam potihoma, glasno pa bom delal, da bi nam uspelo&#8221;    V kvalifikacijah ste vijoli\u010dasti dvakrat zadeli le v Mostarju. A na vsaki tekmi ste dosegli gol, malo ste jih dobili. Se je takti\u010dna disciplina, ki jo trenerji tako radi poudarjate, v tem mo\u0161tvu dokon\u010dno prijela? &#8220;Ni druge poti. Fantje morajo tekme oddelati odli\u010dno. Tu ni debate. Med pripravamismo na\u0161li svoj na\u010din funkcioniranja na terenu in zunaj njega. Zanimivo je, kako se vse postavi na svoje mesto, ko se karte preme\u0161ajo. Po odhodih nekaterih igralcev, ki so v prej\u0161nji sezoni nosili glavno breme, so drugi fantje za\u010dutili svojo prilo\u017enost in prevzeli odgovornost.&#8221; Tri \u010dlanske reprezentante ste dobili to poletje, \u0161e dva sta bila na klopi Slovenije. Kdo je najve\u010dje odkritje tega obdobja? &#8220;Mo\u0161tvo! Saj smo vedeli, da imajo fantje potencial. Viler je odigral odli\u010dno pomlad, zdaj je nadaljeval. Ahmedi ni presene\u010denje. Po\u0161timal je nekatere stvari in ostal zdrav. \u010ce si zdrav, lahko poka\u017ee\u0161 ves svoj potencial. Kabha je \u017ee v prej\u0161nji sezoni s svojo dinamiko pokazal, kako ga<\/p>\n","protected":false},"excerpt":{"rendered":"<p>V za\u010detku poletja si je za\u017eelel, da bi si ve\u010dkrat nadel slovesno obleko. \u017delja se mu je izpolnila: vsaj \u0161estkrat jo bo \u0161e nosil v tej evropski sezoni. V njegovi pisarni \u017ee visi suknji\u010d. Nov? &#8220;Ne, ne, ta je star. Nisem \u0161e na\u0161el \u010dasa, da bi \u0161el h kroja\u010du. Bi pa moral iti. Kot se vse tro\u0161i, se tudi obleke tro\u0161ijo,&#8221; je pogovor za\u010del Darko Milani\u010d, trener nogometa\u0161ev Maribora. Trener nogometa\u0161ev iz lige prvakov. Lepa jesen je pred vami z ligo prvakov. Nepri\u010dakovano glede na spremembe na za\u010detku poletja in glede na to, da zaklju\u010dek pomladi ni bil najbolj ble\u0161\u010de\u010d? &#8220;Na pomlad se nam pa res ni treba ozirati, saj je bila do trenutka, ko smo osvojili naslov dr\u017eavnega prvaka, fantasti\u010dna. Osredoto\u010diti se je treba na pomembne stvari, na prave odgovore, ki smo jih dobili. Sre\u010den sem, da se je tako izteklo. Presene\u010denje? Moram biti iskren in re\u010di, da zame liga prvakov je presene\u010denje, po drugi strani pa so presene\u010denja v \u017eivljenju in \u0161portu prisotna vsak dan.&#8221;   &#8220;Upam potihoma, glasno pa bom delal, da bi nam uspelo&#8221;    V kvalifikacijah ste vijoli\u010dasti dvakrat zadeli le v Mostarju. A na vsaki tekmi ste dosegli gol, malo ste jih dobili. Se je takti\u010dna disciplina, ki jo trenerji tako radi poudarjate, v tem mo\u0161tvu dokon\u010dno prijela? &#8220;Ni druge poti. Fantje morajo tekme oddelati odli\u010dno. Tu ni debate. Med pripravamismo na\u0161li svoj na\u010din funkcioniranja na terenu in zunaj njega. Zanimivo je, kako se vse postavi na svoje mesto, ko se karte preme\u0161ajo. Po odhodih nekaterih igralcev, ki so v prej\u0161nji sezoni nosili glavno breme, so drugi fantje za\u010dutili svojo prilo\u017enost in prevzeli odgovornost.&#8221; Tri \u010dlanske reprezentante ste dobili to poletje, \u0161e dva sta bila na klopi Slovenije. Kdo je najve\u010dje odkritje tega obdobja? &#8220;Mo\u0161tvo! Saj smo vedeli, da imajo fantje potencial. Viler je odigral odli\u010dno pomlad, zdaj je nadaljeval. Ahmedi ni presene\u010denje. Po\u0161timal je nekatere stvari in ostal zdrav. \u010ce si zdrav, lahko poka\u017ee\u0161 ves svoj potencial. Kabha je \u017ee v prej\u0161nji sezoni s svojo dinamiko pokazal, kako ga<\/p>\n","protected":false},"author":1,"featured_media":0,"comment_status":"closed","ping_status":"closed","sticky":false,"template":"","format":"standard","meta":{"footnotes":""},"categories":[1179],"tags":[],"source":[1711],"supertag":[],"acf":[],"yoast_head":"<!-- This site is optimized with the Yoast SEO plugin v21.3 - https:\/\/yoast.com\/wordpress\/plugins\/seo\/ -->\n<title>Darko Milani\u010d: Na\u0161a motivacija bo prerasla vse - Hudo Slovenija<\/title>\n<meta name=\"robots\" content=\"index, follow, max-snippet:-1, max-image-preview:large, max-video-preview:-1\" \/>\n<link rel=\"canonical\" href=\"https:\/\/hudo.com\/si\/aktualno\/darko-milanic-nasa-motivacija-bo-prerasla-vse\/\" \/>\n<meta property=\"og:locale\" content=\"sl_SI\" \/>\n<meta property=\"og:type\" content=\"article\" \/>\n<meta property=\"og:title\" content=\"Darko Milani\u010d: Na\u0161a motivacija bo prerasla vse - Hudo Slovenija\" \/>\n<meta property=\"og:description\" content=\"V za\u010detku poletja si je za\u017eelel, da bi si ve\u010dkrat nadel slovesno obleko. \u017delja se mu je izpolnila: vsaj \u0161estkrat jo bo \u0161e nosil v tej evropski sezoni. V njegovi pisarni \u017ee visi suknji\u010d. Nov? &quot;Ne, ne, ta je star. Nisem \u0161e na\u0161el \u010dasa, da bi \u0161el h kroja\u010du. Bi pa moral iti. Kot se vse tro\u0161i, se tudi obleke tro\u0161ijo,&quot; je pogovor za\u010del Darko Milani\u010d, trener nogometa\u0161ev Maribora. Trener nogometa\u0161ev iz lige prvakov. Lepa jesen je pred vami z ligo prvakov. Nepri\u010dakovano glede na spremembe na za\u010detku poletja in glede na to, da zaklju\u010dek pomladi ni bil najbolj ble\u0161\u010de\u010d? &quot;Na pomlad se nam pa res ni treba ozirati, saj je bila do trenutka, ko smo osvojili naslov dr\u017eavnega prvaka, fantasti\u010dna. Osredoto\u010diti se je treba na pomembne stvari, na prave odgovore, ki smo jih dobili. Sre\u010den sem, da se je tako izteklo. Presene\u010denje? Moram biti iskren in re\u010di, da zame liga prvakov je presene\u010denje, po drugi strani pa so presene\u010denja v \u017eivljenju in \u0161portu prisotna vsak dan.&quot;  &quot;Upam potihoma, glasno pa bom delal, da bi nam uspelo&quot;  V kvalifikacijah ste vijoli\u010dasti dvakrat zadeli le v Mostarju. A na vsaki tekmi ste dosegli gol, malo ste jih dobili. Se je takti\u010dna disciplina, ki jo trenerji tako radi poudarjate, v tem mo\u0161tvu dokon\u010dno prijela? &quot;Ni druge poti. Fantje morajo tekme oddelati odli\u010dno. Tu ni debate. Med pripravamismo na\u0161li svoj na\u010din funkcioniranja na terenu in zunaj njega. Zanimivo je, kako se vse postavi na svoje mesto, ko se karte preme\u0161ajo. Po odhodih nekaterih igralcev, ki so v prej\u0161nji sezoni nosili glavno breme, so drugi fantje za\u010dutili svojo prilo\u017enost in prevzeli odgovornost.&quot; Tri \u010dlanske reprezentante ste dobili to poletje, \u0161e dva sta bila na klopi Slovenije. Kdo je najve\u010dje odkritje tega obdobja? &quot;Mo\u0161tvo! Saj smo vedeli, da imajo fantje potencial. Viler je odigral odli\u010dno pomlad, zdaj je nadaljeval. Ahmedi ni presene\u010denje. Po\u0161timal je nekatere stvari in ostal zdrav. \u010ce si zdrav, lahko poka\u017ee\u0161 ves svoj potencial. Kabha je \u017ee v prej\u0161nji sezoni s svojo dinamiko pokazal, kako ga\" \/>\n<meta property=\"og:url\" content=\"https:\/\/hudo.com\/si\/aktualno\/darko-milanic-nasa-motivacija-bo-prerasla-vse\/\" \/>\n<meta property=\"og:site_name\" content=\"Hudo Slovenija\" \/>\n<meta property=\"article:publisher\" content=\"https:\/\/www.facebook.com\/hudo.si\" \/>\n<meta property=\"article:published_time\" content=\"2017-09-13T03:00:00+00:00\" \/>\n<meta property=\"og:image\" content=\"https:\/\/hudo.com\/si\/wp-content\/uploads\/sites\/2\/2017\/09\/0821Novinars22-300.jpg\" \/>\n\t<meta property=\"og:image:width\" content=\"450\" \/>\n\t<meta property=\"og:image:height\" content=\"300\" \/>\n\t<meta property=\"og:image:type\" content=\"image\/jpeg\" \/>\n<meta name=\"author\" content=\"hudo\" \/>\n<meta name=\"twitter:card\" content=\"summary_large_image\" \/>\n<meta name=\"twitter:creator\" content=\"@hudo_si\" \/>\n<meta name=\"twitter:site\" content=\"@hudo_si\" \/>\n<meta name=\"twitter:label1\" content=\"Written by\" \/>\n\t<meta name=\"twitter:data1\" content=\"hudo\" \/>\n\t<meta name=\"twitter:label2\" content=\"Est. reading time\" \/>\n\t<meta name=\"twitter:data2\" content=\"2 minuti\" \/>\n<script type=\"application\/ld+json\" class=\"yoast-schema-graph\">{\"@context\":\"https:\/\/schema.org\",\"@graph\":[{\"@type\":\"Article\",\"@id\":\"https:\/\/hudo.com\/si\/aktualno\/darko-milanic-nasa-motivacija-bo-prerasla-vse\/#article\",\"isPartOf\":{\"@id\":\"https:\/\/hudo.com\/si\/aktualno\/darko-milanic-nasa-motivacija-bo-prerasla-vse\/\"},\"author\":{\"name\":\"hudo\",\"@id\":\"https:\/\/hudo.com\/si\/#\/schema\/person\/601cf3379633985b20f7e50f2bb47707\"},\"headline\":\"Darko Milani\u010d: Na\u0161a motivacija bo prerasla vse\",\"datePublished\":\"2017-09-13T03:00:00+00:00\",\"dateModified\":\"2017-09-13T03:00:00+00:00\",\"mainEntityOfPage\":{\"@id\":\"https:\/\/hudo.com\/si\/aktualno\/darko-milanic-nasa-motivacija-bo-prerasla-vse\/\"},\"wordCount\":382,\"publisher\":{\"@id\":\"https:\/\/hudo.com\/si\/#organization\"},\"articleSection\":[\"Aktualno\"],\"inLanguage\":\"sl-SI\"},{\"@type\":\"WebPage\",\"@id\":\"https:\/\/hudo.com\/si\/aktualno\/darko-milanic-nasa-motivacija-bo-prerasla-vse\/\",\"url\":\"https:\/\/hudo.com\/si\/aktualno\/darko-milanic-nasa-motivacija-bo-prerasla-vse\/\",\"name\":\"Darko Milani\u010d: Na\u0161a motivacija bo prerasla vse - Hudo Slovenija\",\"isPartOf\":{\"@id\":\"https:\/\/hudo.com\/si\/#website\"},\"datePublished\":\"2017-09-13T03:00:00+00:00\",\"dateModified\":\"2017-09-13T03:00:00+00:00\",\"breadcrumb\":{\"@id\":\"https:\/\/hudo.com\/si\/aktualno\/darko-milanic-nasa-motivacija-bo-prerasla-vse\/#breadcrumb\"},\"inLanguage\":\"sl-SI\",\"potentialAction\":[{\"@type\":\"ReadAction\",\"target\":[\"https:\/\/hudo.com\/si\/aktualno\/darko-milanic-nasa-motivacija-bo-prerasla-vse\/\"]}]},{\"@type\":\"BreadcrumbList\",\"@id\":\"https:\/\/hudo.com\/si\/aktualno\/darko-milanic-nasa-motivacija-bo-prerasla-vse\/#breadcrumb\",\"itemListElement\":[{\"@type\":\"ListItem\",\"position\":1,\"name\":\"Home\",\"item\":\"https:\/\/hudo.com\/si\/\"},{\"@type\":\"ListItem\",\"position\":2,\"name\":\"Darko Milani\u010d: Na\u0161a motivacija bo prerasla vse\"}]},{\"@type\":\"WebSite\",\"@id\":\"https:\/\/hudo.com\/si\/#website\",\"url\":\"https:\/\/hudo.com\/si\/\",\"name\":\"Hudo Slovenija\",\"description\":\"Vse novice iz Slovenije in sveta\",\"publisher\":{\"@id\":\"https:\/\/hudo.com\/si\/#organization\"},\"potentialAction\":[{\"@type\":\"SearchAction\",\"target\":{\"@type\":\"EntryPoint\",\"urlTemplate\":\"https:\/\/hudo.com\/si\/?s={search_term_string}\"},\"query-input\":\"required name=search_term_string\"}],\"inLanguage\":\"sl-SI\"},{\"@type\":\"Organization\",\"@id\":\"https:\/\/hudo.com\/si\/#organization\",\"name\":\"VSN Media\",\"url\":\"https:\/\/hudo.com\/si\/\",\"logo\":{\"@type\":\"ImageObject\",\"inLanguage\":\"sl-SI\",\"@id\":\"https:\/\/hudo.com\/si\/#\/schema\/logo\/image\/\",\"url\":\"https:\/\/hudo.com\/si\/wp-content\/uploads\/sites\/2\/2021\/03\/hudo-app-2.png\",\"contentUrl\":\"https:\/\/hudo.com\/si\/wp-content\/uploads\/sites\/2\/2021\/03\/hudo-app-2.png\",\"width\":2185,\"height\":2167,\"caption\":\"VSN Media\"},\"image\":{\"@id\":\"https:\/\/hudo.com\/si\/#\/schema\/logo\/image\/\"},\"sameAs\":[\"https:\/\/www.facebook.com\/hudo.si\",\"https:\/\/twitter.com\/hudo_si\"]},{\"@type\":\"Person\",\"@id\":\"https:\/\/hudo.com\/si\/#\/schema\/person\/601cf3379633985b20f7e50f2bb47707\",\"name\":\"hudo\",\"image\":{\"@type\":\"ImageObject\",\"inLanguage\":\"sl-SI\",\"@id\":\"https:\/\/hudo.com\/si\/#\/schema\/person\/image\/\",\"url\":\"https:\/\/secure.gravatar.com\/avatar\/c4ca25fa72cace7a696b52ff5db9e095?s=96&d=mm&r=g\",\"contentUrl\":\"https:\/\/secure.gravatar.com\/avatar\/c4ca25fa72cace7a696b52ff5db9e095?s=96&d=mm&r=g\",\"caption\":\"hudo\"},\"url\":\"https:\/\/hudo.com\/si\/author\/hudo\/\"}]}<\/script>\n<!-- \/ Yoast SEO plugin. -->","yoast_head_json":{"title":"Darko Milani\u010d: Na\u0161a motivacija bo prerasla vse - Hudo Slovenija","robots":{"index":"index","follow":"follow","max-snippet":"max-snippet:-1","max-image-preview":"max-image-preview:large","max-video-preview":"max-video-preview:-1"},"canonical":"https:\/\/hudo.com\/si\/aktualno\/darko-milanic-nasa-motivacija-bo-prerasla-vse\/","og_locale":"sl_SI","og_type":"article","og_title":"Darko Milani\u010d: Na\u0161a motivacija bo prerasla vse - Hudo Slovenija","og_description":"V za\u010detku poletja si je za\u017eelel, da bi si ve\u010dkrat nadel slovesno obleko. \u017delja se mu je izpolnila: vsaj \u0161estkrat jo bo \u0161e nosil v tej evropski sezoni. V njegovi pisarni \u017ee visi suknji\u010d. Nov? \"Ne, ne, ta je star. Nisem \u0161e na\u0161el \u010dasa, da bi \u0161el h kroja\u010du. Bi pa moral iti. Kot se vse tro\u0161i, se tudi obleke tro\u0161ijo,\" je pogovor za\u010del Darko Milani\u010d, trener nogometa\u0161ev Maribora. Trener nogometa\u0161ev iz lige prvakov. Lepa jesen je pred vami z ligo prvakov. Nepri\u010dakovano glede na spremembe na za\u010detku poletja in glede na to, da zaklju\u010dek pomladi ni bil najbolj ble\u0161\u010de\u010d? \"Na pomlad se nam pa res ni treba ozirati, saj je bila do trenutka, ko smo osvojili naslov dr\u017eavnega prvaka, fantasti\u010dna. Osredoto\u010diti se je treba na pomembne stvari, na prave odgovore, ki smo jih dobili. Sre\u010den sem, da se je tako izteklo. Presene\u010denje? Moram biti iskren in re\u010di, da zame liga prvakov je presene\u010denje, po drugi strani pa so presene\u010denja v \u017eivljenju in \u0161portu prisotna vsak dan.\"  \"Upam potihoma, glasno pa bom delal, da bi nam uspelo\"  V kvalifikacijah ste vijoli\u010dasti dvakrat zadeli le v Mostarju. A na vsaki tekmi ste dosegli gol, malo ste jih dobili. Se je takti\u010dna disciplina, ki jo trenerji tako radi poudarjate, v tem mo\u0161tvu dokon\u010dno prijela? \"Ni druge poti. Fantje morajo tekme oddelati odli\u010dno. Tu ni debate. Med pripravamismo na\u0161li svoj na\u010din funkcioniranja na terenu in zunaj njega. Zanimivo je, kako se vse postavi na svoje mesto, ko se karte preme\u0161ajo. Po odhodih nekaterih igralcev, ki so v prej\u0161nji sezoni nosili glavno breme, so drugi fantje za\u010dutili svojo prilo\u017enost in prevzeli odgovornost.\" Tri \u010dlanske reprezentante ste dobili to poletje, \u0161e dva sta bila na klopi Slovenije. Kdo je najve\u010dje odkritje tega obdobja? \"Mo\u0161tvo! Saj smo vedeli, da imajo fantje potencial. Viler je odigral odli\u010dno pomlad, zdaj je nadaljeval. Ahmedi ni presene\u010denje. Po\u0161timal je nekatere stvari in ostal zdrav. \u010ce si zdrav, lahko poka\u017ee\u0161 ves svoj potencial. Kabha je \u017ee v prej\u0161nji sezoni s svojo dinamiko pokazal, kako ga","og_url":"https:\/\/hudo.com\/si\/aktualno\/darko-milanic-nasa-motivacija-bo-prerasla-vse\/","og_site_name":"Hudo Slovenija","article_publisher":"https:\/\/www.facebook.com\/hudo.si","article_published_time":"2017-09-13T03:00:00+00:00","og_image":[{"width":450,"height":300,"url":"https:\/\/hudo.com\/si\/wp-content\/uploads\/sites\/2\/2017\/09\/0821Novinars22-300.jpg","type":"image\/jpeg"}],"author":"hudo","twitter_card":"summary_large_image","twitter_creator":"@hudo_si","twitter_site":"@hudo_si","twitter_misc":{"Written by":"hudo","Est. reading time":"2 minuti"},"schema":{"@context":"https:\/\/schema.org","@graph":[{"@type":"Article","@id":"https:\/\/hudo.com\/si\/aktualno\/darko-milanic-nasa-motivacija-bo-prerasla-vse\/#article","isPartOf":{"@id":"https:\/\/hudo.com\/si\/aktualno\/darko-milanic-nasa-motivacija-bo-prerasla-vse\/"},"author":{"name":"hudo","@id":"https:\/\/hudo.com\/si\/#\/schema\/person\/601cf3379633985b20f7e50f2bb47707"},"headline":"Darko Milani\u010d: Na\u0161a motivacija bo prerasla vse","datePublished":"2017-09-13T03:00:00+00:00","dateModified":"2017-09-13T03:00:00+00:00","mainEntityOfPage":{"@id":"https:\/\/hudo.com\/si\/aktualno\/darko-milanic-nasa-motivacija-bo-prerasla-vse\/"},"wordCount":382,"publisher":{"@id":"https:\/\/hudo.com\/si\/#organization"},"articleSection":["Aktualno"],"inLanguage":"sl-SI"},{"@type":"WebPage","@id":"https:\/\/hudo.com\/si\/aktualno\/darko-milanic-nasa-motivacija-bo-prerasla-vse\/","url":"https:\/\/hudo.com\/si\/aktualno\/darko-milanic-nasa-motivacija-bo-prerasla-vse\/","name":"Darko Milani\u010d: Na\u0161a motivacija bo prerasla vse - Hudo Slovenija","isPartOf":{"@id":"https:\/\/hudo.com\/si\/#website"},"datePublished":"2017-09-13T03:00:00+00:00","dateModified":"2017-09-13T03:00:00+00:00","breadcrumb":{"@id":"https:\/\/hudo.com\/si\/aktualno\/darko-milanic-nasa-motivacija-bo-prerasla-vse\/#breadcrumb"},"inLanguage":"sl-SI","potentialAction":[{"@type":"ReadAction","target":["https:\/\/hudo.com\/si\/aktualno\/darko-milanic-nasa-motivacija-bo-prerasla-vse\/"]}]},{"@type":"BreadcrumbList","@id":"https:\/\/hudo.com\/si\/aktualno\/darko-milanic-nasa-motivacija-bo-prerasla-vse\/#breadcrumb","itemListElement":[{"@type":"ListItem","position":1,"name":"Home","item":"https:\/\/hudo.com\/si\/"},{"@type":"ListItem","position":2,"name":"Darko Milani\u010d: Na\u0161a motivacija bo prerasla vse"}]},{"@type":"WebSite","@id":"https:\/\/hudo.com\/si\/#website","url":"https:\/\/hudo.com\/si\/","name":"Hudo Slovenija","description":"Vse novice iz Slovenije in sveta","publisher":{"@id":"https:\/\/hudo.com\/si\/#organization"},"potentialAction":[{"@type":"SearchAction","target":{"@type":"EntryPoint","urlTemplate":"https:\/\/hudo.com\/si\/?s={search_term_string}"},"query-input":"required name=search_term_string"}],"inLanguage":"sl-SI"},{"@type":"Organization","@id":"https:\/\/hudo.com\/si\/#organization","name":"VSN Media","url":"https:\/\/hudo.com\/si\/","logo":{"@type":"ImageObject","inLanguage":"sl-SI","@id":"https:\/\/hudo.com\/si\/#\/schema\/logo\/image\/","url":"https:\/\/hudo.com\/si\/wp-content\/uploads\/sites\/2\/2021\/03\/hudo-app-2.png","contentUrl":"https:\/\/hudo.com\/si\/wp-content\/uploads\/sites\/2\/2021\/03\/hudo-app-2.png","width":2185,"height":2167,"caption":"VSN Media"},"image":{"@id":"https:\/\/hudo.com\/si\/#\/schema\/logo\/image\/"},"sameAs":["https:\/\/www.facebook.com\/hudo.si","https:\/\/twitter.com\/hudo_si"]},{"@type":"Person","@id":"https:\/\/hudo.com\/si\/#\/schema\/person\/601cf3379633985b20f7e50f2bb47707","name":"hudo","image":{"@type":"ImageObject","inLanguage":"sl-SI","@id":"https:\/\/hudo.com\/si\/#\/schema\/person\/image\/","url":"https:\/\/secure.gravatar.com\/avatar\/c4ca25fa72cace7a696b52ff5db9e095?s=96&d=mm&r=g","contentUrl":"https:\/\/secure.gravatar.com\/avatar\/c4ca25fa72cace7a696b52ff5db9e095?s=96&d=mm&r=g","caption":"hudo"},"url":"https:\/\/hudo.com\/si\/author\/hudo\/"}]}},"amp_enabled":true,"_links":{"self":[{"href":"https:\/\/hudo.com\/si\/wp-json\/wp\/v2\/posts\/298487"}],"collection":[{"href":"https:\/\/hudo.com\/si\/wp-json\/wp\/v2\/posts"}],"about":[{"href":"https:\/\/hudo.com\/si\/wp-json\/wp\/v2\/types\/post"}],"author":[{"embeddable":true,"href":"https:\/\/hudo.com\/si\/wp-json\/wp\/v2\/users\/1"}],"replies":[{"embeddable":true,"href":"https:\/\/hudo.com\/si\/wp-json\/wp\/v2\/comments?post=298487"}],"version-history":[{"count":0,"href":"https:\/\/hudo.com\/si\/wp-json\/wp\/v2\/posts\/298487\/revisions"}],"wp:attachment":[{"href":"https:\/\/hudo.com\/si\/wp-json\/wp\/v2\/media?parent=298487"}],"wp:term":[{"taxonomy":"category","embeddable":true,"href":"https:\/\/hudo.com\/si\/wp-json\/wp\/v2\/categories?post=298487"},{"taxonomy":"post_tag","embeddable":true,"href":"https:\/\/hudo.com\/si\/wp-json\/wp\/v2\/tags?post=298487"},{"taxonomy":"source","embeddable":true,"href":"https:\/\/hudo.com\/si\/wp-json\/wp\/v2\/source?post=298487"},{"taxonomy":"supertag","embeddable":true,"href":"https:\/\/hudo.com\/si\/wp-json\/wp\/v2\/supertag?post=298487"}],"curies":[{"name":"wp","href":"https:\/\/api.w.org\/{rel}","templated":true}]}}