{"id":298639,"date":"2017-09-13T08:28:00","date_gmt":"2017-09-13T06:28:00","guid":{"rendered":"http:\/\/hudo.com\/si\/2017\/09\/13\/pohorska-gondola-bo-zaradi-remonta-tri-tedne-mirovala\/"},"modified":"2017-09-13T08:28:00","modified_gmt":"2017-09-13T06:28:00","slug":"pohorska-gondola-bo-zaradi-remonta-tri-tedne-mirovala","status":"publish","type":"post","link":"https:\/\/hudo.com\/si\/aktualno\/pohorska-gondola-bo-zaradi-remonta-tri-tedne-mirovala\/","title":{"rendered":"Pohorska gondola bo zaradi remonta tri tedne mirovala"},"content":{"rendered":"<p>Na kro\u017eni kabinski \u017ei\u010dnici, ki je v upravljanju javnega podjetja Marprom, bodo od 25. septembra do 13. oktobra izvajali posebne preglede in vzdr\u017eevalna dela. Posledi\u010dno gondola na Mariborskem Pohorju v tem \u010dasu ne bo obratovala, saj zaradi opravljanja del na nosilnih stebrih to ne bo moogo\u010de, so danes sporo\u010dili iz Marproma. V navedenem terminu, ko gondola ne bo v pogonu, bodo za potrebe Bike parka Pohorje med vikendi vzpostavili prevoz na Mariborsko Pohorje s sede\u017enico Radvanje. Prevoz s to sede\u017enico bo na razpolago tudi vsem ostalim obiskovalcem Pohorja. Prvo soboto v oktobru, 7. oktobra, na Mariborskem Pohorju na\u010drtujejo delovno akcijo O\u010distimo Pohorje, \u010de bodo do takrat uspeli opraviti ve\u010dino predvidenih del na kro\u017eni kabinski \u017ei\u010dnici, bo ta v \u010dasu akcije obratovala, v nasprotnem primeru pa bodo vozile sede\u017enice Radvanje, Po\u0161tela in Sleme. Po planu bo kro\u017ena kabinska \u017ei\u010dnica znova nemoteno delovala od 14. oktobra dalje. Izvajanje posebnih pregledov je predpisano na dolo\u010deno \u0161tevilo obratovalnih ur \u017ei\u010dnice in je nujno za njeno varno delovanje, pravijo pri Marpromu.<\/p>\n","protected":false},"excerpt":{"rendered":"<p>Na kro\u017eni kabinski \u017ei\u010dnici, ki je v upravljanju javnega podjetja Marprom, bodo od 25. septembra do 13. oktobra izvajali posebne preglede in vzdr\u017eevalna dela. Posledi\u010dno gondola na Mariborskem Pohorju v tem \u010dasu ne bo obratovala, saj zaradi opravljanja del na nosilnih stebrih to ne bo moogo\u010de, so danes sporo\u010dili iz Marproma. V navedenem terminu, ko gondola ne bo v pogonu, bodo za potrebe Bike parka Pohorje med vikendi vzpostavili prevoz na Mariborsko Pohorje s sede\u017enico Radvanje. Prevoz s to sede\u017enico bo na razpolago tudi vsem ostalim obiskovalcem Pohorja. Prvo soboto v oktobru, 7. oktobra, na Mariborskem Pohorju na\u010drtujejo delovno akcijo O\u010distimo Pohorje, \u010de bodo do takrat uspeli opraviti ve\u010dino predvidenih del na kro\u017eni kabinski \u017ei\u010dnici, bo ta v \u010dasu akcije obratovala, v nasprotnem primeru pa bodo vozile sede\u017enice Radvanje, Po\u0161tela in Sleme. Po planu bo kro\u017ena kabinska \u017ei\u010dnica znova nemoteno delovala od 14. oktobra dalje. Izvajanje posebnih pregledov je predpisano na dolo\u010deno \u0161tevilo obratovalnih ur \u017ei\u010dnice in je nujno za njeno varno delovanje, pravijo pri Marpromu.<\/p>\n","protected":false},"author":1,"featured_media":0,"comment_status":"closed","ping_status":"closed","sticky":false,"template":"","format":"standard","meta":{"footnotes":""},"categories":[1179],"tags":[],"source":[1711],"supertag":[],"acf":[],"yoast_head":"<!-- This site is optimized with the Yoast SEO plugin v21.3 - https:\/\/yoast.com\/wordpress\/plugins\/seo\/ -->\n<title>Pohorska gondola bo zaradi remonta tri tedne mirovala - Hudo Slovenija<\/title>\n<meta name=\"robots\" content=\"index, follow, max-snippet:-1, max-image-preview:large, max-video-preview:-1\" \/>\n<link rel=\"canonical\" href=\"https:\/\/hudo.com\/si\/aktualno\/pohorska-gondola-bo-zaradi-remonta-tri-tedne-mirovala\/\" \/>\n<meta property=\"og:locale\" content=\"sl_SI\" \/>\n<meta property=\"og:type\" content=\"article\" \/>\n<meta property=\"og:title\" content=\"Pohorska gondola bo zaradi remonta tri tedne mirovala - Hudo Slovenija\" \/>\n<meta property=\"og:description\" content=\"Na kro\u017eni kabinski \u017ei\u010dnici, ki je v upravljanju javnega podjetja Marprom, bodo od 25. septembra do 13. oktobra izvajali posebne preglede in vzdr\u017eevalna dela. Posledi\u010dno gondola na Mariborskem Pohorju v tem \u010dasu ne bo obratovala, saj zaradi opravljanja del na nosilnih stebrih to ne bo moogo\u010de, so danes sporo\u010dili iz Marproma. V navedenem terminu, ko gondola ne bo v pogonu, bodo za potrebe Bike parka Pohorje med vikendi vzpostavili prevoz na Mariborsko Pohorje s sede\u017enico Radvanje. Prevoz s to sede\u017enico bo na razpolago tudi vsem ostalim obiskovalcem Pohorja. Prvo soboto v oktobru, 7. oktobra, na Mariborskem Pohorju na\u010drtujejo delovno akcijo O\u010distimo Pohorje, \u010de bodo do takrat uspeli opraviti ve\u010dino predvidenih del na kro\u017eni kabinski \u017ei\u010dnici, bo ta v \u010dasu akcije obratovala, v nasprotnem primeru pa bodo vozile sede\u017enice Radvanje, Po\u0161tela in Sleme. Po planu bo kro\u017ena kabinska \u017ei\u010dnica znova nemoteno delovala od 14. oktobra dalje. Izvajanje posebnih pregledov je predpisano na dolo\u010deno \u0161tevilo obratovalnih ur \u017ei\u010dnice in je nujno za njeno varno delovanje, pravijo pri Marpromu.\" \/>\n<meta property=\"og:url\" content=\"https:\/\/hudo.com\/si\/aktualno\/pohorska-gondola-bo-zaradi-remonta-tri-tedne-mirovala\/\" \/>\n<meta property=\"og:site_name\" content=\"Hudo Slovenija\" \/>\n<meta property=\"article:publisher\" content=\"https:\/\/www.facebook.com\/hudo.si\" \/>\n<meta property=\"article:published_time\" content=\"2017-09-13T06:28:00+00:00\" \/>\n<meta property=\"og:image\" content=\"https:\/\/hudo.com\/si\/wp-content\/uploads\/sites\/2\/2017\/09\/2722180-300.jpg\" \/>\n\t<meta property=\"og:image:width\" content=\"450\" \/>\n\t<meta property=\"og:image:height\" content=\"295\" \/>\n\t<meta property=\"og:image:type\" content=\"image\/jpeg\" \/>\n<meta name=\"author\" content=\"hudo\" \/>\n<meta name=\"twitter:card\" content=\"summary_large_image\" \/>\n<meta name=\"twitter:creator\" content=\"@hudo_si\" \/>\n<meta name=\"twitter:site\" content=\"@hudo_si\" \/>\n<meta name=\"twitter:label1\" content=\"Written by\" \/>\n\t<meta name=\"twitter:data1\" content=\"hudo\" \/>\n\t<meta name=\"twitter:label2\" content=\"Est. reading time\" \/>\n\t<meta name=\"twitter:data2\" content=\"1 minuta\" \/>\n<script type=\"application\/ld+json\" class=\"yoast-schema-graph\">{\"@context\":\"https:\/\/schema.org\",\"@graph\":[{\"@type\":\"Article\",\"@id\":\"https:\/\/hudo.com\/si\/aktualno\/pohorska-gondola-bo-zaradi-remonta-tri-tedne-mirovala\/#article\",\"isPartOf\":{\"@id\":\"https:\/\/hudo.com\/si\/aktualno\/pohorska-gondola-bo-zaradi-remonta-tri-tedne-mirovala\/\"},\"author\":{\"name\":\"hudo\",\"@id\":\"https:\/\/hudo.com\/si\/#\/schema\/person\/601cf3379633985b20f7e50f2bb47707\"},\"headline\":\"Pohorska gondola bo zaradi remonta tri tedne mirovala\",\"datePublished\":\"2017-09-13T06:28:00+00:00\",\"dateModified\":\"2017-09-13T06:28:00+00:00\",\"mainEntityOfPage\":{\"@id\":\"https:\/\/hudo.com\/si\/aktualno\/pohorska-gondola-bo-zaradi-remonta-tri-tedne-mirovala\/\"},\"wordCount\":189,\"publisher\":{\"@id\":\"https:\/\/hudo.com\/si\/#organization\"},\"articleSection\":[\"Aktualno\"],\"inLanguage\":\"sl-SI\"},{\"@type\":\"WebPage\",\"@id\":\"https:\/\/hudo.com\/si\/aktualno\/pohorska-gondola-bo-zaradi-remonta-tri-tedne-mirovala\/\",\"url\":\"https:\/\/hudo.com\/si\/aktualno\/pohorska-gondola-bo-zaradi-remonta-tri-tedne-mirovala\/\",\"name\":\"Pohorska gondola bo zaradi remonta tri tedne mirovala - Hudo Slovenija\",\"isPartOf\":{\"@id\":\"https:\/\/hudo.com\/si\/#website\"},\"datePublished\":\"2017-09-13T06:28:00+00:00\",\"dateModified\":\"2017-09-13T06:28:00+00:00\",\"breadcrumb\":{\"@id\":\"https:\/\/hudo.com\/si\/aktualno\/pohorska-gondola-bo-zaradi-remonta-tri-tedne-mirovala\/#breadcrumb\"},\"inLanguage\":\"sl-SI\",\"potentialAction\":[{\"@type\":\"ReadAction\",\"target\":[\"https:\/\/hudo.com\/si\/aktualno\/pohorska-gondola-bo-zaradi-remonta-tri-tedne-mirovala\/\"]}]},{\"@type\":\"BreadcrumbList\",\"@id\":\"https:\/\/hudo.com\/si\/aktualno\/pohorska-gondola-bo-zaradi-remonta-tri-tedne-mirovala\/#breadcrumb\",\"itemListElement\":[{\"@type\":\"ListItem\",\"position\":1,\"name\":\"Home\",\"item\":\"https:\/\/hudo.com\/si\/\"},{\"@type\":\"ListItem\",\"position\":2,\"name\":\"Pohorska gondola bo zaradi remonta tri tedne mirovala\"}]},{\"@type\":\"WebSite\",\"@id\":\"https:\/\/hudo.com\/si\/#website\",\"url\":\"https:\/\/hudo.com\/si\/\",\"name\":\"Hudo Slovenija\",\"description\":\"Vse novice iz Slovenije in sveta\",\"publisher\":{\"@id\":\"https:\/\/hudo.com\/si\/#organization\"},\"potentialAction\":[{\"@type\":\"SearchAction\",\"target\":{\"@type\":\"EntryPoint\",\"urlTemplate\":\"https:\/\/hudo.com\/si\/?s={search_term_string}\"},\"query-input\":\"required name=search_term_string\"}],\"inLanguage\":\"sl-SI\"},{\"@type\":\"Organization\",\"@id\":\"https:\/\/hudo.com\/si\/#organization\",\"name\":\"VSN Media\",\"url\":\"https:\/\/hudo.com\/si\/\",\"logo\":{\"@type\":\"ImageObject\",\"inLanguage\":\"sl-SI\",\"@id\":\"https:\/\/hudo.com\/si\/#\/schema\/logo\/image\/\",\"url\":\"https:\/\/hudo.com\/si\/wp-content\/uploads\/sites\/2\/2021\/03\/hudo-app-2.png\",\"contentUrl\":\"https:\/\/hudo.com\/si\/wp-content\/uploads\/sites\/2\/2021\/03\/hudo-app-2.png\",\"width\":2185,\"height\":2167,\"caption\":\"VSN Media\"},\"image\":{\"@id\":\"https:\/\/hudo.com\/si\/#\/schema\/logo\/image\/\"},\"sameAs\":[\"https:\/\/www.facebook.com\/hudo.si\",\"https:\/\/twitter.com\/hudo_si\"]},{\"@type\":\"Person\",\"@id\":\"https:\/\/hudo.com\/si\/#\/schema\/person\/601cf3379633985b20f7e50f2bb47707\",\"name\":\"hudo\",\"image\":{\"@type\":\"ImageObject\",\"inLanguage\":\"sl-SI\",\"@id\":\"https:\/\/hudo.com\/si\/#\/schema\/person\/image\/\",\"url\":\"https:\/\/secure.gravatar.com\/avatar\/c4ca25fa72cace7a696b52ff5db9e095?s=96&d=mm&r=g\",\"contentUrl\":\"https:\/\/secure.gravatar.com\/avatar\/c4ca25fa72cace7a696b52ff5db9e095?s=96&d=mm&r=g\",\"caption\":\"hudo\"},\"url\":\"https:\/\/hudo.com\/si\/author\/hudo\/\"}]}<\/script>\n<!-- \/ Yoast SEO plugin. -->","yoast_head_json":{"title":"Pohorska gondola bo zaradi remonta tri tedne mirovala - Hudo Slovenija","robots":{"index":"index","follow":"follow","max-snippet":"max-snippet:-1","max-image-preview":"max-image-preview:large","max-video-preview":"max-video-preview:-1"},"canonical":"https:\/\/hudo.com\/si\/aktualno\/pohorska-gondola-bo-zaradi-remonta-tri-tedne-mirovala\/","og_locale":"sl_SI","og_type":"article","og_title":"Pohorska gondola bo zaradi remonta tri tedne mirovala - Hudo Slovenija","og_description":"Na kro\u017eni kabinski \u017ei\u010dnici, ki je v upravljanju javnega podjetja Marprom, bodo od 25. septembra do 13. oktobra izvajali posebne preglede in vzdr\u017eevalna dela. Posledi\u010dno gondola na Mariborskem Pohorju v tem \u010dasu ne bo obratovala, saj zaradi opravljanja del na nosilnih stebrih to ne bo moogo\u010de, so danes sporo\u010dili iz Marproma. V navedenem terminu, ko gondola ne bo v pogonu, bodo za potrebe Bike parka Pohorje med vikendi vzpostavili prevoz na Mariborsko Pohorje s sede\u017enico Radvanje. Prevoz s to sede\u017enico bo na razpolago tudi vsem ostalim obiskovalcem Pohorja. Prvo soboto v oktobru, 7. oktobra, na Mariborskem Pohorju na\u010drtujejo delovno akcijo O\u010distimo Pohorje, \u010de bodo do takrat uspeli opraviti ve\u010dino predvidenih del na kro\u017eni kabinski \u017ei\u010dnici, bo ta v \u010dasu akcije obratovala, v nasprotnem primeru pa bodo vozile sede\u017enice Radvanje, Po\u0161tela in Sleme. Po planu bo kro\u017ena kabinska \u017ei\u010dnica znova nemoteno delovala od 14. oktobra dalje. Izvajanje posebnih pregledov je predpisano na dolo\u010deno \u0161tevilo obratovalnih ur \u017ei\u010dnice in je nujno za njeno varno delovanje, pravijo pri Marpromu.","og_url":"https:\/\/hudo.com\/si\/aktualno\/pohorska-gondola-bo-zaradi-remonta-tri-tedne-mirovala\/","og_site_name":"Hudo Slovenija","article_publisher":"https:\/\/www.facebook.com\/hudo.si","article_published_time":"2017-09-13T06:28:00+00:00","og_image":[{"width":450,"height":295,"url":"https:\/\/hudo.com\/si\/wp-content\/uploads\/sites\/2\/2017\/09\/2722180-300.jpg","type":"image\/jpeg"}],"author":"hudo","twitter_card":"summary_large_image","twitter_creator":"@hudo_si","twitter_site":"@hudo_si","twitter_misc":{"Written by":"hudo","Est. reading time":"1 minuta"},"schema":{"@context":"https:\/\/schema.org","@graph":[{"@type":"Article","@id":"https:\/\/hudo.com\/si\/aktualno\/pohorska-gondola-bo-zaradi-remonta-tri-tedne-mirovala\/#article","isPartOf":{"@id":"https:\/\/hudo.com\/si\/aktualno\/pohorska-gondola-bo-zaradi-remonta-tri-tedne-mirovala\/"},"author":{"name":"hudo","@id":"https:\/\/hudo.com\/si\/#\/schema\/person\/601cf3379633985b20f7e50f2bb47707"},"headline":"Pohorska gondola bo zaradi remonta tri tedne mirovala","datePublished":"2017-09-13T06:28:00+00:00","dateModified":"2017-09-13T06:28:00+00:00","mainEntityOfPage":{"@id":"https:\/\/hudo.com\/si\/aktualno\/pohorska-gondola-bo-zaradi-remonta-tri-tedne-mirovala\/"},"wordCount":189,"publisher":{"@id":"https:\/\/hudo.com\/si\/#organization"},"articleSection":["Aktualno"],"inLanguage":"sl-SI"},{"@type":"WebPage","@id":"https:\/\/hudo.com\/si\/aktualno\/pohorska-gondola-bo-zaradi-remonta-tri-tedne-mirovala\/","url":"https:\/\/hudo.com\/si\/aktualno\/pohorska-gondola-bo-zaradi-remonta-tri-tedne-mirovala\/","name":"Pohorska gondola bo zaradi remonta tri tedne mirovala - Hudo Slovenija","isPartOf":{"@id":"https:\/\/hudo.com\/si\/#website"},"datePublished":"2017-09-13T06:28:00+00:00","dateModified":"2017-09-13T06:28:00+00:00","breadcrumb":{"@id":"https:\/\/hudo.com\/si\/aktualno\/pohorska-gondola-bo-zaradi-remonta-tri-tedne-mirovala\/#breadcrumb"},"inLanguage":"sl-SI","potentialAction":[{"@type":"ReadAction","target":["https:\/\/hudo.com\/si\/aktualno\/pohorska-gondola-bo-zaradi-remonta-tri-tedne-mirovala\/"]}]},{"@type":"BreadcrumbList","@id":"https:\/\/hudo.com\/si\/aktualno\/pohorska-gondola-bo-zaradi-remonta-tri-tedne-mirovala\/#breadcrumb","itemListElement":[{"@type":"ListItem","position":1,"name":"Home","item":"https:\/\/hudo.com\/si\/"},{"@type":"ListItem","position":2,"name":"Pohorska gondola bo zaradi remonta tri tedne mirovala"}]},{"@type":"WebSite","@id":"https:\/\/hudo.com\/si\/#website","url":"https:\/\/hudo.com\/si\/","name":"Hudo Slovenija","description":"Vse novice iz Slovenije in sveta","publisher":{"@id":"https:\/\/hudo.com\/si\/#organization"},"potentialAction":[{"@type":"SearchAction","target":{"@type":"EntryPoint","urlTemplate":"https:\/\/hudo.com\/si\/?s={search_term_string}"},"query-input":"required name=search_term_string"}],"inLanguage":"sl-SI"},{"@type":"Organization","@id":"https:\/\/hudo.com\/si\/#organization","name":"VSN Media","url":"https:\/\/hudo.com\/si\/","logo":{"@type":"ImageObject","inLanguage":"sl-SI","@id":"https:\/\/hudo.com\/si\/#\/schema\/logo\/image\/","url":"https:\/\/hudo.com\/si\/wp-content\/uploads\/sites\/2\/2021\/03\/hudo-app-2.png","contentUrl":"https:\/\/hudo.com\/si\/wp-content\/uploads\/sites\/2\/2021\/03\/hudo-app-2.png","width":2185,"height":2167,"caption":"VSN Media"},"image":{"@id":"https:\/\/hudo.com\/si\/#\/schema\/logo\/image\/"},"sameAs":["https:\/\/www.facebook.com\/hudo.si","https:\/\/twitter.com\/hudo_si"]},{"@type":"Person","@id":"https:\/\/hudo.com\/si\/#\/schema\/person\/601cf3379633985b20f7e50f2bb47707","name":"hudo","image":{"@type":"ImageObject","inLanguage":"sl-SI","@id":"https:\/\/hudo.com\/si\/#\/schema\/person\/image\/","url":"https:\/\/secure.gravatar.com\/avatar\/c4ca25fa72cace7a696b52ff5db9e095?s=96&d=mm&r=g","contentUrl":"https:\/\/secure.gravatar.com\/avatar\/c4ca25fa72cace7a696b52ff5db9e095?s=96&d=mm&r=g","caption":"hudo"},"url":"https:\/\/hudo.com\/si\/author\/hudo\/"}]}},"amp_enabled":true,"_links":{"self":[{"href":"https:\/\/hudo.com\/si\/wp-json\/wp\/v2\/posts\/298639"}],"collection":[{"href":"https:\/\/hudo.com\/si\/wp-json\/wp\/v2\/posts"}],"about":[{"href":"https:\/\/hudo.com\/si\/wp-json\/wp\/v2\/types\/post"}],"author":[{"embeddable":true,"href":"https:\/\/hudo.com\/si\/wp-json\/wp\/v2\/users\/1"}],"replies":[{"embeddable":true,"href":"https:\/\/hudo.com\/si\/wp-json\/wp\/v2\/comments?post=298639"}],"version-history":[{"count":0,"href":"https:\/\/hudo.com\/si\/wp-json\/wp\/v2\/posts\/298639\/revisions"}],"wp:attachment":[{"href":"https:\/\/hudo.com\/si\/wp-json\/wp\/v2\/media?parent=298639"}],"wp:term":[{"taxonomy":"category","embeddable":true,"href":"https:\/\/hudo.com\/si\/wp-json\/wp\/v2\/categories?post=298639"},{"taxonomy":"post_tag","embeddable":true,"href":"https:\/\/hudo.com\/si\/wp-json\/wp\/v2\/tags?post=298639"},{"taxonomy":"source","embeddable":true,"href":"https:\/\/hudo.com\/si\/wp-json\/wp\/v2\/source?post=298639"},{"taxonomy":"supertag","embeddable":true,"href":"https:\/\/hudo.com\/si\/wp-json\/wp\/v2\/supertag?post=298639"}],"curies":[{"name":"wp","href":"https:\/\/api.w.org\/{rel}","templated":true}]}}