{"id":298919,"date":"2017-09-14T08:00:00","date_gmt":"2017-09-14T06:00:00","guid":{"rendered":"http:\/\/hudo.com\/si\/2017\/09\/14\/domnevni-morilec-oceta-na-psihiatricno-zdravljenje\/"},"modified":"2017-09-14T08:00:00","modified_gmt":"2017-09-14T06:00:00","slug":"domnevni-morilec-oceta-na-psihiatricno-zdravljenje","status":"publish","type":"post","link":"https:\/\/hudo.com\/si\/aktualno\/domnevni-morilec-oceta-na-psihiatricno-zdravljenje\/","title":{"rendered":"Domnevni morilec o\u010deta na psihiatri\u010dno zdravljenje"},"content":{"rendered":"<p>Kategorija: Kronika Thu, 14 Sep 2017 10:00:00 +0200  Koper &#8211; Sodnica koprskega okro\u017enega sodi\u0161\u010da Orjana Trunkl je za 31-letnega Izolana Miho Stani\u010da, obto\u017eenega, da je maja letos umoril svojega o\u010deta, odredila varnostni ukrep obveznega psihiatri\u010dnega zdravljenja in varstva v zdravstveni ustanovi, poro\u010data dana\u0161nji Dnevnik in Primorske novice. Vzrok du\u0161evna bolezen Kot poro\u010data \u010dasnika, je obto\u017eeni vse od prijetja v enoti za forenzi\u010dno psihiatrijo v Mariboru, kjer bo zdravljenje tudi nadaljeval. Po navedbah Dnevnika zdravljenje lahko traja najve\u010d pet let, v primeru pri\u0161tevnosti pa bi za storjeno dejanje dobil najmanj 15 let zaporne kazni. Obto\u017eenega zaradi njegove bolezni sodi\u0161\u010de ni vabilo na obravnavo. Sodnica pa je sledila mnenju izvedenca psihiatri\u010dne stro\u0161ke Vanje Rejca, da je bil obdol\u017eeni v \u010dasu storitve kaznivega dejanja nepri\u0161teven. Med drugim je izvedenec potrdil, da je bil obdol\u017eeni du\u0161evni bolnik, njegova trajna du\u0161evna bolezen pa je bila\u00a0&#8230;<\/p>\n","protected":false},"excerpt":{"rendered":"<p>Kategorija: Kronika Thu, 14 Sep 2017 10:00:00 +0200  Koper &#8211; Sodnica koprskega okro\u017enega sodi\u0161\u010da Orjana Trunkl je za 31-letnega Izolana Miho Stani\u010da, obto\u017eenega, da je maja letos umoril svojega o\u010deta, odredila varnostni ukrep obveznega psihiatri\u010dnega zdravljenja in varstva v zdravstveni ustanovi, poro\u010data dana\u0161nji Dnevnik in Primorske novice. Vzrok du\u0161evna bolezen Kot poro\u010data \u010dasnika, je obto\u017eeni vse od prijetja v enoti za forenzi\u010dno psihiatrijo v Mariboru, kjer bo zdravljenje tudi nadaljeval. Po navedbah Dnevnika zdravljenje lahko traja najve\u010d pet let, v primeru pri\u0161tevnosti pa bi za storjeno dejanje dobil najmanj 15 let zaporne kazni. Obto\u017eenega zaradi njegove bolezni sodi\u0161\u010de ni vabilo na obravnavo. Sodnica pa je sledila mnenju izvedenca psihiatri\u010dne stro\u0161ke Vanje Rejca, da je bil obdol\u017eeni v \u010dasu storitve kaznivega dejanja nepri\u0161teven. Med drugim je izvedenec potrdil, da je bil obdol\u017eeni du\u0161evni bolnik, njegova trajna du\u0161evna bolezen pa je bila\u00a0&#8230;<\/p>\n","protected":false},"author":1,"featured_media":0,"comment_status":"closed","ping_status":"closed","sticky":false,"template":"","format":"standard","meta":{"footnotes":""},"categories":[1179],"tags":[],"source":[1703],"supertag":[],"acf":[],"yoast_head":"<!-- This site is optimized with the Yoast SEO plugin v21.3 - https:\/\/yoast.com\/wordpress\/plugins\/seo\/ -->\n<title>Domnevni morilec o\u010deta na psihiatri\u010dno zdravljenje - Hudo Slovenija<\/title>\n<meta name=\"robots\" content=\"index, follow, max-snippet:-1, max-image-preview:large, max-video-preview:-1\" \/>\n<link rel=\"canonical\" href=\"https:\/\/hudo.com\/si\/aktualno\/domnevni-morilec-oceta-na-psihiatricno-zdravljenje\/\" \/>\n<meta property=\"og:locale\" content=\"sl_SI\" \/>\n<meta property=\"og:type\" content=\"article\" \/>\n<meta property=\"og:title\" content=\"Domnevni morilec o\u010deta na psihiatri\u010dno zdravljenje - Hudo Slovenija\" \/>\n<meta property=\"og:description\" content=\"Kategorija: Kronika Thu, 14 Sep 2017 10:00:00 +0200 Koper - Sodnica koprskega okro\u017enega sodi\u0161\u010da Orjana Trunkl je za 31-letnega Izolana Miho Stani\u010da, obto\u017eenega, da je maja letos umoril svojega o\u010deta, odredila varnostni ukrep obveznega psihiatri\u010dnega zdravljenja in varstva v zdravstveni ustanovi, poro\u010data dana\u0161nji Dnevnik in Primorske novice. Vzrok du\u0161evna bolezen Kot poro\u010data \u010dasnika, je obto\u017eeni vse od prijetja v enoti za forenzi\u010dno psihiatrijo v Mariboru, kjer bo zdravljenje tudi nadaljeval. Po navedbah Dnevnika zdravljenje lahko traja najve\u010d pet let, v primeru pri\u0161tevnosti pa bi za storjeno dejanje dobil najmanj 15 let zaporne kazni. Obto\u017eenega zaradi njegove bolezni sodi\u0161\u010de ni vabilo na obravnavo. Sodnica pa je sledila mnenju izvedenca psihiatri\u010dne stro\u0161ke Vanje Rejca, da je bil obdol\u017eeni v \u010dasu storitve kaznivega dejanja nepri\u0161teven. Med drugim je izvedenec potrdil, da je bil obdol\u017eeni du\u0161evni bolnik, njegova trajna du\u0161evna bolezen pa je bila\u00a0...\" \/>\n<meta property=\"og:url\" content=\"https:\/\/hudo.com\/si\/aktualno\/domnevni-morilec-oceta-na-psihiatricno-zdravljenje\/\" \/>\n<meta property=\"og:site_name\" content=\"Hudo Slovenija\" \/>\n<meta property=\"article:publisher\" content=\"https:\/\/www.facebook.com\/hudo.si\" \/>\n<meta property=\"article:published_time\" content=\"2017-09-14T06:00:00+00:00\" \/>\n<meta property=\"og:image\" content=\"https:\/\/hudo.com\/si\/wp-content\/uploads\/sites\/2\/2017\/09\/480x290_Kronika__djvu_2526516_felcm_hires0-1.jpeg\" \/>\n\t<meta property=\"og:image:width\" content=\"480\" \/>\n\t<meta property=\"og:image:height\" content=\"290\" \/>\n\t<meta property=\"og:image:type\" content=\"image\/jpeg\" \/>\n<meta name=\"author\" content=\"hudo\" \/>\n<meta name=\"twitter:card\" content=\"summary_large_image\" \/>\n<meta name=\"twitter:creator\" content=\"@hudo_si\" \/>\n<meta name=\"twitter:site\" content=\"@hudo_si\" \/>\n<meta name=\"twitter:label1\" content=\"Written by\" \/>\n\t<meta name=\"twitter:data1\" content=\"hudo\" \/>\n\t<meta name=\"twitter:label2\" content=\"Est. reading time\" \/>\n\t<meta name=\"twitter:data2\" content=\"1 minuta\" \/>\n<script type=\"application\/ld+json\" class=\"yoast-schema-graph\">{\"@context\":\"https:\/\/schema.org\",\"@graph\":[{\"@type\":\"Article\",\"@id\":\"https:\/\/hudo.com\/si\/aktualno\/domnevni-morilec-oceta-na-psihiatricno-zdravljenje\/#article\",\"isPartOf\":{\"@id\":\"https:\/\/hudo.com\/si\/aktualno\/domnevni-morilec-oceta-na-psihiatricno-zdravljenje\/\"},\"author\":{\"name\":\"hudo\",\"@id\":\"https:\/\/hudo.com\/si\/#\/schema\/person\/601cf3379633985b20f7e50f2bb47707\"},\"headline\":\"Domnevni morilec o\u010deta na psihiatri\u010dno zdravljenje\",\"datePublished\":\"2017-09-14T06:00:00+00:00\",\"dateModified\":\"2017-09-14T06:00:00+00:00\",\"mainEntityOfPage\":{\"@id\":\"https:\/\/hudo.com\/si\/aktualno\/domnevni-morilec-oceta-na-psihiatricno-zdravljenje\/\"},\"wordCount\":165,\"publisher\":{\"@id\":\"https:\/\/hudo.com\/si\/#organization\"},\"articleSection\":[\"Aktualno\"],\"inLanguage\":\"sl-SI\"},{\"@type\":\"WebPage\",\"@id\":\"https:\/\/hudo.com\/si\/aktualno\/domnevni-morilec-oceta-na-psihiatricno-zdravljenje\/\",\"url\":\"https:\/\/hudo.com\/si\/aktualno\/domnevni-morilec-oceta-na-psihiatricno-zdravljenje\/\",\"name\":\"Domnevni morilec o\u010deta na psihiatri\u010dno zdravljenje - Hudo Slovenija\",\"isPartOf\":{\"@id\":\"https:\/\/hudo.com\/si\/#website\"},\"datePublished\":\"2017-09-14T06:00:00+00:00\",\"dateModified\":\"2017-09-14T06:00:00+00:00\",\"breadcrumb\":{\"@id\":\"https:\/\/hudo.com\/si\/aktualno\/domnevni-morilec-oceta-na-psihiatricno-zdravljenje\/#breadcrumb\"},\"inLanguage\":\"sl-SI\",\"potentialAction\":[{\"@type\":\"ReadAction\",\"target\":[\"https:\/\/hudo.com\/si\/aktualno\/domnevni-morilec-oceta-na-psihiatricno-zdravljenje\/\"]}]},{\"@type\":\"BreadcrumbList\",\"@id\":\"https:\/\/hudo.com\/si\/aktualno\/domnevni-morilec-oceta-na-psihiatricno-zdravljenje\/#breadcrumb\",\"itemListElement\":[{\"@type\":\"ListItem\",\"position\":1,\"name\":\"Home\",\"item\":\"https:\/\/hudo.com\/si\/\"},{\"@type\":\"ListItem\",\"position\":2,\"name\":\"Domnevni morilec o\u010deta na psihiatri\u010dno zdravljenje\"}]},{\"@type\":\"WebSite\",\"@id\":\"https:\/\/hudo.com\/si\/#website\",\"url\":\"https:\/\/hudo.com\/si\/\",\"name\":\"Hudo Slovenija\",\"description\":\"Vse novice iz Slovenije in sveta\",\"publisher\":{\"@id\":\"https:\/\/hudo.com\/si\/#organization\"},\"potentialAction\":[{\"@type\":\"SearchAction\",\"target\":{\"@type\":\"EntryPoint\",\"urlTemplate\":\"https:\/\/hudo.com\/si\/?s={search_term_string}\"},\"query-input\":\"required name=search_term_string\"}],\"inLanguage\":\"sl-SI\"},{\"@type\":\"Organization\",\"@id\":\"https:\/\/hudo.com\/si\/#organization\",\"name\":\"VSN Media\",\"url\":\"https:\/\/hudo.com\/si\/\",\"logo\":{\"@type\":\"ImageObject\",\"inLanguage\":\"sl-SI\",\"@id\":\"https:\/\/hudo.com\/si\/#\/schema\/logo\/image\/\",\"url\":\"https:\/\/hudo.com\/si\/wp-content\/uploads\/sites\/2\/2021\/03\/hudo-app-2.png\",\"contentUrl\":\"https:\/\/hudo.com\/si\/wp-content\/uploads\/sites\/2\/2021\/03\/hudo-app-2.png\",\"width\":2185,\"height\":2167,\"caption\":\"VSN Media\"},\"image\":{\"@id\":\"https:\/\/hudo.com\/si\/#\/schema\/logo\/image\/\"},\"sameAs\":[\"https:\/\/www.facebook.com\/hudo.si\",\"https:\/\/twitter.com\/hudo_si\"]},{\"@type\":\"Person\",\"@id\":\"https:\/\/hudo.com\/si\/#\/schema\/person\/601cf3379633985b20f7e50f2bb47707\",\"name\":\"hudo\",\"image\":{\"@type\":\"ImageObject\",\"inLanguage\":\"sl-SI\",\"@id\":\"https:\/\/hudo.com\/si\/#\/schema\/person\/image\/\",\"url\":\"https:\/\/secure.gravatar.com\/avatar\/c4ca25fa72cace7a696b52ff5db9e095?s=96&d=mm&r=g\",\"contentUrl\":\"https:\/\/secure.gravatar.com\/avatar\/c4ca25fa72cace7a696b52ff5db9e095?s=96&d=mm&r=g\",\"caption\":\"hudo\"},\"url\":\"https:\/\/hudo.com\/si\/author\/hudo\/\"}]}<\/script>\n<!-- \/ Yoast SEO plugin. -->","yoast_head_json":{"title":"Domnevni morilec o\u010deta na psihiatri\u010dno zdravljenje - Hudo Slovenija","robots":{"index":"index","follow":"follow","max-snippet":"max-snippet:-1","max-image-preview":"max-image-preview:large","max-video-preview":"max-video-preview:-1"},"canonical":"https:\/\/hudo.com\/si\/aktualno\/domnevni-morilec-oceta-na-psihiatricno-zdravljenje\/","og_locale":"sl_SI","og_type":"article","og_title":"Domnevni morilec o\u010deta na psihiatri\u010dno zdravljenje - Hudo Slovenija","og_description":"Kategorija: Kronika Thu, 14 Sep 2017 10:00:00 +0200 Koper - Sodnica koprskega okro\u017enega sodi\u0161\u010da Orjana Trunkl je za 31-letnega Izolana Miho Stani\u010da, obto\u017eenega, da je maja letos umoril svojega o\u010deta, odredila varnostni ukrep obveznega psihiatri\u010dnega zdravljenja in varstva v zdravstveni ustanovi, poro\u010data dana\u0161nji Dnevnik in Primorske novice. Vzrok du\u0161evna bolezen Kot poro\u010data \u010dasnika, je obto\u017eeni vse od prijetja v enoti za forenzi\u010dno psihiatrijo v Mariboru, kjer bo zdravljenje tudi nadaljeval. Po navedbah Dnevnika zdravljenje lahko traja najve\u010d pet let, v primeru pri\u0161tevnosti pa bi za storjeno dejanje dobil najmanj 15 let zaporne kazni. Obto\u017eenega zaradi njegove bolezni sodi\u0161\u010de ni vabilo na obravnavo. Sodnica pa je sledila mnenju izvedenca psihiatri\u010dne stro\u0161ke Vanje Rejca, da je bil obdol\u017eeni v \u010dasu storitve kaznivega dejanja nepri\u0161teven. Med drugim je izvedenec potrdil, da je bil obdol\u017eeni du\u0161evni bolnik, njegova trajna du\u0161evna bolezen pa je bila\u00a0...","og_url":"https:\/\/hudo.com\/si\/aktualno\/domnevni-morilec-oceta-na-psihiatricno-zdravljenje\/","og_site_name":"Hudo Slovenija","article_publisher":"https:\/\/www.facebook.com\/hudo.si","article_published_time":"2017-09-14T06:00:00+00:00","og_image":[{"width":480,"height":290,"url":"https:\/\/hudo.com\/si\/wp-content\/uploads\/sites\/2\/2017\/09\/480x290_Kronika__djvu_2526516_felcm_hires0-1.jpeg","type":"image\/jpeg"}],"author":"hudo","twitter_card":"summary_large_image","twitter_creator":"@hudo_si","twitter_site":"@hudo_si","twitter_misc":{"Written by":"hudo","Est. reading time":"1 minuta"},"schema":{"@context":"https:\/\/schema.org","@graph":[{"@type":"Article","@id":"https:\/\/hudo.com\/si\/aktualno\/domnevni-morilec-oceta-na-psihiatricno-zdravljenje\/#article","isPartOf":{"@id":"https:\/\/hudo.com\/si\/aktualno\/domnevni-morilec-oceta-na-psihiatricno-zdravljenje\/"},"author":{"name":"hudo","@id":"https:\/\/hudo.com\/si\/#\/schema\/person\/601cf3379633985b20f7e50f2bb47707"},"headline":"Domnevni morilec o\u010deta na psihiatri\u010dno zdravljenje","datePublished":"2017-09-14T06:00:00+00:00","dateModified":"2017-09-14T06:00:00+00:00","mainEntityOfPage":{"@id":"https:\/\/hudo.com\/si\/aktualno\/domnevni-morilec-oceta-na-psihiatricno-zdravljenje\/"},"wordCount":165,"publisher":{"@id":"https:\/\/hudo.com\/si\/#organization"},"articleSection":["Aktualno"],"inLanguage":"sl-SI"},{"@type":"WebPage","@id":"https:\/\/hudo.com\/si\/aktualno\/domnevni-morilec-oceta-na-psihiatricno-zdravljenje\/","url":"https:\/\/hudo.com\/si\/aktualno\/domnevni-morilec-oceta-na-psihiatricno-zdravljenje\/","name":"Domnevni morilec o\u010deta na psihiatri\u010dno zdravljenje - Hudo Slovenija","isPartOf":{"@id":"https:\/\/hudo.com\/si\/#website"},"datePublished":"2017-09-14T06:00:00+00:00","dateModified":"2017-09-14T06:00:00+00:00","breadcrumb":{"@id":"https:\/\/hudo.com\/si\/aktualno\/domnevni-morilec-oceta-na-psihiatricno-zdravljenje\/#breadcrumb"},"inLanguage":"sl-SI","potentialAction":[{"@type":"ReadAction","target":["https:\/\/hudo.com\/si\/aktualno\/domnevni-morilec-oceta-na-psihiatricno-zdravljenje\/"]}]},{"@type":"BreadcrumbList","@id":"https:\/\/hudo.com\/si\/aktualno\/domnevni-morilec-oceta-na-psihiatricno-zdravljenje\/#breadcrumb","itemListElement":[{"@type":"ListItem","position":1,"name":"Home","item":"https:\/\/hudo.com\/si\/"},{"@type":"ListItem","position":2,"name":"Domnevni morilec o\u010deta na psihiatri\u010dno zdravljenje"}]},{"@type":"WebSite","@id":"https:\/\/hudo.com\/si\/#website","url":"https:\/\/hudo.com\/si\/","name":"Hudo Slovenija","description":"Vse novice iz Slovenije in sveta","publisher":{"@id":"https:\/\/hudo.com\/si\/#organization"},"potentialAction":[{"@type":"SearchAction","target":{"@type":"EntryPoint","urlTemplate":"https:\/\/hudo.com\/si\/?s={search_term_string}"},"query-input":"required name=search_term_string"}],"inLanguage":"sl-SI"},{"@type":"Organization","@id":"https:\/\/hudo.com\/si\/#organization","name":"VSN Media","url":"https:\/\/hudo.com\/si\/","logo":{"@type":"ImageObject","inLanguage":"sl-SI","@id":"https:\/\/hudo.com\/si\/#\/schema\/logo\/image\/","url":"https:\/\/hudo.com\/si\/wp-content\/uploads\/sites\/2\/2021\/03\/hudo-app-2.png","contentUrl":"https:\/\/hudo.com\/si\/wp-content\/uploads\/sites\/2\/2021\/03\/hudo-app-2.png","width":2185,"height":2167,"caption":"VSN Media"},"image":{"@id":"https:\/\/hudo.com\/si\/#\/schema\/logo\/image\/"},"sameAs":["https:\/\/www.facebook.com\/hudo.si","https:\/\/twitter.com\/hudo_si"]},{"@type":"Person","@id":"https:\/\/hudo.com\/si\/#\/schema\/person\/601cf3379633985b20f7e50f2bb47707","name":"hudo","image":{"@type":"ImageObject","inLanguage":"sl-SI","@id":"https:\/\/hudo.com\/si\/#\/schema\/person\/image\/","url":"https:\/\/secure.gravatar.com\/avatar\/c4ca25fa72cace7a696b52ff5db9e095?s=96&d=mm&r=g","contentUrl":"https:\/\/secure.gravatar.com\/avatar\/c4ca25fa72cace7a696b52ff5db9e095?s=96&d=mm&r=g","caption":"hudo"},"url":"https:\/\/hudo.com\/si\/author\/hudo\/"}]}},"amp_enabled":true,"_links":{"self":[{"href":"https:\/\/hudo.com\/si\/wp-json\/wp\/v2\/posts\/298919"}],"collection":[{"href":"https:\/\/hudo.com\/si\/wp-json\/wp\/v2\/posts"}],"about":[{"href":"https:\/\/hudo.com\/si\/wp-json\/wp\/v2\/types\/post"}],"author":[{"embeddable":true,"href":"https:\/\/hudo.com\/si\/wp-json\/wp\/v2\/users\/1"}],"replies":[{"embeddable":true,"href":"https:\/\/hudo.com\/si\/wp-json\/wp\/v2\/comments?post=298919"}],"version-history":[{"count":0,"href":"https:\/\/hudo.com\/si\/wp-json\/wp\/v2\/posts\/298919\/revisions"}],"wp:attachment":[{"href":"https:\/\/hudo.com\/si\/wp-json\/wp\/v2\/media?parent=298919"}],"wp:term":[{"taxonomy":"category","embeddable":true,"href":"https:\/\/hudo.com\/si\/wp-json\/wp\/v2\/categories?post=298919"},{"taxonomy":"post_tag","embeddable":true,"href":"https:\/\/hudo.com\/si\/wp-json\/wp\/v2\/tags?post=298919"},{"taxonomy":"source","embeddable":true,"href":"https:\/\/hudo.com\/si\/wp-json\/wp\/v2\/source?post=298919"},{"taxonomy":"supertag","embeddable":true,"href":"https:\/\/hudo.com\/si\/wp-json\/wp\/v2\/supertag?post=298919"}],"curies":[{"name":"wp","href":"https:\/\/api.w.org\/{rel}","templated":true}]}}