{"id":298925,"date":"2017-09-14T08:00:00","date_gmt":"2017-09-14T06:00:00","guid":{"rendered":"http:\/\/hudo.com\/si\/2017\/09\/14\/gledati-z-ocmi-lokalca-in-videti-regijo\/"},"modified":"2017-09-14T08:00:00","modified_gmt":"2017-09-14T06:00:00","slug":"gledati-z-ocmi-lokalca-in-videti-regijo","status":"publish","type":"post","link":"https:\/\/hudo.com\/si\/aktualno\/gledati-z-ocmi-lokalca-in-videti-regijo\/","title":{"rendered":"Gledati z o\u010dmi lokalca in videti regijo"},"content":{"rendered":"<p>Kategorija: Ljubljana Thu, 14 Sep 2017 10:00:00 +0200  Ljubljana \u2013 Dan v Sredozemlju je plod kolektivne akcije, v kateri so se fotografi so\u010dasno podali na ulice sedmih mest ob Mediteranu, tudi v Ljubljani, in tako, kot pravita Manca Juvan in Romana Zajec, ustvarili svojevrsten arhiv regije. Ta se po besedah kustosinje in organizatorke razstave v marsi\u010dem razlikuje od pogleda, ki ga pogosto prikazujejo mediji. \u00bbTako kot politika zapira meje, jih tudi \u0161ovbiznis, z mediji vred,\u00ab je kriti\u010dna Manca Juvan, kustosinja, fotografinja in u\u010diteljica fotografije. Toda \u010dlove\u0161ke zgodbe so po njenem tiste, ki imajo mo\u010d povezovanja. In to je bil, kot pravi Romana Zajec, ki je v okviru zavoda Apis fotografski maraton pripeljala v Slovenijo, tudi namen. Ko se je 271 fotografov v enem dnevu podalo na ulice sedmih mest v Sredozemlju, so po besedah Mance Juvan nastale\u00a0&#8230;<\/p>\n","protected":false},"excerpt":{"rendered":"<p>Kategorija: Ljubljana Thu, 14 Sep 2017 10:00:00 +0200  Ljubljana \u2013 Dan v Sredozemlju je plod kolektivne akcije, v kateri so se fotografi so\u010dasno podali na ulice sedmih mest ob Mediteranu, tudi v Ljubljani, in tako, kot pravita Manca Juvan in Romana Zajec, ustvarili svojevrsten arhiv regije. Ta se po besedah kustosinje in organizatorke razstave v marsi\u010dem razlikuje od pogleda, ki ga pogosto prikazujejo mediji. \u00bbTako kot politika zapira meje, jih tudi \u0161ovbiznis, z mediji vred,\u00ab je kriti\u010dna Manca Juvan, kustosinja, fotografinja in u\u010diteljica fotografije. Toda \u010dlove\u0161ke zgodbe so po njenem tiste, ki imajo mo\u010d povezovanja. In to je bil, kot pravi Romana Zajec, ki je v okviru zavoda Apis fotografski maraton pripeljala v Slovenijo, tudi namen. Ko se je 271 fotografov v enem dnevu podalo na ulice sedmih mest v Sredozemlju, so po besedah Mance Juvan nastale\u00a0&#8230;<\/p>\n","protected":false},"author":1,"featured_media":0,"comment_status":"closed","ping_status":"closed","sticky":false,"template":"","format":"standard","meta":{"footnotes":""},"categories":[1179],"tags":[],"source":[1703],"supertag":[],"acf":[],"yoast_head":"<!-- This site is optimized with the Yoast SEO plugin v21.3 - https:\/\/yoast.com\/wordpress\/plugins\/seo\/ -->\n<title>Gledati z o\u010dmi lokalca in videti regijo - Hudo Slovenija<\/title>\n<meta name=\"robots\" content=\"index, follow, max-snippet:-1, max-image-preview:large, max-video-preview:-1\" \/>\n<link rel=\"canonical\" href=\"https:\/\/hudo.com\/si\/aktualno\/gledati-z-ocmi-lokalca-in-videti-regijo\/\" \/>\n<meta property=\"og:locale\" content=\"sl_SI\" \/>\n<meta property=\"og:type\" content=\"article\" \/>\n<meta property=\"og:title\" content=\"Gledati z o\u010dmi lokalca in videti regijo - Hudo Slovenija\" \/>\n<meta property=\"og:description\" content=\"Kategorija: Ljubljana Thu, 14 Sep 2017 10:00:00 +0200 Ljubljana \u2013 Dan v Sredozemlju je plod kolektivne akcije, v kateri so se fotografi so\u010dasno podali na ulice sedmih mest ob Mediteranu, tudi v Ljubljani, in tako, kot pravita Manca Juvan in Romana Zajec, ustvarili svojevrsten arhiv regije. Ta se po besedah kustosinje in organizatorke razstave v marsi\u010dem razlikuje od pogleda, ki ga pogosto prikazujejo mediji. \u00bbTako kot politika zapira meje, jih tudi \u0161ovbiznis, z mediji vred,\u00ab je kriti\u010dna Manca Juvan, kustosinja, fotografinja in u\u010diteljica fotografije. Toda \u010dlove\u0161ke zgodbe so po njenem tiste, ki imajo mo\u010d povezovanja. In to je bil, kot pravi Romana Zajec, ki je v okviru zavoda Apis fotografski maraton pripeljala v Slovenijo, tudi namen. Ko se je 271 fotografov v enem dnevu podalo na ulice sedmih mest v Sredozemlju, so po besedah Mance Juvan nastale\u00a0...\" \/>\n<meta property=\"og:url\" content=\"https:\/\/hudo.com\/si\/aktualno\/gledati-z-ocmi-lokalca-in-videti-regijo\/\" \/>\n<meta property=\"og:site_name\" content=\"Hudo Slovenija\" \/>\n<meta property=\"article:publisher\" content=\"https:\/\/www.facebook.com\/hudo.si\" \/>\n<meta property=\"article:published_time\" content=\"2017-09-14T06:00:00+00:00\" \/>\n<meta property=\"og:image\" content=\"https:\/\/hudo.com\/si\/wp-content\/uploads\/sites\/2\/2017\/09\/480x290_Delo_Foto-20170906140230-66213200.jpeg\" \/>\n\t<meta property=\"og:image:width\" content=\"480\" \/>\n\t<meta property=\"og:image:height\" content=\"290\" \/>\n\t<meta property=\"og:image:type\" content=\"image\/jpeg\" \/>\n<meta name=\"author\" content=\"hudo\" \/>\n<meta name=\"twitter:card\" content=\"summary_large_image\" \/>\n<meta name=\"twitter:creator\" content=\"@hudo_si\" \/>\n<meta name=\"twitter:site\" content=\"@hudo_si\" \/>\n<meta name=\"twitter:label1\" content=\"Written by\" \/>\n\t<meta name=\"twitter:data1\" content=\"hudo\" \/>\n\t<meta name=\"twitter:label2\" content=\"Est. reading time\" \/>\n\t<meta name=\"twitter:data2\" content=\"1 minuta\" \/>\n<script type=\"application\/ld+json\" class=\"yoast-schema-graph\">{\"@context\":\"https:\/\/schema.org\",\"@graph\":[{\"@type\":\"Article\",\"@id\":\"https:\/\/hudo.com\/si\/aktualno\/gledati-z-ocmi-lokalca-in-videti-regijo\/#article\",\"isPartOf\":{\"@id\":\"https:\/\/hudo.com\/si\/aktualno\/gledati-z-ocmi-lokalca-in-videti-regijo\/\"},\"author\":{\"name\":\"hudo\",\"@id\":\"https:\/\/hudo.com\/si\/#\/schema\/person\/601cf3379633985b20f7e50f2bb47707\"},\"headline\":\"Gledati z o\u010dmi lokalca in videti regijo\",\"datePublished\":\"2017-09-14T06:00:00+00:00\",\"dateModified\":\"2017-09-14T06:00:00+00:00\",\"mainEntityOfPage\":{\"@id\":\"https:\/\/hudo.com\/si\/aktualno\/gledati-z-ocmi-lokalca-in-videti-regijo\/\"},\"wordCount\":144,\"publisher\":{\"@id\":\"https:\/\/hudo.com\/si\/#organization\"},\"articleSection\":[\"Aktualno\"],\"inLanguage\":\"sl-SI\"},{\"@type\":\"WebPage\",\"@id\":\"https:\/\/hudo.com\/si\/aktualno\/gledati-z-ocmi-lokalca-in-videti-regijo\/\",\"url\":\"https:\/\/hudo.com\/si\/aktualno\/gledati-z-ocmi-lokalca-in-videti-regijo\/\",\"name\":\"Gledati z o\u010dmi lokalca in videti regijo - Hudo Slovenija\",\"isPartOf\":{\"@id\":\"https:\/\/hudo.com\/si\/#website\"},\"datePublished\":\"2017-09-14T06:00:00+00:00\",\"dateModified\":\"2017-09-14T06:00:00+00:00\",\"breadcrumb\":{\"@id\":\"https:\/\/hudo.com\/si\/aktualno\/gledati-z-ocmi-lokalca-in-videti-regijo\/#breadcrumb\"},\"inLanguage\":\"sl-SI\",\"potentialAction\":[{\"@type\":\"ReadAction\",\"target\":[\"https:\/\/hudo.com\/si\/aktualno\/gledati-z-ocmi-lokalca-in-videti-regijo\/\"]}]},{\"@type\":\"BreadcrumbList\",\"@id\":\"https:\/\/hudo.com\/si\/aktualno\/gledati-z-ocmi-lokalca-in-videti-regijo\/#breadcrumb\",\"itemListElement\":[{\"@type\":\"ListItem\",\"position\":1,\"name\":\"Home\",\"item\":\"https:\/\/hudo.com\/si\/\"},{\"@type\":\"ListItem\",\"position\":2,\"name\":\"Gledati z o\u010dmi lokalca in videti regijo\"}]},{\"@type\":\"WebSite\",\"@id\":\"https:\/\/hudo.com\/si\/#website\",\"url\":\"https:\/\/hudo.com\/si\/\",\"name\":\"Hudo Slovenija\",\"description\":\"Vse novice iz Slovenije in sveta\",\"publisher\":{\"@id\":\"https:\/\/hudo.com\/si\/#organization\"},\"potentialAction\":[{\"@type\":\"SearchAction\",\"target\":{\"@type\":\"EntryPoint\",\"urlTemplate\":\"https:\/\/hudo.com\/si\/?s={search_term_string}\"},\"query-input\":\"required name=search_term_string\"}],\"inLanguage\":\"sl-SI\"},{\"@type\":\"Organization\",\"@id\":\"https:\/\/hudo.com\/si\/#organization\",\"name\":\"VSN Media\",\"url\":\"https:\/\/hudo.com\/si\/\",\"logo\":{\"@type\":\"ImageObject\",\"inLanguage\":\"sl-SI\",\"@id\":\"https:\/\/hudo.com\/si\/#\/schema\/logo\/image\/\",\"url\":\"https:\/\/hudo.com\/si\/wp-content\/uploads\/sites\/2\/2021\/03\/hudo-app-2.png\",\"contentUrl\":\"https:\/\/hudo.com\/si\/wp-content\/uploads\/sites\/2\/2021\/03\/hudo-app-2.png\",\"width\":2185,\"height\":2167,\"caption\":\"VSN Media\"},\"image\":{\"@id\":\"https:\/\/hudo.com\/si\/#\/schema\/logo\/image\/\"},\"sameAs\":[\"https:\/\/www.facebook.com\/hudo.si\",\"https:\/\/twitter.com\/hudo_si\"]},{\"@type\":\"Person\",\"@id\":\"https:\/\/hudo.com\/si\/#\/schema\/person\/601cf3379633985b20f7e50f2bb47707\",\"name\":\"hudo\",\"image\":{\"@type\":\"ImageObject\",\"inLanguage\":\"sl-SI\",\"@id\":\"https:\/\/hudo.com\/si\/#\/schema\/person\/image\/\",\"url\":\"https:\/\/secure.gravatar.com\/avatar\/c4ca25fa72cace7a696b52ff5db9e095?s=96&d=mm&r=g\",\"contentUrl\":\"https:\/\/secure.gravatar.com\/avatar\/c4ca25fa72cace7a696b52ff5db9e095?s=96&d=mm&r=g\",\"caption\":\"hudo\"},\"url\":\"https:\/\/hudo.com\/si\/author\/hudo\/\"}]}<\/script>\n<!-- \/ Yoast SEO plugin. -->","yoast_head_json":{"title":"Gledati z o\u010dmi lokalca in videti regijo - Hudo Slovenija","robots":{"index":"index","follow":"follow","max-snippet":"max-snippet:-1","max-image-preview":"max-image-preview:large","max-video-preview":"max-video-preview:-1"},"canonical":"https:\/\/hudo.com\/si\/aktualno\/gledati-z-ocmi-lokalca-in-videti-regijo\/","og_locale":"sl_SI","og_type":"article","og_title":"Gledati z o\u010dmi lokalca in videti regijo - Hudo Slovenija","og_description":"Kategorija: Ljubljana Thu, 14 Sep 2017 10:00:00 +0200 Ljubljana \u2013 Dan v Sredozemlju je plod kolektivne akcije, v kateri so se fotografi so\u010dasno podali na ulice sedmih mest ob Mediteranu, tudi v Ljubljani, in tako, kot pravita Manca Juvan in Romana Zajec, ustvarili svojevrsten arhiv regije. Ta se po besedah kustosinje in organizatorke razstave v marsi\u010dem razlikuje od pogleda, ki ga pogosto prikazujejo mediji. \u00bbTako kot politika zapira meje, jih tudi \u0161ovbiznis, z mediji vred,\u00ab je kriti\u010dna Manca Juvan, kustosinja, fotografinja in u\u010diteljica fotografije. Toda \u010dlove\u0161ke zgodbe so po njenem tiste, ki imajo mo\u010d povezovanja. In to je bil, kot pravi Romana Zajec, ki je v okviru zavoda Apis fotografski maraton pripeljala v Slovenijo, tudi namen. Ko se je 271 fotografov v enem dnevu podalo na ulice sedmih mest v Sredozemlju, so po besedah Mance Juvan nastale\u00a0...","og_url":"https:\/\/hudo.com\/si\/aktualno\/gledati-z-ocmi-lokalca-in-videti-regijo\/","og_site_name":"Hudo Slovenija","article_publisher":"https:\/\/www.facebook.com\/hudo.si","article_published_time":"2017-09-14T06:00:00+00:00","og_image":[{"width":480,"height":290,"url":"https:\/\/hudo.com\/si\/wp-content\/uploads\/sites\/2\/2017\/09\/480x290_Delo_Foto-20170906140230-66213200.jpeg","type":"image\/jpeg"}],"author":"hudo","twitter_card":"summary_large_image","twitter_creator":"@hudo_si","twitter_site":"@hudo_si","twitter_misc":{"Written by":"hudo","Est. reading time":"1 minuta"},"schema":{"@context":"https:\/\/schema.org","@graph":[{"@type":"Article","@id":"https:\/\/hudo.com\/si\/aktualno\/gledati-z-ocmi-lokalca-in-videti-regijo\/#article","isPartOf":{"@id":"https:\/\/hudo.com\/si\/aktualno\/gledati-z-ocmi-lokalca-in-videti-regijo\/"},"author":{"name":"hudo","@id":"https:\/\/hudo.com\/si\/#\/schema\/person\/601cf3379633985b20f7e50f2bb47707"},"headline":"Gledati z o\u010dmi lokalca in videti regijo","datePublished":"2017-09-14T06:00:00+00:00","dateModified":"2017-09-14T06:00:00+00:00","mainEntityOfPage":{"@id":"https:\/\/hudo.com\/si\/aktualno\/gledati-z-ocmi-lokalca-in-videti-regijo\/"},"wordCount":144,"publisher":{"@id":"https:\/\/hudo.com\/si\/#organization"},"articleSection":["Aktualno"],"inLanguage":"sl-SI"},{"@type":"WebPage","@id":"https:\/\/hudo.com\/si\/aktualno\/gledati-z-ocmi-lokalca-in-videti-regijo\/","url":"https:\/\/hudo.com\/si\/aktualno\/gledati-z-ocmi-lokalca-in-videti-regijo\/","name":"Gledati z o\u010dmi lokalca in videti regijo - Hudo Slovenija","isPartOf":{"@id":"https:\/\/hudo.com\/si\/#website"},"datePublished":"2017-09-14T06:00:00+00:00","dateModified":"2017-09-14T06:00:00+00:00","breadcrumb":{"@id":"https:\/\/hudo.com\/si\/aktualno\/gledati-z-ocmi-lokalca-in-videti-regijo\/#breadcrumb"},"inLanguage":"sl-SI","potentialAction":[{"@type":"ReadAction","target":["https:\/\/hudo.com\/si\/aktualno\/gledati-z-ocmi-lokalca-in-videti-regijo\/"]}]},{"@type":"BreadcrumbList","@id":"https:\/\/hudo.com\/si\/aktualno\/gledati-z-ocmi-lokalca-in-videti-regijo\/#breadcrumb","itemListElement":[{"@type":"ListItem","position":1,"name":"Home","item":"https:\/\/hudo.com\/si\/"},{"@type":"ListItem","position":2,"name":"Gledati z o\u010dmi lokalca in videti regijo"}]},{"@type":"WebSite","@id":"https:\/\/hudo.com\/si\/#website","url":"https:\/\/hudo.com\/si\/","name":"Hudo Slovenija","description":"Vse novice iz Slovenije in sveta","publisher":{"@id":"https:\/\/hudo.com\/si\/#organization"},"potentialAction":[{"@type":"SearchAction","target":{"@type":"EntryPoint","urlTemplate":"https:\/\/hudo.com\/si\/?s={search_term_string}"},"query-input":"required name=search_term_string"}],"inLanguage":"sl-SI"},{"@type":"Organization","@id":"https:\/\/hudo.com\/si\/#organization","name":"VSN Media","url":"https:\/\/hudo.com\/si\/","logo":{"@type":"ImageObject","inLanguage":"sl-SI","@id":"https:\/\/hudo.com\/si\/#\/schema\/logo\/image\/","url":"https:\/\/hudo.com\/si\/wp-content\/uploads\/sites\/2\/2021\/03\/hudo-app-2.png","contentUrl":"https:\/\/hudo.com\/si\/wp-content\/uploads\/sites\/2\/2021\/03\/hudo-app-2.png","width":2185,"height":2167,"caption":"VSN Media"},"image":{"@id":"https:\/\/hudo.com\/si\/#\/schema\/logo\/image\/"},"sameAs":["https:\/\/www.facebook.com\/hudo.si","https:\/\/twitter.com\/hudo_si"]},{"@type":"Person","@id":"https:\/\/hudo.com\/si\/#\/schema\/person\/601cf3379633985b20f7e50f2bb47707","name":"hudo","image":{"@type":"ImageObject","inLanguage":"sl-SI","@id":"https:\/\/hudo.com\/si\/#\/schema\/person\/image\/","url":"https:\/\/secure.gravatar.com\/avatar\/c4ca25fa72cace7a696b52ff5db9e095?s=96&d=mm&r=g","contentUrl":"https:\/\/secure.gravatar.com\/avatar\/c4ca25fa72cace7a696b52ff5db9e095?s=96&d=mm&r=g","caption":"hudo"},"url":"https:\/\/hudo.com\/si\/author\/hudo\/"}]}},"amp_enabled":true,"_links":{"self":[{"href":"https:\/\/hudo.com\/si\/wp-json\/wp\/v2\/posts\/298925"}],"collection":[{"href":"https:\/\/hudo.com\/si\/wp-json\/wp\/v2\/posts"}],"about":[{"href":"https:\/\/hudo.com\/si\/wp-json\/wp\/v2\/types\/post"}],"author":[{"embeddable":true,"href":"https:\/\/hudo.com\/si\/wp-json\/wp\/v2\/users\/1"}],"replies":[{"embeddable":true,"href":"https:\/\/hudo.com\/si\/wp-json\/wp\/v2\/comments?post=298925"}],"version-history":[{"count":0,"href":"https:\/\/hudo.com\/si\/wp-json\/wp\/v2\/posts\/298925\/revisions"}],"wp:attachment":[{"href":"https:\/\/hudo.com\/si\/wp-json\/wp\/v2\/media?parent=298925"}],"wp:term":[{"taxonomy":"category","embeddable":true,"href":"https:\/\/hudo.com\/si\/wp-json\/wp\/v2\/categories?post=298925"},{"taxonomy":"post_tag","embeddable":true,"href":"https:\/\/hudo.com\/si\/wp-json\/wp\/v2\/tags?post=298925"},{"taxonomy":"source","embeddable":true,"href":"https:\/\/hudo.com\/si\/wp-json\/wp\/v2\/source?post=298925"},{"taxonomy":"supertag","embeddable":true,"href":"https:\/\/hudo.com\/si\/wp-json\/wp\/v2\/supertag?post=298925"}],"curies":[{"name":"wp","href":"https:\/\/api.w.org\/{rel}","templated":true}]}}