{"id":299436,"date":"2017-09-15T09:44:00","date_gmt":"2017-09-15T07:44:00","guid":{"rendered":"http:\/\/hudo.com\/si\/2017\/09\/15\/furs-s-tozbo-nad-bavcarja-in-njegovo-soprogo\/"},"modified":"2017-09-15T09:44:00","modified_gmt":"2017-09-15T07:44:00","slug":"furs-s-tozbo-nad-bavcarja-in-njegovo-soprogo","status":"publish","type":"post","link":"https:\/\/hudo.com\/si\/aktualno\/furs-s-tozbo-nad-bavcarja-in-njegovo-soprogo\/","title":{"rendered":"Furs s to\u017ebo nad Bav\u010darja in njegovo soprogo"},"content":{"rendered":"<p>Kategorija: Kronika Fri, 15 Sep 2017 11:44:00 +0200  Ljubljana \u2212 Finan\u010dna uprava RS je vlo\u017eila to\u017ebo proti nekdanjemu prvemu mo\u017eu Istrabenza Igorju Bav\u010darju in njegovi soprogi Ljubomiri Hortner Bav\u010dar, in sicer zaradi ugotovitve skupnega premo\u017eenja in dolo\u010ditev dele\u017eev na skupnem premo\u017eenju v vi\u0161ini 136.838 evrov. Obravnava to\u017ebe bo prihodnji teden, Furs pa ve\u010d informacij ne more podati zaradi dav\u010dne tajnosti. Bav\u010dar glede na zadnji seznam dav\u010dnih nepla\u010dnikov finan\u010dne uprave spada v razred nepla\u010dnikov z dolgom od enega do desetih milijonov evrov. Po poro\u010danju medijev je pred leti hi\u0161o v Murglah prepisal na svojo \u017eeno, na hi\u0161o pa vpisal zemlji\u0161ki dolg. Vi\u0161ji sodniki so sicer po neuradnih informacijah medijev zavrnili Bav\u010darjevo prito\u017ebo na odlo\u010ditev okro\u017enega sodi\u0161\u010da, ki je zavrnilo njegovo pro\u0161njo za odlog prestajanja zaporne kazni v zadevi Istrabenz. Bav\u010darju, ki bo moral na prestajanje petletne zaporne kazni, je sicer dr\u017eava poleti\u00a0&#8230;<\/p>\n","protected":false},"excerpt":{"rendered":"<p>Kategorija: Kronika Fri, 15 Sep 2017 11:44:00 +0200  Ljubljana \u2212 Finan\u010dna uprava RS je vlo\u017eila to\u017ebo proti nekdanjemu prvemu mo\u017eu Istrabenza Igorju Bav\u010darju in njegovi soprogi Ljubomiri Hortner Bav\u010dar, in sicer zaradi ugotovitve skupnega premo\u017eenja in dolo\u010ditev dele\u017eev na skupnem premo\u017eenju v vi\u0161ini 136.838 evrov. Obravnava to\u017ebe bo prihodnji teden, Furs pa ve\u010d informacij ne more podati zaradi dav\u010dne tajnosti. Bav\u010dar glede na zadnji seznam dav\u010dnih nepla\u010dnikov finan\u010dne uprave spada v razred nepla\u010dnikov z dolgom od enega do desetih milijonov evrov. Po poro\u010danju medijev je pred leti hi\u0161o v Murglah prepisal na svojo \u017eeno, na hi\u0161o pa vpisal zemlji\u0161ki dolg. Vi\u0161ji sodniki so sicer po neuradnih informacijah medijev zavrnili Bav\u010darjevo prito\u017ebo na odlo\u010ditev okro\u017enega sodi\u0161\u010da, ki je zavrnilo njegovo pro\u0161njo za odlog prestajanja zaporne kazni v zadevi Istrabenz. Bav\u010darju, ki bo moral na prestajanje petletne zaporne kazni, je sicer dr\u017eava poleti\u00a0&#8230;<\/p>\n","protected":false},"author":1,"featured_media":0,"comment_status":"closed","ping_status":"closed","sticky":false,"template":"","format":"standard","meta":{"footnotes":""},"categories":[1179],"tags":[],"source":[1703],"supertag":[],"acf":[],"yoast_head":"<!-- This site is optimized with the Yoast SEO plugin v21.3 - https:\/\/yoast.com\/wordpress\/plugins\/seo\/ -->\n<title>Furs s to\u017ebo nad Bav\u010darja in njegovo soprogo - Hudo Slovenija<\/title>\n<meta name=\"robots\" content=\"index, follow, max-snippet:-1, max-image-preview:large, max-video-preview:-1\" \/>\n<link rel=\"canonical\" href=\"https:\/\/hudo.com\/si\/aktualno\/furs-s-tozbo-nad-bavcarja-in-njegovo-soprogo\/\" \/>\n<meta property=\"og:locale\" content=\"sl_SI\" \/>\n<meta property=\"og:type\" content=\"article\" \/>\n<meta property=\"og:title\" content=\"Furs s to\u017ebo nad Bav\u010darja in njegovo soprogo - Hudo Slovenija\" \/>\n<meta property=\"og:description\" content=\"Kategorija: Kronika Fri, 15 Sep 2017 11:44:00 +0200 Ljubljana \u2212 Finan\u010dna uprava RS je vlo\u017eila to\u017ebo proti nekdanjemu prvemu mo\u017eu Istrabenza Igorju Bav\u010darju in njegovi soprogi Ljubomiri Hortner Bav\u010dar, in sicer zaradi ugotovitve skupnega premo\u017eenja in dolo\u010ditev dele\u017eev na skupnem premo\u017eenju v vi\u0161ini 136.838 evrov. Obravnava to\u017ebe bo prihodnji teden, Furs pa ve\u010d informacij ne more podati zaradi dav\u010dne tajnosti. Bav\u010dar glede na zadnji seznam dav\u010dnih nepla\u010dnikov finan\u010dne uprave spada v razred nepla\u010dnikov z dolgom od enega do desetih milijonov evrov. Po poro\u010danju medijev je pred leti hi\u0161o v Murglah prepisal na svojo \u017eeno, na hi\u0161o pa vpisal zemlji\u0161ki dolg. Vi\u0161ji sodniki so sicer po neuradnih informacijah medijev zavrnili Bav\u010darjevo prito\u017ebo na odlo\u010ditev okro\u017enega sodi\u0161\u010da, ki je zavrnilo njegovo pro\u0161njo za odlog prestajanja zaporne kazni v zadevi Istrabenz. Bav\u010darju, ki bo moral na prestajanje petletne zaporne kazni, je sicer dr\u017eava poleti\u00a0...\" \/>\n<meta property=\"og:url\" content=\"https:\/\/hudo.com\/si\/aktualno\/furs-s-tozbo-nad-bavcarja-in-njegovo-soprogo\/\" \/>\n<meta property=\"og:site_name\" content=\"Hudo Slovenija\" \/>\n<meta property=\"article:publisher\" content=\"https:\/\/www.facebook.com\/hudo.si\" \/>\n<meta property=\"article:published_time\" content=\"2017-09-15T07:44:00+00:00\" \/>\n<meta property=\"og:image\" content=\"https:\/\/hudo.com\/si\/wp-content\/uploads\/sites\/2\/2017\/09\/480x290_djvu_2387068_spelap_suhadolnik-bav-ar.jpeg\" \/>\n\t<meta property=\"og:image:width\" content=\"480\" \/>\n\t<meta property=\"og:image:height\" content=\"290\" \/>\n\t<meta property=\"og:image:type\" content=\"image\/jpeg\" \/>\n<meta name=\"author\" content=\"hudo\" \/>\n<meta name=\"twitter:card\" content=\"summary_large_image\" \/>\n<meta name=\"twitter:creator\" content=\"@hudo_si\" \/>\n<meta name=\"twitter:site\" content=\"@hudo_si\" \/>\n<meta name=\"twitter:label1\" content=\"Written by\" \/>\n\t<meta name=\"twitter:data1\" content=\"hudo\" \/>\n\t<meta name=\"twitter:label2\" content=\"Est. reading time\" \/>\n\t<meta name=\"twitter:data2\" content=\"1 minuta\" \/>\n<script type=\"application\/ld+json\" class=\"yoast-schema-graph\">{\"@context\":\"https:\/\/schema.org\",\"@graph\":[{\"@type\":\"Article\",\"@id\":\"https:\/\/hudo.com\/si\/aktualno\/furs-s-tozbo-nad-bavcarja-in-njegovo-soprogo\/#article\",\"isPartOf\":{\"@id\":\"https:\/\/hudo.com\/si\/aktualno\/furs-s-tozbo-nad-bavcarja-in-njegovo-soprogo\/\"},\"author\":{\"name\":\"hudo\",\"@id\":\"https:\/\/hudo.com\/si\/#\/schema\/person\/601cf3379633985b20f7e50f2bb47707\"},\"headline\":\"Furs s to\u017ebo nad Bav\u010darja in njegovo soprogo\",\"datePublished\":\"2017-09-15T07:44:00+00:00\",\"dateModified\":\"2017-09-15T07:44:00+00:00\",\"mainEntityOfPage\":{\"@id\":\"https:\/\/hudo.com\/si\/aktualno\/furs-s-tozbo-nad-bavcarja-in-njegovo-soprogo\/\"},\"wordCount\":176,\"publisher\":{\"@id\":\"https:\/\/hudo.com\/si\/#organization\"},\"articleSection\":[\"Aktualno\"],\"inLanguage\":\"sl-SI\"},{\"@type\":\"WebPage\",\"@id\":\"https:\/\/hudo.com\/si\/aktualno\/furs-s-tozbo-nad-bavcarja-in-njegovo-soprogo\/\",\"url\":\"https:\/\/hudo.com\/si\/aktualno\/furs-s-tozbo-nad-bavcarja-in-njegovo-soprogo\/\",\"name\":\"Furs s to\u017ebo nad Bav\u010darja in njegovo soprogo - Hudo Slovenija\",\"isPartOf\":{\"@id\":\"https:\/\/hudo.com\/si\/#website\"},\"datePublished\":\"2017-09-15T07:44:00+00:00\",\"dateModified\":\"2017-09-15T07:44:00+00:00\",\"breadcrumb\":{\"@id\":\"https:\/\/hudo.com\/si\/aktualno\/furs-s-tozbo-nad-bavcarja-in-njegovo-soprogo\/#breadcrumb\"},\"inLanguage\":\"sl-SI\",\"potentialAction\":[{\"@type\":\"ReadAction\",\"target\":[\"https:\/\/hudo.com\/si\/aktualno\/furs-s-tozbo-nad-bavcarja-in-njegovo-soprogo\/\"]}]},{\"@type\":\"BreadcrumbList\",\"@id\":\"https:\/\/hudo.com\/si\/aktualno\/furs-s-tozbo-nad-bavcarja-in-njegovo-soprogo\/#breadcrumb\",\"itemListElement\":[{\"@type\":\"ListItem\",\"position\":1,\"name\":\"Home\",\"item\":\"https:\/\/hudo.com\/si\/\"},{\"@type\":\"ListItem\",\"position\":2,\"name\":\"Furs s to\u017ebo nad Bav\u010darja in njegovo soprogo\"}]},{\"@type\":\"WebSite\",\"@id\":\"https:\/\/hudo.com\/si\/#website\",\"url\":\"https:\/\/hudo.com\/si\/\",\"name\":\"Hudo Slovenija\",\"description\":\"Vse novice iz Slovenije in sveta\",\"publisher\":{\"@id\":\"https:\/\/hudo.com\/si\/#organization\"},\"potentialAction\":[{\"@type\":\"SearchAction\",\"target\":{\"@type\":\"EntryPoint\",\"urlTemplate\":\"https:\/\/hudo.com\/si\/?s={search_term_string}\"},\"query-input\":\"required name=search_term_string\"}],\"inLanguage\":\"sl-SI\"},{\"@type\":\"Organization\",\"@id\":\"https:\/\/hudo.com\/si\/#organization\",\"name\":\"VSN Media\",\"url\":\"https:\/\/hudo.com\/si\/\",\"logo\":{\"@type\":\"ImageObject\",\"inLanguage\":\"sl-SI\",\"@id\":\"https:\/\/hudo.com\/si\/#\/schema\/logo\/image\/\",\"url\":\"https:\/\/hudo.com\/si\/wp-content\/uploads\/sites\/2\/2021\/03\/hudo-app-2.png\",\"contentUrl\":\"https:\/\/hudo.com\/si\/wp-content\/uploads\/sites\/2\/2021\/03\/hudo-app-2.png\",\"width\":2185,\"height\":2167,\"caption\":\"VSN Media\"},\"image\":{\"@id\":\"https:\/\/hudo.com\/si\/#\/schema\/logo\/image\/\"},\"sameAs\":[\"https:\/\/www.facebook.com\/hudo.si\",\"https:\/\/twitter.com\/hudo_si\"]},{\"@type\":\"Person\",\"@id\":\"https:\/\/hudo.com\/si\/#\/schema\/person\/601cf3379633985b20f7e50f2bb47707\",\"name\":\"hudo\",\"image\":{\"@type\":\"ImageObject\",\"inLanguage\":\"sl-SI\",\"@id\":\"https:\/\/hudo.com\/si\/#\/schema\/person\/image\/\",\"url\":\"https:\/\/secure.gravatar.com\/avatar\/c4ca25fa72cace7a696b52ff5db9e095?s=96&d=mm&r=g\",\"contentUrl\":\"https:\/\/secure.gravatar.com\/avatar\/c4ca25fa72cace7a696b52ff5db9e095?s=96&d=mm&r=g\",\"caption\":\"hudo\"},\"url\":\"https:\/\/hudo.com\/si\/author\/hudo\/\"}]}<\/script>\n<!-- \/ Yoast SEO plugin. -->","yoast_head_json":{"title":"Furs s to\u017ebo nad Bav\u010darja in njegovo soprogo - Hudo Slovenija","robots":{"index":"index","follow":"follow","max-snippet":"max-snippet:-1","max-image-preview":"max-image-preview:large","max-video-preview":"max-video-preview:-1"},"canonical":"https:\/\/hudo.com\/si\/aktualno\/furs-s-tozbo-nad-bavcarja-in-njegovo-soprogo\/","og_locale":"sl_SI","og_type":"article","og_title":"Furs s to\u017ebo nad Bav\u010darja in njegovo soprogo - Hudo Slovenija","og_description":"Kategorija: Kronika Fri, 15 Sep 2017 11:44:00 +0200 Ljubljana \u2212 Finan\u010dna uprava RS je vlo\u017eila to\u017ebo proti nekdanjemu prvemu mo\u017eu Istrabenza Igorju Bav\u010darju in njegovi soprogi Ljubomiri Hortner Bav\u010dar, in sicer zaradi ugotovitve skupnega premo\u017eenja in dolo\u010ditev dele\u017eev na skupnem premo\u017eenju v vi\u0161ini 136.838 evrov. Obravnava to\u017ebe bo prihodnji teden, Furs pa ve\u010d informacij ne more podati zaradi dav\u010dne tajnosti. Bav\u010dar glede na zadnji seznam dav\u010dnih nepla\u010dnikov finan\u010dne uprave spada v razred nepla\u010dnikov z dolgom od enega do desetih milijonov evrov. Po poro\u010danju medijev je pred leti hi\u0161o v Murglah prepisal na svojo \u017eeno, na hi\u0161o pa vpisal zemlji\u0161ki dolg. Vi\u0161ji sodniki so sicer po neuradnih informacijah medijev zavrnili Bav\u010darjevo prito\u017ebo na odlo\u010ditev okro\u017enega sodi\u0161\u010da, ki je zavrnilo njegovo pro\u0161njo za odlog prestajanja zaporne kazni v zadevi Istrabenz. Bav\u010darju, ki bo moral na prestajanje petletne zaporne kazni, je sicer dr\u017eava poleti\u00a0...","og_url":"https:\/\/hudo.com\/si\/aktualno\/furs-s-tozbo-nad-bavcarja-in-njegovo-soprogo\/","og_site_name":"Hudo Slovenija","article_publisher":"https:\/\/www.facebook.com\/hudo.si","article_published_time":"2017-09-15T07:44:00+00:00","og_image":[{"width":480,"height":290,"url":"https:\/\/hudo.com\/si\/wp-content\/uploads\/sites\/2\/2017\/09\/480x290_djvu_2387068_spelap_suhadolnik-bav-ar.jpeg","type":"image\/jpeg"}],"author":"hudo","twitter_card":"summary_large_image","twitter_creator":"@hudo_si","twitter_site":"@hudo_si","twitter_misc":{"Written by":"hudo","Est. reading time":"1 minuta"},"schema":{"@context":"https:\/\/schema.org","@graph":[{"@type":"Article","@id":"https:\/\/hudo.com\/si\/aktualno\/furs-s-tozbo-nad-bavcarja-in-njegovo-soprogo\/#article","isPartOf":{"@id":"https:\/\/hudo.com\/si\/aktualno\/furs-s-tozbo-nad-bavcarja-in-njegovo-soprogo\/"},"author":{"name":"hudo","@id":"https:\/\/hudo.com\/si\/#\/schema\/person\/601cf3379633985b20f7e50f2bb47707"},"headline":"Furs s to\u017ebo nad Bav\u010darja in njegovo soprogo","datePublished":"2017-09-15T07:44:00+00:00","dateModified":"2017-09-15T07:44:00+00:00","mainEntityOfPage":{"@id":"https:\/\/hudo.com\/si\/aktualno\/furs-s-tozbo-nad-bavcarja-in-njegovo-soprogo\/"},"wordCount":176,"publisher":{"@id":"https:\/\/hudo.com\/si\/#organization"},"articleSection":["Aktualno"],"inLanguage":"sl-SI"},{"@type":"WebPage","@id":"https:\/\/hudo.com\/si\/aktualno\/furs-s-tozbo-nad-bavcarja-in-njegovo-soprogo\/","url":"https:\/\/hudo.com\/si\/aktualno\/furs-s-tozbo-nad-bavcarja-in-njegovo-soprogo\/","name":"Furs s to\u017ebo nad Bav\u010darja in njegovo soprogo - Hudo Slovenija","isPartOf":{"@id":"https:\/\/hudo.com\/si\/#website"},"datePublished":"2017-09-15T07:44:00+00:00","dateModified":"2017-09-15T07:44:00+00:00","breadcrumb":{"@id":"https:\/\/hudo.com\/si\/aktualno\/furs-s-tozbo-nad-bavcarja-in-njegovo-soprogo\/#breadcrumb"},"inLanguage":"sl-SI","potentialAction":[{"@type":"ReadAction","target":["https:\/\/hudo.com\/si\/aktualno\/furs-s-tozbo-nad-bavcarja-in-njegovo-soprogo\/"]}]},{"@type":"BreadcrumbList","@id":"https:\/\/hudo.com\/si\/aktualno\/furs-s-tozbo-nad-bavcarja-in-njegovo-soprogo\/#breadcrumb","itemListElement":[{"@type":"ListItem","position":1,"name":"Home","item":"https:\/\/hudo.com\/si\/"},{"@type":"ListItem","position":2,"name":"Furs s to\u017ebo nad Bav\u010darja in njegovo soprogo"}]},{"@type":"WebSite","@id":"https:\/\/hudo.com\/si\/#website","url":"https:\/\/hudo.com\/si\/","name":"Hudo Slovenija","description":"Vse novice iz Slovenije in sveta","publisher":{"@id":"https:\/\/hudo.com\/si\/#organization"},"potentialAction":[{"@type":"SearchAction","target":{"@type":"EntryPoint","urlTemplate":"https:\/\/hudo.com\/si\/?s={search_term_string}"},"query-input":"required name=search_term_string"}],"inLanguage":"sl-SI"},{"@type":"Organization","@id":"https:\/\/hudo.com\/si\/#organization","name":"VSN Media","url":"https:\/\/hudo.com\/si\/","logo":{"@type":"ImageObject","inLanguage":"sl-SI","@id":"https:\/\/hudo.com\/si\/#\/schema\/logo\/image\/","url":"https:\/\/hudo.com\/si\/wp-content\/uploads\/sites\/2\/2021\/03\/hudo-app-2.png","contentUrl":"https:\/\/hudo.com\/si\/wp-content\/uploads\/sites\/2\/2021\/03\/hudo-app-2.png","width":2185,"height":2167,"caption":"VSN Media"},"image":{"@id":"https:\/\/hudo.com\/si\/#\/schema\/logo\/image\/"},"sameAs":["https:\/\/www.facebook.com\/hudo.si","https:\/\/twitter.com\/hudo_si"]},{"@type":"Person","@id":"https:\/\/hudo.com\/si\/#\/schema\/person\/601cf3379633985b20f7e50f2bb47707","name":"hudo","image":{"@type":"ImageObject","inLanguage":"sl-SI","@id":"https:\/\/hudo.com\/si\/#\/schema\/person\/image\/","url":"https:\/\/secure.gravatar.com\/avatar\/c4ca25fa72cace7a696b52ff5db9e095?s=96&d=mm&r=g","contentUrl":"https:\/\/secure.gravatar.com\/avatar\/c4ca25fa72cace7a696b52ff5db9e095?s=96&d=mm&r=g","caption":"hudo"},"url":"https:\/\/hudo.com\/si\/author\/hudo\/"}]}},"amp_enabled":true,"_links":{"self":[{"href":"https:\/\/hudo.com\/si\/wp-json\/wp\/v2\/posts\/299436"}],"collection":[{"href":"https:\/\/hudo.com\/si\/wp-json\/wp\/v2\/posts"}],"about":[{"href":"https:\/\/hudo.com\/si\/wp-json\/wp\/v2\/types\/post"}],"author":[{"embeddable":true,"href":"https:\/\/hudo.com\/si\/wp-json\/wp\/v2\/users\/1"}],"replies":[{"embeddable":true,"href":"https:\/\/hudo.com\/si\/wp-json\/wp\/v2\/comments?post=299436"}],"version-history":[{"count":0,"href":"https:\/\/hudo.com\/si\/wp-json\/wp\/v2\/posts\/299436\/revisions"}],"wp:attachment":[{"href":"https:\/\/hudo.com\/si\/wp-json\/wp\/v2\/media?parent=299436"}],"wp:term":[{"taxonomy":"category","embeddable":true,"href":"https:\/\/hudo.com\/si\/wp-json\/wp\/v2\/categories?post=299436"},{"taxonomy":"post_tag","embeddable":true,"href":"https:\/\/hudo.com\/si\/wp-json\/wp\/v2\/tags?post=299436"},{"taxonomy":"source","embeddable":true,"href":"https:\/\/hudo.com\/si\/wp-json\/wp\/v2\/source?post=299436"},{"taxonomy":"supertag","embeddable":true,"href":"https:\/\/hudo.com\/si\/wp-json\/wp\/v2\/supertag?post=299436"}],"curies":[{"name":"wp","href":"https:\/\/api.w.org\/{rel}","templated":true}]}}