{"id":299783,"date":"2017-09-16T15:34:19","date_gmt":"2017-09-16T13:34:19","guid":{"rendered":"http:\/\/hudo.com\/si\/?p=299783"},"modified":"2017-09-16T15:34:19","modified_gmt":"2017-09-16T13:34:19","slug":"v-avstrijskem-parlamentu-med-prenovo-nasli-umetniske-upodobitve-hitlerja","status":"publish","type":"post","link":"https:\/\/hudo.com\/si\/aktualno\/v-avstrijskem-parlamentu-med-prenovo-nasli-umetniske-upodobitve-hitlerja\/","title":{"rendered":"V avstrijskem parlamentu med prenovo na\u0161li umetni\u0161ke upodobitve Hitlerja"},"content":{"rendered":"<p>Najdba po navedbah tiskovnih predstavnikov parlamenta ne predstavlja velikega presene\u010denja, saj stavbo prenavljajo po pribli\u017eno 130 letih. Vemo, da so med drugo svetovno vojno poslopje uporabljali kot lokalni sede\u017e nacionalsocialisti\u010dne stranke in tovrstna odkritja smo pri\u010dakovali, so povedali za francosko tiskovno agencijo AFP.<\/p>\n<p>Umetni\u0161ke upodobitve so predali zgodovinarjema, ki trenutno preu\u010dujeta zgodovino poslopja parlamenta v nacisti\u010dnem obdobju dr\u017eave med letoma 1938 in 1945. Po besedah predsednice parlamenta Doris Bures najdba &#8220;izpostavlja pomembnost preu\u010ditve \u0161e nepopolne zgodovine te stavbe med drugo svetovno vojno&#8221;.<\/p>\n<p>Obse\u017ena prenova 134 let stare stavbe naj bi trajala do leta 2020. Poslanci so tam opravili zadnjo sejo 13. julija, do zaklju\u010dka del bodo zasedali v bli\u017enji pala\u010di Hofburg.<\/p>\n","protected":false},"excerpt":{"rendered":"<p>V kleti avstrijskega parlamenta so med prenovitvenimi deli na\u0161li ve\u010d umetni\u0161kih upodobitev nekdanjega nacisti\u010dnega voditelja Adolfa Hitlerja. V omari v enem od kletnih prostorov so bile \u0161tiri slike, dva doprsna kipa ter relief z njegovo podobo, poro\u010da avstrijska tiskovna agencija APA.<\/p>\n","protected":false},"author":8,"featured_media":208364,"comment_status":"closed","ping_status":"closed","sticky":false,"template":"","format":"standard","meta":{"footnotes":""},"categories":[1179],"tags":[2181,1934],"source":[4511],"supertag":[6103],"acf":[],"yoast_head":"<!-- This site is optimized with the Yoast SEO plugin v21.3 - https:\/\/yoast.com\/wordpress\/plugins\/seo\/ -->\n<title>V avstrijskem parlamentu med prenovo na\u0161li umetni\u0161ke upodobitve Hitlerja - Hudo Slovenija<\/title>\n<meta name=\"robots\" content=\"index, follow, max-snippet:-1, max-image-preview:large, max-video-preview:-1\" \/>\n<link rel=\"canonical\" href=\"https:\/\/hudo.com\/si\/aktualno\/v-avstrijskem-parlamentu-med-prenovo-nasli-umetniske-upodobitve-hitlerja\/\" \/>\n<meta property=\"og:locale\" content=\"sl_SI\" \/>\n<meta property=\"og:type\" content=\"article\" \/>\n<meta property=\"og:title\" content=\"V avstrijskem parlamentu med prenovo na\u0161li umetni\u0161ke upodobitve Hitlerja - Hudo Slovenija\" \/>\n<meta property=\"og:description\" content=\"V kleti avstrijskega parlamenta so med prenovitvenimi deli na\u0161li ve\u010d umetni\u0161kih upodobitev nekdanjega nacisti\u010dnega voditelja Adolfa Hitlerja. V omari v enem od kletnih prostorov so bile \u0161tiri slike, dva doprsna kipa ter relief z njegovo podobo, poro\u010da avstrijska tiskovna agencija APA.\" \/>\n<meta property=\"og:url\" content=\"https:\/\/hudo.com\/si\/aktualno\/v-avstrijskem-parlamentu-med-prenovo-nasli-umetniske-upodobitve-hitlerja\/\" \/>\n<meta property=\"og:site_name\" content=\"Hudo Slovenija\" \/>\n<meta property=\"article:publisher\" content=\"https:\/\/www.facebook.com\/hudo.si\" \/>\n<meta property=\"article:published_time\" content=\"2017-09-16T13:34:19+00:00\" \/>\n<meta property=\"og:image\" content=\"https:\/\/hudo.com\/si\/wp-content\/uploads\/sites\/2\/2017\/02\/profimedia-0173114766.jpg\" \/>\n\t<meta property=\"og:image:width\" content=\"1250\" \/>\n\t<meta property=\"og:image:height\" content=\"1047\" \/>\n\t<meta property=\"og:image:type\" content=\"image\/jpeg\" \/>\n<meta name=\"author\" content=\"M. N., STA\" \/>\n<meta name=\"twitter:card\" content=\"summary_large_image\" \/>\n<meta name=\"twitter:creator\" content=\"@hudo_si\" \/>\n<meta name=\"twitter:site\" content=\"@hudo_si\" \/>\n<meta name=\"twitter:label1\" content=\"Written by\" \/>\n\t<meta name=\"twitter:data1\" content=\"M. N., STA\" \/>\n\t<meta name=\"twitter:label2\" content=\"Est. reading time\" \/>\n\t<meta name=\"twitter:data2\" content=\"1 minuta\" \/>\n<script type=\"application\/ld+json\" class=\"yoast-schema-graph\">{\"@context\":\"https:\/\/schema.org\",\"@graph\":[{\"@type\":\"Article\",\"@id\":\"https:\/\/hudo.com\/si\/aktualno\/v-avstrijskem-parlamentu-med-prenovo-nasli-umetniske-upodobitve-hitlerja\/#article\",\"isPartOf\":{\"@id\":\"https:\/\/hudo.com\/si\/aktualno\/v-avstrijskem-parlamentu-med-prenovo-nasli-umetniske-upodobitve-hitlerja\/\"},\"author\":{\"name\":\"M. N., STA\",\"@id\":\"https:\/\/hudo.com\/si\/#\/schema\/person\/c2f10ce65d2e6ede2aeda5be2a0611fa\"},\"headline\":\"V avstrijskem parlamentu med prenovo na\u0161li umetni\u0161ke upodobitve Hitlerja\",\"datePublished\":\"2017-09-16T13:34:19+00:00\",\"dateModified\":\"2017-09-16T13:34:19+00:00\",\"mainEntityOfPage\":{\"@id\":\"https:\/\/hudo.com\/si\/aktualno\/v-avstrijskem-parlamentu-med-prenovo-nasli-umetniske-upodobitve-hitlerja\/\"},\"wordCount\":129,\"publisher\":{\"@id\":\"https:\/\/hudo.com\/si\/#organization\"},\"keywords\":[\"Adolf Hitler\",\"Avstrija\"],\"articleSection\":[\"Aktualno\"],\"inLanguage\":\"sl-SI\"},{\"@type\":\"WebPage\",\"@id\":\"https:\/\/hudo.com\/si\/aktualno\/v-avstrijskem-parlamentu-med-prenovo-nasli-umetniske-upodobitve-hitlerja\/\",\"url\":\"https:\/\/hudo.com\/si\/aktualno\/v-avstrijskem-parlamentu-med-prenovo-nasli-umetniske-upodobitve-hitlerja\/\",\"name\":\"V avstrijskem parlamentu med prenovo na\u0161li umetni\u0161ke upodobitve Hitlerja - Hudo Slovenija\",\"isPartOf\":{\"@id\":\"https:\/\/hudo.com\/si\/#website\"},\"datePublished\":\"2017-09-16T13:34:19+00:00\",\"dateModified\":\"2017-09-16T13:34:19+00:00\",\"breadcrumb\":{\"@id\":\"https:\/\/hudo.com\/si\/aktualno\/v-avstrijskem-parlamentu-med-prenovo-nasli-umetniske-upodobitve-hitlerja\/#breadcrumb\"},\"inLanguage\":\"sl-SI\",\"potentialAction\":[{\"@type\":\"ReadAction\",\"target\":[\"https:\/\/hudo.com\/si\/aktualno\/v-avstrijskem-parlamentu-med-prenovo-nasli-umetniske-upodobitve-hitlerja\/\"]}]},{\"@type\":\"BreadcrumbList\",\"@id\":\"https:\/\/hudo.com\/si\/aktualno\/v-avstrijskem-parlamentu-med-prenovo-nasli-umetniske-upodobitve-hitlerja\/#breadcrumb\",\"itemListElement\":[{\"@type\":\"ListItem\",\"position\":1,\"name\":\"Home\",\"item\":\"https:\/\/hudo.com\/si\/\"},{\"@type\":\"ListItem\",\"position\":2,\"name\":\"V avstrijskem parlamentu med prenovo na\u0161li umetni\u0161ke upodobitve Hitlerja\"}]},{\"@type\":\"WebSite\",\"@id\":\"https:\/\/hudo.com\/si\/#website\",\"url\":\"https:\/\/hudo.com\/si\/\",\"name\":\"Hudo Slovenija\",\"description\":\"Vse novice iz Slovenije in sveta\",\"publisher\":{\"@id\":\"https:\/\/hudo.com\/si\/#organization\"},\"potentialAction\":[{\"@type\":\"SearchAction\",\"target\":{\"@type\":\"EntryPoint\",\"urlTemplate\":\"https:\/\/hudo.com\/si\/?s={search_term_string}\"},\"query-input\":\"required name=search_term_string\"}],\"inLanguage\":\"sl-SI\"},{\"@type\":\"Organization\",\"@id\":\"https:\/\/hudo.com\/si\/#organization\",\"name\":\"VSN Media\",\"url\":\"https:\/\/hudo.com\/si\/\",\"logo\":{\"@type\":\"ImageObject\",\"inLanguage\":\"sl-SI\",\"@id\":\"https:\/\/hudo.com\/si\/#\/schema\/logo\/image\/\",\"url\":\"https:\/\/hudo.com\/si\/wp-content\/uploads\/sites\/2\/2021\/03\/hudo-app-2.png\",\"contentUrl\":\"https:\/\/hudo.com\/si\/wp-content\/uploads\/sites\/2\/2021\/03\/hudo-app-2.png\",\"width\":2185,\"height\":2167,\"caption\":\"VSN Media\"},\"image\":{\"@id\":\"https:\/\/hudo.com\/si\/#\/schema\/logo\/image\/\"},\"sameAs\":[\"https:\/\/www.facebook.com\/hudo.si\",\"https:\/\/twitter.com\/hudo_si\"]},{\"@type\":\"Person\",\"@id\":\"https:\/\/hudo.com\/si\/#\/schema\/person\/c2f10ce65d2e6ede2aeda5be2a0611fa\",\"name\":\"M. N., STA\",\"image\":{\"@type\":\"ImageObject\",\"inLanguage\":\"sl-SI\",\"@id\":\"https:\/\/hudo.com\/si\/#\/schema\/person\/image\/\",\"url\":\"https:\/\/secure.gravatar.com\/avatar\/f370d38daa10467f755c5c766a4cac20?s=96&d=mm&r=g\",\"contentUrl\":\"https:\/\/secure.gravatar.com\/avatar\/f370d38daa10467f755c5c766a4cac20?s=96&d=mm&r=g\",\"caption\":\"M. N., STA\"},\"url\":\"https:\/\/hudo.com\/si\/author\/mana\/\"}]}<\/script>\n<!-- \/ Yoast SEO plugin. -->","yoast_head_json":{"title":"V avstrijskem parlamentu med prenovo na\u0161li umetni\u0161ke upodobitve Hitlerja - Hudo Slovenija","robots":{"index":"index","follow":"follow","max-snippet":"max-snippet:-1","max-image-preview":"max-image-preview:large","max-video-preview":"max-video-preview:-1"},"canonical":"https:\/\/hudo.com\/si\/aktualno\/v-avstrijskem-parlamentu-med-prenovo-nasli-umetniske-upodobitve-hitlerja\/","og_locale":"sl_SI","og_type":"article","og_title":"V avstrijskem parlamentu med prenovo na\u0161li umetni\u0161ke upodobitve Hitlerja - Hudo Slovenija","og_description":"V kleti avstrijskega parlamenta so med prenovitvenimi deli na\u0161li ve\u010d umetni\u0161kih upodobitev nekdanjega nacisti\u010dnega voditelja Adolfa Hitlerja. V omari v enem od kletnih prostorov so bile \u0161tiri slike, dva doprsna kipa ter relief z njegovo podobo, poro\u010da avstrijska tiskovna agencija APA.","og_url":"https:\/\/hudo.com\/si\/aktualno\/v-avstrijskem-parlamentu-med-prenovo-nasli-umetniske-upodobitve-hitlerja\/","og_site_name":"Hudo Slovenija","article_publisher":"https:\/\/www.facebook.com\/hudo.si","article_published_time":"2017-09-16T13:34:19+00:00","og_image":[{"width":1250,"height":1047,"url":"https:\/\/hudo.com\/si\/wp-content\/uploads\/sites\/2\/2017\/02\/profimedia-0173114766.jpg","type":"image\/jpeg"}],"author":"M. N., STA","twitter_card":"summary_large_image","twitter_creator":"@hudo_si","twitter_site":"@hudo_si","twitter_misc":{"Written by":"M. N., STA","Est. reading time":"1 minuta"},"schema":{"@context":"https:\/\/schema.org","@graph":[{"@type":"Article","@id":"https:\/\/hudo.com\/si\/aktualno\/v-avstrijskem-parlamentu-med-prenovo-nasli-umetniske-upodobitve-hitlerja\/#article","isPartOf":{"@id":"https:\/\/hudo.com\/si\/aktualno\/v-avstrijskem-parlamentu-med-prenovo-nasli-umetniske-upodobitve-hitlerja\/"},"author":{"name":"M. N., STA","@id":"https:\/\/hudo.com\/si\/#\/schema\/person\/c2f10ce65d2e6ede2aeda5be2a0611fa"},"headline":"V avstrijskem parlamentu med prenovo na\u0161li umetni\u0161ke upodobitve Hitlerja","datePublished":"2017-09-16T13:34:19+00:00","dateModified":"2017-09-16T13:34:19+00:00","mainEntityOfPage":{"@id":"https:\/\/hudo.com\/si\/aktualno\/v-avstrijskem-parlamentu-med-prenovo-nasli-umetniske-upodobitve-hitlerja\/"},"wordCount":129,"publisher":{"@id":"https:\/\/hudo.com\/si\/#organization"},"keywords":["Adolf Hitler","Avstrija"],"articleSection":["Aktualno"],"inLanguage":"sl-SI"},{"@type":"WebPage","@id":"https:\/\/hudo.com\/si\/aktualno\/v-avstrijskem-parlamentu-med-prenovo-nasli-umetniske-upodobitve-hitlerja\/","url":"https:\/\/hudo.com\/si\/aktualno\/v-avstrijskem-parlamentu-med-prenovo-nasli-umetniske-upodobitve-hitlerja\/","name":"V avstrijskem parlamentu med prenovo na\u0161li umetni\u0161ke upodobitve Hitlerja - Hudo Slovenija","isPartOf":{"@id":"https:\/\/hudo.com\/si\/#website"},"datePublished":"2017-09-16T13:34:19+00:00","dateModified":"2017-09-16T13:34:19+00:00","breadcrumb":{"@id":"https:\/\/hudo.com\/si\/aktualno\/v-avstrijskem-parlamentu-med-prenovo-nasli-umetniske-upodobitve-hitlerja\/#breadcrumb"},"inLanguage":"sl-SI","potentialAction":[{"@type":"ReadAction","target":["https:\/\/hudo.com\/si\/aktualno\/v-avstrijskem-parlamentu-med-prenovo-nasli-umetniske-upodobitve-hitlerja\/"]}]},{"@type":"BreadcrumbList","@id":"https:\/\/hudo.com\/si\/aktualno\/v-avstrijskem-parlamentu-med-prenovo-nasli-umetniske-upodobitve-hitlerja\/#breadcrumb","itemListElement":[{"@type":"ListItem","position":1,"name":"Home","item":"https:\/\/hudo.com\/si\/"},{"@type":"ListItem","position":2,"name":"V avstrijskem parlamentu med prenovo na\u0161li umetni\u0161ke upodobitve Hitlerja"}]},{"@type":"WebSite","@id":"https:\/\/hudo.com\/si\/#website","url":"https:\/\/hudo.com\/si\/","name":"Hudo Slovenija","description":"Vse novice iz Slovenije in sveta","publisher":{"@id":"https:\/\/hudo.com\/si\/#organization"},"potentialAction":[{"@type":"SearchAction","target":{"@type":"EntryPoint","urlTemplate":"https:\/\/hudo.com\/si\/?s={search_term_string}"},"query-input":"required name=search_term_string"}],"inLanguage":"sl-SI"},{"@type":"Organization","@id":"https:\/\/hudo.com\/si\/#organization","name":"VSN Media","url":"https:\/\/hudo.com\/si\/","logo":{"@type":"ImageObject","inLanguage":"sl-SI","@id":"https:\/\/hudo.com\/si\/#\/schema\/logo\/image\/","url":"https:\/\/hudo.com\/si\/wp-content\/uploads\/sites\/2\/2021\/03\/hudo-app-2.png","contentUrl":"https:\/\/hudo.com\/si\/wp-content\/uploads\/sites\/2\/2021\/03\/hudo-app-2.png","width":2185,"height":2167,"caption":"VSN Media"},"image":{"@id":"https:\/\/hudo.com\/si\/#\/schema\/logo\/image\/"},"sameAs":["https:\/\/www.facebook.com\/hudo.si","https:\/\/twitter.com\/hudo_si"]},{"@type":"Person","@id":"https:\/\/hudo.com\/si\/#\/schema\/person\/c2f10ce65d2e6ede2aeda5be2a0611fa","name":"M. N., STA","image":{"@type":"ImageObject","inLanguage":"sl-SI","@id":"https:\/\/hudo.com\/si\/#\/schema\/person\/image\/","url":"https:\/\/secure.gravatar.com\/avatar\/f370d38daa10467f755c5c766a4cac20?s=96&d=mm&r=g","contentUrl":"https:\/\/secure.gravatar.com\/avatar\/f370d38daa10467f755c5c766a4cac20?s=96&d=mm&r=g","caption":"M. N., STA"},"url":"https:\/\/hudo.com\/si\/author\/mana\/"}]}},"amp_enabled":true,"_links":{"self":[{"href":"https:\/\/hudo.com\/si\/wp-json\/wp\/v2\/posts\/299783"}],"collection":[{"href":"https:\/\/hudo.com\/si\/wp-json\/wp\/v2\/posts"}],"about":[{"href":"https:\/\/hudo.com\/si\/wp-json\/wp\/v2\/types\/post"}],"author":[{"embeddable":true,"href":"https:\/\/hudo.com\/si\/wp-json\/wp\/v2\/users\/8"}],"replies":[{"embeddable":true,"href":"https:\/\/hudo.com\/si\/wp-json\/wp\/v2\/comments?post=299783"}],"version-history":[{"count":1,"href":"https:\/\/hudo.com\/si\/wp-json\/wp\/v2\/posts\/299783\/revisions"}],"predecessor-version":[{"id":299784,"href":"https:\/\/hudo.com\/si\/wp-json\/wp\/v2\/posts\/299783\/revisions\/299784"}],"wp:featuredmedia":[{"embeddable":true,"href":"https:\/\/hudo.com\/si\/wp-json\/wp\/v2\/media\/208364"}],"wp:attachment":[{"href":"https:\/\/hudo.com\/si\/wp-json\/wp\/v2\/media?parent=299783"}],"wp:term":[{"taxonomy":"category","embeddable":true,"href":"https:\/\/hudo.com\/si\/wp-json\/wp\/v2\/categories?post=299783"},{"taxonomy":"post_tag","embeddable":true,"href":"https:\/\/hudo.com\/si\/wp-json\/wp\/v2\/tags?post=299783"},{"taxonomy":"source","embeddable":true,"href":"https:\/\/hudo.com\/si\/wp-json\/wp\/v2\/source?post=299783"},{"taxonomy":"supertag","embeddable":true,"href":"https:\/\/hudo.com\/si\/wp-json\/wp\/v2\/supertag?post=299783"}],"curies":[{"name":"wp","href":"https:\/\/api.w.org\/{rel}","templated":true}]}}