{"id":300137,"date":"2017-09-18T04:03:00","date_gmt":"2017-09-18T02:03:00","guid":{"rendered":"http:\/\/hudo.com\/si\/2017\/09\/18\/magna-razgalila-slabosti-politike\/"},"modified":"2017-09-18T04:03:00","modified_gmt":"2017-09-18T02:03:00","slug":"magna-razgalila-slabosti-politike","status":"publish","type":"post","link":"https:\/\/hudo.com\/si\/aktualno\/magna-razgalila-slabosti-politike\/","title":{"rendered":"Magna razgalila slabosti politike"},"content":{"rendered":"<p>Kot ka\u017ee, bo avtomobilskemu gigantu Magna po vseh sporih in napetostih s kmeti, doma\u010dini in nevladnimi organizacijami vendarle uspelo pridobiti dovoljenja za gradnjo tovarne v Ho\u010dah. A za to je bil potreben kar najve\u010dji anga\u017ema vlade, ki je za ta primer sprejela celo poseben zakon, ki je omogo\u010dil razlastitev lastnikov kmetijskih zemlji\u0161\u010d. Poleg tega se je ministrstvo za gospodarstvo vklju\u010dilo v pogajanja z okoljevarstvenimi organizacijami, da so se te po \u0161tevilnih pritiskih in obljubah odpovedale z zakonom dolo\u010deni pravici do prito\u017ebe. Naj javnost pozna na\u010drte ali raje ne? Krajinska arhitektka dr. Maja Simoneti, vodja projektov pri In\u0161titutu za politike prostora, izpostavi problemati\u010dnost tako imenovanega lex Magna. &#8220;Probleme pri ume\u0161\u010danju v prostor v primeru Magne je mo\u017eno povezati z ve\u010d okoli\u0161\u010dinami, med drugimi tudi s tem, da se je primer izklju\u010dilo iz predpisanega postopka ume\u0161\u010danja v prostor in da se je pomanjkljivo informiralo javnosti o na\u010drtovanem posegu. S tem, ko je vlada sklenila poseg umestiti v prostor s posebnim zakonom, druga\u010de kot to velja za druge posege in kot to dolo\u010da zakon o prostorskem na\u010drtovanju, in s tem, ko javnosti ni celovito in pravo\u010dasno seznanila s svojimi in investitorjevimi namerami, je ustvarila unikatne, zelo nepredvidljive okoli\u0161\u010dine za na\u010drtovanje in spro\u017eila razli\u010dna ugibanja o namenih takega ukrepanja.&#8221;   &#8220;Novi zakon ne sme diskriminirati med doma\u010dimi in tujimi investitorji&#8221;    O izklju\u010devanju javnosti veliko pove tudi varuhinja \u010dlovekovih pravic Vlasta Nussdorfer, ki v svojem letnem poro\u010dilu zapi\u0161e: &#8220;Varuh \u017ee leta ugotavlja, da se sistemske spremembe oziroma posegi v predpise s podro\u010dja okolja in prostora izvajajo pogosto brez sodelovanja javnosti ali z njenim omejenim sodelovanjem.&#8221; Odzive ministrstva za okolje na pobude varuha pa navede kot neustrezne. Nov primer izklju\u010devanja javnosti je sedanje spreminjanje zakona o varstvu okolja, krovnega predpisa na tem podro\u010dju. Ministrstvo je javno razpravo razpisalo v \u010dasu minimalno<\/p>\n","protected":false},"excerpt":{"rendered":"<p>Kot ka\u017ee, bo avtomobilskemu gigantu Magna po vseh sporih in napetostih s kmeti, doma\u010dini in nevladnimi organizacijami vendarle uspelo pridobiti dovoljenja za gradnjo tovarne v Ho\u010dah. A za to je bil potreben kar najve\u010dji anga\u017ema vlade, ki je za ta primer sprejela celo poseben zakon, ki je omogo\u010dil razlastitev lastnikov kmetijskih zemlji\u0161\u010d. Poleg tega se je ministrstvo za gospodarstvo vklju\u010dilo v pogajanja z okoljevarstvenimi organizacijami, da so se te po \u0161tevilnih pritiskih in obljubah odpovedale z zakonom dolo\u010deni pravici do prito\u017ebe. Naj javnost pozna na\u010drte ali raje ne? Krajinska arhitektka dr. Maja Simoneti, vodja projektov pri In\u0161titutu za politike prostora, izpostavi problemati\u010dnost tako imenovanega lex Magna. &#8220;Probleme pri ume\u0161\u010danju v prostor v primeru Magne je mo\u017eno povezati z ve\u010d okoli\u0161\u010dinami, med drugimi tudi s tem, da se je primer izklju\u010dilo iz predpisanega postopka ume\u0161\u010danja v prostor in da se je pomanjkljivo informiralo javnosti o na\u010drtovanem posegu. S tem, ko je vlada sklenila poseg umestiti v prostor s posebnim zakonom, druga\u010de kot to velja za druge posege in kot to dolo\u010da zakon o prostorskem na\u010drtovanju, in s tem, ko javnosti ni celovito in pravo\u010dasno seznanila s svojimi in investitorjevimi namerami, je ustvarila unikatne, zelo nepredvidljive okoli\u0161\u010dine za na\u010drtovanje in spro\u017eila razli\u010dna ugibanja o namenih takega ukrepanja.&#8221;   &#8220;Novi zakon ne sme diskriminirati med doma\u010dimi in tujimi investitorji&#8221;    O izklju\u010devanju javnosti veliko pove tudi varuhinja \u010dlovekovih pravic Vlasta Nussdorfer, ki v svojem letnem poro\u010dilu zapi\u0161e: &#8220;Varuh \u017ee leta ugotavlja, da se sistemske spremembe oziroma posegi v predpise s podro\u010dja okolja in prostora izvajajo pogosto brez sodelovanja javnosti ali z njenim omejenim sodelovanjem.&#8221; Odzive ministrstva za okolje na pobude varuha pa navede kot neustrezne. Nov primer izklju\u010devanja javnosti je sedanje spreminjanje zakona o varstvu okolja, krovnega predpisa na tem podro\u010dju. Ministrstvo je javno razpravo razpisalo v \u010dasu minimalno<\/p>\n","protected":false},"author":1,"featured_media":0,"comment_status":"closed","ping_status":"closed","sticky":false,"template":"","format":"standard","meta":{"footnotes":""},"categories":[1179],"tags":[],"source":[1711],"supertag":[],"acf":[],"yoast_head":"<!-- This site is optimized with the Yoast SEO plugin v21.3 - https:\/\/yoast.com\/wordpress\/plugins\/seo\/ -->\n<title>Magna razgalila slabosti politike - Hudo Slovenija<\/title>\n<meta name=\"robots\" content=\"index, follow, max-snippet:-1, max-image-preview:large, max-video-preview:-1\" \/>\n<link rel=\"canonical\" href=\"https:\/\/hudo.com\/si\/aktualno\/magna-razgalila-slabosti-politike\/\" \/>\n<meta property=\"og:locale\" content=\"sl_SI\" \/>\n<meta property=\"og:type\" content=\"article\" \/>\n<meta property=\"og:title\" content=\"Magna razgalila slabosti politike - Hudo Slovenija\" \/>\n<meta property=\"og:description\" content=\"Kot ka\u017ee, bo avtomobilskemu gigantu Magna po vseh sporih in napetostih s kmeti, doma\u010dini in nevladnimi organizacijami vendarle uspelo pridobiti dovoljenja za gradnjo tovarne v Ho\u010dah. A za to je bil potreben kar najve\u010dji anga\u017ema vlade, ki je za ta primer sprejela celo poseben zakon, ki je omogo\u010dil razlastitev lastnikov kmetijskih zemlji\u0161\u010d. Poleg tega se je ministrstvo za gospodarstvo vklju\u010dilo v pogajanja z okoljevarstvenimi organizacijami, da so se te po \u0161tevilnih pritiskih in obljubah odpovedale z zakonom dolo\u010deni pravici do prito\u017ebe. Naj javnost pozna na\u010drte ali raje ne? Krajinska arhitektka dr. Maja Simoneti, vodja projektov pri In\u0161titutu za politike prostora, izpostavi problemati\u010dnost tako imenovanega lex Magna. &quot;Probleme pri ume\u0161\u010danju v prostor v primeru Magne je mo\u017eno povezati z ve\u010d okoli\u0161\u010dinami, med drugimi tudi s tem, da se je primer izklju\u010dilo iz predpisanega postopka ume\u0161\u010danja v prostor in da se je pomanjkljivo informiralo javnosti o na\u010drtovanem posegu. S tem, ko je vlada sklenila poseg umestiti v prostor s posebnim zakonom, druga\u010de kot to velja za druge posege in kot to dolo\u010da zakon o prostorskem na\u010drtovanju, in s tem, ko javnosti ni celovito in pravo\u010dasno seznanila s svojimi in investitorjevimi namerami, je ustvarila unikatne, zelo nepredvidljive okoli\u0161\u010dine za na\u010drtovanje in spro\u017eila razli\u010dna ugibanja o namenih takega ukrepanja.&quot;  &quot;Novi zakon ne sme diskriminirati med doma\u010dimi in tujimi investitorji&quot;  O izklju\u010devanju javnosti veliko pove tudi varuhinja \u010dlovekovih pravic Vlasta Nussdorfer, ki v svojem letnem poro\u010dilu zapi\u0161e: &quot;Varuh \u017ee leta ugotavlja, da se sistemske spremembe oziroma posegi v predpise s podro\u010dja okolja in prostora izvajajo pogosto brez sodelovanja javnosti ali z njenim omejenim sodelovanjem.&quot; Odzive ministrstva za okolje na pobude varuha pa navede kot neustrezne. Nov primer izklju\u010devanja javnosti je sedanje spreminjanje zakona o varstvu okolja, krovnega predpisa na tem podro\u010dju. Ministrstvo je javno razpravo razpisalo v \u010dasu minimalno\" \/>\n<meta property=\"og:url\" content=\"https:\/\/hudo.com\/si\/aktualno\/magna-razgalila-slabosti-politike\/\" \/>\n<meta property=\"og:site_name\" content=\"Hudo Slovenija\" \/>\n<meta property=\"article:publisher\" content=\"https:\/\/www.facebook.com\/hudo.si\" \/>\n<meta property=\"article:published_time\" content=\"2017-09-18T02:03:00+00:00\" \/>\n<meta property=\"og:image\" content=\"https:\/\/hudo.com\/si\/wp-content\/uploads\/sites\/2\/2017\/09\/923709-300.jpg\" \/>\n\t<meta property=\"og:image:width\" content=\"450\" \/>\n\t<meta property=\"og:image:height\" content=\"300\" \/>\n\t<meta property=\"og:image:type\" content=\"image\/jpeg\" \/>\n<meta name=\"author\" content=\"hudo\" \/>\n<meta name=\"twitter:card\" content=\"summary_large_image\" \/>\n<meta name=\"twitter:creator\" content=\"@hudo_si\" \/>\n<meta name=\"twitter:site\" content=\"@hudo_si\" \/>\n<meta name=\"twitter:label1\" content=\"Written by\" \/>\n\t<meta name=\"twitter:data1\" content=\"hudo\" \/>\n\t<meta name=\"twitter:label2\" content=\"Est. reading time\" \/>\n\t<meta name=\"twitter:data2\" content=\"2 minuti\" \/>\n<script type=\"application\/ld+json\" class=\"yoast-schema-graph\">{\"@context\":\"https:\/\/schema.org\",\"@graph\":[{\"@type\":\"Article\",\"@id\":\"https:\/\/hudo.com\/si\/aktualno\/magna-razgalila-slabosti-politike\/#article\",\"isPartOf\":{\"@id\":\"https:\/\/hudo.com\/si\/aktualno\/magna-razgalila-slabosti-politike\/\"},\"author\":{\"name\":\"hudo\",\"@id\":\"https:\/\/hudo.com\/si\/#\/schema\/person\/601cf3379633985b20f7e50f2bb47707\"},\"headline\":\"Magna razgalila slabosti politike\",\"datePublished\":\"2017-09-18T02:03:00+00:00\",\"dateModified\":\"2017-09-18T02:03:00+00:00\",\"mainEntityOfPage\":{\"@id\":\"https:\/\/hudo.com\/si\/aktualno\/magna-razgalila-slabosti-politike\/\"},\"wordCount\":331,\"publisher\":{\"@id\":\"https:\/\/hudo.com\/si\/#organization\"},\"articleSection\":[\"Aktualno\"],\"inLanguage\":\"sl-SI\"},{\"@type\":\"WebPage\",\"@id\":\"https:\/\/hudo.com\/si\/aktualno\/magna-razgalila-slabosti-politike\/\",\"url\":\"https:\/\/hudo.com\/si\/aktualno\/magna-razgalila-slabosti-politike\/\",\"name\":\"Magna razgalila slabosti politike - Hudo Slovenija\",\"isPartOf\":{\"@id\":\"https:\/\/hudo.com\/si\/#website\"},\"datePublished\":\"2017-09-18T02:03:00+00:00\",\"dateModified\":\"2017-09-18T02:03:00+00:00\",\"breadcrumb\":{\"@id\":\"https:\/\/hudo.com\/si\/aktualno\/magna-razgalila-slabosti-politike\/#breadcrumb\"},\"inLanguage\":\"sl-SI\",\"potentialAction\":[{\"@type\":\"ReadAction\",\"target\":[\"https:\/\/hudo.com\/si\/aktualno\/magna-razgalila-slabosti-politike\/\"]}]},{\"@type\":\"BreadcrumbList\",\"@id\":\"https:\/\/hudo.com\/si\/aktualno\/magna-razgalila-slabosti-politike\/#breadcrumb\",\"itemListElement\":[{\"@type\":\"ListItem\",\"position\":1,\"name\":\"Home\",\"item\":\"https:\/\/hudo.com\/si\/\"},{\"@type\":\"ListItem\",\"position\":2,\"name\":\"Magna razgalila slabosti politike\"}]},{\"@type\":\"WebSite\",\"@id\":\"https:\/\/hudo.com\/si\/#website\",\"url\":\"https:\/\/hudo.com\/si\/\",\"name\":\"Hudo Slovenija\",\"description\":\"Vse novice iz Slovenije in sveta\",\"publisher\":{\"@id\":\"https:\/\/hudo.com\/si\/#organization\"},\"potentialAction\":[{\"@type\":\"SearchAction\",\"target\":{\"@type\":\"EntryPoint\",\"urlTemplate\":\"https:\/\/hudo.com\/si\/?s={search_term_string}\"},\"query-input\":\"required name=search_term_string\"}],\"inLanguage\":\"sl-SI\"},{\"@type\":\"Organization\",\"@id\":\"https:\/\/hudo.com\/si\/#organization\",\"name\":\"VSN Media\",\"url\":\"https:\/\/hudo.com\/si\/\",\"logo\":{\"@type\":\"ImageObject\",\"inLanguage\":\"sl-SI\",\"@id\":\"https:\/\/hudo.com\/si\/#\/schema\/logo\/image\/\",\"url\":\"https:\/\/hudo.com\/si\/wp-content\/uploads\/sites\/2\/2021\/03\/hudo-app-2.png\",\"contentUrl\":\"https:\/\/hudo.com\/si\/wp-content\/uploads\/sites\/2\/2021\/03\/hudo-app-2.png\",\"width\":2185,\"height\":2167,\"caption\":\"VSN Media\"},\"image\":{\"@id\":\"https:\/\/hudo.com\/si\/#\/schema\/logo\/image\/\"},\"sameAs\":[\"https:\/\/www.facebook.com\/hudo.si\",\"https:\/\/twitter.com\/hudo_si\"]},{\"@type\":\"Person\",\"@id\":\"https:\/\/hudo.com\/si\/#\/schema\/person\/601cf3379633985b20f7e50f2bb47707\",\"name\":\"hudo\",\"image\":{\"@type\":\"ImageObject\",\"inLanguage\":\"sl-SI\",\"@id\":\"https:\/\/hudo.com\/si\/#\/schema\/person\/image\/\",\"url\":\"https:\/\/secure.gravatar.com\/avatar\/c4ca25fa72cace7a696b52ff5db9e095?s=96&d=mm&r=g\",\"contentUrl\":\"https:\/\/secure.gravatar.com\/avatar\/c4ca25fa72cace7a696b52ff5db9e095?s=96&d=mm&r=g\",\"caption\":\"hudo\"},\"url\":\"https:\/\/hudo.com\/si\/author\/hudo\/\"}]}<\/script>\n<!-- \/ Yoast SEO plugin. -->","yoast_head_json":{"title":"Magna razgalila slabosti politike - Hudo Slovenija","robots":{"index":"index","follow":"follow","max-snippet":"max-snippet:-1","max-image-preview":"max-image-preview:large","max-video-preview":"max-video-preview:-1"},"canonical":"https:\/\/hudo.com\/si\/aktualno\/magna-razgalila-slabosti-politike\/","og_locale":"sl_SI","og_type":"article","og_title":"Magna razgalila slabosti politike - Hudo Slovenija","og_description":"Kot ka\u017ee, bo avtomobilskemu gigantu Magna po vseh sporih in napetostih s kmeti, doma\u010dini in nevladnimi organizacijami vendarle uspelo pridobiti dovoljenja za gradnjo tovarne v Ho\u010dah. A za to je bil potreben kar najve\u010dji anga\u017ema vlade, ki je za ta primer sprejela celo poseben zakon, ki je omogo\u010dil razlastitev lastnikov kmetijskih zemlji\u0161\u010d. Poleg tega se je ministrstvo za gospodarstvo vklju\u010dilo v pogajanja z okoljevarstvenimi organizacijami, da so se te po \u0161tevilnih pritiskih in obljubah odpovedale z zakonom dolo\u010deni pravici do prito\u017ebe. Naj javnost pozna na\u010drte ali raje ne? Krajinska arhitektka dr. Maja Simoneti, vodja projektov pri In\u0161titutu za politike prostora, izpostavi problemati\u010dnost tako imenovanega lex Magna. \"Probleme pri ume\u0161\u010danju v prostor v primeru Magne je mo\u017eno povezati z ve\u010d okoli\u0161\u010dinami, med drugimi tudi s tem, da se je primer izklju\u010dilo iz predpisanega postopka ume\u0161\u010danja v prostor in da se je pomanjkljivo informiralo javnosti o na\u010drtovanem posegu. S tem, ko je vlada sklenila poseg umestiti v prostor s posebnim zakonom, druga\u010de kot to velja za druge posege in kot to dolo\u010da zakon o prostorskem na\u010drtovanju, in s tem, ko javnosti ni celovito in pravo\u010dasno seznanila s svojimi in investitorjevimi namerami, je ustvarila unikatne, zelo nepredvidljive okoli\u0161\u010dine za na\u010drtovanje in spro\u017eila razli\u010dna ugibanja o namenih takega ukrepanja.\"  \"Novi zakon ne sme diskriminirati med doma\u010dimi in tujimi investitorji\"  O izklju\u010devanju javnosti veliko pove tudi varuhinja \u010dlovekovih pravic Vlasta Nussdorfer, ki v svojem letnem poro\u010dilu zapi\u0161e: \"Varuh \u017ee leta ugotavlja, da se sistemske spremembe oziroma posegi v predpise s podro\u010dja okolja in prostora izvajajo pogosto brez sodelovanja javnosti ali z njenim omejenim sodelovanjem.\" Odzive ministrstva za okolje na pobude varuha pa navede kot neustrezne. Nov primer izklju\u010devanja javnosti je sedanje spreminjanje zakona o varstvu okolja, krovnega predpisa na tem podro\u010dju. Ministrstvo je javno razpravo razpisalo v \u010dasu minimalno","og_url":"https:\/\/hudo.com\/si\/aktualno\/magna-razgalila-slabosti-politike\/","og_site_name":"Hudo Slovenija","article_publisher":"https:\/\/www.facebook.com\/hudo.si","article_published_time":"2017-09-18T02:03:00+00:00","og_image":[{"width":450,"height":300,"url":"https:\/\/hudo.com\/si\/wp-content\/uploads\/sites\/2\/2017\/09\/923709-300.jpg","type":"image\/jpeg"}],"author":"hudo","twitter_card":"summary_large_image","twitter_creator":"@hudo_si","twitter_site":"@hudo_si","twitter_misc":{"Written by":"hudo","Est. reading time":"2 minuti"},"schema":{"@context":"https:\/\/schema.org","@graph":[{"@type":"Article","@id":"https:\/\/hudo.com\/si\/aktualno\/magna-razgalila-slabosti-politike\/#article","isPartOf":{"@id":"https:\/\/hudo.com\/si\/aktualno\/magna-razgalila-slabosti-politike\/"},"author":{"name":"hudo","@id":"https:\/\/hudo.com\/si\/#\/schema\/person\/601cf3379633985b20f7e50f2bb47707"},"headline":"Magna razgalila slabosti politike","datePublished":"2017-09-18T02:03:00+00:00","dateModified":"2017-09-18T02:03:00+00:00","mainEntityOfPage":{"@id":"https:\/\/hudo.com\/si\/aktualno\/magna-razgalila-slabosti-politike\/"},"wordCount":331,"publisher":{"@id":"https:\/\/hudo.com\/si\/#organization"},"articleSection":["Aktualno"],"inLanguage":"sl-SI"},{"@type":"WebPage","@id":"https:\/\/hudo.com\/si\/aktualno\/magna-razgalila-slabosti-politike\/","url":"https:\/\/hudo.com\/si\/aktualno\/magna-razgalila-slabosti-politike\/","name":"Magna razgalila slabosti politike - Hudo Slovenija","isPartOf":{"@id":"https:\/\/hudo.com\/si\/#website"},"datePublished":"2017-09-18T02:03:00+00:00","dateModified":"2017-09-18T02:03:00+00:00","breadcrumb":{"@id":"https:\/\/hudo.com\/si\/aktualno\/magna-razgalila-slabosti-politike\/#breadcrumb"},"inLanguage":"sl-SI","potentialAction":[{"@type":"ReadAction","target":["https:\/\/hudo.com\/si\/aktualno\/magna-razgalila-slabosti-politike\/"]}]},{"@type":"BreadcrumbList","@id":"https:\/\/hudo.com\/si\/aktualno\/magna-razgalila-slabosti-politike\/#breadcrumb","itemListElement":[{"@type":"ListItem","position":1,"name":"Home","item":"https:\/\/hudo.com\/si\/"},{"@type":"ListItem","position":2,"name":"Magna razgalila slabosti politike"}]},{"@type":"WebSite","@id":"https:\/\/hudo.com\/si\/#website","url":"https:\/\/hudo.com\/si\/","name":"Hudo Slovenija","description":"Vse novice iz Slovenije in sveta","publisher":{"@id":"https:\/\/hudo.com\/si\/#organization"},"potentialAction":[{"@type":"SearchAction","target":{"@type":"EntryPoint","urlTemplate":"https:\/\/hudo.com\/si\/?s={search_term_string}"},"query-input":"required name=search_term_string"}],"inLanguage":"sl-SI"},{"@type":"Organization","@id":"https:\/\/hudo.com\/si\/#organization","name":"VSN Media","url":"https:\/\/hudo.com\/si\/","logo":{"@type":"ImageObject","inLanguage":"sl-SI","@id":"https:\/\/hudo.com\/si\/#\/schema\/logo\/image\/","url":"https:\/\/hudo.com\/si\/wp-content\/uploads\/sites\/2\/2021\/03\/hudo-app-2.png","contentUrl":"https:\/\/hudo.com\/si\/wp-content\/uploads\/sites\/2\/2021\/03\/hudo-app-2.png","width":2185,"height":2167,"caption":"VSN Media"},"image":{"@id":"https:\/\/hudo.com\/si\/#\/schema\/logo\/image\/"},"sameAs":["https:\/\/www.facebook.com\/hudo.si","https:\/\/twitter.com\/hudo_si"]},{"@type":"Person","@id":"https:\/\/hudo.com\/si\/#\/schema\/person\/601cf3379633985b20f7e50f2bb47707","name":"hudo","image":{"@type":"ImageObject","inLanguage":"sl-SI","@id":"https:\/\/hudo.com\/si\/#\/schema\/person\/image\/","url":"https:\/\/secure.gravatar.com\/avatar\/c4ca25fa72cace7a696b52ff5db9e095?s=96&d=mm&r=g","contentUrl":"https:\/\/secure.gravatar.com\/avatar\/c4ca25fa72cace7a696b52ff5db9e095?s=96&d=mm&r=g","caption":"hudo"},"url":"https:\/\/hudo.com\/si\/author\/hudo\/"}]}},"amp_enabled":true,"_links":{"self":[{"href":"https:\/\/hudo.com\/si\/wp-json\/wp\/v2\/posts\/300137"}],"collection":[{"href":"https:\/\/hudo.com\/si\/wp-json\/wp\/v2\/posts"}],"about":[{"href":"https:\/\/hudo.com\/si\/wp-json\/wp\/v2\/types\/post"}],"author":[{"embeddable":true,"href":"https:\/\/hudo.com\/si\/wp-json\/wp\/v2\/users\/1"}],"replies":[{"embeddable":true,"href":"https:\/\/hudo.com\/si\/wp-json\/wp\/v2\/comments?post=300137"}],"version-history":[{"count":0,"href":"https:\/\/hudo.com\/si\/wp-json\/wp\/v2\/posts\/300137\/revisions"}],"wp:attachment":[{"href":"https:\/\/hudo.com\/si\/wp-json\/wp\/v2\/media?parent=300137"}],"wp:term":[{"taxonomy":"category","embeddable":true,"href":"https:\/\/hudo.com\/si\/wp-json\/wp\/v2\/categories?post=300137"},{"taxonomy":"post_tag","embeddable":true,"href":"https:\/\/hudo.com\/si\/wp-json\/wp\/v2\/tags?post=300137"},{"taxonomy":"source","embeddable":true,"href":"https:\/\/hudo.com\/si\/wp-json\/wp\/v2\/source?post=300137"},{"taxonomy":"supertag","embeddable":true,"href":"https:\/\/hudo.com\/si\/wp-json\/wp\/v2\/supertag?post=300137"}],"curies":[{"name":"wp","href":"https:\/\/api.w.org\/{rel}","templated":true}]}}