{"id":301483,"date":"2017-09-21T12:52:00","date_gmt":"2017-09-21T10:52:00","guid":{"rendered":"http:\/\/hudo.com\/si\/2017\/09\/21\/ryanair-zeli-se-letos-zaposliti-dodatnih-125-pilotov\/"},"modified":"2017-09-21T12:52:00","modified_gmt":"2017-09-21T10:52:00","slug":"ryanair-zeli-se-letos-zaposliti-dodatnih-125-pilotov","status":"publish","type":"post","link":"https:\/\/hudo.com\/si\/aktualno\/ryanair-zeli-se-letos-zaposliti-dodatnih-125-pilotov\/","title":{"rendered":"Ryanair \u017eeli \u0161e letos zaposliti dodatnih 125 pilotov"},"content":{"rendered":"<p>Kategorija: Podjetja Thu, 21 Sep 2017 14:52:00 +0200  Dublin \u2212 Da bi se irski nizkocenovni letalski prevoznik Ryanair izognil dodatnim odpovedim letov, bodo lahko njegovi piloti del neizkori\u0161\u010denega dopusta prelo\u017eili na prihodnje leto. To je danes napovedal prvi mo\u017e dru\u017ebe Michael O&#8217;Leary in hkrati dejal, da bodo v dveh tednih zaposlili dodatnih 125 pilotov. V zameno za odpoved dopustu finan\u010dno nadomestilo O&#8217;Leary je na dana\u0161nji skup\u0161\u010dini delni\u010darjev v Dublinu pojasnil, da lahko letalska dru\u017eba od pilotov tudi zahteva, da se odpovedo tednu dni dopusta. Tako menda imajo zapisano v pogodbah. V zameno bodo prejeli finan\u010dno nadomestilo, \u010demur pa je po poro\u010danju medijev velik del pilotov nasprotoval. Prvi mo\u017e dru\u017ebe upa, da je zdaj polo\u017eaj pod nadzorom. Kljub temu pa ni mogel zagotoviti, da ne bo \u0161e novih odpovedi letov, je poro\u010dala francoska tiskovna agencija AFP. Do konca oktobra odpovedali okoli 2100 letov V\u00a0&#8230;<\/p>\n","protected":false},"excerpt":{"rendered":"<p>Kategorija: Podjetja Thu, 21 Sep 2017 14:52:00 +0200  Dublin \u2212 Da bi se irski nizkocenovni letalski prevoznik Ryanair izognil dodatnim odpovedim letov, bodo lahko njegovi piloti del neizkori\u0161\u010denega dopusta prelo\u017eili na prihodnje leto. To je danes napovedal prvi mo\u017e dru\u017ebe Michael O&#8217;Leary in hkrati dejal, da bodo v dveh tednih zaposlili dodatnih 125 pilotov. V zameno za odpoved dopustu finan\u010dno nadomestilo O&#8217;Leary je na dana\u0161nji skup\u0161\u010dini delni\u010darjev v Dublinu pojasnil, da lahko letalska dru\u017eba od pilotov tudi zahteva, da se odpovedo tednu dni dopusta. Tako menda imajo zapisano v pogodbah. V zameno bodo prejeli finan\u010dno nadomestilo, \u010demur pa je po poro\u010danju medijev velik del pilotov nasprotoval. Prvi mo\u017e dru\u017ebe upa, da je zdaj polo\u017eaj pod nadzorom. Kljub temu pa ni mogel zagotoviti, da ne bo \u0161e novih odpovedi letov, je poro\u010dala francoska tiskovna agencija AFP. Do konca oktobra odpovedali okoli 2100 letov V\u00a0&#8230;<\/p>\n","protected":false},"author":1,"featured_media":0,"comment_status":"closed","ping_status":"closed","sticky":false,"template":"","format":"standard","meta":{"footnotes":""},"categories":[1179],"tags":[],"source":[1703],"supertag":[],"acf":[],"yoast_head":"<!-- This site is optimized with the Yoast SEO plugin v21.3 - https:\/\/yoast.com\/wordpress\/plugins\/seo\/ -->\n<title>Ryanair \u017eeli \u0161e letos zaposliti dodatnih 125 pilotov - Hudo Slovenija<\/title>\n<meta name=\"robots\" content=\"index, follow, max-snippet:-1, max-image-preview:large, max-video-preview:-1\" \/>\n<link rel=\"canonical\" href=\"https:\/\/hudo.com\/si\/aktualno\/ryanair-zeli-se-letos-zaposliti-dodatnih-125-pilotov\/\" \/>\n<meta property=\"og:locale\" content=\"sl_SI\" \/>\n<meta property=\"og:type\" content=\"article\" \/>\n<meta property=\"og:title\" content=\"Ryanair \u017eeli \u0161e letos zaposliti dodatnih 125 pilotov - Hudo Slovenija\" \/>\n<meta property=\"og:description\" content=\"Kategorija: Podjetja Thu, 21 Sep 2017 14:52:00 +0200 Dublin \u2212 Da bi se irski nizkocenovni letalski prevoznik Ryanair izognil dodatnim odpovedim letov, bodo lahko njegovi piloti del neizkori\u0161\u010denega dopusta prelo\u017eili na prihodnje leto. To je danes napovedal prvi mo\u017e dru\u017ebe Michael O&#039;Leary in hkrati dejal, da bodo v dveh tednih zaposlili dodatnih 125 pilotov. V zameno za odpoved dopustu finan\u010dno nadomestilo O&#039;Leary je na dana\u0161nji skup\u0161\u010dini delni\u010darjev v Dublinu pojasnil, da lahko letalska dru\u017eba od pilotov tudi zahteva, da se odpovedo tednu dni dopusta. Tako menda imajo zapisano v pogodbah. V zameno bodo prejeli finan\u010dno nadomestilo, \u010demur pa je po poro\u010danju medijev velik del pilotov nasprotoval. Prvi mo\u017e dru\u017ebe upa, da je zdaj polo\u017eaj pod nadzorom. Kljub temu pa ni mogel zagotoviti, da ne bo \u0161e novih odpovedi letov, je poro\u010dala francoska tiskovna agencija AFP. Do konca oktobra odpovedali okoli 2100 letov V\u00a0...\" \/>\n<meta property=\"og:url\" content=\"https:\/\/hudo.com\/si\/aktualno\/ryanair-zeli-se-letos-zaposliti-dodatnih-125-pilotov\/\" \/>\n<meta property=\"og:site_name\" content=\"Hudo Slovenija\" \/>\n<meta property=\"article:publisher\" content=\"https:\/\/www.facebook.com\/hudo.si\" \/>\n<meta property=\"article:published_time\" content=\"2017-09-21T10:52:00+00:00\" \/>\n<meta property=\"og:image\" content=\"https:\/\/hudo.com\/si\/wp-content\/uploads\/sites\/2\/2017\/09\/480x290_Reuters_Pictures-20170918141819-79646600-1.jpeg\" \/>\n\t<meta property=\"og:image:width\" content=\"480\" \/>\n\t<meta property=\"og:image:height\" content=\"290\" \/>\n\t<meta property=\"og:image:type\" content=\"image\/jpeg\" \/>\n<meta name=\"author\" content=\"hudo\" \/>\n<meta name=\"twitter:card\" content=\"summary_large_image\" \/>\n<meta name=\"twitter:creator\" content=\"@hudo_si\" \/>\n<meta name=\"twitter:site\" content=\"@hudo_si\" \/>\n<meta name=\"twitter:label1\" content=\"Written by\" \/>\n\t<meta name=\"twitter:data1\" content=\"hudo\" \/>\n\t<meta name=\"twitter:label2\" content=\"Est. reading time\" \/>\n\t<meta name=\"twitter:data2\" content=\"1 minuta\" \/>\n<script type=\"application\/ld+json\" class=\"yoast-schema-graph\">{\"@context\":\"https:\/\/schema.org\",\"@graph\":[{\"@type\":\"Article\",\"@id\":\"https:\/\/hudo.com\/si\/aktualno\/ryanair-zeli-se-letos-zaposliti-dodatnih-125-pilotov\/#article\",\"isPartOf\":{\"@id\":\"https:\/\/hudo.com\/si\/aktualno\/ryanair-zeli-se-letos-zaposliti-dodatnih-125-pilotov\/\"},\"author\":{\"name\":\"hudo\",\"@id\":\"https:\/\/hudo.com\/si\/#\/schema\/person\/601cf3379633985b20f7e50f2bb47707\"},\"headline\":\"Ryanair \u017eeli \u0161e letos zaposliti dodatnih 125 pilotov\",\"datePublished\":\"2017-09-21T10:52:00+00:00\",\"dateModified\":\"2017-09-21T10:52:00+00:00\",\"mainEntityOfPage\":{\"@id\":\"https:\/\/hudo.com\/si\/aktualno\/ryanair-zeli-se-letos-zaposliti-dodatnih-125-pilotov\/\"},\"wordCount\":156,\"publisher\":{\"@id\":\"https:\/\/hudo.com\/si\/#organization\"},\"articleSection\":[\"Aktualno\"],\"inLanguage\":\"sl-SI\"},{\"@type\":\"WebPage\",\"@id\":\"https:\/\/hudo.com\/si\/aktualno\/ryanair-zeli-se-letos-zaposliti-dodatnih-125-pilotov\/\",\"url\":\"https:\/\/hudo.com\/si\/aktualno\/ryanair-zeli-se-letos-zaposliti-dodatnih-125-pilotov\/\",\"name\":\"Ryanair \u017eeli \u0161e letos zaposliti dodatnih 125 pilotov - Hudo Slovenija\",\"isPartOf\":{\"@id\":\"https:\/\/hudo.com\/si\/#website\"},\"datePublished\":\"2017-09-21T10:52:00+00:00\",\"dateModified\":\"2017-09-21T10:52:00+00:00\",\"breadcrumb\":{\"@id\":\"https:\/\/hudo.com\/si\/aktualno\/ryanair-zeli-se-letos-zaposliti-dodatnih-125-pilotov\/#breadcrumb\"},\"inLanguage\":\"sl-SI\",\"potentialAction\":[{\"@type\":\"ReadAction\",\"target\":[\"https:\/\/hudo.com\/si\/aktualno\/ryanair-zeli-se-letos-zaposliti-dodatnih-125-pilotov\/\"]}]},{\"@type\":\"BreadcrumbList\",\"@id\":\"https:\/\/hudo.com\/si\/aktualno\/ryanair-zeli-se-letos-zaposliti-dodatnih-125-pilotov\/#breadcrumb\",\"itemListElement\":[{\"@type\":\"ListItem\",\"position\":1,\"name\":\"Home\",\"item\":\"https:\/\/hudo.com\/si\/\"},{\"@type\":\"ListItem\",\"position\":2,\"name\":\"Ryanair \u017eeli \u0161e letos zaposliti dodatnih 125 pilotov\"}]},{\"@type\":\"WebSite\",\"@id\":\"https:\/\/hudo.com\/si\/#website\",\"url\":\"https:\/\/hudo.com\/si\/\",\"name\":\"Hudo Slovenija\",\"description\":\"Vse novice iz Slovenije in sveta\",\"publisher\":{\"@id\":\"https:\/\/hudo.com\/si\/#organization\"},\"potentialAction\":[{\"@type\":\"SearchAction\",\"target\":{\"@type\":\"EntryPoint\",\"urlTemplate\":\"https:\/\/hudo.com\/si\/?s={search_term_string}\"},\"query-input\":\"required name=search_term_string\"}],\"inLanguage\":\"sl-SI\"},{\"@type\":\"Organization\",\"@id\":\"https:\/\/hudo.com\/si\/#organization\",\"name\":\"VSN Media\",\"url\":\"https:\/\/hudo.com\/si\/\",\"logo\":{\"@type\":\"ImageObject\",\"inLanguage\":\"sl-SI\",\"@id\":\"https:\/\/hudo.com\/si\/#\/schema\/logo\/image\/\",\"url\":\"https:\/\/hudo.com\/si\/wp-content\/uploads\/sites\/2\/2021\/03\/hudo-app-2.png\",\"contentUrl\":\"https:\/\/hudo.com\/si\/wp-content\/uploads\/sites\/2\/2021\/03\/hudo-app-2.png\",\"width\":2185,\"height\":2167,\"caption\":\"VSN Media\"},\"image\":{\"@id\":\"https:\/\/hudo.com\/si\/#\/schema\/logo\/image\/\"},\"sameAs\":[\"https:\/\/www.facebook.com\/hudo.si\",\"https:\/\/twitter.com\/hudo_si\"]},{\"@type\":\"Person\",\"@id\":\"https:\/\/hudo.com\/si\/#\/schema\/person\/601cf3379633985b20f7e50f2bb47707\",\"name\":\"hudo\",\"image\":{\"@type\":\"ImageObject\",\"inLanguage\":\"sl-SI\",\"@id\":\"https:\/\/hudo.com\/si\/#\/schema\/person\/image\/\",\"url\":\"https:\/\/secure.gravatar.com\/avatar\/c4ca25fa72cace7a696b52ff5db9e095?s=96&d=mm&r=g\",\"contentUrl\":\"https:\/\/secure.gravatar.com\/avatar\/c4ca25fa72cace7a696b52ff5db9e095?s=96&d=mm&r=g\",\"caption\":\"hudo\"},\"url\":\"https:\/\/hudo.com\/si\/author\/hudo\/\"}]}<\/script>\n<!-- \/ Yoast SEO plugin. -->","yoast_head_json":{"title":"Ryanair \u017eeli \u0161e letos zaposliti dodatnih 125 pilotov - Hudo Slovenija","robots":{"index":"index","follow":"follow","max-snippet":"max-snippet:-1","max-image-preview":"max-image-preview:large","max-video-preview":"max-video-preview:-1"},"canonical":"https:\/\/hudo.com\/si\/aktualno\/ryanair-zeli-se-letos-zaposliti-dodatnih-125-pilotov\/","og_locale":"sl_SI","og_type":"article","og_title":"Ryanair \u017eeli \u0161e letos zaposliti dodatnih 125 pilotov - Hudo Slovenija","og_description":"Kategorija: Podjetja Thu, 21 Sep 2017 14:52:00 +0200 Dublin \u2212 Da bi se irski nizkocenovni letalski prevoznik Ryanair izognil dodatnim odpovedim letov, bodo lahko njegovi piloti del neizkori\u0161\u010denega dopusta prelo\u017eili na prihodnje leto. To je danes napovedal prvi mo\u017e dru\u017ebe Michael O'Leary in hkrati dejal, da bodo v dveh tednih zaposlili dodatnih 125 pilotov. V zameno za odpoved dopustu finan\u010dno nadomestilo O'Leary je na dana\u0161nji skup\u0161\u010dini delni\u010darjev v Dublinu pojasnil, da lahko letalska dru\u017eba od pilotov tudi zahteva, da se odpovedo tednu dni dopusta. Tako menda imajo zapisano v pogodbah. V zameno bodo prejeli finan\u010dno nadomestilo, \u010demur pa je po poro\u010danju medijev velik del pilotov nasprotoval. Prvi mo\u017e dru\u017ebe upa, da je zdaj polo\u017eaj pod nadzorom. Kljub temu pa ni mogel zagotoviti, da ne bo \u0161e novih odpovedi letov, je poro\u010dala francoska tiskovna agencija AFP. Do konca oktobra odpovedali okoli 2100 letov V\u00a0...","og_url":"https:\/\/hudo.com\/si\/aktualno\/ryanair-zeli-se-letos-zaposliti-dodatnih-125-pilotov\/","og_site_name":"Hudo Slovenija","article_publisher":"https:\/\/www.facebook.com\/hudo.si","article_published_time":"2017-09-21T10:52:00+00:00","og_image":[{"width":480,"height":290,"url":"https:\/\/hudo.com\/si\/wp-content\/uploads\/sites\/2\/2017\/09\/480x290_Reuters_Pictures-20170918141819-79646600-1.jpeg","type":"image\/jpeg"}],"author":"hudo","twitter_card":"summary_large_image","twitter_creator":"@hudo_si","twitter_site":"@hudo_si","twitter_misc":{"Written by":"hudo","Est. reading time":"1 minuta"},"schema":{"@context":"https:\/\/schema.org","@graph":[{"@type":"Article","@id":"https:\/\/hudo.com\/si\/aktualno\/ryanair-zeli-se-letos-zaposliti-dodatnih-125-pilotov\/#article","isPartOf":{"@id":"https:\/\/hudo.com\/si\/aktualno\/ryanair-zeli-se-letos-zaposliti-dodatnih-125-pilotov\/"},"author":{"name":"hudo","@id":"https:\/\/hudo.com\/si\/#\/schema\/person\/601cf3379633985b20f7e50f2bb47707"},"headline":"Ryanair \u017eeli \u0161e letos zaposliti dodatnih 125 pilotov","datePublished":"2017-09-21T10:52:00+00:00","dateModified":"2017-09-21T10:52:00+00:00","mainEntityOfPage":{"@id":"https:\/\/hudo.com\/si\/aktualno\/ryanair-zeli-se-letos-zaposliti-dodatnih-125-pilotov\/"},"wordCount":156,"publisher":{"@id":"https:\/\/hudo.com\/si\/#organization"},"articleSection":["Aktualno"],"inLanguage":"sl-SI"},{"@type":"WebPage","@id":"https:\/\/hudo.com\/si\/aktualno\/ryanair-zeli-se-letos-zaposliti-dodatnih-125-pilotov\/","url":"https:\/\/hudo.com\/si\/aktualno\/ryanair-zeli-se-letos-zaposliti-dodatnih-125-pilotov\/","name":"Ryanair \u017eeli \u0161e letos zaposliti dodatnih 125 pilotov - Hudo Slovenija","isPartOf":{"@id":"https:\/\/hudo.com\/si\/#website"},"datePublished":"2017-09-21T10:52:00+00:00","dateModified":"2017-09-21T10:52:00+00:00","breadcrumb":{"@id":"https:\/\/hudo.com\/si\/aktualno\/ryanair-zeli-se-letos-zaposliti-dodatnih-125-pilotov\/#breadcrumb"},"inLanguage":"sl-SI","potentialAction":[{"@type":"ReadAction","target":["https:\/\/hudo.com\/si\/aktualno\/ryanair-zeli-se-letos-zaposliti-dodatnih-125-pilotov\/"]}]},{"@type":"BreadcrumbList","@id":"https:\/\/hudo.com\/si\/aktualno\/ryanair-zeli-se-letos-zaposliti-dodatnih-125-pilotov\/#breadcrumb","itemListElement":[{"@type":"ListItem","position":1,"name":"Home","item":"https:\/\/hudo.com\/si\/"},{"@type":"ListItem","position":2,"name":"Ryanair \u017eeli \u0161e letos zaposliti dodatnih 125 pilotov"}]},{"@type":"WebSite","@id":"https:\/\/hudo.com\/si\/#website","url":"https:\/\/hudo.com\/si\/","name":"Hudo Slovenija","description":"Vse novice iz Slovenije in sveta","publisher":{"@id":"https:\/\/hudo.com\/si\/#organization"},"potentialAction":[{"@type":"SearchAction","target":{"@type":"EntryPoint","urlTemplate":"https:\/\/hudo.com\/si\/?s={search_term_string}"},"query-input":"required name=search_term_string"}],"inLanguage":"sl-SI"},{"@type":"Organization","@id":"https:\/\/hudo.com\/si\/#organization","name":"VSN Media","url":"https:\/\/hudo.com\/si\/","logo":{"@type":"ImageObject","inLanguage":"sl-SI","@id":"https:\/\/hudo.com\/si\/#\/schema\/logo\/image\/","url":"https:\/\/hudo.com\/si\/wp-content\/uploads\/sites\/2\/2021\/03\/hudo-app-2.png","contentUrl":"https:\/\/hudo.com\/si\/wp-content\/uploads\/sites\/2\/2021\/03\/hudo-app-2.png","width":2185,"height":2167,"caption":"VSN Media"},"image":{"@id":"https:\/\/hudo.com\/si\/#\/schema\/logo\/image\/"},"sameAs":["https:\/\/www.facebook.com\/hudo.si","https:\/\/twitter.com\/hudo_si"]},{"@type":"Person","@id":"https:\/\/hudo.com\/si\/#\/schema\/person\/601cf3379633985b20f7e50f2bb47707","name":"hudo","image":{"@type":"ImageObject","inLanguage":"sl-SI","@id":"https:\/\/hudo.com\/si\/#\/schema\/person\/image\/","url":"https:\/\/secure.gravatar.com\/avatar\/c4ca25fa72cace7a696b52ff5db9e095?s=96&d=mm&r=g","contentUrl":"https:\/\/secure.gravatar.com\/avatar\/c4ca25fa72cace7a696b52ff5db9e095?s=96&d=mm&r=g","caption":"hudo"},"url":"https:\/\/hudo.com\/si\/author\/hudo\/"}]}},"amp_enabled":true,"_links":{"self":[{"href":"https:\/\/hudo.com\/si\/wp-json\/wp\/v2\/posts\/301483"}],"collection":[{"href":"https:\/\/hudo.com\/si\/wp-json\/wp\/v2\/posts"}],"about":[{"href":"https:\/\/hudo.com\/si\/wp-json\/wp\/v2\/types\/post"}],"author":[{"embeddable":true,"href":"https:\/\/hudo.com\/si\/wp-json\/wp\/v2\/users\/1"}],"replies":[{"embeddable":true,"href":"https:\/\/hudo.com\/si\/wp-json\/wp\/v2\/comments?post=301483"}],"version-history":[{"count":0,"href":"https:\/\/hudo.com\/si\/wp-json\/wp\/v2\/posts\/301483\/revisions"}],"wp:attachment":[{"href":"https:\/\/hudo.com\/si\/wp-json\/wp\/v2\/media?parent=301483"}],"wp:term":[{"taxonomy":"category","embeddable":true,"href":"https:\/\/hudo.com\/si\/wp-json\/wp\/v2\/categories?post=301483"},{"taxonomy":"post_tag","embeddable":true,"href":"https:\/\/hudo.com\/si\/wp-json\/wp\/v2\/tags?post=301483"},{"taxonomy":"source","embeddable":true,"href":"https:\/\/hudo.com\/si\/wp-json\/wp\/v2\/source?post=301483"},{"taxonomy":"supertag","embeddable":true,"href":"https:\/\/hudo.com\/si\/wp-json\/wp\/v2\/supertag?post=301483"}],"curies":[{"name":"wp","href":"https:\/\/api.w.org\/{rel}","templated":true}]}}