{"id":302016,"date":"2017-09-22T19:20:00","date_gmt":"2017-09-22T17:20:00","guid":{"rendered":"http:\/\/hudo.com\/si\/2017\/09\/22\/erjavec-odlocna-politika-do-hrvaske\/"},"modified":"2017-09-22T19:20:00","modified_gmt":"2017-09-22T17:20:00","slug":"erjavec-odlocna-politika-do-hrvaske","status":"publish","type":"post","link":"https:\/\/hudo.com\/si\/aktualno\/erjavec-odlocna-politika-do-hrvaske\/","title":{"rendered":"Erjavec: Odlo\u010dna politika do Hrva\u0161ke"},"content":{"rendered":"<p>Kategorija: Politika Fri, 22 Sep 2017 21:20:00 +0200  New York \u2013 Slovenski minister za zunanje zadeve Karl Erjavec je v New Yorku, kjer se je udele\u017eil 72. zasedanja generalne skup\u0161\u010dine Zdru\u017eenih narodov, poudaril, da mora na\u0161a dr\u017eava nadaljevati odlo\u010dno politiko do Hrva\u0161ke. Izrazil je zadovoljstvo, ker je slovenski predsednik vlade odpovedal obisk v Zagrebu. \u010cetrtkov nastop predsednika hrva\u0161ke vlade Andreja Plenkovi\u0107a, ki je za govornico Zdru\u017eenih narodov okrivil Slovenijo za propad arbitra\u017enega sporazuma med dr\u017eavama, ka\u017ee, da v ju\u017eni sosedi ni iskrene \u017eelje po re\u0161evanju vpra\u0161anja o meji skladno z odlo\u010ditvijo arbitra\u017enega sodi\u0161\u010da. Predsednik vlade Miro Cerar je zato ravnal povsem razumljivo, ko je odpovedal obisk v Zagrebu prihodnji teden, saj bi ta bil velika napaka, je prepri\u010dan Erjavec. \u00bbMoje stali\u0161\u010de se je potrdilo. Nasprotoval sem temu, da Plenkovi\u0107 pride v Ljubljano, predvsem zato, ker je imel znana\u00a0&#8230;<\/p>\n","protected":false},"excerpt":{"rendered":"<p>Kategorija: Politika Fri, 22 Sep 2017 21:20:00 +0200  New York \u2013 Slovenski minister za zunanje zadeve Karl Erjavec je v New Yorku, kjer se je udele\u017eil 72. zasedanja generalne skup\u0161\u010dine Zdru\u017eenih narodov, poudaril, da mora na\u0161a dr\u017eava nadaljevati odlo\u010dno politiko do Hrva\u0161ke. Izrazil je zadovoljstvo, ker je slovenski predsednik vlade odpovedal obisk v Zagrebu. \u010cetrtkov nastop predsednika hrva\u0161ke vlade Andreja Plenkovi\u0107a, ki je za govornico Zdru\u017eenih narodov okrivil Slovenijo za propad arbitra\u017enega sporazuma med dr\u017eavama, ka\u017ee, da v ju\u017eni sosedi ni iskrene \u017eelje po re\u0161evanju vpra\u0161anja o meji skladno z odlo\u010ditvijo arbitra\u017enega sodi\u0161\u010da. Predsednik vlade Miro Cerar je zato ravnal povsem razumljivo, ko je odpovedal obisk v Zagrebu prihodnji teden, saj bi ta bil velika napaka, je prepri\u010dan Erjavec. \u00bbMoje stali\u0161\u010de se je potrdilo. Nasprotoval sem temu, da Plenkovi\u0107 pride v Ljubljano, predvsem zato, ker je imel znana\u00a0&#8230;<\/p>\n","protected":false},"author":1,"featured_media":0,"comment_status":"closed","ping_status":"closed","sticky":false,"template":"","format":"standard","meta":{"footnotes":""},"categories":[1179],"tags":[],"source":[1703],"supertag":[],"acf":[],"yoast_head":"<!-- This site is optimized with the Yoast SEO plugin v21.3 - https:\/\/yoast.com\/wordpress\/plugins\/seo\/ -->\n<title>Erjavec: Odlo\u010dna politika do Hrva\u0161ke - Hudo Slovenija<\/title>\n<meta name=\"robots\" content=\"index, follow, max-snippet:-1, max-image-preview:large, max-video-preview:-1\" \/>\n<link rel=\"canonical\" href=\"https:\/\/hudo.com\/si\/aktualno\/erjavec-odlocna-politika-do-hrvaske\/\" \/>\n<meta property=\"og:locale\" content=\"sl_SI\" \/>\n<meta property=\"og:type\" content=\"article\" \/>\n<meta property=\"og:title\" content=\"Erjavec: Odlo\u010dna politika do Hrva\u0161ke - Hudo Slovenija\" \/>\n<meta property=\"og:description\" content=\"Kategorija: Politika Fri, 22 Sep 2017 21:20:00 +0200 New York \u2013 Slovenski minister za zunanje zadeve Karl Erjavec je v New Yorku, kjer se je udele\u017eil 72. zasedanja generalne skup\u0161\u010dine Zdru\u017eenih narodov, poudaril, da mora na\u0161a dr\u017eava nadaljevati odlo\u010dno politiko do Hrva\u0161ke. Izrazil je zadovoljstvo, ker je slovenski predsednik vlade odpovedal obisk v Zagrebu. \u010cetrtkov nastop predsednika hrva\u0161ke vlade Andreja Plenkovi\u0107a, ki je za govornico Zdru\u017eenih narodov okrivil Slovenijo za propad arbitra\u017enega sporazuma med dr\u017eavama, ka\u017ee, da v ju\u017eni sosedi ni iskrene \u017eelje po re\u0161evanju vpra\u0161anja o meji skladno z odlo\u010ditvijo arbitra\u017enega sodi\u0161\u010da. Predsednik vlade Miro Cerar je zato ravnal povsem razumljivo, ko je odpovedal obisk v Zagrebu prihodnji teden, saj bi ta bil velika napaka, je prepri\u010dan Erjavec. \u00bbMoje stali\u0161\u010de se je potrdilo. Nasprotoval sem temu, da Plenkovi\u0107 pride v Ljubljano, predvsem zato, ker je imel znana\u00a0...\" \/>\n<meta property=\"og:url\" content=\"https:\/\/hudo.com\/si\/aktualno\/erjavec-odlocna-politika-do-hrvaske\/\" \/>\n<meta property=\"og:site_name\" content=\"Hudo Slovenija\" \/>\n<meta property=\"article:publisher\" content=\"https:\/\/www.facebook.com\/hudo.si\" \/>\n<meta property=\"article:published_time\" content=\"2017-09-22T17:20:00+00:00\" \/>\n<meta property=\"og:image\" content=\"https:\/\/hudo.com\/si\/wp-content\/uploads\/sites\/2\/2017\/09\/480x290_djvu_2561146_matkok_uho-Erjavec.jpeg\" \/>\n\t<meta property=\"og:image:width\" content=\"480\" \/>\n\t<meta property=\"og:image:height\" content=\"290\" \/>\n\t<meta property=\"og:image:type\" content=\"image\/jpeg\" \/>\n<meta name=\"author\" content=\"hudo\" \/>\n<meta name=\"twitter:card\" content=\"summary_large_image\" \/>\n<meta name=\"twitter:creator\" content=\"@hudo_si\" \/>\n<meta name=\"twitter:site\" content=\"@hudo_si\" \/>\n<meta name=\"twitter:label1\" content=\"Written by\" \/>\n\t<meta name=\"twitter:data1\" content=\"hudo\" \/>\n\t<meta name=\"twitter:label2\" content=\"Est. reading time\" \/>\n\t<meta name=\"twitter:data2\" content=\"1 minuta\" \/>\n<script type=\"application\/ld+json\" class=\"yoast-schema-graph\">{\"@context\":\"https:\/\/schema.org\",\"@graph\":[{\"@type\":\"Article\",\"@id\":\"https:\/\/hudo.com\/si\/aktualno\/erjavec-odlocna-politika-do-hrvaske\/#article\",\"isPartOf\":{\"@id\":\"https:\/\/hudo.com\/si\/aktualno\/erjavec-odlocna-politika-do-hrvaske\/\"},\"author\":{\"name\":\"hudo\",\"@id\":\"https:\/\/hudo.com\/si\/#\/schema\/person\/601cf3379633985b20f7e50f2bb47707\"},\"headline\":\"Erjavec: Odlo\u010dna politika do Hrva\u0161ke\",\"datePublished\":\"2017-09-22T17:20:00+00:00\",\"dateModified\":\"2017-09-22T17:20:00+00:00\",\"mainEntityOfPage\":{\"@id\":\"https:\/\/hudo.com\/si\/aktualno\/erjavec-odlocna-politika-do-hrvaske\/\"},\"wordCount\":160,\"publisher\":{\"@id\":\"https:\/\/hudo.com\/si\/#organization\"},\"articleSection\":[\"Aktualno\"],\"inLanguage\":\"sl-SI\"},{\"@type\":\"WebPage\",\"@id\":\"https:\/\/hudo.com\/si\/aktualno\/erjavec-odlocna-politika-do-hrvaske\/\",\"url\":\"https:\/\/hudo.com\/si\/aktualno\/erjavec-odlocna-politika-do-hrvaske\/\",\"name\":\"Erjavec: Odlo\u010dna politika do Hrva\u0161ke - Hudo Slovenija\",\"isPartOf\":{\"@id\":\"https:\/\/hudo.com\/si\/#website\"},\"datePublished\":\"2017-09-22T17:20:00+00:00\",\"dateModified\":\"2017-09-22T17:20:00+00:00\",\"breadcrumb\":{\"@id\":\"https:\/\/hudo.com\/si\/aktualno\/erjavec-odlocna-politika-do-hrvaske\/#breadcrumb\"},\"inLanguage\":\"sl-SI\",\"potentialAction\":[{\"@type\":\"ReadAction\",\"target\":[\"https:\/\/hudo.com\/si\/aktualno\/erjavec-odlocna-politika-do-hrvaske\/\"]}]},{\"@type\":\"BreadcrumbList\",\"@id\":\"https:\/\/hudo.com\/si\/aktualno\/erjavec-odlocna-politika-do-hrvaske\/#breadcrumb\",\"itemListElement\":[{\"@type\":\"ListItem\",\"position\":1,\"name\":\"Home\",\"item\":\"https:\/\/hudo.com\/si\/\"},{\"@type\":\"ListItem\",\"position\":2,\"name\":\"Erjavec: Odlo\u010dna politika do Hrva\u0161ke\"}]},{\"@type\":\"WebSite\",\"@id\":\"https:\/\/hudo.com\/si\/#website\",\"url\":\"https:\/\/hudo.com\/si\/\",\"name\":\"Hudo Slovenija\",\"description\":\"Vse novice iz Slovenije in sveta\",\"publisher\":{\"@id\":\"https:\/\/hudo.com\/si\/#organization\"},\"potentialAction\":[{\"@type\":\"SearchAction\",\"target\":{\"@type\":\"EntryPoint\",\"urlTemplate\":\"https:\/\/hudo.com\/si\/?s={search_term_string}\"},\"query-input\":\"required name=search_term_string\"}],\"inLanguage\":\"sl-SI\"},{\"@type\":\"Organization\",\"@id\":\"https:\/\/hudo.com\/si\/#organization\",\"name\":\"VSN Media\",\"url\":\"https:\/\/hudo.com\/si\/\",\"logo\":{\"@type\":\"ImageObject\",\"inLanguage\":\"sl-SI\",\"@id\":\"https:\/\/hudo.com\/si\/#\/schema\/logo\/image\/\",\"url\":\"https:\/\/hudo.com\/si\/wp-content\/uploads\/sites\/2\/2021\/03\/hudo-app-2.png\",\"contentUrl\":\"https:\/\/hudo.com\/si\/wp-content\/uploads\/sites\/2\/2021\/03\/hudo-app-2.png\",\"width\":2185,\"height\":2167,\"caption\":\"VSN Media\"},\"image\":{\"@id\":\"https:\/\/hudo.com\/si\/#\/schema\/logo\/image\/\"},\"sameAs\":[\"https:\/\/www.facebook.com\/hudo.si\",\"https:\/\/twitter.com\/hudo_si\"]},{\"@type\":\"Person\",\"@id\":\"https:\/\/hudo.com\/si\/#\/schema\/person\/601cf3379633985b20f7e50f2bb47707\",\"name\":\"hudo\",\"image\":{\"@type\":\"ImageObject\",\"inLanguage\":\"sl-SI\",\"@id\":\"https:\/\/hudo.com\/si\/#\/schema\/person\/image\/\",\"url\":\"https:\/\/secure.gravatar.com\/avatar\/c4ca25fa72cace7a696b52ff5db9e095?s=96&d=mm&r=g\",\"contentUrl\":\"https:\/\/secure.gravatar.com\/avatar\/c4ca25fa72cace7a696b52ff5db9e095?s=96&d=mm&r=g\",\"caption\":\"hudo\"},\"url\":\"https:\/\/hudo.com\/si\/author\/hudo\/\"}]}<\/script>\n<!-- \/ Yoast SEO plugin. -->","yoast_head_json":{"title":"Erjavec: Odlo\u010dna politika do Hrva\u0161ke - Hudo Slovenija","robots":{"index":"index","follow":"follow","max-snippet":"max-snippet:-1","max-image-preview":"max-image-preview:large","max-video-preview":"max-video-preview:-1"},"canonical":"https:\/\/hudo.com\/si\/aktualno\/erjavec-odlocna-politika-do-hrvaske\/","og_locale":"sl_SI","og_type":"article","og_title":"Erjavec: Odlo\u010dna politika do Hrva\u0161ke - Hudo Slovenija","og_description":"Kategorija: Politika Fri, 22 Sep 2017 21:20:00 +0200 New York \u2013 Slovenski minister za zunanje zadeve Karl Erjavec je v New Yorku, kjer se je udele\u017eil 72. zasedanja generalne skup\u0161\u010dine Zdru\u017eenih narodov, poudaril, da mora na\u0161a dr\u017eava nadaljevati odlo\u010dno politiko do Hrva\u0161ke. Izrazil je zadovoljstvo, ker je slovenski predsednik vlade odpovedal obisk v Zagrebu. \u010cetrtkov nastop predsednika hrva\u0161ke vlade Andreja Plenkovi\u0107a, ki je za govornico Zdru\u017eenih narodov okrivil Slovenijo za propad arbitra\u017enega sporazuma med dr\u017eavama, ka\u017ee, da v ju\u017eni sosedi ni iskrene \u017eelje po re\u0161evanju vpra\u0161anja o meji skladno z odlo\u010ditvijo arbitra\u017enega sodi\u0161\u010da. Predsednik vlade Miro Cerar je zato ravnal povsem razumljivo, ko je odpovedal obisk v Zagrebu prihodnji teden, saj bi ta bil velika napaka, je prepri\u010dan Erjavec. \u00bbMoje stali\u0161\u010de se je potrdilo. Nasprotoval sem temu, da Plenkovi\u0107 pride v Ljubljano, predvsem zato, ker je imel znana\u00a0...","og_url":"https:\/\/hudo.com\/si\/aktualno\/erjavec-odlocna-politika-do-hrvaske\/","og_site_name":"Hudo Slovenija","article_publisher":"https:\/\/www.facebook.com\/hudo.si","article_published_time":"2017-09-22T17:20:00+00:00","og_image":[{"width":480,"height":290,"url":"https:\/\/hudo.com\/si\/wp-content\/uploads\/sites\/2\/2017\/09\/480x290_djvu_2561146_matkok_uho-Erjavec.jpeg","type":"image\/jpeg"}],"author":"hudo","twitter_card":"summary_large_image","twitter_creator":"@hudo_si","twitter_site":"@hudo_si","twitter_misc":{"Written by":"hudo","Est. reading time":"1 minuta"},"schema":{"@context":"https:\/\/schema.org","@graph":[{"@type":"Article","@id":"https:\/\/hudo.com\/si\/aktualno\/erjavec-odlocna-politika-do-hrvaske\/#article","isPartOf":{"@id":"https:\/\/hudo.com\/si\/aktualno\/erjavec-odlocna-politika-do-hrvaske\/"},"author":{"name":"hudo","@id":"https:\/\/hudo.com\/si\/#\/schema\/person\/601cf3379633985b20f7e50f2bb47707"},"headline":"Erjavec: Odlo\u010dna politika do Hrva\u0161ke","datePublished":"2017-09-22T17:20:00+00:00","dateModified":"2017-09-22T17:20:00+00:00","mainEntityOfPage":{"@id":"https:\/\/hudo.com\/si\/aktualno\/erjavec-odlocna-politika-do-hrvaske\/"},"wordCount":160,"publisher":{"@id":"https:\/\/hudo.com\/si\/#organization"},"articleSection":["Aktualno"],"inLanguage":"sl-SI"},{"@type":"WebPage","@id":"https:\/\/hudo.com\/si\/aktualno\/erjavec-odlocna-politika-do-hrvaske\/","url":"https:\/\/hudo.com\/si\/aktualno\/erjavec-odlocna-politika-do-hrvaske\/","name":"Erjavec: Odlo\u010dna politika do Hrva\u0161ke - Hudo Slovenija","isPartOf":{"@id":"https:\/\/hudo.com\/si\/#website"},"datePublished":"2017-09-22T17:20:00+00:00","dateModified":"2017-09-22T17:20:00+00:00","breadcrumb":{"@id":"https:\/\/hudo.com\/si\/aktualno\/erjavec-odlocna-politika-do-hrvaske\/#breadcrumb"},"inLanguage":"sl-SI","potentialAction":[{"@type":"ReadAction","target":["https:\/\/hudo.com\/si\/aktualno\/erjavec-odlocna-politika-do-hrvaske\/"]}]},{"@type":"BreadcrumbList","@id":"https:\/\/hudo.com\/si\/aktualno\/erjavec-odlocna-politika-do-hrvaske\/#breadcrumb","itemListElement":[{"@type":"ListItem","position":1,"name":"Home","item":"https:\/\/hudo.com\/si\/"},{"@type":"ListItem","position":2,"name":"Erjavec: Odlo\u010dna politika do Hrva\u0161ke"}]},{"@type":"WebSite","@id":"https:\/\/hudo.com\/si\/#website","url":"https:\/\/hudo.com\/si\/","name":"Hudo Slovenija","description":"Vse novice iz Slovenije in sveta","publisher":{"@id":"https:\/\/hudo.com\/si\/#organization"},"potentialAction":[{"@type":"SearchAction","target":{"@type":"EntryPoint","urlTemplate":"https:\/\/hudo.com\/si\/?s={search_term_string}"},"query-input":"required name=search_term_string"}],"inLanguage":"sl-SI"},{"@type":"Organization","@id":"https:\/\/hudo.com\/si\/#organization","name":"VSN Media","url":"https:\/\/hudo.com\/si\/","logo":{"@type":"ImageObject","inLanguage":"sl-SI","@id":"https:\/\/hudo.com\/si\/#\/schema\/logo\/image\/","url":"https:\/\/hudo.com\/si\/wp-content\/uploads\/sites\/2\/2021\/03\/hudo-app-2.png","contentUrl":"https:\/\/hudo.com\/si\/wp-content\/uploads\/sites\/2\/2021\/03\/hudo-app-2.png","width":2185,"height":2167,"caption":"VSN Media"},"image":{"@id":"https:\/\/hudo.com\/si\/#\/schema\/logo\/image\/"},"sameAs":["https:\/\/www.facebook.com\/hudo.si","https:\/\/twitter.com\/hudo_si"]},{"@type":"Person","@id":"https:\/\/hudo.com\/si\/#\/schema\/person\/601cf3379633985b20f7e50f2bb47707","name":"hudo","image":{"@type":"ImageObject","inLanguage":"sl-SI","@id":"https:\/\/hudo.com\/si\/#\/schema\/person\/image\/","url":"https:\/\/secure.gravatar.com\/avatar\/c4ca25fa72cace7a696b52ff5db9e095?s=96&d=mm&r=g","contentUrl":"https:\/\/secure.gravatar.com\/avatar\/c4ca25fa72cace7a696b52ff5db9e095?s=96&d=mm&r=g","caption":"hudo"},"url":"https:\/\/hudo.com\/si\/author\/hudo\/"}]}},"amp_enabled":true,"_links":{"self":[{"href":"https:\/\/hudo.com\/si\/wp-json\/wp\/v2\/posts\/302016"}],"collection":[{"href":"https:\/\/hudo.com\/si\/wp-json\/wp\/v2\/posts"}],"about":[{"href":"https:\/\/hudo.com\/si\/wp-json\/wp\/v2\/types\/post"}],"author":[{"embeddable":true,"href":"https:\/\/hudo.com\/si\/wp-json\/wp\/v2\/users\/1"}],"replies":[{"embeddable":true,"href":"https:\/\/hudo.com\/si\/wp-json\/wp\/v2\/comments?post=302016"}],"version-history":[{"count":0,"href":"https:\/\/hudo.com\/si\/wp-json\/wp\/v2\/posts\/302016\/revisions"}],"wp:attachment":[{"href":"https:\/\/hudo.com\/si\/wp-json\/wp\/v2\/media?parent=302016"}],"wp:term":[{"taxonomy":"category","embeddable":true,"href":"https:\/\/hudo.com\/si\/wp-json\/wp\/v2\/categories?post=302016"},{"taxonomy":"post_tag","embeddable":true,"href":"https:\/\/hudo.com\/si\/wp-json\/wp\/v2\/tags?post=302016"},{"taxonomy":"source","embeddable":true,"href":"https:\/\/hudo.com\/si\/wp-json\/wp\/v2\/source?post=302016"},{"taxonomy":"supertag","embeddable":true,"href":"https:\/\/hudo.com\/si\/wp-json\/wp\/v2\/supertag?post=302016"}],"curies":[{"name":"wp","href":"https:\/\/api.w.org\/{rel}","templated":true}]}}