{"id":302020,"date":"2017-09-22T18:35:00","date_gmt":"2017-09-22T16:35:00","guid":{"rendered":"http:\/\/hudo.com\/si\/2017\/09\/22\/angela-merkel-proti-cetrtemu-mandatu\/"},"modified":"2017-09-22T18:35:00","modified_gmt":"2017-09-22T16:35:00","slug":"angela-merkel-proti-cetrtemu-mandatu","status":"publish","type":"post","link":"https:\/\/hudo.com\/si\/aktualno\/angela-merkel-proti-cetrtemu-mandatu\/","title":{"rendered":"Angela Merkel proti \u010detrtemu mandatu"},"content":{"rendered":"<p>Kategorija: Evropa Fri, 22 Sep 2017 20:35:00 +0200  Berlin \u2013 Nedeljske volitve v bundestag po pomembnosti presegajo meje osrednje evropske gospodarske in politi\u010dne velesile, nem\u0161ko politi\u010dno dogajanje zanima tudi mnoge Evropejce in druge. Ankete ne ka\u017eejo dvoma o zmagi CDU\/CSU kanclerke Angele Merkel, a visoko uvrstitev napovedujejo tudi nacionalisti\u010dni Alternativi za Nem\u010dijo. V treh dosedanjih mandatih kr\u0161\u010danskodemokratske kanclerke Angele Merkel je Nem\u010dija za polovico zmanj\u0161ala neko\u010d rekordno brezposelnost in se znova uveljavila kot vodilna evropska in svetovna gospodarska sila, od katere je na stari celini odvisnih na milijone delovnih mest. Zato je razmeroma lahko prestala celo svetovno finan\u010dno in evrsko dol\u017eni\u0161ko krizo ter v zadnji diktirala re\u0161itve, ki prav zdaj ka\u017eejo rezultate. Svoje je prinesla tudi izjemno ohlapna denarna politika Evropske centralne banke, a celo Gr\u010dija po klestenju dr\u017eavne porabe in spodbudah gospodarstvu ustvarja solidno gospodarsko rast,\u00a0&#8230;<\/p>\n","protected":false},"excerpt":{"rendered":"<p>Kategorija: Evropa Fri, 22 Sep 2017 20:35:00 +0200  Berlin \u2013 Nedeljske volitve v bundestag po pomembnosti presegajo meje osrednje evropske gospodarske in politi\u010dne velesile, nem\u0161ko politi\u010dno dogajanje zanima tudi mnoge Evropejce in druge. Ankete ne ka\u017eejo dvoma o zmagi CDU\/CSU kanclerke Angele Merkel, a visoko uvrstitev napovedujejo tudi nacionalisti\u010dni Alternativi za Nem\u010dijo. V treh dosedanjih mandatih kr\u0161\u010danskodemokratske kanclerke Angele Merkel je Nem\u010dija za polovico zmanj\u0161ala neko\u010d rekordno brezposelnost in se znova uveljavila kot vodilna evropska in svetovna gospodarska sila, od katere je na stari celini odvisnih na milijone delovnih mest. Zato je razmeroma lahko prestala celo svetovno finan\u010dno in evrsko dol\u017eni\u0161ko krizo ter v zadnji diktirala re\u0161itve, ki prav zdaj ka\u017eejo rezultate. Svoje je prinesla tudi izjemno ohlapna denarna politika Evropske centralne banke, a celo Gr\u010dija po klestenju dr\u017eavne porabe in spodbudah gospodarstvu ustvarja solidno gospodarsko rast,\u00a0&#8230;<\/p>\n","protected":false},"author":1,"featured_media":0,"comment_status":"closed","ping_status":"closed","sticky":false,"template":"","format":"standard","meta":{"footnotes":""},"categories":[1179],"tags":[],"source":[1703],"supertag":[],"acf":[],"yoast_head":"<!-- This site is optimized with the Yoast SEO plugin v21.3 - https:\/\/yoast.com\/wordpress\/plugins\/seo\/ -->\n<title>Angela Merkel proti \u010detrtemu mandatu - Hudo Slovenija<\/title>\n<meta name=\"robots\" content=\"index, follow, max-snippet:-1, max-image-preview:large, max-video-preview:-1\" \/>\n<link rel=\"canonical\" href=\"https:\/\/hudo.com\/si\/aktualno\/angela-merkel-proti-cetrtemu-mandatu\/\" \/>\n<meta property=\"og:locale\" content=\"sl_SI\" \/>\n<meta property=\"og:type\" content=\"article\" \/>\n<meta property=\"og:title\" content=\"Angela Merkel proti \u010detrtemu mandatu - Hudo Slovenija\" \/>\n<meta property=\"og:description\" content=\"Kategorija: Evropa Fri, 22 Sep 2017 20:35:00 +0200 Berlin \u2013 Nedeljske volitve v bundestag po pomembnosti presegajo meje osrednje evropske gospodarske in politi\u010dne velesile, nem\u0161ko politi\u010dno dogajanje zanima tudi mnoge Evropejce in druge. Ankete ne ka\u017eejo dvoma o zmagi CDU\/CSU kanclerke Angele Merkel, a visoko uvrstitev napovedujejo tudi nacionalisti\u010dni Alternativi za Nem\u010dijo. V treh dosedanjih mandatih kr\u0161\u010danskodemokratske kanclerke Angele Merkel je Nem\u010dija za polovico zmanj\u0161ala neko\u010d rekordno brezposelnost in se znova uveljavila kot vodilna evropska in svetovna gospodarska sila, od katere je na stari celini odvisnih na milijone delovnih mest. Zato je razmeroma lahko prestala celo svetovno finan\u010dno in evrsko dol\u017eni\u0161ko krizo ter v zadnji diktirala re\u0161itve, ki prav zdaj ka\u017eejo rezultate. Svoje je prinesla tudi izjemno ohlapna denarna politika Evropske centralne banke, a celo Gr\u010dija po klestenju dr\u017eavne porabe in spodbudah gospodarstvu ustvarja solidno gospodarsko rast,\u00a0...\" \/>\n<meta property=\"og:url\" content=\"https:\/\/hudo.com\/si\/aktualno\/angela-merkel-proti-cetrtemu-mandatu\/\" \/>\n<meta property=\"og:site_name\" content=\"Hudo Slovenija\" \/>\n<meta property=\"article:publisher\" content=\"https:\/\/www.facebook.com\/hudo.si\" \/>\n<meta property=\"article:published_time\" content=\"2017-09-22T16:35:00+00:00\" \/>\n<meta property=\"og:image\" content=\"https:\/\/hudo.com\/si\/wp-content\/uploads\/sites\/2\/2017\/09\/480x290_2_stran__Reuters_Pictures_2.2_hires0.jpeg\" \/>\n\t<meta property=\"og:image:width\" content=\"480\" \/>\n\t<meta property=\"og:image:height\" content=\"290\" \/>\n\t<meta property=\"og:image:type\" content=\"image\/jpeg\" \/>\n<meta name=\"author\" content=\"hudo\" \/>\n<meta name=\"twitter:card\" content=\"summary_large_image\" \/>\n<meta name=\"twitter:creator\" content=\"@hudo_si\" \/>\n<meta name=\"twitter:site\" content=\"@hudo_si\" \/>\n<meta name=\"twitter:label1\" content=\"Written by\" \/>\n\t<meta name=\"twitter:data1\" content=\"hudo\" \/>\n\t<meta name=\"twitter:label2\" content=\"Est. reading time\" \/>\n\t<meta name=\"twitter:data2\" content=\"1 minuta\" \/>\n<script type=\"application\/ld+json\" class=\"yoast-schema-graph\">{\"@context\":\"https:\/\/schema.org\",\"@graph\":[{\"@type\":\"Article\",\"@id\":\"https:\/\/hudo.com\/si\/aktualno\/angela-merkel-proti-cetrtemu-mandatu\/#article\",\"isPartOf\":{\"@id\":\"https:\/\/hudo.com\/si\/aktualno\/angela-merkel-proti-cetrtemu-mandatu\/\"},\"author\":{\"name\":\"hudo\",\"@id\":\"https:\/\/hudo.com\/si\/#\/schema\/person\/601cf3379633985b20f7e50f2bb47707\"},\"headline\":\"Angela Merkel proti \u010detrtemu mandatu\",\"datePublished\":\"2017-09-22T16:35:00+00:00\",\"dateModified\":\"2017-09-22T16:35:00+00:00\",\"mainEntityOfPage\":{\"@id\":\"https:\/\/hudo.com\/si\/aktualno\/angela-merkel-proti-cetrtemu-mandatu\/\"},\"wordCount\":154,\"publisher\":{\"@id\":\"https:\/\/hudo.com\/si\/#organization\"},\"articleSection\":[\"Aktualno\"],\"inLanguage\":\"sl-SI\"},{\"@type\":\"WebPage\",\"@id\":\"https:\/\/hudo.com\/si\/aktualno\/angela-merkel-proti-cetrtemu-mandatu\/\",\"url\":\"https:\/\/hudo.com\/si\/aktualno\/angela-merkel-proti-cetrtemu-mandatu\/\",\"name\":\"Angela Merkel proti \u010detrtemu mandatu - Hudo Slovenija\",\"isPartOf\":{\"@id\":\"https:\/\/hudo.com\/si\/#website\"},\"datePublished\":\"2017-09-22T16:35:00+00:00\",\"dateModified\":\"2017-09-22T16:35:00+00:00\",\"breadcrumb\":{\"@id\":\"https:\/\/hudo.com\/si\/aktualno\/angela-merkel-proti-cetrtemu-mandatu\/#breadcrumb\"},\"inLanguage\":\"sl-SI\",\"potentialAction\":[{\"@type\":\"ReadAction\",\"target\":[\"https:\/\/hudo.com\/si\/aktualno\/angela-merkel-proti-cetrtemu-mandatu\/\"]}]},{\"@type\":\"BreadcrumbList\",\"@id\":\"https:\/\/hudo.com\/si\/aktualno\/angela-merkel-proti-cetrtemu-mandatu\/#breadcrumb\",\"itemListElement\":[{\"@type\":\"ListItem\",\"position\":1,\"name\":\"Home\",\"item\":\"https:\/\/hudo.com\/si\/\"},{\"@type\":\"ListItem\",\"position\":2,\"name\":\"Angela Merkel proti \u010detrtemu mandatu\"}]},{\"@type\":\"WebSite\",\"@id\":\"https:\/\/hudo.com\/si\/#website\",\"url\":\"https:\/\/hudo.com\/si\/\",\"name\":\"Hudo Slovenija\",\"description\":\"Vse novice iz Slovenije in sveta\",\"publisher\":{\"@id\":\"https:\/\/hudo.com\/si\/#organization\"},\"potentialAction\":[{\"@type\":\"SearchAction\",\"target\":{\"@type\":\"EntryPoint\",\"urlTemplate\":\"https:\/\/hudo.com\/si\/?s={search_term_string}\"},\"query-input\":\"required name=search_term_string\"}],\"inLanguage\":\"sl-SI\"},{\"@type\":\"Organization\",\"@id\":\"https:\/\/hudo.com\/si\/#organization\",\"name\":\"VSN Media\",\"url\":\"https:\/\/hudo.com\/si\/\",\"logo\":{\"@type\":\"ImageObject\",\"inLanguage\":\"sl-SI\",\"@id\":\"https:\/\/hudo.com\/si\/#\/schema\/logo\/image\/\",\"url\":\"https:\/\/hudo.com\/si\/wp-content\/uploads\/sites\/2\/2021\/03\/hudo-app-2.png\",\"contentUrl\":\"https:\/\/hudo.com\/si\/wp-content\/uploads\/sites\/2\/2021\/03\/hudo-app-2.png\",\"width\":2185,\"height\":2167,\"caption\":\"VSN Media\"},\"image\":{\"@id\":\"https:\/\/hudo.com\/si\/#\/schema\/logo\/image\/\"},\"sameAs\":[\"https:\/\/www.facebook.com\/hudo.si\",\"https:\/\/twitter.com\/hudo_si\"]},{\"@type\":\"Person\",\"@id\":\"https:\/\/hudo.com\/si\/#\/schema\/person\/601cf3379633985b20f7e50f2bb47707\",\"name\":\"hudo\",\"image\":{\"@type\":\"ImageObject\",\"inLanguage\":\"sl-SI\",\"@id\":\"https:\/\/hudo.com\/si\/#\/schema\/person\/image\/\",\"url\":\"https:\/\/secure.gravatar.com\/avatar\/c4ca25fa72cace7a696b52ff5db9e095?s=96&d=mm&r=g\",\"contentUrl\":\"https:\/\/secure.gravatar.com\/avatar\/c4ca25fa72cace7a696b52ff5db9e095?s=96&d=mm&r=g\",\"caption\":\"hudo\"},\"url\":\"https:\/\/hudo.com\/si\/author\/hudo\/\"}]}<\/script>\n<!-- \/ Yoast SEO plugin. -->","yoast_head_json":{"title":"Angela Merkel proti \u010detrtemu mandatu - Hudo Slovenija","robots":{"index":"index","follow":"follow","max-snippet":"max-snippet:-1","max-image-preview":"max-image-preview:large","max-video-preview":"max-video-preview:-1"},"canonical":"https:\/\/hudo.com\/si\/aktualno\/angela-merkel-proti-cetrtemu-mandatu\/","og_locale":"sl_SI","og_type":"article","og_title":"Angela Merkel proti \u010detrtemu mandatu - Hudo Slovenija","og_description":"Kategorija: Evropa Fri, 22 Sep 2017 20:35:00 +0200 Berlin \u2013 Nedeljske volitve v bundestag po pomembnosti presegajo meje osrednje evropske gospodarske in politi\u010dne velesile, nem\u0161ko politi\u010dno dogajanje zanima tudi mnoge Evropejce in druge. Ankete ne ka\u017eejo dvoma o zmagi CDU\/CSU kanclerke Angele Merkel, a visoko uvrstitev napovedujejo tudi nacionalisti\u010dni Alternativi za Nem\u010dijo. V treh dosedanjih mandatih kr\u0161\u010danskodemokratske kanclerke Angele Merkel je Nem\u010dija za polovico zmanj\u0161ala neko\u010d rekordno brezposelnost in se znova uveljavila kot vodilna evropska in svetovna gospodarska sila, od katere je na stari celini odvisnih na milijone delovnih mest. Zato je razmeroma lahko prestala celo svetovno finan\u010dno in evrsko dol\u017eni\u0161ko krizo ter v zadnji diktirala re\u0161itve, ki prav zdaj ka\u017eejo rezultate. Svoje je prinesla tudi izjemno ohlapna denarna politika Evropske centralne banke, a celo Gr\u010dija po klestenju dr\u017eavne porabe in spodbudah gospodarstvu ustvarja solidno gospodarsko rast,\u00a0...","og_url":"https:\/\/hudo.com\/si\/aktualno\/angela-merkel-proti-cetrtemu-mandatu\/","og_site_name":"Hudo Slovenija","article_publisher":"https:\/\/www.facebook.com\/hudo.si","article_published_time":"2017-09-22T16:35:00+00:00","og_image":[{"width":480,"height":290,"url":"https:\/\/hudo.com\/si\/wp-content\/uploads\/sites\/2\/2017\/09\/480x290_2_stran__Reuters_Pictures_2.2_hires0.jpeg","type":"image\/jpeg"}],"author":"hudo","twitter_card":"summary_large_image","twitter_creator":"@hudo_si","twitter_site":"@hudo_si","twitter_misc":{"Written by":"hudo","Est. reading time":"1 minuta"},"schema":{"@context":"https:\/\/schema.org","@graph":[{"@type":"Article","@id":"https:\/\/hudo.com\/si\/aktualno\/angela-merkel-proti-cetrtemu-mandatu\/#article","isPartOf":{"@id":"https:\/\/hudo.com\/si\/aktualno\/angela-merkel-proti-cetrtemu-mandatu\/"},"author":{"name":"hudo","@id":"https:\/\/hudo.com\/si\/#\/schema\/person\/601cf3379633985b20f7e50f2bb47707"},"headline":"Angela Merkel proti \u010detrtemu mandatu","datePublished":"2017-09-22T16:35:00+00:00","dateModified":"2017-09-22T16:35:00+00:00","mainEntityOfPage":{"@id":"https:\/\/hudo.com\/si\/aktualno\/angela-merkel-proti-cetrtemu-mandatu\/"},"wordCount":154,"publisher":{"@id":"https:\/\/hudo.com\/si\/#organization"},"articleSection":["Aktualno"],"inLanguage":"sl-SI"},{"@type":"WebPage","@id":"https:\/\/hudo.com\/si\/aktualno\/angela-merkel-proti-cetrtemu-mandatu\/","url":"https:\/\/hudo.com\/si\/aktualno\/angela-merkel-proti-cetrtemu-mandatu\/","name":"Angela Merkel proti \u010detrtemu mandatu - Hudo Slovenija","isPartOf":{"@id":"https:\/\/hudo.com\/si\/#website"},"datePublished":"2017-09-22T16:35:00+00:00","dateModified":"2017-09-22T16:35:00+00:00","breadcrumb":{"@id":"https:\/\/hudo.com\/si\/aktualno\/angela-merkel-proti-cetrtemu-mandatu\/#breadcrumb"},"inLanguage":"sl-SI","potentialAction":[{"@type":"ReadAction","target":["https:\/\/hudo.com\/si\/aktualno\/angela-merkel-proti-cetrtemu-mandatu\/"]}]},{"@type":"BreadcrumbList","@id":"https:\/\/hudo.com\/si\/aktualno\/angela-merkel-proti-cetrtemu-mandatu\/#breadcrumb","itemListElement":[{"@type":"ListItem","position":1,"name":"Home","item":"https:\/\/hudo.com\/si\/"},{"@type":"ListItem","position":2,"name":"Angela Merkel proti \u010detrtemu mandatu"}]},{"@type":"WebSite","@id":"https:\/\/hudo.com\/si\/#website","url":"https:\/\/hudo.com\/si\/","name":"Hudo Slovenija","description":"Vse novice iz Slovenije in sveta","publisher":{"@id":"https:\/\/hudo.com\/si\/#organization"},"potentialAction":[{"@type":"SearchAction","target":{"@type":"EntryPoint","urlTemplate":"https:\/\/hudo.com\/si\/?s={search_term_string}"},"query-input":"required name=search_term_string"}],"inLanguage":"sl-SI"},{"@type":"Organization","@id":"https:\/\/hudo.com\/si\/#organization","name":"VSN Media","url":"https:\/\/hudo.com\/si\/","logo":{"@type":"ImageObject","inLanguage":"sl-SI","@id":"https:\/\/hudo.com\/si\/#\/schema\/logo\/image\/","url":"https:\/\/hudo.com\/si\/wp-content\/uploads\/sites\/2\/2021\/03\/hudo-app-2.png","contentUrl":"https:\/\/hudo.com\/si\/wp-content\/uploads\/sites\/2\/2021\/03\/hudo-app-2.png","width":2185,"height":2167,"caption":"VSN Media"},"image":{"@id":"https:\/\/hudo.com\/si\/#\/schema\/logo\/image\/"},"sameAs":["https:\/\/www.facebook.com\/hudo.si","https:\/\/twitter.com\/hudo_si"]},{"@type":"Person","@id":"https:\/\/hudo.com\/si\/#\/schema\/person\/601cf3379633985b20f7e50f2bb47707","name":"hudo","image":{"@type":"ImageObject","inLanguage":"sl-SI","@id":"https:\/\/hudo.com\/si\/#\/schema\/person\/image\/","url":"https:\/\/secure.gravatar.com\/avatar\/c4ca25fa72cace7a696b52ff5db9e095?s=96&d=mm&r=g","contentUrl":"https:\/\/secure.gravatar.com\/avatar\/c4ca25fa72cace7a696b52ff5db9e095?s=96&d=mm&r=g","caption":"hudo"},"url":"https:\/\/hudo.com\/si\/author\/hudo\/"}]}},"amp_enabled":true,"_links":{"self":[{"href":"https:\/\/hudo.com\/si\/wp-json\/wp\/v2\/posts\/302020"}],"collection":[{"href":"https:\/\/hudo.com\/si\/wp-json\/wp\/v2\/posts"}],"about":[{"href":"https:\/\/hudo.com\/si\/wp-json\/wp\/v2\/types\/post"}],"author":[{"embeddable":true,"href":"https:\/\/hudo.com\/si\/wp-json\/wp\/v2\/users\/1"}],"replies":[{"embeddable":true,"href":"https:\/\/hudo.com\/si\/wp-json\/wp\/v2\/comments?post=302020"}],"version-history":[{"count":0,"href":"https:\/\/hudo.com\/si\/wp-json\/wp\/v2\/posts\/302020\/revisions"}],"wp:attachment":[{"href":"https:\/\/hudo.com\/si\/wp-json\/wp\/v2\/media?parent=302020"}],"wp:term":[{"taxonomy":"category","embeddable":true,"href":"https:\/\/hudo.com\/si\/wp-json\/wp\/v2\/categories?post=302020"},{"taxonomy":"post_tag","embeddable":true,"href":"https:\/\/hudo.com\/si\/wp-json\/wp\/v2\/tags?post=302020"},{"taxonomy":"source","embeddable":true,"href":"https:\/\/hudo.com\/si\/wp-json\/wp\/v2\/source?post=302020"},{"taxonomy":"supertag","embeddable":true,"href":"https:\/\/hudo.com\/si\/wp-json\/wp\/v2\/supertag?post=302020"}],"curies":[{"name":"wp","href":"https:\/\/api.w.org\/{rel}","templated":true}]}}