{"id":302086,"date":"2017-09-23T04:38:00","date_gmt":"2017-09-23T02:38:00","guid":{"rendered":"http:\/\/hudo.com\/si\/2017\/09\/23\/jana-oblaka-ni-v-izboru-fifa\/"},"modified":"2017-09-23T04:38:00","modified_gmt":"2017-09-23T02:38:00","slug":"jana-oblaka-ni-v-izboru-fifa","status":"publish","type":"post","link":"https:\/\/hudo.com\/si\/aktualno\/jana-oblaka-ni-v-izboru-fifa\/","title":{"rendered":"Jana Oblaka ni v izboru FIFA"},"content":{"rendered":"<p>Kategorija: Nogomet Sat, 23 Sep 2017 06:38:00 +0200  London &#8211; Mednarodna nogometna zveza (FIFA) je objavila sezname nominirancev za izbor The Best oziroma najbolj\u0161ih igralcev v posameznih kategorijah v letu 2017. Kot vselej najve\u010d pozornosti \u017eanje izbira najbolj\u0161ega nogometa\u0161a leta, lansko laskavo lovoriko bo branil Realov Portugalec Cristiano Ronaldo, ki pa mu bosta sku\u0161ala na\u010drte prekri\u017eati ve\u010dni tekmec, Barcelonin argentinski vrituoz Lionel Messi, in prestopni rekorder ob selitvi iz Katalonije v Pariz, Brazilec Neymar. Trenerja, ki je najbolj zaznamoval leto\u0161nnje leto, bodo na\u0161li v trojici Zinedine Zidane (Real), Antonio Conte (Chelsea) in Massimiliano Allegri (Juventus). Med igralkami so izstopale Ameri\u010danka Carli Lloyd, Nizozemka Lieke Martens in Venezuelka Deyna Castellanos, med trenerji \u017eenskih kolektivov pa Gerard Precheur (Olympique Lyon) in selektorja Danske in Nizozemske, Nils Nielsen in Sarina Wiegman. Za najbolj\u0161e navija\u010de kandidirajo privr\u017eenci Borussie Dortmund, Celtica in K\u00f8benhavna. Na novo\u00a0&#8230;<\/p>\n","protected":false},"excerpt":{"rendered":"<p>Kategorija: Nogomet Sat, 23 Sep 2017 06:38:00 +0200  London &#8211; Mednarodna nogometna zveza (FIFA) je objavila sezname nominirancev za izbor The Best oziroma najbolj\u0161ih igralcev v posameznih kategorijah v letu 2017. Kot vselej najve\u010d pozornosti \u017eanje izbira najbolj\u0161ega nogometa\u0161a leta, lansko laskavo lovoriko bo branil Realov Portugalec Cristiano Ronaldo, ki pa mu bosta sku\u0161ala na\u010drte prekri\u017eati ve\u010dni tekmec, Barcelonin argentinski vrituoz Lionel Messi, in prestopni rekorder ob selitvi iz Katalonije v Pariz, Brazilec Neymar. Trenerja, ki je najbolj zaznamoval leto\u0161nnje leto, bodo na\u0161li v trojici Zinedine Zidane (Real), Antonio Conte (Chelsea) in Massimiliano Allegri (Juventus). Med igralkami so izstopale Ameri\u010danka Carli Lloyd, Nizozemka Lieke Martens in Venezuelka Deyna Castellanos, med trenerji \u017eenskih kolektivov pa Gerard Precheur (Olympique Lyon) in selektorja Danske in Nizozemske, Nils Nielsen in Sarina Wiegman. Za najbolj\u0161e navija\u010de kandidirajo privr\u017eenci Borussie Dortmund, Celtica in K\u00f8benhavna. Na novo\u00a0&#8230;<\/p>\n","protected":false},"author":1,"featured_media":0,"comment_status":"closed","ping_status":"closed","sticky":false,"template":"","format":"standard","meta":{"footnotes":""},"categories":[1179],"tags":[],"source":[1703],"supertag":[],"acf":[],"yoast_head":"<!-- This site is optimized with the Yoast SEO plugin v21.3 - https:\/\/yoast.com\/wordpress\/plugins\/seo\/ -->\n<title>Jana Oblaka ni v izboru FIFA - Hudo Slovenija<\/title>\n<meta name=\"robots\" content=\"index, follow, max-snippet:-1, max-image-preview:large, max-video-preview:-1\" \/>\n<link rel=\"canonical\" href=\"https:\/\/hudo.com\/si\/aktualno\/jana-oblaka-ni-v-izboru-fifa\/\" \/>\n<meta property=\"og:locale\" content=\"sl_SI\" \/>\n<meta property=\"og:type\" content=\"article\" \/>\n<meta property=\"og:title\" content=\"Jana Oblaka ni v izboru FIFA - Hudo Slovenija\" \/>\n<meta property=\"og:description\" content=\"Kategorija: Nogomet Sat, 23 Sep 2017 06:38:00 +0200 London - Mednarodna nogometna zveza (FIFA) je objavila sezname nominirancev za izbor The Best oziroma najbolj\u0161ih igralcev v posameznih kategorijah v letu 2017. Kot vselej najve\u010d pozornosti \u017eanje izbira najbolj\u0161ega nogometa\u0161a leta, lansko laskavo lovoriko bo branil Realov Portugalec Cristiano Ronaldo, ki pa mu bosta sku\u0161ala na\u010drte prekri\u017eati ve\u010dni tekmec, Barcelonin argentinski vrituoz Lionel Messi, in prestopni rekorder ob selitvi iz Katalonije v Pariz, Brazilec Neymar. Trenerja, ki je najbolj zaznamoval leto\u0161nnje leto, bodo na\u0161li v trojici Zinedine Zidane (Real), Antonio Conte (Chelsea) in Massimiliano Allegri (Juventus). Med igralkami so izstopale Ameri\u010danka Carli Lloyd, Nizozemka Lieke Martens in Venezuelka Deyna Castellanos, med trenerji \u017eenskih kolektivov pa Gerard Precheur (Olympique Lyon) in selektorja Danske in Nizozemske, Nils Nielsen in Sarina Wiegman. Za najbolj\u0161e navija\u010de kandidirajo privr\u017eenci Borussie Dortmund, Celtica in K\u00f8benhavna. Na novo\u00a0...\" \/>\n<meta property=\"og:url\" content=\"https:\/\/hudo.com\/si\/aktualno\/jana-oblaka-ni-v-izboru-fifa\/\" \/>\n<meta property=\"og:site_name\" content=\"Hudo Slovenija\" \/>\n<meta property=\"article:publisher\" content=\"https:\/\/www.facebook.com\/hudo.si\" \/>\n<meta property=\"article:published_time\" content=\"2017-09-23T02:38:00+00:00\" \/>\n<meta property=\"og:image\" content=\"https:\/\/hudo.com\/si\/wp-content\/uploads\/sites\/2\/2017\/09\/480x290_AFP_Photo-20170922174903-35336800.jpeg\" \/>\n\t<meta property=\"og:image:width\" content=\"480\" \/>\n\t<meta property=\"og:image:height\" content=\"290\" \/>\n\t<meta property=\"og:image:type\" content=\"image\/jpeg\" \/>\n<meta name=\"author\" content=\"hudo\" \/>\n<meta name=\"twitter:card\" content=\"summary_large_image\" \/>\n<meta name=\"twitter:creator\" content=\"@hudo_si\" \/>\n<meta name=\"twitter:site\" content=\"@hudo_si\" \/>\n<meta name=\"twitter:label1\" content=\"Written by\" \/>\n\t<meta name=\"twitter:data1\" content=\"hudo\" \/>\n\t<meta name=\"twitter:label2\" content=\"Est. reading time\" \/>\n\t<meta name=\"twitter:data2\" content=\"1 minuta\" \/>\n<script type=\"application\/ld+json\" class=\"yoast-schema-graph\">{\"@context\":\"https:\/\/schema.org\",\"@graph\":[{\"@type\":\"Article\",\"@id\":\"https:\/\/hudo.com\/si\/aktualno\/jana-oblaka-ni-v-izboru-fifa\/#article\",\"isPartOf\":{\"@id\":\"https:\/\/hudo.com\/si\/aktualno\/jana-oblaka-ni-v-izboru-fifa\/\"},\"author\":{\"name\":\"hudo\",\"@id\":\"https:\/\/hudo.com\/si\/#\/schema\/person\/601cf3379633985b20f7e50f2bb47707\"},\"headline\":\"Jana Oblaka ni v izboru FIFA\",\"datePublished\":\"2017-09-23T02:38:00+00:00\",\"dateModified\":\"2017-09-23T02:38:00+00:00\",\"mainEntityOfPage\":{\"@id\":\"https:\/\/hudo.com\/si\/aktualno\/jana-oblaka-ni-v-izboru-fifa\/\"},\"wordCount\":155,\"publisher\":{\"@id\":\"https:\/\/hudo.com\/si\/#organization\"},\"articleSection\":[\"Aktualno\"],\"inLanguage\":\"sl-SI\"},{\"@type\":\"WebPage\",\"@id\":\"https:\/\/hudo.com\/si\/aktualno\/jana-oblaka-ni-v-izboru-fifa\/\",\"url\":\"https:\/\/hudo.com\/si\/aktualno\/jana-oblaka-ni-v-izboru-fifa\/\",\"name\":\"Jana Oblaka ni v izboru FIFA - Hudo Slovenija\",\"isPartOf\":{\"@id\":\"https:\/\/hudo.com\/si\/#website\"},\"datePublished\":\"2017-09-23T02:38:00+00:00\",\"dateModified\":\"2017-09-23T02:38:00+00:00\",\"breadcrumb\":{\"@id\":\"https:\/\/hudo.com\/si\/aktualno\/jana-oblaka-ni-v-izboru-fifa\/#breadcrumb\"},\"inLanguage\":\"sl-SI\",\"potentialAction\":[{\"@type\":\"ReadAction\",\"target\":[\"https:\/\/hudo.com\/si\/aktualno\/jana-oblaka-ni-v-izboru-fifa\/\"]}]},{\"@type\":\"BreadcrumbList\",\"@id\":\"https:\/\/hudo.com\/si\/aktualno\/jana-oblaka-ni-v-izboru-fifa\/#breadcrumb\",\"itemListElement\":[{\"@type\":\"ListItem\",\"position\":1,\"name\":\"Home\",\"item\":\"https:\/\/hudo.com\/si\/\"},{\"@type\":\"ListItem\",\"position\":2,\"name\":\"Jana Oblaka ni v izboru FIFA\"}]},{\"@type\":\"WebSite\",\"@id\":\"https:\/\/hudo.com\/si\/#website\",\"url\":\"https:\/\/hudo.com\/si\/\",\"name\":\"Hudo Slovenija\",\"description\":\"Vse novice iz Slovenije in sveta\",\"publisher\":{\"@id\":\"https:\/\/hudo.com\/si\/#organization\"},\"potentialAction\":[{\"@type\":\"SearchAction\",\"target\":{\"@type\":\"EntryPoint\",\"urlTemplate\":\"https:\/\/hudo.com\/si\/?s={search_term_string}\"},\"query-input\":\"required name=search_term_string\"}],\"inLanguage\":\"sl-SI\"},{\"@type\":\"Organization\",\"@id\":\"https:\/\/hudo.com\/si\/#organization\",\"name\":\"VSN Media\",\"url\":\"https:\/\/hudo.com\/si\/\",\"logo\":{\"@type\":\"ImageObject\",\"inLanguage\":\"sl-SI\",\"@id\":\"https:\/\/hudo.com\/si\/#\/schema\/logo\/image\/\",\"url\":\"https:\/\/hudo.com\/si\/wp-content\/uploads\/sites\/2\/2021\/03\/hudo-app-2.png\",\"contentUrl\":\"https:\/\/hudo.com\/si\/wp-content\/uploads\/sites\/2\/2021\/03\/hudo-app-2.png\",\"width\":2185,\"height\":2167,\"caption\":\"VSN Media\"},\"image\":{\"@id\":\"https:\/\/hudo.com\/si\/#\/schema\/logo\/image\/\"},\"sameAs\":[\"https:\/\/www.facebook.com\/hudo.si\",\"https:\/\/twitter.com\/hudo_si\"]},{\"@type\":\"Person\",\"@id\":\"https:\/\/hudo.com\/si\/#\/schema\/person\/601cf3379633985b20f7e50f2bb47707\",\"name\":\"hudo\",\"image\":{\"@type\":\"ImageObject\",\"inLanguage\":\"sl-SI\",\"@id\":\"https:\/\/hudo.com\/si\/#\/schema\/person\/image\/\",\"url\":\"https:\/\/secure.gravatar.com\/avatar\/c4ca25fa72cace7a696b52ff5db9e095?s=96&d=mm&r=g\",\"contentUrl\":\"https:\/\/secure.gravatar.com\/avatar\/c4ca25fa72cace7a696b52ff5db9e095?s=96&d=mm&r=g\",\"caption\":\"hudo\"},\"url\":\"https:\/\/hudo.com\/si\/author\/hudo\/\"}]}<\/script>\n<!-- \/ Yoast SEO plugin. -->","yoast_head_json":{"title":"Jana Oblaka ni v izboru FIFA - Hudo Slovenija","robots":{"index":"index","follow":"follow","max-snippet":"max-snippet:-1","max-image-preview":"max-image-preview:large","max-video-preview":"max-video-preview:-1"},"canonical":"https:\/\/hudo.com\/si\/aktualno\/jana-oblaka-ni-v-izboru-fifa\/","og_locale":"sl_SI","og_type":"article","og_title":"Jana Oblaka ni v izboru FIFA - Hudo Slovenija","og_description":"Kategorija: Nogomet Sat, 23 Sep 2017 06:38:00 +0200 London - Mednarodna nogometna zveza (FIFA) je objavila sezname nominirancev za izbor The Best oziroma najbolj\u0161ih igralcev v posameznih kategorijah v letu 2017. Kot vselej najve\u010d pozornosti \u017eanje izbira najbolj\u0161ega nogometa\u0161a leta, lansko laskavo lovoriko bo branil Realov Portugalec Cristiano Ronaldo, ki pa mu bosta sku\u0161ala na\u010drte prekri\u017eati ve\u010dni tekmec, Barcelonin argentinski vrituoz Lionel Messi, in prestopni rekorder ob selitvi iz Katalonije v Pariz, Brazilec Neymar. Trenerja, ki je najbolj zaznamoval leto\u0161nnje leto, bodo na\u0161li v trojici Zinedine Zidane (Real), Antonio Conte (Chelsea) in Massimiliano Allegri (Juventus). Med igralkami so izstopale Ameri\u010danka Carli Lloyd, Nizozemka Lieke Martens in Venezuelka Deyna Castellanos, med trenerji \u017eenskih kolektivov pa Gerard Precheur (Olympique Lyon) in selektorja Danske in Nizozemske, Nils Nielsen in Sarina Wiegman. Za najbolj\u0161e navija\u010de kandidirajo privr\u017eenci Borussie Dortmund, Celtica in K\u00f8benhavna. Na novo\u00a0...","og_url":"https:\/\/hudo.com\/si\/aktualno\/jana-oblaka-ni-v-izboru-fifa\/","og_site_name":"Hudo Slovenija","article_publisher":"https:\/\/www.facebook.com\/hudo.si","article_published_time":"2017-09-23T02:38:00+00:00","og_image":[{"width":480,"height":290,"url":"https:\/\/hudo.com\/si\/wp-content\/uploads\/sites\/2\/2017\/09\/480x290_AFP_Photo-20170922174903-35336800.jpeg","type":"image\/jpeg"}],"author":"hudo","twitter_card":"summary_large_image","twitter_creator":"@hudo_si","twitter_site":"@hudo_si","twitter_misc":{"Written by":"hudo","Est. reading time":"1 minuta"},"schema":{"@context":"https:\/\/schema.org","@graph":[{"@type":"Article","@id":"https:\/\/hudo.com\/si\/aktualno\/jana-oblaka-ni-v-izboru-fifa\/#article","isPartOf":{"@id":"https:\/\/hudo.com\/si\/aktualno\/jana-oblaka-ni-v-izboru-fifa\/"},"author":{"name":"hudo","@id":"https:\/\/hudo.com\/si\/#\/schema\/person\/601cf3379633985b20f7e50f2bb47707"},"headline":"Jana Oblaka ni v izboru FIFA","datePublished":"2017-09-23T02:38:00+00:00","dateModified":"2017-09-23T02:38:00+00:00","mainEntityOfPage":{"@id":"https:\/\/hudo.com\/si\/aktualno\/jana-oblaka-ni-v-izboru-fifa\/"},"wordCount":155,"publisher":{"@id":"https:\/\/hudo.com\/si\/#organization"},"articleSection":["Aktualno"],"inLanguage":"sl-SI"},{"@type":"WebPage","@id":"https:\/\/hudo.com\/si\/aktualno\/jana-oblaka-ni-v-izboru-fifa\/","url":"https:\/\/hudo.com\/si\/aktualno\/jana-oblaka-ni-v-izboru-fifa\/","name":"Jana Oblaka ni v izboru FIFA - Hudo Slovenija","isPartOf":{"@id":"https:\/\/hudo.com\/si\/#website"},"datePublished":"2017-09-23T02:38:00+00:00","dateModified":"2017-09-23T02:38:00+00:00","breadcrumb":{"@id":"https:\/\/hudo.com\/si\/aktualno\/jana-oblaka-ni-v-izboru-fifa\/#breadcrumb"},"inLanguage":"sl-SI","potentialAction":[{"@type":"ReadAction","target":["https:\/\/hudo.com\/si\/aktualno\/jana-oblaka-ni-v-izboru-fifa\/"]}]},{"@type":"BreadcrumbList","@id":"https:\/\/hudo.com\/si\/aktualno\/jana-oblaka-ni-v-izboru-fifa\/#breadcrumb","itemListElement":[{"@type":"ListItem","position":1,"name":"Home","item":"https:\/\/hudo.com\/si\/"},{"@type":"ListItem","position":2,"name":"Jana Oblaka ni v izboru FIFA"}]},{"@type":"WebSite","@id":"https:\/\/hudo.com\/si\/#website","url":"https:\/\/hudo.com\/si\/","name":"Hudo Slovenija","description":"Vse novice iz Slovenije in sveta","publisher":{"@id":"https:\/\/hudo.com\/si\/#organization"},"potentialAction":[{"@type":"SearchAction","target":{"@type":"EntryPoint","urlTemplate":"https:\/\/hudo.com\/si\/?s={search_term_string}"},"query-input":"required name=search_term_string"}],"inLanguage":"sl-SI"},{"@type":"Organization","@id":"https:\/\/hudo.com\/si\/#organization","name":"VSN Media","url":"https:\/\/hudo.com\/si\/","logo":{"@type":"ImageObject","inLanguage":"sl-SI","@id":"https:\/\/hudo.com\/si\/#\/schema\/logo\/image\/","url":"https:\/\/hudo.com\/si\/wp-content\/uploads\/sites\/2\/2021\/03\/hudo-app-2.png","contentUrl":"https:\/\/hudo.com\/si\/wp-content\/uploads\/sites\/2\/2021\/03\/hudo-app-2.png","width":2185,"height":2167,"caption":"VSN Media"},"image":{"@id":"https:\/\/hudo.com\/si\/#\/schema\/logo\/image\/"},"sameAs":["https:\/\/www.facebook.com\/hudo.si","https:\/\/twitter.com\/hudo_si"]},{"@type":"Person","@id":"https:\/\/hudo.com\/si\/#\/schema\/person\/601cf3379633985b20f7e50f2bb47707","name":"hudo","image":{"@type":"ImageObject","inLanguage":"sl-SI","@id":"https:\/\/hudo.com\/si\/#\/schema\/person\/image\/","url":"https:\/\/secure.gravatar.com\/avatar\/c4ca25fa72cace7a696b52ff5db9e095?s=96&d=mm&r=g","contentUrl":"https:\/\/secure.gravatar.com\/avatar\/c4ca25fa72cace7a696b52ff5db9e095?s=96&d=mm&r=g","caption":"hudo"},"url":"https:\/\/hudo.com\/si\/author\/hudo\/"}]}},"amp_enabled":true,"_links":{"self":[{"href":"https:\/\/hudo.com\/si\/wp-json\/wp\/v2\/posts\/302086"}],"collection":[{"href":"https:\/\/hudo.com\/si\/wp-json\/wp\/v2\/posts"}],"about":[{"href":"https:\/\/hudo.com\/si\/wp-json\/wp\/v2\/types\/post"}],"author":[{"embeddable":true,"href":"https:\/\/hudo.com\/si\/wp-json\/wp\/v2\/users\/1"}],"replies":[{"embeddable":true,"href":"https:\/\/hudo.com\/si\/wp-json\/wp\/v2\/comments?post=302086"}],"version-history":[{"count":0,"href":"https:\/\/hudo.com\/si\/wp-json\/wp\/v2\/posts\/302086\/revisions"}],"wp:attachment":[{"href":"https:\/\/hudo.com\/si\/wp-json\/wp\/v2\/media?parent=302086"}],"wp:term":[{"taxonomy":"category","embeddable":true,"href":"https:\/\/hudo.com\/si\/wp-json\/wp\/v2\/categories?post=302086"},{"taxonomy":"post_tag","embeddable":true,"href":"https:\/\/hudo.com\/si\/wp-json\/wp\/v2\/tags?post=302086"},{"taxonomy":"source","embeddable":true,"href":"https:\/\/hudo.com\/si\/wp-json\/wp\/v2\/source?post=302086"},{"taxonomy":"supertag","embeddable":true,"href":"https:\/\/hudo.com\/si\/wp-json\/wp\/v2\/supertag?post=302086"}],"curies":[{"name":"wp","href":"https:\/\/api.w.org\/{rel}","templated":true}]}}