{"id":302109,"date":"2017-09-23T06:07:00","date_gmt":"2017-09-23T04:07:00","guid":{"rendered":"http:\/\/hudo.com\/si\/2017\/09\/23\/nikolic-bo-morda-le-dobil-zeleno-luc\/"},"modified":"2017-09-23T06:07:00","modified_gmt":"2017-09-23T04:07:00","slug":"nikolic-bo-morda-le-dobil-zeleno-luc","status":"publish","type":"post","link":"https:\/\/hudo.com\/si\/aktualno\/nikolic-bo-morda-le-dobil-zeleno-luc\/","title":{"rendered":"Nikoli\u0107 bo morda le dobil zeleno lu\u010d"},"content":{"rendered":"<p>Kategorija: Ko\u0161arka Sat, 23 Sep 2017 08:07:00 +0200  Ljubljana &#8211; O\u010ditno bo Aleksej Nikoli\u0107, ki se je nedavno okitil z zlatim odli\u010djem na eurobasketu, kljub sporu med FIBA in ULEB, ki organizira evroligo, vendarle lahko nastopil v novembrskih kvalifikacijah za ko\u0161arkarsko evropsko prvenstvo. Njegov delodajalec, nem\u0161ki Bamberg, je namre\u010d napovedal, da bo posameznim igralcem dovolil tekmovati pod dr\u017eavno zastavo, poro\u010da STA. Pri nem\u0161kem prvaku je ob Nikoli\u0107u \u0161e \u0161esterica potencialnih reprezentantov, zato dokon\u010dna odlo\u010ditev kluba, komu bo pri\u017egal zeleno lu\u010d, \u0161e ni znana. \u00bbNe vem \u0161e, ali bomo pustili enega igralca, dva ali tri,\u00ab je \u0161e neodlo\u010den poslovodja kluba Rolf Beyer, ki se strinja, da je potrebno re\u0161iti temeljno te\u017eavo na relaciji ULEB-FIBA: \u00bbS tem le zdravimo simptome, re\u0161itve pa je treba iskati druga\u010de. Sami bomo sku\u0161ali pomagati, kolikor se bo operativno in logisti\u010dno iz\u0161lo.\u00ab Novembra izbrane vrste \u010dakajo kvalifikacije\u00a0&#8230;<\/p>\n","protected":false},"excerpt":{"rendered":"<p>Kategorija: Ko\u0161arka Sat, 23 Sep 2017 08:07:00 +0200  Ljubljana &#8211; O\u010ditno bo Aleksej Nikoli\u0107, ki se je nedavno okitil z zlatim odli\u010djem na eurobasketu, kljub sporu med FIBA in ULEB, ki organizira evroligo, vendarle lahko nastopil v novembrskih kvalifikacijah za ko\u0161arkarsko evropsko prvenstvo. Njegov delodajalec, nem\u0161ki Bamberg, je namre\u010d napovedal, da bo posameznim igralcem dovolil tekmovati pod dr\u017eavno zastavo, poro\u010da STA. Pri nem\u0161kem prvaku je ob Nikoli\u0107u \u0161e \u0161esterica potencialnih reprezentantov, zato dokon\u010dna odlo\u010ditev kluba, komu bo pri\u017egal zeleno lu\u010d, \u0161e ni znana. \u00bbNe vem \u0161e, ali bomo pustili enega igralca, dva ali tri,\u00ab je \u0161e neodlo\u010den poslovodja kluba Rolf Beyer, ki se strinja, da je potrebno re\u0161iti temeljno te\u017eavo na relaciji ULEB-FIBA: \u00bbS tem le zdravimo simptome, re\u0161itve pa je treba iskati druga\u010de. Sami bomo sku\u0161ali pomagati, kolikor se bo operativno in logisti\u010dno iz\u0161lo.\u00ab Novembra izbrane vrste \u010dakajo kvalifikacije\u00a0&#8230;<\/p>\n","protected":false},"author":1,"featured_media":0,"comment_status":"closed","ping_status":"closed","sticky":false,"template":"","format":"standard","meta":{"footnotes":""},"categories":[1179],"tags":[],"source":[1703],"supertag":[],"acf":[],"yoast_head":"<!-- This site is optimized with the Yoast SEO plugin v21.3 - https:\/\/yoast.com\/wordpress\/plugins\/seo\/ -->\n<title>Nikoli\u0107 bo morda le dobil zeleno lu\u010d - Hudo Slovenija<\/title>\n<meta name=\"robots\" content=\"index, follow, max-snippet:-1, max-image-preview:large, max-video-preview:-1\" \/>\n<link rel=\"canonical\" href=\"https:\/\/hudo.com\/si\/aktualno\/nikolic-bo-morda-le-dobil-zeleno-luc\/\" \/>\n<meta property=\"og:locale\" content=\"sl_SI\" \/>\n<meta property=\"og:type\" content=\"article\" \/>\n<meta property=\"og:title\" content=\"Nikoli\u0107 bo morda le dobil zeleno lu\u010d - Hudo Slovenija\" \/>\n<meta property=\"og:description\" content=\"Kategorija: Ko\u0161arka Sat, 23 Sep 2017 08:07:00 +0200 Ljubljana - O\u010ditno bo Aleksej Nikoli\u0107, ki se je nedavno okitil z zlatim odli\u010djem na eurobasketu, kljub sporu med FIBA in ULEB, ki organizira evroligo, vendarle lahko nastopil v novembrskih kvalifikacijah za ko\u0161arkarsko evropsko prvenstvo. Njegov delodajalec, nem\u0161ki Bamberg, je namre\u010d napovedal, da bo posameznim igralcem dovolil tekmovati pod dr\u017eavno zastavo, poro\u010da STA. Pri nem\u0161kem prvaku je ob Nikoli\u0107u \u0161e \u0161esterica potencialnih reprezentantov, zato dokon\u010dna odlo\u010ditev kluba, komu bo pri\u017egal zeleno lu\u010d, \u0161e ni znana. \u00bbNe vem \u0161e, ali bomo pustili enega igralca, dva ali tri,\u00ab je \u0161e neodlo\u010den poslovodja kluba Rolf Beyer, ki se strinja, da je potrebno re\u0161iti temeljno te\u017eavo na relaciji ULEB-FIBA: \u00bbS tem le zdravimo simptome, re\u0161itve pa je treba iskati druga\u010de. Sami bomo sku\u0161ali pomagati, kolikor se bo operativno in logisti\u010dno iz\u0161lo.\u00ab Novembra izbrane vrste \u010dakajo kvalifikacije\u00a0...\" \/>\n<meta property=\"og:url\" content=\"https:\/\/hudo.com\/si\/aktualno\/nikolic-bo-morda-le-dobil-zeleno-luc\/\" \/>\n<meta property=\"og:site_name\" content=\"Hudo Slovenija\" \/>\n<meta property=\"article:publisher\" content=\"https:\/\/www.facebook.com\/hudo.si\" \/>\n<meta property=\"article:published_time\" content=\"2017-09-23T04:07:00+00:00\" \/>\n<meta property=\"og:image\" content=\"https:\/\/hudo.com\/si\/wp-content\/uploads\/sites\/2\/2017\/09\/480x290_Reuters_Pictures-20170917224117-51402700.jpeg\" \/>\n\t<meta property=\"og:image:width\" content=\"480\" \/>\n\t<meta property=\"og:image:height\" content=\"290\" \/>\n\t<meta property=\"og:image:type\" content=\"image\/jpeg\" \/>\n<meta name=\"author\" content=\"hudo\" \/>\n<meta name=\"twitter:card\" content=\"summary_large_image\" \/>\n<meta name=\"twitter:creator\" content=\"@hudo_si\" \/>\n<meta name=\"twitter:site\" content=\"@hudo_si\" \/>\n<meta name=\"twitter:label1\" content=\"Written by\" \/>\n\t<meta name=\"twitter:data1\" content=\"hudo\" \/>\n\t<meta name=\"twitter:label2\" content=\"Est. reading time\" \/>\n\t<meta name=\"twitter:data2\" content=\"1 minuta\" \/>\n<script type=\"application\/ld+json\" class=\"yoast-schema-graph\">{\"@context\":\"https:\/\/schema.org\",\"@graph\":[{\"@type\":\"Article\",\"@id\":\"https:\/\/hudo.com\/si\/aktualno\/nikolic-bo-morda-le-dobil-zeleno-luc\/#article\",\"isPartOf\":{\"@id\":\"https:\/\/hudo.com\/si\/aktualno\/nikolic-bo-morda-le-dobil-zeleno-luc\/\"},\"author\":{\"name\":\"hudo\",\"@id\":\"https:\/\/hudo.com\/si\/#\/schema\/person\/601cf3379633985b20f7e50f2bb47707\"},\"headline\":\"Nikoli\u0107 bo morda le dobil zeleno lu\u010d\",\"datePublished\":\"2017-09-23T04:07:00+00:00\",\"dateModified\":\"2017-09-23T04:07:00+00:00\",\"mainEntityOfPage\":{\"@id\":\"https:\/\/hudo.com\/si\/aktualno\/nikolic-bo-morda-le-dobil-zeleno-luc\/\"},\"wordCount\":163,\"publisher\":{\"@id\":\"https:\/\/hudo.com\/si\/#organization\"},\"articleSection\":[\"Aktualno\"],\"inLanguage\":\"sl-SI\"},{\"@type\":\"WebPage\",\"@id\":\"https:\/\/hudo.com\/si\/aktualno\/nikolic-bo-morda-le-dobil-zeleno-luc\/\",\"url\":\"https:\/\/hudo.com\/si\/aktualno\/nikolic-bo-morda-le-dobil-zeleno-luc\/\",\"name\":\"Nikoli\u0107 bo morda le dobil zeleno lu\u010d - Hudo Slovenija\",\"isPartOf\":{\"@id\":\"https:\/\/hudo.com\/si\/#website\"},\"datePublished\":\"2017-09-23T04:07:00+00:00\",\"dateModified\":\"2017-09-23T04:07:00+00:00\",\"breadcrumb\":{\"@id\":\"https:\/\/hudo.com\/si\/aktualno\/nikolic-bo-morda-le-dobil-zeleno-luc\/#breadcrumb\"},\"inLanguage\":\"sl-SI\",\"potentialAction\":[{\"@type\":\"ReadAction\",\"target\":[\"https:\/\/hudo.com\/si\/aktualno\/nikolic-bo-morda-le-dobil-zeleno-luc\/\"]}]},{\"@type\":\"BreadcrumbList\",\"@id\":\"https:\/\/hudo.com\/si\/aktualno\/nikolic-bo-morda-le-dobil-zeleno-luc\/#breadcrumb\",\"itemListElement\":[{\"@type\":\"ListItem\",\"position\":1,\"name\":\"Home\",\"item\":\"https:\/\/hudo.com\/si\/\"},{\"@type\":\"ListItem\",\"position\":2,\"name\":\"Nikoli\u0107 bo morda le dobil zeleno lu\u010d\"}]},{\"@type\":\"WebSite\",\"@id\":\"https:\/\/hudo.com\/si\/#website\",\"url\":\"https:\/\/hudo.com\/si\/\",\"name\":\"Hudo Slovenija\",\"description\":\"Vse novice iz Slovenije in sveta\",\"publisher\":{\"@id\":\"https:\/\/hudo.com\/si\/#organization\"},\"potentialAction\":[{\"@type\":\"SearchAction\",\"target\":{\"@type\":\"EntryPoint\",\"urlTemplate\":\"https:\/\/hudo.com\/si\/?s={search_term_string}\"},\"query-input\":\"required name=search_term_string\"}],\"inLanguage\":\"sl-SI\"},{\"@type\":\"Organization\",\"@id\":\"https:\/\/hudo.com\/si\/#organization\",\"name\":\"VSN Media\",\"url\":\"https:\/\/hudo.com\/si\/\",\"logo\":{\"@type\":\"ImageObject\",\"inLanguage\":\"sl-SI\",\"@id\":\"https:\/\/hudo.com\/si\/#\/schema\/logo\/image\/\",\"url\":\"https:\/\/hudo.com\/si\/wp-content\/uploads\/sites\/2\/2021\/03\/hudo-app-2.png\",\"contentUrl\":\"https:\/\/hudo.com\/si\/wp-content\/uploads\/sites\/2\/2021\/03\/hudo-app-2.png\",\"width\":2185,\"height\":2167,\"caption\":\"VSN Media\"},\"image\":{\"@id\":\"https:\/\/hudo.com\/si\/#\/schema\/logo\/image\/\"},\"sameAs\":[\"https:\/\/www.facebook.com\/hudo.si\",\"https:\/\/twitter.com\/hudo_si\"]},{\"@type\":\"Person\",\"@id\":\"https:\/\/hudo.com\/si\/#\/schema\/person\/601cf3379633985b20f7e50f2bb47707\",\"name\":\"hudo\",\"image\":{\"@type\":\"ImageObject\",\"inLanguage\":\"sl-SI\",\"@id\":\"https:\/\/hudo.com\/si\/#\/schema\/person\/image\/\",\"url\":\"https:\/\/secure.gravatar.com\/avatar\/c4ca25fa72cace7a696b52ff5db9e095?s=96&d=mm&r=g\",\"contentUrl\":\"https:\/\/secure.gravatar.com\/avatar\/c4ca25fa72cace7a696b52ff5db9e095?s=96&d=mm&r=g\",\"caption\":\"hudo\"},\"url\":\"https:\/\/hudo.com\/si\/author\/hudo\/\"}]}<\/script>\n<!-- \/ Yoast SEO plugin. -->","yoast_head_json":{"title":"Nikoli\u0107 bo morda le dobil zeleno lu\u010d - Hudo Slovenija","robots":{"index":"index","follow":"follow","max-snippet":"max-snippet:-1","max-image-preview":"max-image-preview:large","max-video-preview":"max-video-preview:-1"},"canonical":"https:\/\/hudo.com\/si\/aktualno\/nikolic-bo-morda-le-dobil-zeleno-luc\/","og_locale":"sl_SI","og_type":"article","og_title":"Nikoli\u0107 bo morda le dobil zeleno lu\u010d - Hudo Slovenija","og_description":"Kategorija: Ko\u0161arka Sat, 23 Sep 2017 08:07:00 +0200 Ljubljana - O\u010ditno bo Aleksej Nikoli\u0107, ki se je nedavno okitil z zlatim odli\u010djem na eurobasketu, kljub sporu med FIBA in ULEB, ki organizira evroligo, vendarle lahko nastopil v novembrskih kvalifikacijah za ko\u0161arkarsko evropsko prvenstvo. Njegov delodajalec, nem\u0161ki Bamberg, je namre\u010d napovedal, da bo posameznim igralcem dovolil tekmovati pod dr\u017eavno zastavo, poro\u010da STA. Pri nem\u0161kem prvaku je ob Nikoli\u0107u \u0161e \u0161esterica potencialnih reprezentantov, zato dokon\u010dna odlo\u010ditev kluba, komu bo pri\u017egal zeleno lu\u010d, \u0161e ni znana. \u00bbNe vem \u0161e, ali bomo pustili enega igralca, dva ali tri,\u00ab je \u0161e neodlo\u010den poslovodja kluba Rolf Beyer, ki se strinja, da je potrebno re\u0161iti temeljno te\u017eavo na relaciji ULEB-FIBA: \u00bbS tem le zdravimo simptome, re\u0161itve pa je treba iskati druga\u010de. Sami bomo sku\u0161ali pomagati, kolikor se bo operativno in logisti\u010dno iz\u0161lo.\u00ab Novembra izbrane vrste \u010dakajo kvalifikacije\u00a0...","og_url":"https:\/\/hudo.com\/si\/aktualno\/nikolic-bo-morda-le-dobil-zeleno-luc\/","og_site_name":"Hudo Slovenija","article_publisher":"https:\/\/www.facebook.com\/hudo.si","article_published_time":"2017-09-23T04:07:00+00:00","og_image":[{"width":480,"height":290,"url":"https:\/\/hudo.com\/si\/wp-content\/uploads\/sites\/2\/2017\/09\/480x290_Reuters_Pictures-20170917224117-51402700.jpeg","type":"image\/jpeg"}],"author":"hudo","twitter_card":"summary_large_image","twitter_creator":"@hudo_si","twitter_site":"@hudo_si","twitter_misc":{"Written by":"hudo","Est. reading time":"1 minuta"},"schema":{"@context":"https:\/\/schema.org","@graph":[{"@type":"Article","@id":"https:\/\/hudo.com\/si\/aktualno\/nikolic-bo-morda-le-dobil-zeleno-luc\/#article","isPartOf":{"@id":"https:\/\/hudo.com\/si\/aktualno\/nikolic-bo-morda-le-dobil-zeleno-luc\/"},"author":{"name":"hudo","@id":"https:\/\/hudo.com\/si\/#\/schema\/person\/601cf3379633985b20f7e50f2bb47707"},"headline":"Nikoli\u0107 bo morda le dobil zeleno lu\u010d","datePublished":"2017-09-23T04:07:00+00:00","dateModified":"2017-09-23T04:07:00+00:00","mainEntityOfPage":{"@id":"https:\/\/hudo.com\/si\/aktualno\/nikolic-bo-morda-le-dobil-zeleno-luc\/"},"wordCount":163,"publisher":{"@id":"https:\/\/hudo.com\/si\/#organization"},"articleSection":["Aktualno"],"inLanguage":"sl-SI"},{"@type":"WebPage","@id":"https:\/\/hudo.com\/si\/aktualno\/nikolic-bo-morda-le-dobil-zeleno-luc\/","url":"https:\/\/hudo.com\/si\/aktualno\/nikolic-bo-morda-le-dobil-zeleno-luc\/","name":"Nikoli\u0107 bo morda le dobil zeleno lu\u010d - Hudo Slovenija","isPartOf":{"@id":"https:\/\/hudo.com\/si\/#website"},"datePublished":"2017-09-23T04:07:00+00:00","dateModified":"2017-09-23T04:07:00+00:00","breadcrumb":{"@id":"https:\/\/hudo.com\/si\/aktualno\/nikolic-bo-morda-le-dobil-zeleno-luc\/#breadcrumb"},"inLanguage":"sl-SI","potentialAction":[{"@type":"ReadAction","target":["https:\/\/hudo.com\/si\/aktualno\/nikolic-bo-morda-le-dobil-zeleno-luc\/"]}]},{"@type":"BreadcrumbList","@id":"https:\/\/hudo.com\/si\/aktualno\/nikolic-bo-morda-le-dobil-zeleno-luc\/#breadcrumb","itemListElement":[{"@type":"ListItem","position":1,"name":"Home","item":"https:\/\/hudo.com\/si\/"},{"@type":"ListItem","position":2,"name":"Nikoli\u0107 bo morda le dobil zeleno lu\u010d"}]},{"@type":"WebSite","@id":"https:\/\/hudo.com\/si\/#website","url":"https:\/\/hudo.com\/si\/","name":"Hudo Slovenija","description":"Vse novice iz Slovenije in sveta","publisher":{"@id":"https:\/\/hudo.com\/si\/#organization"},"potentialAction":[{"@type":"SearchAction","target":{"@type":"EntryPoint","urlTemplate":"https:\/\/hudo.com\/si\/?s={search_term_string}"},"query-input":"required name=search_term_string"}],"inLanguage":"sl-SI"},{"@type":"Organization","@id":"https:\/\/hudo.com\/si\/#organization","name":"VSN Media","url":"https:\/\/hudo.com\/si\/","logo":{"@type":"ImageObject","inLanguage":"sl-SI","@id":"https:\/\/hudo.com\/si\/#\/schema\/logo\/image\/","url":"https:\/\/hudo.com\/si\/wp-content\/uploads\/sites\/2\/2021\/03\/hudo-app-2.png","contentUrl":"https:\/\/hudo.com\/si\/wp-content\/uploads\/sites\/2\/2021\/03\/hudo-app-2.png","width":2185,"height":2167,"caption":"VSN Media"},"image":{"@id":"https:\/\/hudo.com\/si\/#\/schema\/logo\/image\/"},"sameAs":["https:\/\/www.facebook.com\/hudo.si","https:\/\/twitter.com\/hudo_si"]},{"@type":"Person","@id":"https:\/\/hudo.com\/si\/#\/schema\/person\/601cf3379633985b20f7e50f2bb47707","name":"hudo","image":{"@type":"ImageObject","inLanguage":"sl-SI","@id":"https:\/\/hudo.com\/si\/#\/schema\/person\/image\/","url":"https:\/\/secure.gravatar.com\/avatar\/c4ca25fa72cace7a696b52ff5db9e095?s=96&d=mm&r=g","contentUrl":"https:\/\/secure.gravatar.com\/avatar\/c4ca25fa72cace7a696b52ff5db9e095?s=96&d=mm&r=g","caption":"hudo"},"url":"https:\/\/hudo.com\/si\/author\/hudo\/"}]}},"amp_enabled":true,"_links":{"self":[{"href":"https:\/\/hudo.com\/si\/wp-json\/wp\/v2\/posts\/302109"}],"collection":[{"href":"https:\/\/hudo.com\/si\/wp-json\/wp\/v2\/posts"}],"about":[{"href":"https:\/\/hudo.com\/si\/wp-json\/wp\/v2\/types\/post"}],"author":[{"embeddable":true,"href":"https:\/\/hudo.com\/si\/wp-json\/wp\/v2\/users\/1"}],"replies":[{"embeddable":true,"href":"https:\/\/hudo.com\/si\/wp-json\/wp\/v2\/comments?post=302109"}],"version-history":[{"count":0,"href":"https:\/\/hudo.com\/si\/wp-json\/wp\/v2\/posts\/302109\/revisions"}],"wp:attachment":[{"href":"https:\/\/hudo.com\/si\/wp-json\/wp\/v2\/media?parent=302109"}],"wp:term":[{"taxonomy":"category","embeddable":true,"href":"https:\/\/hudo.com\/si\/wp-json\/wp\/v2\/categories?post=302109"},{"taxonomy":"post_tag","embeddable":true,"href":"https:\/\/hudo.com\/si\/wp-json\/wp\/v2\/tags?post=302109"},{"taxonomy":"source","embeddable":true,"href":"https:\/\/hudo.com\/si\/wp-json\/wp\/v2\/source?post=302109"},{"taxonomy":"supertag","embeddable":true,"href":"https:\/\/hudo.com\/si\/wp-json\/wp\/v2\/supertag?post=302109"}],"curies":[{"name":"wp","href":"https:\/\/api.w.org\/{rel}","templated":true}]}}