{"id":30317,"date":"2016-04-15T09:08:00","date_gmt":"2016-04-15T07:08:00","guid":{"rendered":"http:\/\/hudo.com\/si\/2016\/04\/15\/bach-slovenija-je-dezela-sporta-tu-se-pocutim-kot-doma\/"},"modified":"2016-04-15T09:08:00","modified_gmt":"2016-04-15T07:08:00","slug":"bach-slovenija-je-dezela-sporta-tu-se-pocutim-kot-doma","status":"publish","type":"post","link":"https:\/\/hudo.com\/si\/aktualno\/bach-slovenija-je-dezela-sporta-tu-se-pocutim-kot-doma\/","title":{"rendered":"Bach: Slovenija je de\u017eela \u0161porta, tu se po\u010dutim kot doma"},"content":{"rendered":"<p>Kategorija: Drugi \u0161porti Fri, 15 Apr 2016 11:08:00 +0200  Ljubljana &#8211; Na obisk v Slovenijo je pri\u0161el predsednik Mednarodnega olimpijskega komiteja (MOK) Thomas Bach. Svoje gostovanje je za\u010del z odprtjem Slovenskega olimpijskega izobra\u017eevalnega centra v Ljubljani. \u00bbPripravil sem precej sofisticiran govor, a potem, ko sem videl ta muzej, bom govoril kar iz srca, ne pa bral s papirja,\u00ab je po prisr\u010dnem odprtju centra povedal Bach in dodal, da je vesel vrnitve v Slovenijo, ki jo je leta 1994, takrat je bil v zibelki smu\u010darskih poletov v Planici, obiskal kot predsednik evalvacijske komisije Moka, ko je Slovenija skupaj z avstrijsko Koro\u0161ko in italijansko Furlanijo-Julijsko krajino prvi\u010d v okviru zamisli izvedbe olimpijskih iger treh de\u017eel kandidirala za ZOI 2002. Bach ni mogel mimo uspehov slovenskega \u0161porta. \u00bbTukaj se po\u010dutim doma. Slovenija je de\u017eela \u0161porta, morda pa je pomembna povezava tudi, da ste\u00a0&#8230;<\/p>\n","protected":false},"excerpt":{"rendered":"<p>Kategorija: Drugi \u0161porti Fri, 15 Apr 2016 11:08:00 +0200  Ljubljana &#8211; Na obisk v Slovenijo je pri\u0161el predsednik Mednarodnega olimpijskega komiteja (MOK) Thomas Bach. Svoje gostovanje je za\u010del z odprtjem Slovenskega olimpijskega izobra\u017eevalnega centra v Ljubljani. \u00bbPripravil sem precej sofisticiran govor, a potem, ko sem videl ta muzej, bom govoril kar iz srca, ne pa bral s papirja,\u00ab je po prisr\u010dnem odprtju centra povedal Bach in dodal, da je vesel vrnitve v Slovenijo, ki jo je leta 1994, takrat je bil v zibelki smu\u010darskih poletov v Planici, obiskal kot predsednik evalvacijske komisije Moka, ko je Slovenija skupaj z avstrijsko Koro\u0161ko in italijansko Furlanijo-Julijsko krajino prvi\u010d v okviru zamisli izvedbe olimpijskih iger treh de\u017eel kandidirala za ZOI 2002. Bach ni mogel mimo uspehov slovenskega \u0161porta. \u00bbTukaj se po\u010dutim doma. Slovenija je de\u017eela \u0161porta, morda pa je pomembna povezava tudi, da ste\u00a0&#8230;<\/p>\n","protected":false},"author":1,"featured_media":0,"comment_status":"closed","ping_status":"closed","sticky":false,"template":"","format":"standard","meta":{"footnotes":""},"categories":[1179],"tags":[],"source":[4511],"supertag":[],"acf":[],"yoast_head":"<!-- This site is optimized with the Yoast SEO plugin v21.3 - https:\/\/yoast.com\/wordpress\/plugins\/seo\/ -->\n<title>Bach: Slovenija je de\u017eela \u0161porta, tu se po\u010dutim kot doma - Hudo Slovenija<\/title>\n<meta name=\"robots\" content=\"index, follow, max-snippet:-1, max-image-preview:large, max-video-preview:-1\" \/>\n<link rel=\"canonical\" href=\"https:\/\/hudo.com\/si\/aktualno\/bach-slovenija-je-dezela-sporta-tu-se-pocutim-kot-doma\/\" \/>\n<meta property=\"og:locale\" content=\"sl_SI\" \/>\n<meta property=\"og:type\" content=\"article\" \/>\n<meta property=\"og:title\" content=\"Bach: Slovenija je de\u017eela \u0161porta, tu se po\u010dutim kot doma - Hudo Slovenija\" \/>\n<meta property=\"og:description\" content=\"Kategorija: Drugi \u0161porti Fri, 15 Apr 2016 11:08:00 +0200 Ljubljana - Na obisk v Slovenijo je pri\u0161el predsednik Mednarodnega olimpijskega komiteja (MOK) Thomas Bach. Svoje gostovanje je za\u010del z odprtjem Slovenskega olimpijskega izobra\u017eevalnega centra v Ljubljani. \u00bbPripravil sem precej sofisticiran govor, a potem, ko sem videl ta muzej, bom govoril kar iz srca, ne pa bral s papirja,\u00ab je po prisr\u010dnem odprtju centra povedal Bach in dodal, da je vesel vrnitve v Slovenijo, ki jo je leta 1994, takrat je bil v zibelki smu\u010darskih poletov v Planici, obiskal kot predsednik evalvacijske komisije Moka, ko je Slovenija skupaj z avstrijsko Koro\u0161ko in italijansko Furlanijo-Julijsko krajino prvi\u010d v okviru zamisli izvedbe olimpijskih iger treh de\u017eel kandidirala za ZOI 2002. Bach ni mogel mimo uspehov slovenskega \u0161porta. \u00bbTukaj se po\u010dutim doma. Slovenija je de\u017eela \u0161porta, morda pa je pomembna povezava tudi, da ste\u00a0...\" \/>\n<meta property=\"og:url\" content=\"https:\/\/hudo.com\/si\/aktualno\/bach-slovenija-je-dezela-sporta-tu-se-pocutim-kot-doma\/\" \/>\n<meta property=\"og:site_name\" content=\"Hudo Slovenija\" \/>\n<meta property=\"article:publisher\" content=\"https:\/\/www.facebook.com\/hudo.si\" \/>\n<meta property=\"article:published_time\" content=\"2016-04-15T07:08:00+00:00\" \/>\n<meta property=\"og:image\" content=\"https:\/\/hudo.com\/si\/wp-content\/uploads\/sites\/2\/2016\/04\/480x290_Bach.jpeg\" \/>\n\t<meta property=\"og:image:width\" content=\"480\" \/>\n\t<meta property=\"og:image:height\" content=\"290\" \/>\n\t<meta property=\"og:image:type\" content=\"image\/jpeg\" \/>\n<meta name=\"author\" content=\"hudo\" \/>\n<meta name=\"twitter:card\" content=\"summary_large_image\" \/>\n<meta name=\"twitter:creator\" content=\"@hudo_si\" \/>\n<meta name=\"twitter:site\" content=\"@hudo_si\" \/>\n<meta name=\"twitter:label1\" content=\"Written by\" \/>\n\t<meta name=\"twitter:data1\" content=\"hudo\" \/>\n\t<meta name=\"twitter:label2\" content=\"Est. reading time\" \/>\n\t<meta name=\"twitter:data2\" content=\"1 minuta\" \/>\n<script type=\"application\/ld+json\" class=\"yoast-schema-graph\">{\"@context\":\"https:\/\/schema.org\",\"@graph\":[{\"@type\":\"Article\",\"@id\":\"https:\/\/hudo.com\/si\/aktualno\/bach-slovenija-je-dezela-sporta-tu-se-pocutim-kot-doma\/#article\",\"isPartOf\":{\"@id\":\"https:\/\/hudo.com\/si\/aktualno\/bach-slovenija-je-dezela-sporta-tu-se-pocutim-kot-doma\/\"},\"author\":{\"name\":\"hudo\",\"@id\":\"https:\/\/hudo.com\/si\/#\/schema\/person\/601cf3379633985b20f7e50f2bb47707\"},\"headline\":\"Bach: Slovenija je de\u017eela \u0161porta, tu se po\u010dutim kot doma\",\"datePublished\":\"2016-04-15T07:08:00+00:00\",\"dateModified\":\"2016-04-15T07:08:00+00:00\",\"mainEntityOfPage\":{\"@id\":\"https:\/\/hudo.com\/si\/aktualno\/bach-slovenija-je-dezela-sporta-tu-se-pocutim-kot-doma\/\"},\"wordCount\":155,\"publisher\":{\"@id\":\"https:\/\/hudo.com\/si\/#organization\"},\"articleSection\":[\"Aktualno\"],\"inLanguage\":\"sl-SI\"},{\"@type\":\"WebPage\",\"@id\":\"https:\/\/hudo.com\/si\/aktualno\/bach-slovenija-je-dezela-sporta-tu-se-pocutim-kot-doma\/\",\"url\":\"https:\/\/hudo.com\/si\/aktualno\/bach-slovenija-je-dezela-sporta-tu-se-pocutim-kot-doma\/\",\"name\":\"Bach: Slovenija je de\u017eela \u0161porta, tu se po\u010dutim kot doma - Hudo Slovenija\",\"isPartOf\":{\"@id\":\"https:\/\/hudo.com\/si\/#website\"},\"datePublished\":\"2016-04-15T07:08:00+00:00\",\"dateModified\":\"2016-04-15T07:08:00+00:00\",\"breadcrumb\":{\"@id\":\"https:\/\/hudo.com\/si\/aktualno\/bach-slovenija-je-dezela-sporta-tu-se-pocutim-kot-doma\/#breadcrumb\"},\"inLanguage\":\"sl-SI\",\"potentialAction\":[{\"@type\":\"ReadAction\",\"target\":[\"https:\/\/hudo.com\/si\/aktualno\/bach-slovenija-je-dezela-sporta-tu-se-pocutim-kot-doma\/\"]}]},{\"@type\":\"BreadcrumbList\",\"@id\":\"https:\/\/hudo.com\/si\/aktualno\/bach-slovenija-je-dezela-sporta-tu-se-pocutim-kot-doma\/#breadcrumb\",\"itemListElement\":[{\"@type\":\"ListItem\",\"position\":1,\"name\":\"Home\",\"item\":\"https:\/\/hudo.com\/si\/\"},{\"@type\":\"ListItem\",\"position\":2,\"name\":\"Bach: Slovenija je de\u017eela \u0161porta, tu se po\u010dutim kot doma\"}]},{\"@type\":\"WebSite\",\"@id\":\"https:\/\/hudo.com\/si\/#website\",\"url\":\"https:\/\/hudo.com\/si\/\",\"name\":\"Hudo Slovenija\",\"description\":\"Vse novice iz Slovenije in sveta\",\"publisher\":{\"@id\":\"https:\/\/hudo.com\/si\/#organization\"},\"potentialAction\":[{\"@type\":\"SearchAction\",\"target\":{\"@type\":\"EntryPoint\",\"urlTemplate\":\"https:\/\/hudo.com\/si\/?s={search_term_string}\"},\"query-input\":\"required name=search_term_string\"}],\"inLanguage\":\"sl-SI\"},{\"@type\":\"Organization\",\"@id\":\"https:\/\/hudo.com\/si\/#organization\",\"name\":\"VSN Media\",\"url\":\"https:\/\/hudo.com\/si\/\",\"logo\":{\"@type\":\"ImageObject\",\"inLanguage\":\"sl-SI\",\"@id\":\"https:\/\/hudo.com\/si\/#\/schema\/logo\/image\/\",\"url\":\"https:\/\/hudo.com\/si\/wp-content\/uploads\/sites\/2\/2021\/03\/hudo-app-2.png\",\"contentUrl\":\"https:\/\/hudo.com\/si\/wp-content\/uploads\/sites\/2\/2021\/03\/hudo-app-2.png\",\"width\":2185,\"height\":2167,\"caption\":\"VSN Media\"},\"image\":{\"@id\":\"https:\/\/hudo.com\/si\/#\/schema\/logo\/image\/\"},\"sameAs\":[\"https:\/\/www.facebook.com\/hudo.si\",\"https:\/\/twitter.com\/hudo_si\"]},{\"@type\":\"Person\",\"@id\":\"https:\/\/hudo.com\/si\/#\/schema\/person\/601cf3379633985b20f7e50f2bb47707\",\"name\":\"hudo\",\"image\":{\"@type\":\"ImageObject\",\"inLanguage\":\"sl-SI\",\"@id\":\"https:\/\/hudo.com\/si\/#\/schema\/person\/image\/\",\"url\":\"https:\/\/secure.gravatar.com\/avatar\/c4ca25fa72cace7a696b52ff5db9e095?s=96&d=mm&r=g\",\"contentUrl\":\"https:\/\/secure.gravatar.com\/avatar\/c4ca25fa72cace7a696b52ff5db9e095?s=96&d=mm&r=g\",\"caption\":\"hudo\"},\"url\":\"https:\/\/hudo.com\/si\/author\/hudo\/\"}]}<\/script>\n<!-- \/ Yoast SEO plugin. -->","yoast_head_json":{"title":"Bach: Slovenija je de\u017eela \u0161porta, tu se po\u010dutim kot doma - Hudo Slovenija","robots":{"index":"index","follow":"follow","max-snippet":"max-snippet:-1","max-image-preview":"max-image-preview:large","max-video-preview":"max-video-preview:-1"},"canonical":"https:\/\/hudo.com\/si\/aktualno\/bach-slovenija-je-dezela-sporta-tu-se-pocutim-kot-doma\/","og_locale":"sl_SI","og_type":"article","og_title":"Bach: Slovenija je de\u017eela \u0161porta, tu se po\u010dutim kot doma - Hudo Slovenija","og_description":"Kategorija: Drugi \u0161porti Fri, 15 Apr 2016 11:08:00 +0200 Ljubljana - Na obisk v Slovenijo je pri\u0161el predsednik Mednarodnega olimpijskega komiteja (MOK) Thomas Bach. Svoje gostovanje je za\u010del z odprtjem Slovenskega olimpijskega izobra\u017eevalnega centra v Ljubljani. \u00bbPripravil sem precej sofisticiran govor, a potem, ko sem videl ta muzej, bom govoril kar iz srca, ne pa bral s papirja,\u00ab je po prisr\u010dnem odprtju centra povedal Bach in dodal, da je vesel vrnitve v Slovenijo, ki jo je leta 1994, takrat je bil v zibelki smu\u010darskih poletov v Planici, obiskal kot predsednik evalvacijske komisije Moka, ko je Slovenija skupaj z avstrijsko Koro\u0161ko in italijansko Furlanijo-Julijsko krajino prvi\u010d v okviru zamisli izvedbe olimpijskih iger treh de\u017eel kandidirala za ZOI 2002. Bach ni mogel mimo uspehov slovenskega \u0161porta. \u00bbTukaj se po\u010dutim doma. Slovenija je de\u017eela \u0161porta, morda pa je pomembna povezava tudi, da ste\u00a0...","og_url":"https:\/\/hudo.com\/si\/aktualno\/bach-slovenija-je-dezela-sporta-tu-se-pocutim-kot-doma\/","og_site_name":"Hudo Slovenija","article_publisher":"https:\/\/www.facebook.com\/hudo.si","article_published_time":"2016-04-15T07:08:00+00:00","og_image":[{"width":480,"height":290,"url":"https:\/\/hudo.com\/si\/wp-content\/uploads\/sites\/2\/2016\/04\/480x290_Bach.jpeg","type":"image\/jpeg"}],"author":"hudo","twitter_card":"summary_large_image","twitter_creator":"@hudo_si","twitter_site":"@hudo_si","twitter_misc":{"Written by":"hudo","Est. reading time":"1 minuta"},"schema":{"@context":"https:\/\/schema.org","@graph":[{"@type":"Article","@id":"https:\/\/hudo.com\/si\/aktualno\/bach-slovenija-je-dezela-sporta-tu-se-pocutim-kot-doma\/#article","isPartOf":{"@id":"https:\/\/hudo.com\/si\/aktualno\/bach-slovenija-je-dezela-sporta-tu-se-pocutim-kot-doma\/"},"author":{"name":"hudo","@id":"https:\/\/hudo.com\/si\/#\/schema\/person\/601cf3379633985b20f7e50f2bb47707"},"headline":"Bach: Slovenija je de\u017eela \u0161porta, tu se po\u010dutim kot doma","datePublished":"2016-04-15T07:08:00+00:00","dateModified":"2016-04-15T07:08:00+00:00","mainEntityOfPage":{"@id":"https:\/\/hudo.com\/si\/aktualno\/bach-slovenija-je-dezela-sporta-tu-se-pocutim-kot-doma\/"},"wordCount":155,"publisher":{"@id":"https:\/\/hudo.com\/si\/#organization"},"articleSection":["Aktualno"],"inLanguage":"sl-SI"},{"@type":"WebPage","@id":"https:\/\/hudo.com\/si\/aktualno\/bach-slovenija-je-dezela-sporta-tu-se-pocutim-kot-doma\/","url":"https:\/\/hudo.com\/si\/aktualno\/bach-slovenija-je-dezela-sporta-tu-se-pocutim-kot-doma\/","name":"Bach: Slovenija je de\u017eela \u0161porta, tu se po\u010dutim kot doma - Hudo Slovenija","isPartOf":{"@id":"https:\/\/hudo.com\/si\/#website"},"datePublished":"2016-04-15T07:08:00+00:00","dateModified":"2016-04-15T07:08:00+00:00","breadcrumb":{"@id":"https:\/\/hudo.com\/si\/aktualno\/bach-slovenija-je-dezela-sporta-tu-se-pocutim-kot-doma\/#breadcrumb"},"inLanguage":"sl-SI","potentialAction":[{"@type":"ReadAction","target":["https:\/\/hudo.com\/si\/aktualno\/bach-slovenija-je-dezela-sporta-tu-se-pocutim-kot-doma\/"]}]},{"@type":"BreadcrumbList","@id":"https:\/\/hudo.com\/si\/aktualno\/bach-slovenija-je-dezela-sporta-tu-se-pocutim-kot-doma\/#breadcrumb","itemListElement":[{"@type":"ListItem","position":1,"name":"Home","item":"https:\/\/hudo.com\/si\/"},{"@type":"ListItem","position":2,"name":"Bach: Slovenija je de\u017eela \u0161porta, tu se po\u010dutim kot doma"}]},{"@type":"WebSite","@id":"https:\/\/hudo.com\/si\/#website","url":"https:\/\/hudo.com\/si\/","name":"Hudo Slovenija","description":"Vse novice iz Slovenije in sveta","publisher":{"@id":"https:\/\/hudo.com\/si\/#organization"},"potentialAction":[{"@type":"SearchAction","target":{"@type":"EntryPoint","urlTemplate":"https:\/\/hudo.com\/si\/?s={search_term_string}"},"query-input":"required name=search_term_string"}],"inLanguage":"sl-SI"},{"@type":"Organization","@id":"https:\/\/hudo.com\/si\/#organization","name":"VSN Media","url":"https:\/\/hudo.com\/si\/","logo":{"@type":"ImageObject","inLanguage":"sl-SI","@id":"https:\/\/hudo.com\/si\/#\/schema\/logo\/image\/","url":"https:\/\/hudo.com\/si\/wp-content\/uploads\/sites\/2\/2021\/03\/hudo-app-2.png","contentUrl":"https:\/\/hudo.com\/si\/wp-content\/uploads\/sites\/2\/2021\/03\/hudo-app-2.png","width":2185,"height":2167,"caption":"VSN Media"},"image":{"@id":"https:\/\/hudo.com\/si\/#\/schema\/logo\/image\/"},"sameAs":["https:\/\/www.facebook.com\/hudo.si","https:\/\/twitter.com\/hudo_si"]},{"@type":"Person","@id":"https:\/\/hudo.com\/si\/#\/schema\/person\/601cf3379633985b20f7e50f2bb47707","name":"hudo","image":{"@type":"ImageObject","inLanguage":"sl-SI","@id":"https:\/\/hudo.com\/si\/#\/schema\/person\/image\/","url":"https:\/\/secure.gravatar.com\/avatar\/c4ca25fa72cace7a696b52ff5db9e095?s=96&d=mm&r=g","contentUrl":"https:\/\/secure.gravatar.com\/avatar\/c4ca25fa72cace7a696b52ff5db9e095?s=96&d=mm&r=g","caption":"hudo"},"url":"https:\/\/hudo.com\/si\/author\/hudo\/"}]}},"amp_enabled":true,"_links":{"self":[{"href":"https:\/\/hudo.com\/si\/wp-json\/wp\/v2\/posts\/30317"}],"collection":[{"href":"https:\/\/hudo.com\/si\/wp-json\/wp\/v2\/posts"}],"about":[{"href":"https:\/\/hudo.com\/si\/wp-json\/wp\/v2\/types\/post"}],"author":[{"embeddable":true,"href":"https:\/\/hudo.com\/si\/wp-json\/wp\/v2\/users\/1"}],"replies":[{"embeddable":true,"href":"https:\/\/hudo.com\/si\/wp-json\/wp\/v2\/comments?post=30317"}],"version-history":[{"count":0,"href":"https:\/\/hudo.com\/si\/wp-json\/wp\/v2\/posts\/30317\/revisions"}],"wp:attachment":[{"href":"https:\/\/hudo.com\/si\/wp-json\/wp\/v2\/media?parent=30317"}],"wp:term":[{"taxonomy":"category","embeddable":true,"href":"https:\/\/hudo.com\/si\/wp-json\/wp\/v2\/categories?post=30317"},{"taxonomy":"post_tag","embeddable":true,"href":"https:\/\/hudo.com\/si\/wp-json\/wp\/v2\/tags?post=30317"},{"taxonomy":"source","embeddable":true,"href":"https:\/\/hudo.com\/si\/wp-json\/wp\/v2\/source?post=30317"},{"taxonomy":"supertag","embeddable":true,"href":"https:\/\/hudo.com\/si\/wp-json\/wp\/v2\/supertag?post=30317"}],"curies":[{"name":"wp","href":"https:\/\/api.w.org\/{rel}","templated":true}]}}