{"id":303299,"date":"2017-09-26T08:37:00","date_gmt":"2017-09-26T06:37:00","guid":{"rendered":"http:\/\/hudo.com\/si\/2017\/09\/26\/svojci-nasli-poskodovanega-moskega-opazeno-tudi-vozilo\/"},"modified":"2017-09-26T08:37:00","modified_gmt":"2017-09-26T06:37:00","slug":"svojci-nasli-poskodovanega-moskega-opazeno-tudi-vozilo","status":"publish","type":"post","link":"https:\/\/hudo.com\/si\/aktualno\/svojci-nasli-poskodovanega-moskega-opazeno-tudi-vozilo\/","title":{"rendered":"Svojci na\u0161li po\u0161kodovanega mo\u0161kega, opa\u017eeno tudi vozilo"},"content":{"rendered":"<p>Zve\u010der okoli 21.30 je bil na Blejski Dobravi najden po\u0161kodovan mo\u0161ki, ki je le\u017eal na dovozu pred stanovanjsko hi\u0161o. Mo\u0161kega, ki je bil s kraja odpeljan v zdravstveno ustanovo, so na\u0161li\u00a0svojci. Ugotovljene okoli\u0161\u010dine dogodka in telesne po\u0161kodbe pri po\u0161kodovancu\u00a0so zna\u010dilne za prometno nesre\u010do, takrat pa je bilo na kraju dogodka opa\u017eeno\u00a0tudi vozilo. Zato policisti pozivajo voznika, ki je bil takrat na tem kraju, naj zaradi razjasnitve okoli\u0161\u010din dogodka pokli\u010de na interventno \u0161tevilko 113 in se zglasi na najbli\u017eji policijski postaji. &#8220;Za informacije prosimo tudi pri\u010de, da naj sporo\u010dijo podatke o vozilih, ki so jih v tistem \u010dasu opazile na Blejski Dobravi,&#8221; \u0161e sporo\u010da kranjska policijska uprava.<\/p>\n","protected":false},"excerpt":{"rendered":"<p>Zve\u010der okoli 21.30 je bil na Blejski Dobravi najden po\u0161kodovan mo\u0161ki, ki je le\u017eal na dovozu pred stanovanjsko hi\u0161o. Mo\u0161kega, ki je bil s kraja odpeljan v zdravstveno ustanovo, so na\u0161li\u00a0svojci. Ugotovljene okoli\u0161\u010dine dogodka in telesne po\u0161kodbe pri po\u0161kodovancu\u00a0so zna\u010dilne za prometno nesre\u010do, takrat pa je bilo na kraju dogodka opa\u017eeno\u00a0tudi vozilo. Zato policisti pozivajo voznika, ki je bil takrat na tem kraju, naj zaradi razjasnitve okoli\u0161\u010din dogodka pokli\u010de na interventno \u0161tevilko 113 in se zglasi na najbli\u017eji policijski postaji. &#8220;Za informacije prosimo tudi pri\u010de, da naj sporo\u010dijo podatke o vozilih, ki so jih v tistem \u010dasu opazile na Blejski Dobravi,&#8221; \u0161e sporo\u010da kranjska policijska uprava.<\/p>\n","protected":false},"author":1,"featured_media":0,"comment_status":"closed","ping_status":"closed","sticky":false,"template":"","format":"standard","meta":{"footnotes":""},"categories":[1179],"tags":[],"source":[1711],"supertag":[],"acf":[],"yoast_head":"<!-- This site is optimized with the Yoast SEO plugin v21.3 - https:\/\/yoast.com\/wordpress\/plugins\/seo\/ -->\n<title>Svojci na\u0161li po\u0161kodovanega mo\u0161kega, opa\u017eeno tudi vozilo - Hudo Slovenija<\/title>\n<meta name=\"robots\" content=\"index, follow, max-snippet:-1, max-image-preview:large, max-video-preview:-1\" \/>\n<link rel=\"canonical\" href=\"https:\/\/hudo.com\/si\/aktualno\/svojci-nasli-poskodovanega-moskega-opazeno-tudi-vozilo\/\" \/>\n<meta property=\"og:locale\" content=\"sl_SI\" \/>\n<meta property=\"og:type\" content=\"article\" \/>\n<meta property=\"og:title\" content=\"Svojci na\u0161li po\u0161kodovanega mo\u0161kega, opa\u017eeno tudi vozilo - Hudo Slovenija\" \/>\n<meta property=\"og:description\" content=\"Zve\u010der okoli 21.30 je bil na Blejski Dobravi najden po\u0161kodovan mo\u0161ki, ki je le\u017eal na dovozu pred stanovanjsko hi\u0161o. Mo\u0161kega, ki je bil s kraja odpeljan v zdravstveno ustanovo, so na\u0161li\u00a0svojci. Ugotovljene okoli\u0161\u010dine dogodka in telesne po\u0161kodbe pri po\u0161kodovancu\u00a0so zna\u010dilne za prometno nesre\u010do, takrat pa je bilo na kraju dogodka opa\u017eeno\u00a0tudi vozilo. Zato policisti pozivajo voznika, ki je bil takrat na tem kraju, naj zaradi razjasnitve okoli\u0161\u010din dogodka pokli\u010de na interventno \u0161tevilko 113 in se zglasi na najbli\u017eji policijski postaji. &quot;Za informacije prosimo tudi pri\u010de, da naj sporo\u010dijo podatke o vozilih, ki so jih v tistem \u010dasu opazile na Blejski Dobravi,&quot; \u0161e sporo\u010da kranjska policijska uprava.\" \/>\n<meta property=\"og:url\" content=\"https:\/\/hudo.com\/si\/aktualno\/svojci-nasli-poskodovanega-moskega-opazeno-tudi-vozilo\/\" \/>\n<meta property=\"og:site_name\" content=\"Hudo Slovenija\" \/>\n<meta property=\"article:publisher\" content=\"https:\/\/www.facebook.com\/hudo.si\" \/>\n<meta property=\"article:published_time\" content=\"2017-09-26T06:37:00+00:00\" \/>\n<meta property=\"og:image\" content=\"https:\/\/hudo.com\/si\/wp-content\/uploads\/sites\/2\/2017\/09\/3496542-300.jpg\" \/>\n\t<meta property=\"og:image:width\" content=\"450\" \/>\n\t<meta property=\"og:image:height\" content=\"322\" \/>\n\t<meta property=\"og:image:type\" content=\"image\/jpeg\" \/>\n<meta name=\"author\" content=\"hudo\" \/>\n<meta name=\"twitter:card\" content=\"summary_large_image\" \/>\n<meta name=\"twitter:creator\" content=\"@hudo_si\" \/>\n<meta name=\"twitter:site\" content=\"@hudo_si\" \/>\n<meta name=\"twitter:label1\" content=\"Written by\" \/>\n\t<meta name=\"twitter:data1\" content=\"hudo\" \/>\n\t<meta name=\"twitter:label2\" content=\"Est. reading time\" \/>\n\t<meta name=\"twitter:data2\" content=\"1 minuta\" \/>\n<script type=\"application\/ld+json\" class=\"yoast-schema-graph\">{\"@context\":\"https:\/\/schema.org\",\"@graph\":[{\"@type\":\"Article\",\"@id\":\"https:\/\/hudo.com\/si\/aktualno\/svojci-nasli-poskodovanega-moskega-opazeno-tudi-vozilo\/#article\",\"isPartOf\":{\"@id\":\"https:\/\/hudo.com\/si\/aktualno\/svojci-nasli-poskodovanega-moskega-opazeno-tudi-vozilo\/\"},\"author\":{\"name\":\"hudo\",\"@id\":\"https:\/\/hudo.com\/si\/#\/schema\/person\/601cf3379633985b20f7e50f2bb47707\"},\"headline\":\"Svojci na\u0161li po\u0161kodovanega mo\u0161kega, opa\u017eeno tudi vozilo\",\"datePublished\":\"2017-09-26T06:37:00+00:00\",\"dateModified\":\"2017-09-26T06:37:00+00:00\",\"mainEntityOfPage\":{\"@id\":\"https:\/\/hudo.com\/si\/aktualno\/svojci-nasli-poskodovanega-moskega-opazeno-tudi-vozilo\/\"},\"wordCount\":137,\"publisher\":{\"@id\":\"https:\/\/hudo.com\/si\/#organization\"},\"articleSection\":[\"Aktualno\"],\"inLanguage\":\"sl-SI\"},{\"@type\":\"WebPage\",\"@id\":\"https:\/\/hudo.com\/si\/aktualno\/svojci-nasli-poskodovanega-moskega-opazeno-tudi-vozilo\/\",\"url\":\"https:\/\/hudo.com\/si\/aktualno\/svojci-nasli-poskodovanega-moskega-opazeno-tudi-vozilo\/\",\"name\":\"Svojci na\u0161li po\u0161kodovanega mo\u0161kega, opa\u017eeno tudi vozilo - Hudo Slovenija\",\"isPartOf\":{\"@id\":\"https:\/\/hudo.com\/si\/#website\"},\"datePublished\":\"2017-09-26T06:37:00+00:00\",\"dateModified\":\"2017-09-26T06:37:00+00:00\",\"breadcrumb\":{\"@id\":\"https:\/\/hudo.com\/si\/aktualno\/svojci-nasli-poskodovanega-moskega-opazeno-tudi-vozilo\/#breadcrumb\"},\"inLanguage\":\"sl-SI\",\"potentialAction\":[{\"@type\":\"ReadAction\",\"target\":[\"https:\/\/hudo.com\/si\/aktualno\/svojci-nasli-poskodovanega-moskega-opazeno-tudi-vozilo\/\"]}]},{\"@type\":\"BreadcrumbList\",\"@id\":\"https:\/\/hudo.com\/si\/aktualno\/svojci-nasli-poskodovanega-moskega-opazeno-tudi-vozilo\/#breadcrumb\",\"itemListElement\":[{\"@type\":\"ListItem\",\"position\":1,\"name\":\"Home\",\"item\":\"https:\/\/hudo.com\/si\/\"},{\"@type\":\"ListItem\",\"position\":2,\"name\":\"Svojci na\u0161li po\u0161kodovanega mo\u0161kega, opa\u017eeno tudi vozilo\"}]},{\"@type\":\"WebSite\",\"@id\":\"https:\/\/hudo.com\/si\/#website\",\"url\":\"https:\/\/hudo.com\/si\/\",\"name\":\"Hudo Slovenija\",\"description\":\"Vse novice iz Slovenije in sveta\",\"publisher\":{\"@id\":\"https:\/\/hudo.com\/si\/#organization\"},\"potentialAction\":[{\"@type\":\"SearchAction\",\"target\":{\"@type\":\"EntryPoint\",\"urlTemplate\":\"https:\/\/hudo.com\/si\/?s={search_term_string}\"},\"query-input\":\"required name=search_term_string\"}],\"inLanguage\":\"sl-SI\"},{\"@type\":\"Organization\",\"@id\":\"https:\/\/hudo.com\/si\/#organization\",\"name\":\"VSN Media\",\"url\":\"https:\/\/hudo.com\/si\/\",\"logo\":{\"@type\":\"ImageObject\",\"inLanguage\":\"sl-SI\",\"@id\":\"https:\/\/hudo.com\/si\/#\/schema\/logo\/image\/\",\"url\":\"https:\/\/hudo.com\/si\/wp-content\/uploads\/sites\/2\/2021\/03\/hudo-app-2.png\",\"contentUrl\":\"https:\/\/hudo.com\/si\/wp-content\/uploads\/sites\/2\/2021\/03\/hudo-app-2.png\",\"width\":2185,\"height\":2167,\"caption\":\"VSN Media\"},\"image\":{\"@id\":\"https:\/\/hudo.com\/si\/#\/schema\/logo\/image\/\"},\"sameAs\":[\"https:\/\/www.facebook.com\/hudo.si\",\"https:\/\/twitter.com\/hudo_si\"]},{\"@type\":\"Person\",\"@id\":\"https:\/\/hudo.com\/si\/#\/schema\/person\/601cf3379633985b20f7e50f2bb47707\",\"name\":\"hudo\",\"image\":{\"@type\":\"ImageObject\",\"inLanguage\":\"sl-SI\",\"@id\":\"https:\/\/hudo.com\/si\/#\/schema\/person\/image\/\",\"url\":\"https:\/\/secure.gravatar.com\/avatar\/c4ca25fa72cace7a696b52ff5db9e095?s=96&d=mm&r=g\",\"contentUrl\":\"https:\/\/secure.gravatar.com\/avatar\/c4ca25fa72cace7a696b52ff5db9e095?s=96&d=mm&r=g\",\"caption\":\"hudo\"},\"url\":\"https:\/\/hudo.com\/si\/author\/hudo\/\"}]}<\/script>\n<!-- \/ Yoast SEO plugin. -->","yoast_head_json":{"title":"Svojci na\u0161li po\u0161kodovanega mo\u0161kega, opa\u017eeno tudi vozilo - Hudo Slovenija","robots":{"index":"index","follow":"follow","max-snippet":"max-snippet:-1","max-image-preview":"max-image-preview:large","max-video-preview":"max-video-preview:-1"},"canonical":"https:\/\/hudo.com\/si\/aktualno\/svojci-nasli-poskodovanega-moskega-opazeno-tudi-vozilo\/","og_locale":"sl_SI","og_type":"article","og_title":"Svojci na\u0161li po\u0161kodovanega mo\u0161kega, opa\u017eeno tudi vozilo - Hudo Slovenija","og_description":"Zve\u010der okoli 21.30 je bil na Blejski Dobravi najden po\u0161kodovan mo\u0161ki, ki je le\u017eal na dovozu pred stanovanjsko hi\u0161o. Mo\u0161kega, ki je bil s kraja odpeljan v zdravstveno ustanovo, so na\u0161li\u00a0svojci. Ugotovljene okoli\u0161\u010dine dogodka in telesne po\u0161kodbe pri po\u0161kodovancu\u00a0so zna\u010dilne za prometno nesre\u010do, takrat pa je bilo na kraju dogodka opa\u017eeno\u00a0tudi vozilo. Zato policisti pozivajo voznika, ki je bil takrat na tem kraju, naj zaradi razjasnitve okoli\u0161\u010din dogodka pokli\u010de na interventno \u0161tevilko 113 in se zglasi na najbli\u017eji policijski postaji. \"Za informacije prosimo tudi pri\u010de, da naj sporo\u010dijo podatke o vozilih, ki so jih v tistem \u010dasu opazile na Blejski Dobravi,\" \u0161e sporo\u010da kranjska policijska uprava.","og_url":"https:\/\/hudo.com\/si\/aktualno\/svojci-nasli-poskodovanega-moskega-opazeno-tudi-vozilo\/","og_site_name":"Hudo Slovenija","article_publisher":"https:\/\/www.facebook.com\/hudo.si","article_published_time":"2017-09-26T06:37:00+00:00","og_image":[{"width":450,"height":322,"url":"https:\/\/hudo.com\/si\/wp-content\/uploads\/sites\/2\/2017\/09\/3496542-300.jpg","type":"image\/jpeg"}],"author":"hudo","twitter_card":"summary_large_image","twitter_creator":"@hudo_si","twitter_site":"@hudo_si","twitter_misc":{"Written by":"hudo","Est. reading time":"1 minuta"},"schema":{"@context":"https:\/\/schema.org","@graph":[{"@type":"Article","@id":"https:\/\/hudo.com\/si\/aktualno\/svojci-nasli-poskodovanega-moskega-opazeno-tudi-vozilo\/#article","isPartOf":{"@id":"https:\/\/hudo.com\/si\/aktualno\/svojci-nasli-poskodovanega-moskega-opazeno-tudi-vozilo\/"},"author":{"name":"hudo","@id":"https:\/\/hudo.com\/si\/#\/schema\/person\/601cf3379633985b20f7e50f2bb47707"},"headline":"Svojci na\u0161li po\u0161kodovanega mo\u0161kega, opa\u017eeno tudi vozilo","datePublished":"2017-09-26T06:37:00+00:00","dateModified":"2017-09-26T06:37:00+00:00","mainEntityOfPage":{"@id":"https:\/\/hudo.com\/si\/aktualno\/svojci-nasli-poskodovanega-moskega-opazeno-tudi-vozilo\/"},"wordCount":137,"publisher":{"@id":"https:\/\/hudo.com\/si\/#organization"},"articleSection":["Aktualno"],"inLanguage":"sl-SI"},{"@type":"WebPage","@id":"https:\/\/hudo.com\/si\/aktualno\/svojci-nasli-poskodovanega-moskega-opazeno-tudi-vozilo\/","url":"https:\/\/hudo.com\/si\/aktualno\/svojci-nasli-poskodovanega-moskega-opazeno-tudi-vozilo\/","name":"Svojci na\u0161li po\u0161kodovanega mo\u0161kega, opa\u017eeno tudi vozilo - Hudo Slovenija","isPartOf":{"@id":"https:\/\/hudo.com\/si\/#website"},"datePublished":"2017-09-26T06:37:00+00:00","dateModified":"2017-09-26T06:37:00+00:00","breadcrumb":{"@id":"https:\/\/hudo.com\/si\/aktualno\/svojci-nasli-poskodovanega-moskega-opazeno-tudi-vozilo\/#breadcrumb"},"inLanguage":"sl-SI","potentialAction":[{"@type":"ReadAction","target":["https:\/\/hudo.com\/si\/aktualno\/svojci-nasli-poskodovanega-moskega-opazeno-tudi-vozilo\/"]}]},{"@type":"BreadcrumbList","@id":"https:\/\/hudo.com\/si\/aktualno\/svojci-nasli-poskodovanega-moskega-opazeno-tudi-vozilo\/#breadcrumb","itemListElement":[{"@type":"ListItem","position":1,"name":"Home","item":"https:\/\/hudo.com\/si\/"},{"@type":"ListItem","position":2,"name":"Svojci na\u0161li po\u0161kodovanega mo\u0161kega, opa\u017eeno tudi vozilo"}]},{"@type":"WebSite","@id":"https:\/\/hudo.com\/si\/#website","url":"https:\/\/hudo.com\/si\/","name":"Hudo Slovenija","description":"Vse novice iz Slovenije in sveta","publisher":{"@id":"https:\/\/hudo.com\/si\/#organization"},"potentialAction":[{"@type":"SearchAction","target":{"@type":"EntryPoint","urlTemplate":"https:\/\/hudo.com\/si\/?s={search_term_string}"},"query-input":"required name=search_term_string"}],"inLanguage":"sl-SI"},{"@type":"Organization","@id":"https:\/\/hudo.com\/si\/#organization","name":"VSN Media","url":"https:\/\/hudo.com\/si\/","logo":{"@type":"ImageObject","inLanguage":"sl-SI","@id":"https:\/\/hudo.com\/si\/#\/schema\/logo\/image\/","url":"https:\/\/hudo.com\/si\/wp-content\/uploads\/sites\/2\/2021\/03\/hudo-app-2.png","contentUrl":"https:\/\/hudo.com\/si\/wp-content\/uploads\/sites\/2\/2021\/03\/hudo-app-2.png","width":2185,"height":2167,"caption":"VSN Media"},"image":{"@id":"https:\/\/hudo.com\/si\/#\/schema\/logo\/image\/"},"sameAs":["https:\/\/www.facebook.com\/hudo.si","https:\/\/twitter.com\/hudo_si"]},{"@type":"Person","@id":"https:\/\/hudo.com\/si\/#\/schema\/person\/601cf3379633985b20f7e50f2bb47707","name":"hudo","image":{"@type":"ImageObject","inLanguage":"sl-SI","@id":"https:\/\/hudo.com\/si\/#\/schema\/person\/image\/","url":"https:\/\/secure.gravatar.com\/avatar\/c4ca25fa72cace7a696b52ff5db9e095?s=96&d=mm&r=g","contentUrl":"https:\/\/secure.gravatar.com\/avatar\/c4ca25fa72cace7a696b52ff5db9e095?s=96&d=mm&r=g","caption":"hudo"},"url":"https:\/\/hudo.com\/si\/author\/hudo\/"}]}},"amp_enabled":true,"_links":{"self":[{"href":"https:\/\/hudo.com\/si\/wp-json\/wp\/v2\/posts\/303299"}],"collection":[{"href":"https:\/\/hudo.com\/si\/wp-json\/wp\/v2\/posts"}],"about":[{"href":"https:\/\/hudo.com\/si\/wp-json\/wp\/v2\/types\/post"}],"author":[{"embeddable":true,"href":"https:\/\/hudo.com\/si\/wp-json\/wp\/v2\/users\/1"}],"replies":[{"embeddable":true,"href":"https:\/\/hudo.com\/si\/wp-json\/wp\/v2\/comments?post=303299"}],"version-history":[{"count":0,"href":"https:\/\/hudo.com\/si\/wp-json\/wp\/v2\/posts\/303299\/revisions"}],"wp:attachment":[{"href":"https:\/\/hudo.com\/si\/wp-json\/wp\/v2\/media?parent=303299"}],"wp:term":[{"taxonomy":"category","embeddable":true,"href":"https:\/\/hudo.com\/si\/wp-json\/wp\/v2\/categories?post=303299"},{"taxonomy":"post_tag","embeddable":true,"href":"https:\/\/hudo.com\/si\/wp-json\/wp\/v2\/tags?post=303299"},{"taxonomy":"source","embeddable":true,"href":"https:\/\/hudo.com\/si\/wp-json\/wp\/v2\/source?post=303299"},{"taxonomy":"supertag","embeddable":true,"href":"https:\/\/hudo.com\/si\/wp-json\/wp\/v2\/supertag?post=303299"}],"curies":[{"name":"wp","href":"https:\/\/api.w.org\/{rel}","templated":true}]}}