{"id":30445,"date":"2016-04-15T09:00:00","date_gmt":"2016-04-15T07:00:00","guid":{"rendered":"http:\/\/hudo.com\/si\/2016\/04\/15\/poti-v-brazilijo-se-niso-odpisali\/"},"modified":"2016-04-15T09:00:00","modified_gmt":"2016-04-15T07:00:00","slug":"poti-v-brazilijo-se-niso-odpisali","status":"publish","type":"post","link":"https:\/\/hudo.com\/si\/aktualno\/poti-v-brazilijo-se-niso-odpisali\/","title":{"rendered":"Poti v Brazilijo \u0161e niso odpisali"},"content":{"rendered":"<p>Kategorija: Drugi \u0161porti Fri, 15 Apr 2016 11:00:00 +0200  Ljubljana \u2013 Slovensko veslanje je pred kratkim do\u017eivelo \u0161e en ve\u010dji udarec, ko je postalo jasno, da lahki dvojni dvojec, v katerem naj bi sedel lanski svetovni podprvak Rajko Hrvat, po neuspelem poskusu ni dobil zelene lu\u010di za nastop v olimpijskih kvalifikacijah. Nanje se bosta maja podala dva \u010dolna, \u0161e enkrat toliko pa jih bo od danes nastopalo na svetovnem pokalu v Vareseju. \u010casi, ko so bile kolajne samoumevne, nastopi na OI pa tako reko\u010d zagotovljeni, so minili, vesla\u0161ki voz je zdrvel mo\u010dno navzdol, dobre tri mesece in pol pred Riom je slovensko veslanje brez potnika za Brazilijo, a \u0161e s tle\u010dim upanjem, da se skifistu Ga\u0161perju Fistravcu ali dvojcu Ale\u0161 in Janez Zupan posre\u010di prebiti skozi \u0161ivankino uho. Veliko so pri\u010dakovali do lahkega dvojnega dvojca, v katerega je Hrvat jeseni\u00a0&#8230;<\/p>\n","protected":false},"excerpt":{"rendered":"<p>Kategorija: Drugi \u0161porti Fri, 15 Apr 2016 11:00:00 +0200  Ljubljana \u2013 Slovensko veslanje je pred kratkim do\u017eivelo \u0161e en ve\u010dji udarec, ko je postalo jasno, da lahki dvojni dvojec, v katerem naj bi sedel lanski svetovni podprvak Rajko Hrvat, po neuspelem poskusu ni dobil zelene lu\u010di za nastop v olimpijskih kvalifikacijah. Nanje se bosta maja podala dva \u010dolna, \u0161e enkrat toliko pa jih bo od danes nastopalo na svetovnem pokalu v Vareseju. \u010casi, ko so bile kolajne samoumevne, nastopi na OI pa tako reko\u010d zagotovljeni, so minili, vesla\u0161ki voz je zdrvel mo\u010dno navzdol, dobre tri mesece in pol pred Riom je slovensko veslanje brez potnika za Brazilijo, a \u0161e s tle\u010dim upanjem, da se skifistu Ga\u0161perju Fistravcu ali dvojcu Ale\u0161 in Janez Zupan posre\u010di prebiti skozi \u0161ivankino uho. Veliko so pri\u010dakovali do lahkega dvojnega dvojca, v katerega je Hrvat jeseni\u00a0&#8230;<\/p>\n","protected":false},"author":1,"featured_media":0,"comment_status":"closed","ping_status":"closed","sticky":false,"template":"","format":"standard","meta":{"footnotes":""},"categories":[1179],"tags":[],"source":[4511],"supertag":[],"acf":[],"yoast_head":"<!-- This site is optimized with the Yoast SEO plugin v21.3 - https:\/\/yoast.com\/wordpress\/plugins\/seo\/ -->\n<title>Poti v Brazilijo \u0161e niso odpisali - Hudo Slovenija<\/title>\n<meta name=\"robots\" content=\"index, follow, max-snippet:-1, max-image-preview:large, max-video-preview:-1\" \/>\n<link rel=\"canonical\" href=\"https:\/\/hudo.com\/si\/aktualno\/poti-v-brazilijo-se-niso-odpisali\/\" \/>\n<meta property=\"og:locale\" content=\"sl_SI\" \/>\n<meta property=\"og:type\" content=\"article\" \/>\n<meta property=\"og:title\" content=\"Poti v Brazilijo \u0161e niso odpisali - Hudo Slovenija\" \/>\n<meta property=\"og:description\" content=\"Kategorija: Drugi \u0161porti Fri, 15 Apr 2016 11:00:00 +0200 Ljubljana \u2013 Slovensko veslanje je pred kratkim do\u017eivelo \u0161e en ve\u010dji udarec, ko je postalo jasno, da lahki dvojni dvojec, v katerem naj bi sedel lanski svetovni podprvak Rajko Hrvat, po neuspelem poskusu ni dobil zelene lu\u010di za nastop v olimpijskih kvalifikacijah. Nanje se bosta maja podala dva \u010dolna, \u0161e enkrat toliko pa jih bo od danes nastopalo na svetovnem pokalu v Vareseju. \u010casi, ko so bile kolajne samoumevne, nastopi na OI pa tako reko\u010d zagotovljeni, so minili, vesla\u0161ki voz je zdrvel mo\u010dno navzdol, dobre tri mesece in pol pred Riom je slovensko veslanje brez potnika za Brazilijo, a \u0161e s tle\u010dim upanjem, da se skifistu Ga\u0161perju Fistravcu ali dvojcu Ale\u0161 in Janez Zupan posre\u010di prebiti skozi \u0161ivankino uho. Veliko so pri\u010dakovali do lahkega dvojnega dvojca, v katerega je Hrvat jeseni\u00a0...\" \/>\n<meta property=\"og:url\" content=\"https:\/\/hudo.com\/si\/aktualno\/poti-v-brazilijo-se-niso-odpisali\/\" \/>\n<meta property=\"og:site_name\" content=\"Hudo Slovenija\" \/>\n<meta property=\"article:publisher\" content=\"https:\/\/www.facebook.com\/hudo.si\" \/>\n<meta property=\"article:published_time\" content=\"2016-04-15T07:00:00+00:00\" \/>\n<meta property=\"og:image\" content=\"https:\/\/hudo.com\/si\/wp-content\/uploads\/sites\/2\/2016\/04\/480x290_djvu_2102682_janezp_iza-veslanje.jpeg\" \/>\n\t<meta property=\"og:image:width\" content=\"480\" \/>\n\t<meta property=\"og:image:height\" content=\"290\" \/>\n\t<meta property=\"og:image:type\" content=\"image\/jpeg\" \/>\n<meta name=\"author\" content=\"hudo\" \/>\n<meta name=\"twitter:card\" content=\"summary_large_image\" \/>\n<meta name=\"twitter:creator\" content=\"@hudo_si\" \/>\n<meta name=\"twitter:site\" content=\"@hudo_si\" \/>\n<meta name=\"twitter:label1\" content=\"Written by\" \/>\n\t<meta name=\"twitter:data1\" content=\"hudo\" \/>\n\t<meta name=\"twitter:label2\" content=\"Est. reading time\" \/>\n\t<meta name=\"twitter:data2\" content=\"1 minuta\" \/>\n<script type=\"application\/ld+json\" class=\"yoast-schema-graph\">{\"@context\":\"https:\/\/schema.org\",\"@graph\":[{\"@type\":\"Article\",\"@id\":\"https:\/\/hudo.com\/si\/aktualno\/poti-v-brazilijo-se-niso-odpisali\/#article\",\"isPartOf\":{\"@id\":\"https:\/\/hudo.com\/si\/aktualno\/poti-v-brazilijo-se-niso-odpisali\/\"},\"author\":{\"name\":\"hudo\",\"@id\":\"https:\/\/hudo.com\/si\/#\/schema\/person\/601cf3379633985b20f7e50f2bb47707\"},\"headline\":\"Poti v Brazilijo \u0161e niso odpisali\",\"datePublished\":\"2016-04-15T07:00:00+00:00\",\"dateModified\":\"2016-04-15T07:00:00+00:00\",\"mainEntityOfPage\":{\"@id\":\"https:\/\/hudo.com\/si\/aktualno\/poti-v-brazilijo-se-niso-odpisali\/\"},\"wordCount\":150,\"publisher\":{\"@id\":\"https:\/\/hudo.com\/si\/#organization\"},\"articleSection\":[\"Aktualno\"],\"inLanguage\":\"sl-SI\"},{\"@type\":\"WebPage\",\"@id\":\"https:\/\/hudo.com\/si\/aktualno\/poti-v-brazilijo-se-niso-odpisali\/\",\"url\":\"https:\/\/hudo.com\/si\/aktualno\/poti-v-brazilijo-se-niso-odpisali\/\",\"name\":\"Poti v Brazilijo \u0161e niso odpisali - Hudo Slovenija\",\"isPartOf\":{\"@id\":\"https:\/\/hudo.com\/si\/#website\"},\"datePublished\":\"2016-04-15T07:00:00+00:00\",\"dateModified\":\"2016-04-15T07:00:00+00:00\",\"breadcrumb\":{\"@id\":\"https:\/\/hudo.com\/si\/aktualno\/poti-v-brazilijo-se-niso-odpisali\/#breadcrumb\"},\"inLanguage\":\"sl-SI\",\"potentialAction\":[{\"@type\":\"ReadAction\",\"target\":[\"https:\/\/hudo.com\/si\/aktualno\/poti-v-brazilijo-se-niso-odpisali\/\"]}]},{\"@type\":\"BreadcrumbList\",\"@id\":\"https:\/\/hudo.com\/si\/aktualno\/poti-v-brazilijo-se-niso-odpisali\/#breadcrumb\",\"itemListElement\":[{\"@type\":\"ListItem\",\"position\":1,\"name\":\"Home\",\"item\":\"https:\/\/hudo.com\/si\/\"},{\"@type\":\"ListItem\",\"position\":2,\"name\":\"Poti v Brazilijo \u0161e niso odpisali\"}]},{\"@type\":\"WebSite\",\"@id\":\"https:\/\/hudo.com\/si\/#website\",\"url\":\"https:\/\/hudo.com\/si\/\",\"name\":\"Hudo Slovenija\",\"description\":\"Vse novice iz Slovenije in sveta\",\"publisher\":{\"@id\":\"https:\/\/hudo.com\/si\/#organization\"},\"potentialAction\":[{\"@type\":\"SearchAction\",\"target\":{\"@type\":\"EntryPoint\",\"urlTemplate\":\"https:\/\/hudo.com\/si\/?s={search_term_string}\"},\"query-input\":\"required name=search_term_string\"}],\"inLanguage\":\"sl-SI\"},{\"@type\":\"Organization\",\"@id\":\"https:\/\/hudo.com\/si\/#organization\",\"name\":\"VSN Media\",\"url\":\"https:\/\/hudo.com\/si\/\",\"logo\":{\"@type\":\"ImageObject\",\"inLanguage\":\"sl-SI\",\"@id\":\"https:\/\/hudo.com\/si\/#\/schema\/logo\/image\/\",\"url\":\"https:\/\/hudo.com\/si\/wp-content\/uploads\/sites\/2\/2021\/03\/hudo-app-2.png\",\"contentUrl\":\"https:\/\/hudo.com\/si\/wp-content\/uploads\/sites\/2\/2021\/03\/hudo-app-2.png\",\"width\":2185,\"height\":2167,\"caption\":\"VSN Media\"},\"image\":{\"@id\":\"https:\/\/hudo.com\/si\/#\/schema\/logo\/image\/\"},\"sameAs\":[\"https:\/\/www.facebook.com\/hudo.si\",\"https:\/\/twitter.com\/hudo_si\"]},{\"@type\":\"Person\",\"@id\":\"https:\/\/hudo.com\/si\/#\/schema\/person\/601cf3379633985b20f7e50f2bb47707\",\"name\":\"hudo\",\"image\":{\"@type\":\"ImageObject\",\"inLanguage\":\"sl-SI\",\"@id\":\"https:\/\/hudo.com\/si\/#\/schema\/person\/image\/\",\"url\":\"https:\/\/secure.gravatar.com\/avatar\/c4ca25fa72cace7a696b52ff5db9e095?s=96&d=mm&r=g\",\"contentUrl\":\"https:\/\/secure.gravatar.com\/avatar\/c4ca25fa72cace7a696b52ff5db9e095?s=96&d=mm&r=g\",\"caption\":\"hudo\"},\"url\":\"https:\/\/hudo.com\/si\/author\/hudo\/\"}]}<\/script>\n<!-- \/ Yoast SEO plugin. -->","yoast_head_json":{"title":"Poti v Brazilijo \u0161e niso odpisali - Hudo Slovenija","robots":{"index":"index","follow":"follow","max-snippet":"max-snippet:-1","max-image-preview":"max-image-preview:large","max-video-preview":"max-video-preview:-1"},"canonical":"https:\/\/hudo.com\/si\/aktualno\/poti-v-brazilijo-se-niso-odpisali\/","og_locale":"sl_SI","og_type":"article","og_title":"Poti v Brazilijo \u0161e niso odpisali - Hudo Slovenija","og_description":"Kategorija: Drugi \u0161porti Fri, 15 Apr 2016 11:00:00 +0200 Ljubljana \u2013 Slovensko veslanje je pred kratkim do\u017eivelo \u0161e en ve\u010dji udarec, ko je postalo jasno, da lahki dvojni dvojec, v katerem naj bi sedel lanski svetovni podprvak Rajko Hrvat, po neuspelem poskusu ni dobil zelene lu\u010di za nastop v olimpijskih kvalifikacijah. Nanje se bosta maja podala dva \u010dolna, \u0161e enkrat toliko pa jih bo od danes nastopalo na svetovnem pokalu v Vareseju. \u010casi, ko so bile kolajne samoumevne, nastopi na OI pa tako reko\u010d zagotovljeni, so minili, vesla\u0161ki voz je zdrvel mo\u010dno navzdol, dobre tri mesece in pol pred Riom je slovensko veslanje brez potnika za Brazilijo, a \u0161e s tle\u010dim upanjem, da se skifistu Ga\u0161perju Fistravcu ali dvojcu Ale\u0161 in Janez Zupan posre\u010di prebiti skozi \u0161ivankino uho. Veliko so pri\u010dakovali do lahkega dvojnega dvojca, v katerega je Hrvat jeseni\u00a0...","og_url":"https:\/\/hudo.com\/si\/aktualno\/poti-v-brazilijo-se-niso-odpisali\/","og_site_name":"Hudo Slovenija","article_publisher":"https:\/\/www.facebook.com\/hudo.si","article_published_time":"2016-04-15T07:00:00+00:00","og_image":[{"width":480,"height":290,"url":"https:\/\/hudo.com\/si\/wp-content\/uploads\/sites\/2\/2016\/04\/480x290_djvu_2102682_janezp_iza-veslanje.jpeg","type":"image\/jpeg"}],"author":"hudo","twitter_card":"summary_large_image","twitter_creator":"@hudo_si","twitter_site":"@hudo_si","twitter_misc":{"Written by":"hudo","Est. reading time":"1 minuta"},"schema":{"@context":"https:\/\/schema.org","@graph":[{"@type":"Article","@id":"https:\/\/hudo.com\/si\/aktualno\/poti-v-brazilijo-se-niso-odpisali\/#article","isPartOf":{"@id":"https:\/\/hudo.com\/si\/aktualno\/poti-v-brazilijo-se-niso-odpisali\/"},"author":{"name":"hudo","@id":"https:\/\/hudo.com\/si\/#\/schema\/person\/601cf3379633985b20f7e50f2bb47707"},"headline":"Poti v Brazilijo \u0161e niso odpisali","datePublished":"2016-04-15T07:00:00+00:00","dateModified":"2016-04-15T07:00:00+00:00","mainEntityOfPage":{"@id":"https:\/\/hudo.com\/si\/aktualno\/poti-v-brazilijo-se-niso-odpisali\/"},"wordCount":150,"publisher":{"@id":"https:\/\/hudo.com\/si\/#organization"},"articleSection":["Aktualno"],"inLanguage":"sl-SI"},{"@type":"WebPage","@id":"https:\/\/hudo.com\/si\/aktualno\/poti-v-brazilijo-se-niso-odpisali\/","url":"https:\/\/hudo.com\/si\/aktualno\/poti-v-brazilijo-se-niso-odpisali\/","name":"Poti v Brazilijo \u0161e niso odpisali - Hudo Slovenija","isPartOf":{"@id":"https:\/\/hudo.com\/si\/#website"},"datePublished":"2016-04-15T07:00:00+00:00","dateModified":"2016-04-15T07:00:00+00:00","breadcrumb":{"@id":"https:\/\/hudo.com\/si\/aktualno\/poti-v-brazilijo-se-niso-odpisali\/#breadcrumb"},"inLanguage":"sl-SI","potentialAction":[{"@type":"ReadAction","target":["https:\/\/hudo.com\/si\/aktualno\/poti-v-brazilijo-se-niso-odpisali\/"]}]},{"@type":"BreadcrumbList","@id":"https:\/\/hudo.com\/si\/aktualno\/poti-v-brazilijo-se-niso-odpisali\/#breadcrumb","itemListElement":[{"@type":"ListItem","position":1,"name":"Home","item":"https:\/\/hudo.com\/si\/"},{"@type":"ListItem","position":2,"name":"Poti v Brazilijo \u0161e niso odpisali"}]},{"@type":"WebSite","@id":"https:\/\/hudo.com\/si\/#website","url":"https:\/\/hudo.com\/si\/","name":"Hudo Slovenija","description":"Vse novice iz Slovenije in sveta","publisher":{"@id":"https:\/\/hudo.com\/si\/#organization"},"potentialAction":[{"@type":"SearchAction","target":{"@type":"EntryPoint","urlTemplate":"https:\/\/hudo.com\/si\/?s={search_term_string}"},"query-input":"required name=search_term_string"}],"inLanguage":"sl-SI"},{"@type":"Organization","@id":"https:\/\/hudo.com\/si\/#organization","name":"VSN Media","url":"https:\/\/hudo.com\/si\/","logo":{"@type":"ImageObject","inLanguage":"sl-SI","@id":"https:\/\/hudo.com\/si\/#\/schema\/logo\/image\/","url":"https:\/\/hudo.com\/si\/wp-content\/uploads\/sites\/2\/2021\/03\/hudo-app-2.png","contentUrl":"https:\/\/hudo.com\/si\/wp-content\/uploads\/sites\/2\/2021\/03\/hudo-app-2.png","width":2185,"height":2167,"caption":"VSN Media"},"image":{"@id":"https:\/\/hudo.com\/si\/#\/schema\/logo\/image\/"},"sameAs":["https:\/\/www.facebook.com\/hudo.si","https:\/\/twitter.com\/hudo_si"]},{"@type":"Person","@id":"https:\/\/hudo.com\/si\/#\/schema\/person\/601cf3379633985b20f7e50f2bb47707","name":"hudo","image":{"@type":"ImageObject","inLanguage":"sl-SI","@id":"https:\/\/hudo.com\/si\/#\/schema\/person\/image\/","url":"https:\/\/secure.gravatar.com\/avatar\/c4ca25fa72cace7a696b52ff5db9e095?s=96&d=mm&r=g","contentUrl":"https:\/\/secure.gravatar.com\/avatar\/c4ca25fa72cace7a696b52ff5db9e095?s=96&d=mm&r=g","caption":"hudo"},"url":"https:\/\/hudo.com\/si\/author\/hudo\/"}]}},"amp_enabled":true,"_links":{"self":[{"href":"https:\/\/hudo.com\/si\/wp-json\/wp\/v2\/posts\/30445"}],"collection":[{"href":"https:\/\/hudo.com\/si\/wp-json\/wp\/v2\/posts"}],"about":[{"href":"https:\/\/hudo.com\/si\/wp-json\/wp\/v2\/types\/post"}],"author":[{"embeddable":true,"href":"https:\/\/hudo.com\/si\/wp-json\/wp\/v2\/users\/1"}],"replies":[{"embeddable":true,"href":"https:\/\/hudo.com\/si\/wp-json\/wp\/v2\/comments?post=30445"}],"version-history":[{"count":0,"href":"https:\/\/hudo.com\/si\/wp-json\/wp\/v2\/posts\/30445\/revisions"}],"wp:attachment":[{"href":"https:\/\/hudo.com\/si\/wp-json\/wp\/v2\/media?parent=30445"}],"wp:term":[{"taxonomy":"category","embeddable":true,"href":"https:\/\/hudo.com\/si\/wp-json\/wp\/v2\/categories?post=30445"},{"taxonomy":"post_tag","embeddable":true,"href":"https:\/\/hudo.com\/si\/wp-json\/wp\/v2\/tags?post=30445"},{"taxonomy":"source","embeddable":true,"href":"https:\/\/hudo.com\/si\/wp-json\/wp\/v2\/source?post=30445"},{"taxonomy":"supertag","embeddable":true,"href":"https:\/\/hudo.com\/si\/wp-json\/wp\/v2\/supertag?post=30445"}],"curies":[{"name":"wp","href":"https:\/\/api.w.org\/{rel}","templated":true}]}}