{"id":304472,"date":"2017-09-29T10:13:00","date_gmt":"2017-09-29T08:13:00","guid":{"rendered":"http:\/\/hudo.com\/si\/2017\/09\/29\/arbitraza-cerar-pricakuje-nadaljnjo-podporo-junckerja-in-merklove\/"},"modified":"2017-09-29T10:13:00","modified_gmt":"2017-09-29T08:13:00","slug":"arbitraza-cerar-pricakuje-nadaljnjo-podporo-junckerja-in-merklove","status":"publish","type":"post","link":"https:\/\/hudo.com\/si\/aktualno\/arbitraza-cerar-pricakuje-nadaljnjo-podporo-junckerja-in-merklove\/","title":{"rendered":"Arbitra\u017ea: Cerar pri\u010dakuje nadaljnjo podporo Junckerja in Merklove"},"content":{"rendered":"<p>Kategorija: Evropa Fri, 29 Sep 2017 12:13:00 +0200  Tallinn \u2013 Premier Miro Cerar je imel danes pred digitalnim vrhom EU v Tallinnu dvostransko sre\u010danje z nem\u0161ko kanclerko Angelo Merkel, ki ji je natan\u010dno pojasnil dogajanje v povezavi z arbitra\u017eo. Predvidene ima tudi pogovore s predsednikom Evropske komisije Jean-Claudom Junckerjem. Od obeh pri\u010dakuje nadaljnjo podporo spo\u0161tovanju arbitra\u017ene odlo\u010dbe. \u00bbKanclerki Merklovi sem danes zelo natan\u010dno pojasnil vsa zadnja dogajanja glede izvr\u0161evanja arbitra\u017ene odlo\u010dbe, tudi odnos med Slovenijo in Hrva\u0161ko, in mislim, da je zelo dobro razumela moje sporo\u010dilo,\u00ab je povedal Cerar pred za\u010detkom vrha EU. Premier je prepri\u010dan, da Slovenija ima podporo Nem\u010dije, ki je bila javno izra\u017eena \u017ee neposredno po sprejetju arbitra\u017ene odlo\u010dbe. Pri\u010dakuje se, da Evropska komisija in \u010dlanice unije podpirajo spo\u0161tovanje vladavine prava in posledi\u010dno tudi izvr\u0161itev arbitra\u017ene odlo\u010dbe. Cerar si \u017eeli, da bi mednarodni pritisk ostal jasen, in ne\u00a0&#8230;<\/p>\n","protected":false},"excerpt":{"rendered":"<p>Kategorija: Evropa Fri, 29 Sep 2017 12:13:00 +0200  Tallinn \u2013 Premier Miro Cerar je imel danes pred digitalnim vrhom EU v Tallinnu dvostransko sre\u010danje z nem\u0161ko kanclerko Angelo Merkel, ki ji je natan\u010dno pojasnil dogajanje v povezavi z arbitra\u017eo. Predvidene ima tudi pogovore s predsednikom Evropske komisije Jean-Claudom Junckerjem. Od obeh pri\u010dakuje nadaljnjo podporo spo\u0161tovanju arbitra\u017ene odlo\u010dbe. \u00bbKanclerki Merklovi sem danes zelo natan\u010dno pojasnil vsa zadnja dogajanja glede izvr\u0161evanja arbitra\u017ene odlo\u010dbe, tudi odnos med Slovenijo in Hrva\u0161ko, in mislim, da je zelo dobro razumela moje sporo\u010dilo,\u00ab je povedal Cerar pred za\u010detkom vrha EU. Premier je prepri\u010dan, da Slovenija ima podporo Nem\u010dije, ki je bila javno izra\u017eena \u017ee neposredno po sprejetju arbitra\u017ene odlo\u010dbe. Pri\u010dakuje se, da Evropska komisija in \u010dlanice unije podpirajo spo\u0161tovanje vladavine prava in posledi\u010dno tudi izvr\u0161itev arbitra\u017ene odlo\u010dbe. Cerar si \u017eeli, da bi mednarodni pritisk ostal jasen, in ne\u00a0&#8230;<\/p>\n","protected":false},"author":1,"featured_media":0,"comment_status":"closed","ping_status":"closed","sticky":false,"template":"","format":"standard","meta":{"footnotes":""},"categories":[1179],"tags":[],"source":[1703],"supertag":[],"acf":[],"yoast_head":"<!-- This site is optimized with the Yoast SEO plugin v21.3 - https:\/\/yoast.com\/wordpress\/plugins\/seo\/ -->\n<title>Arbitra\u017ea: Cerar pri\u010dakuje nadaljnjo podporo Junckerja in Merklove - Hudo Slovenija<\/title>\n<meta name=\"robots\" content=\"index, follow, max-snippet:-1, max-image-preview:large, max-video-preview:-1\" \/>\n<link rel=\"canonical\" href=\"https:\/\/hudo.com\/si\/aktualno\/arbitraza-cerar-pricakuje-nadaljnjo-podporo-junckerja-in-merklove\/\" \/>\n<meta property=\"og:locale\" content=\"sl_SI\" \/>\n<meta property=\"og:type\" content=\"article\" \/>\n<meta property=\"og:title\" content=\"Arbitra\u017ea: Cerar pri\u010dakuje nadaljnjo podporo Junckerja in Merklove - Hudo Slovenija\" \/>\n<meta property=\"og:description\" content=\"Kategorija: Evropa Fri, 29 Sep 2017 12:13:00 +0200 Tallinn \u2013 Premier Miro Cerar je imel danes pred digitalnim vrhom EU v Tallinnu dvostransko sre\u010danje z nem\u0161ko kanclerko Angelo Merkel, ki ji je natan\u010dno pojasnil dogajanje v povezavi z arbitra\u017eo. Predvidene ima tudi pogovore s predsednikom Evropske komisije Jean-Claudom Junckerjem. Od obeh pri\u010dakuje nadaljnjo podporo spo\u0161tovanju arbitra\u017ene odlo\u010dbe. \u00bbKanclerki Merklovi sem danes zelo natan\u010dno pojasnil vsa zadnja dogajanja glede izvr\u0161evanja arbitra\u017ene odlo\u010dbe, tudi odnos med Slovenijo in Hrva\u0161ko, in mislim, da je zelo dobro razumela moje sporo\u010dilo,\u00ab je povedal Cerar pred za\u010detkom vrha EU. Premier je prepri\u010dan, da Slovenija ima podporo Nem\u010dije, ki je bila javno izra\u017eena \u017ee neposredno po sprejetju arbitra\u017ene odlo\u010dbe. Pri\u010dakuje se, da Evropska komisija in \u010dlanice unije podpirajo spo\u0161tovanje vladavine prava in posledi\u010dno tudi izvr\u0161itev arbitra\u017ene odlo\u010dbe. Cerar si \u017eeli, da bi mednarodni pritisk ostal jasen, in ne\u00a0...\" \/>\n<meta property=\"og:url\" content=\"https:\/\/hudo.com\/si\/aktualno\/arbitraza-cerar-pricakuje-nadaljnjo-podporo-junckerja-in-merklove\/\" \/>\n<meta property=\"og:site_name\" content=\"Hudo Slovenija\" \/>\n<meta property=\"article:publisher\" content=\"https:\/\/www.facebook.com\/hudo.si\" \/>\n<meta property=\"article:published_time\" content=\"2017-09-29T08:13:00+00:00\" \/>\n<meta property=\"og:image\" content=\"https:\/\/hudo.com\/si\/wp-content\/uploads\/sites\/2\/2017\/09\/480x290_Ozadja__djvu_2549928_mdr_vi_hires1.jpeg\" \/>\n\t<meta property=\"og:image:width\" content=\"480\" \/>\n\t<meta property=\"og:image:height\" content=\"290\" \/>\n\t<meta property=\"og:image:type\" content=\"image\/jpeg\" \/>\n<meta name=\"author\" content=\"hudo\" \/>\n<meta name=\"twitter:card\" content=\"summary_large_image\" \/>\n<meta name=\"twitter:creator\" content=\"@hudo_si\" \/>\n<meta name=\"twitter:site\" content=\"@hudo_si\" \/>\n<meta name=\"twitter:label1\" content=\"Written by\" \/>\n\t<meta name=\"twitter:data1\" content=\"hudo\" \/>\n\t<meta name=\"twitter:label2\" content=\"Est. reading time\" \/>\n\t<meta name=\"twitter:data2\" content=\"1 minuta\" \/>\n<script type=\"application\/ld+json\" class=\"yoast-schema-graph\">{\"@context\":\"https:\/\/schema.org\",\"@graph\":[{\"@type\":\"Article\",\"@id\":\"https:\/\/hudo.com\/si\/aktualno\/arbitraza-cerar-pricakuje-nadaljnjo-podporo-junckerja-in-merklove\/#article\",\"isPartOf\":{\"@id\":\"https:\/\/hudo.com\/si\/aktualno\/arbitraza-cerar-pricakuje-nadaljnjo-podporo-junckerja-in-merklove\/\"},\"author\":{\"name\":\"hudo\",\"@id\":\"https:\/\/hudo.com\/si\/#\/schema\/person\/601cf3379633985b20f7e50f2bb47707\"},\"headline\":\"Arbitra\u017ea: Cerar pri\u010dakuje nadaljnjo podporo Junckerja in Merklove\",\"datePublished\":\"2017-09-29T08:13:00+00:00\",\"dateModified\":\"2017-09-29T08:13:00+00:00\",\"mainEntityOfPage\":{\"@id\":\"https:\/\/hudo.com\/si\/aktualno\/arbitraza-cerar-pricakuje-nadaljnjo-podporo-junckerja-in-merklove\/\"},\"wordCount\":172,\"publisher\":{\"@id\":\"https:\/\/hudo.com\/si\/#organization\"},\"articleSection\":[\"Aktualno\"],\"inLanguage\":\"sl-SI\"},{\"@type\":\"WebPage\",\"@id\":\"https:\/\/hudo.com\/si\/aktualno\/arbitraza-cerar-pricakuje-nadaljnjo-podporo-junckerja-in-merklove\/\",\"url\":\"https:\/\/hudo.com\/si\/aktualno\/arbitraza-cerar-pricakuje-nadaljnjo-podporo-junckerja-in-merklove\/\",\"name\":\"Arbitra\u017ea: Cerar pri\u010dakuje nadaljnjo podporo Junckerja in Merklove - Hudo Slovenija\",\"isPartOf\":{\"@id\":\"https:\/\/hudo.com\/si\/#website\"},\"datePublished\":\"2017-09-29T08:13:00+00:00\",\"dateModified\":\"2017-09-29T08:13:00+00:00\",\"breadcrumb\":{\"@id\":\"https:\/\/hudo.com\/si\/aktualno\/arbitraza-cerar-pricakuje-nadaljnjo-podporo-junckerja-in-merklove\/#breadcrumb\"},\"inLanguage\":\"sl-SI\",\"potentialAction\":[{\"@type\":\"ReadAction\",\"target\":[\"https:\/\/hudo.com\/si\/aktualno\/arbitraza-cerar-pricakuje-nadaljnjo-podporo-junckerja-in-merklove\/\"]}]},{\"@type\":\"BreadcrumbList\",\"@id\":\"https:\/\/hudo.com\/si\/aktualno\/arbitraza-cerar-pricakuje-nadaljnjo-podporo-junckerja-in-merklove\/#breadcrumb\",\"itemListElement\":[{\"@type\":\"ListItem\",\"position\":1,\"name\":\"Home\",\"item\":\"https:\/\/hudo.com\/si\/\"},{\"@type\":\"ListItem\",\"position\":2,\"name\":\"Arbitra\u017ea: Cerar pri\u010dakuje nadaljnjo podporo Junckerja in Merklove\"}]},{\"@type\":\"WebSite\",\"@id\":\"https:\/\/hudo.com\/si\/#website\",\"url\":\"https:\/\/hudo.com\/si\/\",\"name\":\"Hudo Slovenija\",\"description\":\"Vse novice iz Slovenije in sveta\",\"publisher\":{\"@id\":\"https:\/\/hudo.com\/si\/#organization\"},\"potentialAction\":[{\"@type\":\"SearchAction\",\"target\":{\"@type\":\"EntryPoint\",\"urlTemplate\":\"https:\/\/hudo.com\/si\/?s={search_term_string}\"},\"query-input\":\"required name=search_term_string\"}],\"inLanguage\":\"sl-SI\"},{\"@type\":\"Organization\",\"@id\":\"https:\/\/hudo.com\/si\/#organization\",\"name\":\"VSN Media\",\"url\":\"https:\/\/hudo.com\/si\/\",\"logo\":{\"@type\":\"ImageObject\",\"inLanguage\":\"sl-SI\",\"@id\":\"https:\/\/hudo.com\/si\/#\/schema\/logo\/image\/\",\"url\":\"https:\/\/hudo.com\/si\/wp-content\/uploads\/sites\/2\/2021\/03\/hudo-app-2.png\",\"contentUrl\":\"https:\/\/hudo.com\/si\/wp-content\/uploads\/sites\/2\/2021\/03\/hudo-app-2.png\",\"width\":2185,\"height\":2167,\"caption\":\"VSN Media\"},\"image\":{\"@id\":\"https:\/\/hudo.com\/si\/#\/schema\/logo\/image\/\"},\"sameAs\":[\"https:\/\/www.facebook.com\/hudo.si\",\"https:\/\/twitter.com\/hudo_si\"]},{\"@type\":\"Person\",\"@id\":\"https:\/\/hudo.com\/si\/#\/schema\/person\/601cf3379633985b20f7e50f2bb47707\",\"name\":\"hudo\",\"image\":{\"@type\":\"ImageObject\",\"inLanguage\":\"sl-SI\",\"@id\":\"https:\/\/hudo.com\/si\/#\/schema\/person\/image\/\",\"url\":\"https:\/\/secure.gravatar.com\/avatar\/c4ca25fa72cace7a696b52ff5db9e095?s=96&d=mm&r=g\",\"contentUrl\":\"https:\/\/secure.gravatar.com\/avatar\/c4ca25fa72cace7a696b52ff5db9e095?s=96&d=mm&r=g\",\"caption\":\"hudo\"},\"url\":\"https:\/\/hudo.com\/si\/author\/hudo\/\"}]}<\/script>\n<!-- \/ Yoast SEO plugin. -->","yoast_head_json":{"title":"Arbitra\u017ea: Cerar pri\u010dakuje nadaljnjo podporo Junckerja in Merklove - Hudo Slovenija","robots":{"index":"index","follow":"follow","max-snippet":"max-snippet:-1","max-image-preview":"max-image-preview:large","max-video-preview":"max-video-preview:-1"},"canonical":"https:\/\/hudo.com\/si\/aktualno\/arbitraza-cerar-pricakuje-nadaljnjo-podporo-junckerja-in-merklove\/","og_locale":"sl_SI","og_type":"article","og_title":"Arbitra\u017ea: Cerar pri\u010dakuje nadaljnjo podporo Junckerja in Merklove - Hudo Slovenija","og_description":"Kategorija: Evropa Fri, 29 Sep 2017 12:13:00 +0200 Tallinn \u2013 Premier Miro Cerar je imel danes pred digitalnim vrhom EU v Tallinnu dvostransko sre\u010danje z nem\u0161ko kanclerko Angelo Merkel, ki ji je natan\u010dno pojasnil dogajanje v povezavi z arbitra\u017eo. Predvidene ima tudi pogovore s predsednikom Evropske komisije Jean-Claudom Junckerjem. Od obeh pri\u010dakuje nadaljnjo podporo spo\u0161tovanju arbitra\u017ene odlo\u010dbe. \u00bbKanclerki Merklovi sem danes zelo natan\u010dno pojasnil vsa zadnja dogajanja glede izvr\u0161evanja arbitra\u017ene odlo\u010dbe, tudi odnos med Slovenijo in Hrva\u0161ko, in mislim, da je zelo dobro razumela moje sporo\u010dilo,\u00ab je povedal Cerar pred za\u010detkom vrha EU. Premier je prepri\u010dan, da Slovenija ima podporo Nem\u010dije, ki je bila javno izra\u017eena \u017ee neposredno po sprejetju arbitra\u017ene odlo\u010dbe. Pri\u010dakuje se, da Evropska komisija in \u010dlanice unije podpirajo spo\u0161tovanje vladavine prava in posledi\u010dno tudi izvr\u0161itev arbitra\u017ene odlo\u010dbe. Cerar si \u017eeli, da bi mednarodni pritisk ostal jasen, in ne\u00a0...","og_url":"https:\/\/hudo.com\/si\/aktualno\/arbitraza-cerar-pricakuje-nadaljnjo-podporo-junckerja-in-merklove\/","og_site_name":"Hudo Slovenija","article_publisher":"https:\/\/www.facebook.com\/hudo.si","article_published_time":"2017-09-29T08:13:00+00:00","og_image":[{"width":480,"height":290,"url":"https:\/\/hudo.com\/si\/wp-content\/uploads\/sites\/2\/2017\/09\/480x290_Ozadja__djvu_2549928_mdr_vi_hires1.jpeg","type":"image\/jpeg"}],"author":"hudo","twitter_card":"summary_large_image","twitter_creator":"@hudo_si","twitter_site":"@hudo_si","twitter_misc":{"Written by":"hudo","Est. reading time":"1 minuta"},"schema":{"@context":"https:\/\/schema.org","@graph":[{"@type":"Article","@id":"https:\/\/hudo.com\/si\/aktualno\/arbitraza-cerar-pricakuje-nadaljnjo-podporo-junckerja-in-merklove\/#article","isPartOf":{"@id":"https:\/\/hudo.com\/si\/aktualno\/arbitraza-cerar-pricakuje-nadaljnjo-podporo-junckerja-in-merklove\/"},"author":{"name":"hudo","@id":"https:\/\/hudo.com\/si\/#\/schema\/person\/601cf3379633985b20f7e50f2bb47707"},"headline":"Arbitra\u017ea: Cerar pri\u010dakuje nadaljnjo podporo Junckerja in Merklove","datePublished":"2017-09-29T08:13:00+00:00","dateModified":"2017-09-29T08:13:00+00:00","mainEntityOfPage":{"@id":"https:\/\/hudo.com\/si\/aktualno\/arbitraza-cerar-pricakuje-nadaljnjo-podporo-junckerja-in-merklove\/"},"wordCount":172,"publisher":{"@id":"https:\/\/hudo.com\/si\/#organization"},"articleSection":["Aktualno"],"inLanguage":"sl-SI"},{"@type":"WebPage","@id":"https:\/\/hudo.com\/si\/aktualno\/arbitraza-cerar-pricakuje-nadaljnjo-podporo-junckerja-in-merklove\/","url":"https:\/\/hudo.com\/si\/aktualno\/arbitraza-cerar-pricakuje-nadaljnjo-podporo-junckerja-in-merklove\/","name":"Arbitra\u017ea: Cerar pri\u010dakuje nadaljnjo podporo Junckerja in Merklove - Hudo Slovenija","isPartOf":{"@id":"https:\/\/hudo.com\/si\/#website"},"datePublished":"2017-09-29T08:13:00+00:00","dateModified":"2017-09-29T08:13:00+00:00","breadcrumb":{"@id":"https:\/\/hudo.com\/si\/aktualno\/arbitraza-cerar-pricakuje-nadaljnjo-podporo-junckerja-in-merklove\/#breadcrumb"},"inLanguage":"sl-SI","potentialAction":[{"@type":"ReadAction","target":["https:\/\/hudo.com\/si\/aktualno\/arbitraza-cerar-pricakuje-nadaljnjo-podporo-junckerja-in-merklove\/"]}]},{"@type":"BreadcrumbList","@id":"https:\/\/hudo.com\/si\/aktualno\/arbitraza-cerar-pricakuje-nadaljnjo-podporo-junckerja-in-merklove\/#breadcrumb","itemListElement":[{"@type":"ListItem","position":1,"name":"Home","item":"https:\/\/hudo.com\/si\/"},{"@type":"ListItem","position":2,"name":"Arbitra\u017ea: Cerar pri\u010dakuje nadaljnjo podporo Junckerja in Merklove"}]},{"@type":"WebSite","@id":"https:\/\/hudo.com\/si\/#website","url":"https:\/\/hudo.com\/si\/","name":"Hudo Slovenija","description":"Vse novice iz Slovenije in sveta","publisher":{"@id":"https:\/\/hudo.com\/si\/#organization"},"potentialAction":[{"@type":"SearchAction","target":{"@type":"EntryPoint","urlTemplate":"https:\/\/hudo.com\/si\/?s={search_term_string}"},"query-input":"required name=search_term_string"}],"inLanguage":"sl-SI"},{"@type":"Organization","@id":"https:\/\/hudo.com\/si\/#organization","name":"VSN Media","url":"https:\/\/hudo.com\/si\/","logo":{"@type":"ImageObject","inLanguage":"sl-SI","@id":"https:\/\/hudo.com\/si\/#\/schema\/logo\/image\/","url":"https:\/\/hudo.com\/si\/wp-content\/uploads\/sites\/2\/2021\/03\/hudo-app-2.png","contentUrl":"https:\/\/hudo.com\/si\/wp-content\/uploads\/sites\/2\/2021\/03\/hudo-app-2.png","width":2185,"height":2167,"caption":"VSN Media"},"image":{"@id":"https:\/\/hudo.com\/si\/#\/schema\/logo\/image\/"},"sameAs":["https:\/\/www.facebook.com\/hudo.si","https:\/\/twitter.com\/hudo_si"]},{"@type":"Person","@id":"https:\/\/hudo.com\/si\/#\/schema\/person\/601cf3379633985b20f7e50f2bb47707","name":"hudo","image":{"@type":"ImageObject","inLanguage":"sl-SI","@id":"https:\/\/hudo.com\/si\/#\/schema\/person\/image\/","url":"https:\/\/secure.gravatar.com\/avatar\/c4ca25fa72cace7a696b52ff5db9e095?s=96&d=mm&r=g","contentUrl":"https:\/\/secure.gravatar.com\/avatar\/c4ca25fa72cace7a696b52ff5db9e095?s=96&d=mm&r=g","caption":"hudo"},"url":"https:\/\/hudo.com\/si\/author\/hudo\/"}]}},"amp_enabled":true,"_links":{"self":[{"href":"https:\/\/hudo.com\/si\/wp-json\/wp\/v2\/posts\/304472"}],"collection":[{"href":"https:\/\/hudo.com\/si\/wp-json\/wp\/v2\/posts"}],"about":[{"href":"https:\/\/hudo.com\/si\/wp-json\/wp\/v2\/types\/post"}],"author":[{"embeddable":true,"href":"https:\/\/hudo.com\/si\/wp-json\/wp\/v2\/users\/1"}],"replies":[{"embeddable":true,"href":"https:\/\/hudo.com\/si\/wp-json\/wp\/v2\/comments?post=304472"}],"version-history":[{"count":0,"href":"https:\/\/hudo.com\/si\/wp-json\/wp\/v2\/posts\/304472\/revisions"}],"wp:attachment":[{"href":"https:\/\/hudo.com\/si\/wp-json\/wp\/v2\/media?parent=304472"}],"wp:term":[{"taxonomy":"category","embeddable":true,"href":"https:\/\/hudo.com\/si\/wp-json\/wp\/v2\/categories?post=304472"},{"taxonomy":"post_tag","embeddable":true,"href":"https:\/\/hudo.com\/si\/wp-json\/wp\/v2\/tags?post=304472"},{"taxonomy":"source","embeddable":true,"href":"https:\/\/hudo.com\/si\/wp-json\/wp\/v2\/source?post=304472"},{"taxonomy":"supertag","embeddable":true,"href":"https:\/\/hudo.com\/si\/wp-json\/wp\/v2\/supertag?post=304472"}],"curies":[{"name":"wp","href":"https:\/\/api.w.org\/{rel}","templated":true}]}}