{"id":304566,"date":"2017-09-29T17:46:37","date_gmt":"2017-09-29T15:46:37","guid":{"rendered":"http:\/\/hudo.com\/si\/?p=304566"},"modified":"2017-09-29T17:46:37","modified_gmt":"2017-09-29T15:46:37","slug":"katalonci-bodo-glasovanje-skusali-omogociti-tudi-s-traktorji","status":"publish","type":"post","link":"https:\/\/hudo.com\/si\/aktualno\/katalonci-bodo-glasovanje-skusali-omogociti-tudi-s-traktorji\/","title":{"rendered":"Katalonci bodo glasovanje sku\u0161ali omogo\u010diti tudi s traktorji"},"content":{"rendered":"<div class=\"text\">\n<p>Ljudi pozivamo, naj traktorje mirno pustijo pred voli\u0161\u010di, \u010de bodo sku\u0161ale oblasti ta zapreti, pa jim to prepre\u010dite oziroma ote\u017eite, je za francosko tiskovno agencijo AFP ta teden povedal \u010dlan enega od zdru\u017eenj kmetov. &#8220;Preprosto jih pustite tam in se ne premaknite,&#8221; je poudaril Gerard Batalla.<\/p>\n<p>Britanski BBC poro\u010da, da je tako danes na ulicah Barcelone, Girone, Tarragone in ve\u010d drugih katalonskih mest videti dolge kolone traktorjev, ovitih v katalonske zastave, ki bodo sku\u0161ali omogo\u010diti nemoten potek glasovanja.<\/p>\n<p>\u0160panske oblasti so namre\u010d v Katalonijo napotile na tiso\u010de policistov, ki bodo v nedeljo ljudem prepre\u010devali vstop na voli\u0161\u010da. Katalonski voditelji zatrjujejo, da bodo referendum izvedli v vsakem primeru.<\/p>\n<p>Katalonski premier je sicer povedal, da lahko Katalonija 48 ur po razglasitvi uradnih rezultatov, kar bi lahko trajalo nekaj dni, razglasi neodvisnost. &#8220;Vendar pa to ne izklju\u010duje mo\u017enosti, da bi 1. oktobra pono\u010di znova pozvali k pogovorom za politi\u010dno re\u0161itev,&#8221; je danes dejal za BBC.<\/p>\n<p>Katalonska vlada je danes sporo\u010dila, da je za nedeljski referendum o neodvisnosti Katalonije pripravljenih 2315 voli\u0161\u010d, pri organizaciji pa sodeluje ve\u010d kot 7200 ljudi. Ve\u010d kot 5,3 milijona Kataloncev, ki imajo volilno pravico, bo lahko svoj glas oddalo od 9. do 20. ure.<\/p>\n<p>\u0160panske oblasti posku\u0161ajo na vsak na\u010din prepre\u010diti nedeljsko glasovanje, zato so odredile zaseg vsega gradiva, povezanega z referendumom. Policija je tako v \u010detrtek zasegla tudi prvih sto volilnih skrinjic. Sodniki in to\u017eilci so v zadnjih dneh odredili tudi zatemnitev spletnih strani, povezanih z referendumom, in za kratek \u010das priprli organizatorje.<\/p>\n<\/div>\n","protected":false},"excerpt":{"rendered":"<p>Na ulice katalonskih mest so se danes podporniki za nedeljo napovedanega referenduma o neodvisnosti Katalonije odpravili s traktorji, s katerimi bodo sku\u0161ali v nedeljo omogo\u010diti nemoteno glasovanje. Predsednik katalonske vlade Carles Puigdemont je sicer danes dejal, da bi lahko po referendumu \u0161pansko vlado znova pozvali k pogovorom.<\/p>\n","protected":false},"author":5,"featured_media":304567,"comment_status":"closed","ping_status":"closed","sticky":false,"template":"","format":"standard","meta":{"footnotes":""},"categories":[1179],"tags":[6761,2272,1812],"source":[4511],"supertag":[6103],"acf":[],"yoast_head":"<!-- This site is optimized with the Yoast SEO plugin v21.3 - https:\/\/yoast.com\/wordpress\/plugins\/seo\/ -->\n<title>Katalonci bodo glasovanje sku\u0161ali omogo\u010diti tudi s traktorji - Hudo Slovenija<\/title>\n<meta name=\"robots\" content=\"index, follow, max-snippet:-1, max-image-preview:large, max-video-preview:-1\" \/>\n<link rel=\"canonical\" href=\"https:\/\/hudo.com\/si\/aktualno\/katalonci-bodo-glasovanje-skusali-omogociti-tudi-s-traktorji\/\" \/>\n<meta property=\"og:locale\" content=\"sl_SI\" \/>\n<meta property=\"og:type\" content=\"article\" \/>\n<meta property=\"og:title\" content=\"Katalonci bodo glasovanje sku\u0161ali omogo\u010diti tudi s traktorji - Hudo Slovenija\" \/>\n<meta property=\"og:description\" content=\"Na ulice katalonskih mest so se danes podporniki za nedeljo napovedanega referenduma o neodvisnosti Katalonije odpravili s traktorji, s katerimi bodo sku\u0161ali v nedeljo omogo\u010diti nemoteno glasovanje. Predsednik katalonske vlade Carles Puigdemont je sicer danes dejal, da bi lahko po referendumu \u0161pansko vlado znova pozvali k pogovorom.\" \/>\n<meta property=\"og:url\" content=\"https:\/\/hudo.com\/si\/aktualno\/katalonci-bodo-glasovanje-skusali-omogociti-tudi-s-traktorji\/\" \/>\n<meta property=\"og:site_name\" content=\"Hudo Slovenija\" \/>\n<meta property=\"article:publisher\" content=\"https:\/\/www.facebook.com\/hudo.si\" \/>\n<meta property=\"article:published_time\" content=\"2017-09-29T15:46:37+00:00\" \/>\n<meta property=\"og:image\" content=\"https:\/\/hudo.com\/si\/wp-content\/uploads\/sites\/2\/2017\/09\/profimedia-0350879894.jpg\" \/>\n\t<meta property=\"og:image:width\" content=\"1250\" \/>\n\t<meta property=\"og:image:height\" content=\"833\" \/>\n\t<meta property=\"og:image:type\" content=\"image\/jpeg\" \/>\n<meta name=\"author\" content=\"A. G., STA\" \/>\n<meta name=\"twitter:card\" content=\"summary_large_image\" \/>\n<meta name=\"twitter:creator\" content=\"@hudo_si\" \/>\n<meta name=\"twitter:site\" content=\"@hudo_si\" \/>\n<meta name=\"twitter:label1\" content=\"Written by\" \/>\n\t<meta name=\"twitter:data1\" content=\"A. G., STA\" \/>\n\t<meta name=\"twitter:label2\" content=\"Est. reading time\" \/>\n\t<meta name=\"twitter:data2\" content=\"1 minuta\" \/>\n<script type=\"application\/ld+json\" class=\"yoast-schema-graph\">{\"@context\":\"https:\/\/schema.org\",\"@graph\":[{\"@type\":\"Article\",\"@id\":\"https:\/\/hudo.com\/si\/aktualno\/katalonci-bodo-glasovanje-skusali-omogociti-tudi-s-traktorji\/#article\",\"isPartOf\":{\"@id\":\"https:\/\/hudo.com\/si\/aktualno\/katalonci-bodo-glasovanje-skusali-omogociti-tudi-s-traktorji\/\"},\"author\":{\"name\":\"A. G., STA\",\"@id\":\"https:\/\/hudo.com\/si\/#\/schema\/person\/2391667a63ea075ba94f2f2dc6b77537\"},\"headline\":\"Katalonci bodo glasovanje sku\u0161ali omogo\u010diti tudi s traktorji\",\"datePublished\":\"2017-09-29T15:46:37+00:00\",\"dateModified\":\"2017-09-29T15:46:37+00:00\",\"mainEntityOfPage\":{\"@id\":\"https:\/\/hudo.com\/si\/aktualno\/katalonci-bodo-glasovanje-skusali-omogociti-tudi-s-traktorji\/\"},\"wordCount\":269,\"publisher\":{\"@id\":\"https:\/\/hudo.com\/si\/#organization\"},\"keywords\":[\"katalonija\",\"referendum\",\"\u0161panija\"],\"articleSection\":[\"Aktualno\"],\"inLanguage\":\"sl-SI\"},{\"@type\":\"WebPage\",\"@id\":\"https:\/\/hudo.com\/si\/aktualno\/katalonci-bodo-glasovanje-skusali-omogociti-tudi-s-traktorji\/\",\"url\":\"https:\/\/hudo.com\/si\/aktualno\/katalonci-bodo-glasovanje-skusali-omogociti-tudi-s-traktorji\/\",\"name\":\"Katalonci bodo glasovanje sku\u0161ali omogo\u010diti tudi s traktorji - Hudo Slovenija\",\"isPartOf\":{\"@id\":\"https:\/\/hudo.com\/si\/#website\"},\"datePublished\":\"2017-09-29T15:46:37+00:00\",\"dateModified\":\"2017-09-29T15:46:37+00:00\",\"breadcrumb\":{\"@id\":\"https:\/\/hudo.com\/si\/aktualno\/katalonci-bodo-glasovanje-skusali-omogociti-tudi-s-traktorji\/#breadcrumb\"},\"inLanguage\":\"sl-SI\",\"potentialAction\":[{\"@type\":\"ReadAction\",\"target\":[\"https:\/\/hudo.com\/si\/aktualno\/katalonci-bodo-glasovanje-skusali-omogociti-tudi-s-traktorji\/\"]}]},{\"@type\":\"BreadcrumbList\",\"@id\":\"https:\/\/hudo.com\/si\/aktualno\/katalonci-bodo-glasovanje-skusali-omogociti-tudi-s-traktorji\/#breadcrumb\",\"itemListElement\":[{\"@type\":\"ListItem\",\"position\":1,\"name\":\"Home\",\"item\":\"https:\/\/hudo.com\/si\/\"},{\"@type\":\"ListItem\",\"position\":2,\"name\":\"Katalonci bodo glasovanje sku\u0161ali omogo\u010diti tudi s traktorji\"}]},{\"@type\":\"WebSite\",\"@id\":\"https:\/\/hudo.com\/si\/#website\",\"url\":\"https:\/\/hudo.com\/si\/\",\"name\":\"Hudo Slovenija\",\"description\":\"Vse novice iz Slovenije in sveta\",\"publisher\":{\"@id\":\"https:\/\/hudo.com\/si\/#organization\"},\"potentialAction\":[{\"@type\":\"SearchAction\",\"target\":{\"@type\":\"EntryPoint\",\"urlTemplate\":\"https:\/\/hudo.com\/si\/?s={search_term_string}\"},\"query-input\":\"required name=search_term_string\"}],\"inLanguage\":\"sl-SI\"},{\"@type\":\"Organization\",\"@id\":\"https:\/\/hudo.com\/si\/#organization\",\"name\":\"VSN Media\",\"url\":\"https:\/\/hudo.com\/si\/\",\"logo\":{\"@type\":\"ImageObject\",\"inLanguage\":\"sl-SI\",\"@id\":\"https:\/\/hudo.com\/si\/#\/schema\/logo\/image\/\",\"url\":\"https:\/\/hudo.com\/si\/wp-content\/uploads\/sites\/2\/2021\/03\/hudo-app-2.png\",\"contentUrl\":\"https:\/\/hudo.com\/si\/wp-content\/uploads\/sites\/2\/2021\/03\/hudo-app-2.png\",\"width\":2185,\"height\":2167,\"caption\":\"VSN Media\"},\"image\":{\"@id\":\"https:\/\/hudo.com\/si\/#\/schema\/logo\/image\/\"},\"sameAs\":[\"https:\/\/www.facebook.com\/hudo.si\",\"https:\/\/twitter.com\/hudo_si\"]},{\"@type\":\"Person\",\"@id\":\"https:\/\/hudo.com\/si\/#\/schema\/person\/2391667a63ea075ba94f2f2dc6b77537\",\"name\":\"A. G., STA\",\"image\":{\"@type\":\"ImageObject\",\"inLanguage\":\"sl-SI\",\"@id\":\"https:\/\/hudo.com\/si\/#\/schema\/person\/image\/\",\"url\":\"https:\/\/secure.gravatar.com\/avatar\/e13d22ac3e442658d5025fbbe6238a79?s=96&d=mm&r=g\",\"contentUrl\":\"https:\/\/secure.gravatar.com\/avatar\/e13d22ac3e442658d5025fbbe6238a79?s=96&d=mm&r=g\",\"caption\":\"A. G., STA\"},\"url\":\"https:\/\/hudo.com\/si\/author\/alenka\/\"}]}<\/script>\n<!-- \/ Yoast SEO plugin. -->","yoast_head_json":{"title":"Katalonci bodo glasovanje sku\u0161ali omogo\u010diti tudi s traktorji - Hudo Slovenija","robots":{"index":"index","follow":"follow","max-snippet":"max-snippet:-1","max-image-preview":"max-image-preview:large","max-video-preview":"max-video-preview:-1"},"canonical":"https:\/\/hudo.com\/si\/aktualno\/katalonci-bodo-glasovanje-skusali-omogociti-tudi-s-traktorji\/","og_locale":"sl_SI","og_type":"article","og_title":"Katalonci bodo glasovanje sku\u0161ali omogo\u010diti tudi s traktorji - Hudo Slovenija","og_description":"Na ulice katalonskih mest so se danes podporniki za nedeljo napovedanega referenduma o neodvisnosti Katalonije odpravili s traktorji, s katerimi bodo sku\u0161ali v nedeljo omogo\u010diti nemoteno glasovanje. Predsednik katalonske vlade Carles Puigdemont je sicer danes dejal, da bi lahko po referendumu \u0161pansko vlado znova pozvali k pogovorom.","og_url":"https:\/\/hudo.com\/si\/aktualno\/katalonci-bodo-glasovanje-skusali-omogociti-tudi-s-traktorji\/","og_site_name":"Hudo Slovenija","article_publisher":"https:\/\/www.facebook.com\/hudo.si","article_published_time":"2017-09-29T15:46:37+00:00","og_image":[{"width":1250,"height":833,"url":"https:\/\/hudo.com\/si\/wp-content\/uploads\/sites\/2\/2017\/09\/profimedia-0350879894.jpg","type":"image\/jpeg"}],"author":"A. G., STA","twitter_card":"summary_large_image","twitter_creator":"@hudo_si","twitter_site":"@hudo_si","twitter_misc":{"Written by":"A. G., STA","Est. reading time":"1 minuta"},"schema":{"@context":"https:\/\/schema.org","@graph":[{"@type":"Article","@id":"https:\/\/hudo.com\/si\/aktualno\/katalonci-bodo-glasovanje-skusali-omogociti-tudi-s-traktorji\/#article","isPartOf":{"@id":"https:\/\/hudo.com\/si\/aktualno\/katalonci-bodo-glasovanje-skusali-omogociti-tudi-s-traktorji\/"},"author":{"name":"A. G., STA","@id":"https:\/\/hudo.com\/si\/#\/schema\/person\/2391667a63ea075ba94f2f2dc6b77537"},"headline":"Katalonci bodo glasovanje sku\u0161ali omogo\u010diti tudi s traktorji","datePublished":"2017-09-29T15:46:37+00:00","dateModified":"2017-09-29T15:46:37+00:00","mainEntityOfPage":{"@id":"https:\/\/hudo.com\/si\/aktualno\/katalonci-bodo-glasovanje-skusali-omogociti-tudi-s-traktorji\/"},"wordCount":269,"publisher":{"@id":"https:\/\/hudo.com\/si\/#organization"},"keywords":["katalonija","referendum","\u0161panija"],"articleSection":["Aktualno"],"inLanguage":"sl-SI"},{"@type":"WebPage","@id":"https:\/\/hudo.com\/si\/aktualno\/katalonci-bodo-glasovanje-skusali-omogociti-tudi-s-traktorji\/","url":"https:\/\/hudo.com\/si\/aktualno\/katalonci-bodo-glasovanje-skusali-omogociti-tudi-s-traktorji\/","name":"Katalonci bodo glasovanje sku\u0161ali omogo\u010diti tudi s traktorji - Hudo Slovenija","isPartOf":{"@id":"https:\/\/hudo.com\/si\/#website"},"datePublished":"2017-09-29T15:46:37+00:00","dateModified":"2017-09-29T15:46:37+00:00","breadcrumb":{"@id":"https:\/\/hudo.com\/si\/aktualno\/katalonci-bodo-glasovanje-skusali-omogociti-tudi-s-traktorji\/#breadcrumb"},"inLanguage":"sl-SI","potentialAction":[{"@type":"ReadAction","target":["https:\/\/hudo.com\/si\/aktualno\/katalonci-bodo-glasovanje-skusali-omogociti-tudi-s-traktorji\/"]}]},{"@type":"BreadcrumbList","@id":"https:\/\/hudo.com\/si\/aktualno\/katalonci-bodo-glasovanje-skusali-omogociti-tudi-s-traktorji\/#breadcrumb","itemListElement":[{"@type":"ListItem","position":1,"name":"Home","item":"https:\/\/hudo.com\/si\/"},{"@type":"ListItem","position":2,"name":"Katalonci bodo glasovanje sku\u0161ali omogo\u010diti tudi s traktorji"}]},{"@type":"WebSite","@id":"https:\/\/hudo.com\/si\/#website","url":"https:\/\/hudo.com\/si\/","name":"Hudo Slovenija","description":"Vse novice iz Slovenije in sveta","publisher":{"@id":"https:\/\/hudo.com\/si\/#organization"},"potentialAction":[{"@type":"SearchAction","target":{"@type":"EntryPoint","urlTemplate":"https:\/\/hudo.com\/si\/?s={search_term_string}"},"query-input":"required name=search_term_string"}],"inLanguage":"sl-SI"},{"@type":"Organization","@id":"https:\/\/hudo.com\/si\/#organization","name":"VSN Media","url":"https:\/\/hudo.com\/si\/","logo":{"@type":"ImageObject","inLanguage":"sl-SI","@id":"https:\/\/hudo.com\/si\/#\/schema\/logo\/image\/","url":"https:\/\/hudo.com\/si\/wp-content\/uploads\/sites\/2\/2021\/03\/hudo-app-2.png","contentUrl":"https:\/\/hudo.com\/si\/wp-content\/uploads\/sites\/2\/2021\/03\/hudo-app-2.png","width":2185,"height":2167,"caption":"VSN Media"},"image":{"@id":"https:\/\/hudo.com\/si\/#\/schema\/logo\/image\/"},"sameAs":["https:\/\/www.facebook.com\/hudo.si","https:\/\/twitter.com\/hudo_si"]},{"@type":"Person","@id":"https:\/\/hudo.com\/si\/#\/schema\/person\/2391667a63ea075ba94f2f2dc6b77537","name":"A. G., STA","image":{"@type":"ImageObject","inLanguage":"sl-SI","@id":"https:\/\/hudo.com\/si\/#\/schema\/person\/image\/","url":"https:\/\/secure.gravatar.com\/avatar\/e13d22ac3e442658d5025fbbe6238a79?s=96&d=mm&r=g","contentUrl":"https:\/\/secure.gravatar.com\/avatar\/e13d22ac3e442658d5025fbbe6238a79?s=96&d=mm&r=g","caption":"A. G., STA"},"url":"https:\/\/hudo.com\/si\/author\/alenka\/"}]}},"amp_enabled":true,"_links":{"self":[{"href":"https:\/\/hudo.com\/si\/wp-json\/wp\/v2\/posts\/304566"}],"collection":[{"href":"https:\/\/hudo.com\/si\/wp-json\/wp\/v2\/posts"}],"about":[{"href":"https:\/\/hudo.com\/si\/wp-json\/wp\/v2\/types\/post"}],"author":[{"embeddable":true,"href":"https:\/\/hudo.com\/si\/wp-json\/wp\/v2\/users\/5"}],"replies":[{"embeddable":true,"href":"https:\/\/hudo.com\/si\/wp-json\/wp\/v2\/comments?post=304566"}],"version-history":[{"count":1,"href":"https:\/\/hudo.com\/si\/wp-json\/wp\/v2\/posts\/304566\/revisions"}],"predecessor-version":[{"id":304568,"href":"https:\/\/hudo.com\/si\/wp-json\/wp\/v2\/posts\/304566\/revisions\/304568"}],"wp:featuredmedia":[{"embeddable":true,"href":"https:\/\/hudo.com\/si\/wp-json\/wp\/v2\/media\/304567"}],"wp:attachment":[{"href":"https:\/\/hudo.com\/si\/wp-json\/wp\/v2\/media?parent=304566"}],"wp:term":[{"taxonomy":"category","embeddable":true,"href":"https:\/\/hudo.com\/si\/wp-json\/wp\/v2\/categories?post=304566"},{"taxonomy":"post_tag","embeddable":true,"href":"https:\/\/hudo.com\/si\/wp-json\/wp\/v2\/tags?post=304566"},{"taxonomy":"source","embeddable":true,"href":"https:\/\/hudo.com\/si\/wp-json\/wp\/v2\/source?post=304566"},{"taxonomy":"supertag","embeddable":true,"href":"https:\/\/hudo.com\/si\/wp-json\/wp\/v2\/supertag?post=304566"}],"curies":[{"name":"wp","href":"https:\/\/api.w.org\/{rel}","templated":true}]}}