{"id":304765,"date":"2017-09-30T08:00:00","date_gmt":"2017-09-30T06:00:00","guid":{"rendered":"http:\/\/hudo.com\/si\/2017\/09\/30\/proti-slovja-evropa-ubranjena\/"},"modified":"2017-09-30T08:00:00","modified_gmt":"2017-09-30T06:00:00","slug":"proti-slovja-evropa-ubranjena","status":"publish","type":"post","link":"https:\/\/hudo.com\/si\/aktualno\/proti-slovja-evropa-ubranjena\/","title":{"rendered":"Proti-slovja: Evropa ubranjena"},"content":{"rendered":"<p>Kategorija: Kolumne Sat, 30 Sep 2017 10:00:00 +0200  Ko so se sredi septembra v Kaliningradu, ob Baltiku in v Belorusiji za\u010deli po ocenah ameri\u0161kih voja\u0161kih virov eni najstra\u0161nej\u0161ih manevrov ruske armade v pohladnovojnem \u010dasu, se je Evropa tresla, kot da bi bili ruski tanki \u017ee pred Amsterdamom. Preplah ni zajel le treh majhnih baltskih dr\u017eav Estonije, Litve in Latvije, tudi velika Poljska se je menda resno zbala ruskega \u00bbDrang nach Westen\u00ab. Po zatrjevanju ameri\u0161kih generalov naj bi namre\u010d Rusi v svoje vaje namesto prijavljenih 12.700 vojakov vklju\u010dili ve\u010d kot 100.000 mo\u017e in povsem prenovljeno tankovsko armado, naslednico legendarne, ki je neko\u010d osvobodila Berlin. Najmanj, kar bi se imelo zgoditi, naj bi bilo to, da bi Rusi s svojimi vojaki, tanki, raketami in postojankami po koncu manevrov, \u010detudi proti volji Minska, ostali v Belorusiji in si jo s tem \u00bbpo\u00a0&#8230;<\/p>\n","protected":false},"excerpt":{"rendered":"<p>Kategorija: Kolumne Sat, 30 Sep 2017 10:00:00 +0200  Ko so se sredi septembra v Kaliningradu, ob Baltiku in v Belorusiji za\u010deli po ocenah ameri\u0161kih voja\u0161kih virov eni najstra\u0161nej\u0161ih manevrov ruske armade v pohladnovojnem \u010dasu, se je Evropa tresla, kot da bi bili ruski tanki \u017ee pred Amsterdamom. Preplah ni zajel le treh majhnih baltskih dr\u017eav Estonije, Litve in Latvije, tudi velika Poljska se je menda resno zbala ruskega \u00bbDrang nach Westen\u00ab. Po zatrjevanju ameri\u0161kih generalov naj bi namre\u010d Rusi v svoje vaje namesto prijavljenih 12.700 vojakov vklju\u010dili ve\u010d kot 100.000 mo\u017e in povsem prenovljeno tankovsko armado, naslednico legendarne, ki je neko\u010d osvobodila Berlin. Najmanj, kar bi se imelo zgoditi, naj bi bilo to, da bi Rusi s svojimi vojaki, tanki, raketami in postojankami po koncu manevrov, \u010detudi proti volji Minska, ostali v Belorusiji in si jo s tem \u00bbpo\u00a0&#8230;<\/p>\n","protected":false},"author":1,"featured_media":0,"comment_status":"closed","ping_status":"closed","sticky":false,"template":"","format":"standard","meta":{"footnotes":""},"categories":[1179],"tags":[],"source":[1703],"supertag":[],"acf":[],"yoast_head":"<!-- This site is optimized with the Yoast SEO plugin v21.3 - https:\/\/yoast.com\/wordpress\/plugins\/seo\/ -->\n<title>Proti-slovja: Evropa ubranjena - Hudo Slovenija<\/title>\n<meta name=\"robots\" content=\"index, follow, max-snippet:-1, max-image-preview:large, max-video-preview:-1\" \/>\n<link rel=\"canonical\" href=\"https:\/\/hudo.com\/si\/aktualno\/proti-slovja-evropa-ubranjena\/\" \/>\n<meta property=\"og:locale\" content=\"sl_SI\" \/>\n<meta property=\"og:type\" content=\"article\" \/>\n<meta property=\"og:title\" content=\"Proti-slovja: Evropa ubranjena - Hudo Slovenija\" \/>\n<meta property=\"og:description\" content=\"Kategorija: Kolumne Sat, 30 Sep 2017 10:00:00 +0200 Ko so se sredi septembra v Kaliningradu, ob Baltiku in v Belorusiji za\u010deli po ocenah ameri\u0161kih voja\u0161kih virov eni najstra\u0161nej\u0161ih manevrov ruske armade v pohladnovojnem \u010dasu, se je Evropa tresla, kot da bi bili ruski tanki \u017ee pred Amsterdamom. Preplah ni zajel le treh majhnih baltskih dr\u017eav Estonije, Litve in Latvije, tudi velika Poljska se je menda resno zbala ruskega \u00bbDrang nach Westen\u00ab. Po zatrjevanju ameri\u0161kih generalov naj bi namre\u010d Rusi v svoje vaje namesto prijavljenih 12.700 vojakov vklju\u010dili ve\u010d kot 100.000 mo\u017e in povsem prenovljeno tankovsko armado, naslednico legendarne, ki je neko\u010d osvobodila Berlin. Najmanj, kar bi se imelo zgoditi, naj bi bilo to, da bi Rusi s svojimi vojaki, tanki, raketami in postojankami po koncu manevrov, \u010detudi proti volji Minska, ostali v Belorusiji in si jo s tem \u00bbpo\u00a0...\" \/>\n<meta property=\"og:url\" content=\"https:\/\/hudo.com\/si\/aktualno\/proti-slovja-evropa-ubranjena\/\" \/>\n<meta property=\"og:site_name\" content=\"Hudo Slovenija\" \/>\n<meta property=\"article:publisher\" content=\"https:\/\/www.facebook.com\/hudo.si\" \/>\n<meta property=\"article:published_time\" content=\"2017-09-30T06:00:00+00:00\" \/>\n<meta property=\"og:image\" content=\"https:\/\/hudo.com\/si\/wp-content\/uploads\/sites\/2\/2017\/09\/480x290_AFP_Photo-20141115123324-13314200.jpeg\" \/>\n\t<meta property=\"og:image:width\" content=\"480\" \/>\n\t<meta property=\"og:image:height\" content=\"290\" \/>\n\t<meta property=\"og:image:type\" content=\"image\/jpeg\" \/>\n<meta name=\"author\" content=\"hudo\" \/>\n<meta name=\"twitter:card\" content=\"summary_large_image\" \/>\n<meta name=\"twitter:creator\" content=\"@hudo_si\" \/>\n<meta name=\"twitter:site\" content=\"@hudo_si\" \/>\n<meta name=\"twitter:label1\" content=\"Written by\" \/>\n\t<meta name=\"twitter:data1\" content=\"hudo\" \/>\n\t<meta name=\"twitter:label2\" content=\"Est. reading time\" \/>\n\t<meta name=\"twitter:data2\" content=\"1 minuta\" \/>\n<script type=\"application\/ld+json\" class=\"yoast-schema-graph\">{\"@context\":\"https:\/\/schema.org\",\"@graph\":[{\"@type\":\"Article\",\"@id\":\"https:\/\/hudo.com\/si\/aktualno\/proti-slovja-evropa-ubranjena\/#article\",\"isPartOf\":{\"@id\":\"https:\/\/hudo.com\/si\/aktualno\/proti-slovja-evropa-ubranjena\/\"},\"author\":{\"name\":\"hudo\",\"@id\":\"https:\/\/hudo.com\/si\/#\/schema\/person\/601cf3379633985b20f7e50f2bb47707\"},\"headline\":\"Proti-slovja: Evropa ubranjena\",\"datePublished\":\"2017-09-30T06:00:00+00:00\",\"dateModified\":\"2017-09-30T06:00:00+00:00\",\"mainEntityOfPage\":{\"@id\":\"https:\/\/hudo.com\/si\/aktualno\/proti-slovja-evropa-ubranjena\/\"},\"wordCount\":144,\"publisher\":{\"@id\":\"https:\/\/hudo.com\/si\/#organization\"},\"articleSection\":[\"Aktualno\"],\"inLanguage\":\"sl-SI\"},{\"@type\":\"WebPage\",\"@id\":\"https:\/\/hudo.com\/si\/aktualno\/proti-slovja-evropa-ubranjena\/\",\"url\":\"https:\/\/hudo.com\/si\/aktualno\/proti-slovja-evropa-ubranjena\/\",\"name\":\"Proti-slovja: Evropa ubranjena - Hudo Slovenija\",\"isPartOf\":{\"@id\":\"https:\/\/hudo.com\/si\/#website\"},\"datePublished\":\"2017-09-30T06:00:00+00:00\",\"dateModified\":\"2017-09-30T06:00:00+00:00\",\"breadcrumb\":{\"@id\":\"https:\/\/hudo.com\/si\/aktualno\/proti-slovja-evropa-ubranjena\/#breadcrumb\"},\"inLanguage\":\"sl-SI\",\"potentialAction\":[{\"@type\":\"ReadAction\",\"target\":[\"https:\/\/hudo.com\/si\/aktualno\/proti-slovja-evropa-ubranjena\/\"]}]},{\"@type\":\"BreadcrumbList\",\"@id\":\"https:\/\/hudo.com\/si\/aktualno\/proti-slovja-evropa-ubranjena\/#breadcrumb\",\"itemListElement\":[{\"@type\":\"ListItem\",\"position\":1,\"name\":\"Home\",\"item\":\"https:\/\/hudo.com\/si\/\"},{\"@type\":\"ListItem\",\"position\":2,\"name\":\"Proti-slovja: Evropa ubranjena\"}]},{\"@type\":\"WebSite\",\"@id\":\"https:\/\/hudo.com\/si\/#website\",\"url\":\"https:\/\/hudo.com\/si\/\",\"name\":\"Hudo Slovenija\",\"description\":\"Vse novice iz Slovenije in sveta\",\"publisher\":{\"@id\":\"https:\/\/hudo.com\/si\/#organization\"},\"potentialAction\":[{\"@type\":\"SearchAction\",\"target\":{\"@type\":\"EntryPoint\",\"urlTemplate\":\"https:\/\/hudo.com\/si\/?s={search_term_string}\"},\"query-input\":\"required name=search_term_string\"}],\"inLanguage\":\"sl-SI\"},{\"@type\":\"Organization\",\"@id\":\"https:\/\/hudo.com\/si\/#organization\",\"name\":\"VSN Media\",\"url\":\"https:\/\/hudo.com\/si\/\",\"logo\":{\"@type\":\"ImageObject\",\"inLanguage\":\"sl-SI\",\"@id\":\"https:\/\/hudo.com\/si\/#\/schema\/logo\/image\/\",\"url\":\"https:\/\/hudo.com\/si\/wp-content\/uploads\/sites\/2\/2021\/03\/hudo-app-2.png\",\"contentUrl\":\"https:\/\/hudo.com\/si\/wp-content\/uploads\/sites\/2\/2021\/03\/hudo-app-2.png\",\"width\":2185,\"height\":2167,\"caption\":\"VSN Media\"},\"image\":{\"@id\":\"https:\/\/hudo.com\/si\/#\/schema\/logo\/image\/\"},\"sameAs\":[\"https:\/\/www.facebook.com\/hudo.si\",\"https:\/\/twitter.com\/hudo_si\"]},{\"@type\":\"Person\",\"@id\":\"https:\/\/hudo.com\/si\/#\/schema\/person\/601cf3379633985b20f7e50f2bb47707\",\"name\":\"hudo\",\"image\":{\"@type\":\"ImageObject\",\"inLanguage\":\"sl-SI\",\"@id\":\"https:\/\/hudo.com\/si\/#\/schema\/person\/image\/\",\"url\":\"https:\/\/secure.gravatar.com\/avatar\/c4ca25fa72cace7a696b52ff5db9e095?s=96&d=mm&r=g\",\"contentUrl\":\"https:\/\/secure.gravatar.com\/avatar\/c4ca25fa72cace7a696b52ff5db9e095?s=96&d=mm&r=g\",\"caption\":\"hudo\"},\"url\":\"https:\/\/hudo.com\/si\/author\/hudo\/\"}]}<\/script>\n<!-- \/ Yoast SEO plugin. -->","yoast_head_json":{"title":"Proti-slovja: Evropa ubranjena - Hudo Slovenija","robots":{"index":"index","follow":"follow","max-snippet":"max-snippet:-1","max-image-preview":"max-image-preview:large","max-video-preview":"max-video-preview:-1"},"canonical":"https:\/\/hudo.com\/si\/aktualno\/proti-slovja-evropa-ubranjena\/","og_locale":"sl_SI","og_type":"article","og_title":"Proti-slovja: Evropa ubranjena - Hudo Slovenija","og_description":"Kategorija: Kolumne Sat, 30 Sep 2017 10:00:00 +0200 Ko so se sredi septembra v Kaliningradu, ob Baltiku in v Belorusiji za\u010deli po ocenah ameri\u0161kih voja\u0161kih virov eni najstra\u0161nej\u0161ih manevrov ruske armade v pohladnovojnem \u010dasu, se je Evropa tresla, kot da bi bili ruski tanki \u017ee pred Amsterdamom. Preplah ni zajel le treh majhnih baltskih dr\u017eav Estonije, Litve in Latvije, tudi velika Poljska se je menda resno zbala ruskega \u00bbDrang nach Westen\u00ab. Po zatrjevanju ameri\u0161kih generalov naj bi namre\u010d Rusi v svoje vaje namesto prijavljenih 12.700 vojakov vklju\u010dili ve\u010d kot 100.000 mo\u017e in povsem prenovljeno tankovsko armado, naslednico legendarne, ki je neko\u010d osvobodila Berlin. Najmanj, kar bi se imelo zgoditi, naj bi bilo to, da bi Rusi s svojimi vojaki, tanki, raketami in postojankami po koncu manevrov, \u010detudi proti volji Minska, ostali v Belorusiji in si jo s tem \u00bbpo\u00a0...","og_url":"https:\/\/hudo.com\/si\/aktualno\/proti-slovja-evropa-ubranjena\/","og_site_name":"Hudo Slovenija","article_publisher":"https:\/\/www.facebook.com\/hudo.si","article_published_time":"2017-09-30T06:00:00+00:00","og_image":[{"width":480,"height":290,"url":"https:\/\/hudo.com\/si\/wp-content\/uploads\/sites\/2\/2017\/09\/480x290_AFP_Photo-20141115123324-13314200.jpeg","type":"image\/jpeg"}],"author":"hudo","twitter_card":"summary_large_image","twitter_creator":"@hudo_si","twitter_site":"@hudo_si","twitter_misc":{"Written by":"hudo","Est. reading time":"1 minuta"},"schema":{"@context":"https:\/\/schema.org","@graph":[{"@type":"Article","@id":"https:\/\/hudo.com\/si\/aktualno\/proti-slovja-evropa-ubranjena\/#article","isPartOf":{"@id":"https:\/\/hudo.com\/si\/aktualno\/proti-slovja-evropa-ubranjena\/"},"author":{"name":"hudo","@id":"https:\/\/hudo.com\/si\/#\/schema\/person\/601cf3379633985b20f7e50f2bb47707"},"headline":"Proti-slovja: Evropa ubranjena","datePublished":"2017-09-30T06:00:00+00:00","dateModified":"2017-09-30T06:00:00+00:00","mainEntityOfPage":{"@id":"https:\/\/hudo.com\/si\/aktualno\/proti-slovja-evropa-ubranjena\/"},"wordCount":144,"publisher":{"@id":"https:\/\/hudo.com\/si\/#organization"},"articleSection":["Aktualno"],"inLanguage":"sl-SI"},{"@type":"WebPage","@id":"https:\/\/hudo.com\/si\/aktualno\/proti-slovja-evropa-ubranjena\/","url":"https:\/\/hudo.com\/si\/aktualno\/proti-slovja-evropa-ubranjena\/","name":"Proti-slovja: Evropa ubranjena - Hudo Slovenija","isPartOf":{"@id":"https:\/\/hudo.com\/si\/#website"},"datePublished":"2017-09-30T06:00:00+00:00","dateModified":"2017-09-30T06:00:00+00:00","breadcrumb":{"@id":"https:\/\/hudo.com\/si\/aktualno\/proti-slovja-evropa-ubranjena\/#breadcrumb"},"inLanguage":"sl-SI","potentialAction":[{"@type":"ReadAction","target":["https:\/\/hudo.com\/si\/aktualno\/proti-slovja-evropa-ubranjena\/"]}]},{"@type":"BreadcrumbList","@id":"https:\/\/hudo.com\/si\/aktualno\/proti-slovja-evropa-ubranjena\/#breadcrumb","itemListElement":[{"@type":"ListItem","position":1,"name":"Home","item":"https:\/\/hudo.com\/si\/"},{"@type":"ListItem","position":2,"name":"Proti-slovja: Evropa ubranjena"}]},{"@type":"WebSite","@id":"https:\/\/hudo.com\/si\/#website","url":"https:\/\/hudo.com\/si\/","name":"Hudo Slovenija","description":"Vse novice iz Slovenije in sveta","publisher":{"@id":"https:\/\/hudo.com\/si\/#organization"},"potentialAction":[{"@type":"SearchAction","target":{"@type":"EntryPoint","urlTemplate":"https:\/\/hudo.com\/si\/?s={search_term_string}"},"query-input":"required name=search_term_string"}],"inLanguage":"sl-SI"},{"@type":"Organization","@id":"https:\/\/hudo.com\/si\/#organization","name":"VSN Media","url":"https:\/\/hudo.com\/si\/","logo":{"@type":"ImageObject","inLanguage":"sl-SI","@id":"https:\/\/hudo.com\/si\/#\/schema\/logo\/image\/","url":"https:\/\/hudo.com\/si\/wp-content\/uploads\/sites\/2\/2021\/03\/hudo-app-2.png","contentUrl":"https:\/\/hudo.com\/si\/wp-content\/uploads\/sites\/2\/2021\/03\/hudo-app-2.png","width":2185,"height":2167,"caption":"VSN Media"},"image":{"@id":"https:\/\/hudo.com\/si\/#\/schema\/logo\/image\/"},"sameAs":["https:\/\/www.facebook.com\/hudo.si","https:\/\/twitter.com\/hudo_si"]},{"@type":"Person","@id":"https:\/\/hudo.com\/si\/#\/schema\/person\/601cf3379633985b20f7e50f2bb47707","name":"hudo","image":{"@type":"ImageObject","inLanguage":"sl-SI","@id":"https:\/\/hudo.com\/si\/#\/schema\/person\/image\/","url":"https:\/\/secure.gravatar.com\/avatar\/c4ca25fa72cace7a696b52ff5db9e095?s=96&d=mm&r=g","contentUrl":"https:\/\/secure.gravatar.com\/avatar\/c4ca25fa72cace7a696b52ff5db9e095?s=96&d=mm&r=g","caption":"hudo"},"url":"https:\/\/hudo.com\/si\/author\/hudo\/"}]}},"amp_enabled":true,"_links":{"self":[{"href":"https:\/\/hudo.com\/si\/wp-json\/wp\/v2\/posts\/304765"}],"collection":[{"href":"https:\/\/hudo.com\/si\/wp-json\/wp\/v2\/posts"}],"about":[{"href":"https:\/\/hudo.com\/si\/wp-json\/wp\/v2\/types\/post"}],"author":[{"embeddable":true,"href":"https:\/\/hudo.com\/si\/wp-json\/wp\/v2\/users\/1"}],"replies":[{"embeddable":true,"href":"https:\/\/hudo.com\/si\/wp-json\/wp\/v2\/comments?post=304765"}],"version-history":[{"count":0,"href":"https:\/\/hudo.com\/si\/wp-json\/wp\/v2\/posts\/304765\/revisions"}],"wp:attachment":[{"href":"https:\/\/hudo.com\/si\/wp-json\/wp\/v2\/media?parent=304765"}],"wp:term":[{"taxonomy":"category","embeddable":true,"href":"https:\/\/hudo.com\/si\/wp-json\/wp\/v2\/categories?post=304765"},{"taxonomy":"post_tag","embeddable":true,"href":"https:\/\/hudo.com\/si\/wp-json\/wp\/v2\/tags?post=304765"},{"taxonomy":"source","embeddable":true,"href":"https:\/\/hudo.com\/si\/wp-json\/wp\/v2\/source?post=304765"},{"taxonomy":"supertag","embeddable":true,"href":"https:\/\/hudo.com\/si\/wp-json\/wp\/v2\/supertag?post=304765"}],"curies":[{"name":"wp","href":"https:\/\/api.w.org\/{rel}","templated":true}]}}