{"id":304838,"date":"2017-09-30T19:52:04","date_gmt":"2017-09-30T17:52:04","guid":{"rendered":"http:\/\/hudo.com\/si\/?p=304838"},"modified":"2017-09-30T19:52:04","modified_gmt":"2017-09-30T17:52:04","slug":"plenkovic-o-pogovorih-s-cerarjem-v-tallinnu-zelimo-dialog","status":"publish","type":"post","link":"https:\/\/hudo.com\/si\/aktualno\/plenkovic-o-pogovorih-s-cerarjem-v-tallinnu-zelimo-dialog\/","title":{"rendered":"Plenkovi\u0107 o pogovorih s Cerarjem v Tallinnu: \u017delimo dialog"},"content":{"rendered":"<div class=\"text\">\n<p>&#8220;Na\u0161 cilj je, da skozi dialog, skozi bolj\u0161e razumevanje stali\u0161\u010d tako Hrva\u0161ke kot Slovenije nadaljujemo re\u0161evanje odprtih mejnih vpra\u0161anj,&#8221; je danes v Zagrebu ob obele\u017eitvi dneva policije po navedbah hrva\u0161ke tiskovne agencije Hina povedal Plenkovi\u0107.<\/p>\n<p>Ni pa \u017eelel komentirati izmenjave med slovenskim premierjem in zunanjim ministrom Karlom Erjavcem &#8211; slednjega je Cerar okaral, da njegove izjave v javnosti \u0161kodijo Sloveniji. Kot je dejal, so ti komentarji \u017ee posledica predvolilnega vzdu\u0161ja. &#8220;To bomo prepustili kolegom v Sloveniji,&#8221; je bil kratek Plenkovi\u0107.<\/p>\n<p>Dodal je \u0161e, da je vabilo Cerarju na pogovore \u0161e vedno odprto in da bodo strokovnjaki obeh strani v prihodnjih tednih nadaljevali pogovore. Znova pa je zagotovil, da Hrva\u0161ka vztraja pri svojem stali\u0161\u010du glede arbitra\u017ee.<\/p>\n<p>Cerar je \u017ee v petek slovenskim novinarjem povedal, da ga je hrva\u0161ki kolega ponovno povabil v Zagreb. Na vabilo se namerava odzvati, ko bo na dnevnem redu implementacija arbitra\u017ene odlo\u010dbe. Do takrat pa naj bi potekalo delo na strokovni ravni, ki naj bi omogo\u010dilo sestanek.<\/p>\n<p>Tako Cerar kot Plenkovi\u0107 sta stali\u0161\u010da svojih dr\u017eav v Tallinnu predstavljala tudi nem\u0161ki kanclerki Angeli Merkel.<\/p>\n<\/div>\n","protected":false},"excerpt":{"rendered":"<p>Hrva\u0161ki premier Andrej Plenkovi\u0107 je danes hrva\u0161kim novinarjem pojasnil, da je ob robu digitalnega vrha v estonskem Tallinnu &#8220;dobre pol ure&#8221; govoril s slovenskim premierjem Mirom Cerarjem. Cilj Hrva\u0161ke je skozi dialog in bolj\u0161e razumevanje stali\u0161\u010d obeh dr\u017eav priti do re\u0161itve za &#8220;odprta mejna vpra\u0161anja&#8221;, je pojasnil.<\/p>\n","protected":false},"author":5,"featured_media":304839,"comment_status":"closed","ping_status":"closed","sticky":false,"template":"","format":"standard","meta":{"footnotes":""},"categories":[1179],"tags":[6285,5681,1810,2173,1595],"source":[4511],"supertag":[],"acf":[],"yoast_head":"<!-- This site is optimized with the Yoast SEO plugin v21.3 - https:\/\/yoast.com\/wordpress\/plugins\/seo\/ -->\n<title>Plenkovi\u0107 o pogovorih s Cerarjem v Tallinnu: \u017delimo dialog - Hudo Slovenija<\/title>\n<meta name=\"robots\" content=\"index, follow, max-snippet:-1, max-image-preview:large, max-video-preview:-1\" \/>\n<link rel=\"canonical\" href=\"https:\/\/hudo.com\/si\/aktualno\/plenkovic-o-pogovorih-s-cerarjem-v-tallinnu-zelimo-dialog\/\" \/>\n<meta property=\"og:locale\" content=\"sl_SI\" \/>\n<meta property=\"og:type\" content=\"article\" \/>\n<meta property=\"og:title\" content=\"Plenkovi\u0107 o pogovorih s Cerarjem v Tallinnu: \u017delimo dialog - Hudo Slovenija\" \/>\n<meta property=\"og:description\" content=\"Hrva\u0161ki premier Andrej Plenkovi\u0107 je danes hrva\u0161kim novinarjem pojasnil, da je ob robu digitalnega vrha v estonskem Tallinnu &quot;dobre pol ure&quot; govoril s slovenskim premierjem Mirom Cerarjem. Cilj Hrva\u0161ke je skozi dialog in bolj\u0161e razumevanje stali\u0161\u010d obeh dr\u017eav priti do re\u0161itve za &quot;odprta mejna vpra\u0161anja&quot;, je pojasnil.\" \/>\n<meta property=\"og:url\" content=\"https:\/\/hudo.com\/si\/aktualno\/plenkovic-o-pogovorih-s-cerarjem-v-tallinnu-zelimo-dialog\/\" \/>\n<meta property=\"og:site_name\" content=\"Hudo Slovenija\" \/>\n<meta property=\"article:publisher\" content=\"https:\/\/www.facebook.com\/hudo.si\" \/>\n<meta property=\"article:published_time\" content=\"2017-09-30T17:52:04+00:00\" \/>\n<meta property=\"og:image\" content=\"https:\/\/hudo.com\/si\/wp-content\/uploads\/sites\/2\/2017\/09\/profimedia-0341630877.jpg\" \/>\n\t<meta property=\"og:image:width\" content=\"1250\" \/>\n\t<meta property=\"og:image:height\" content=\"833\" \/>\n\t<meta property=\"og:image:type\" content=\"image\/jpeg\" \/>\n<meta name=\"author\" content=\"A. G., STA\" \/>\n<meta name=\"twitter:card\" content=\"summary_large_image\" \/>\n<meta name=\"twitter:creator\" content=\"@hudo_si\" \/>\n<meta name=\"twitter:site\" content=\"@hudo_si\" \/>\n<meta name=\"twitter:label1\" content=\"Written by\" \/>\n\t<meta name=\"twitter:data1\" content=\"A. G., STA\" \/>\n\t<meta name=\"twitter:label2\" content=\"Est. reading time\" \/>\n\t<meta name=\"twitter:data2\" content=\"1 minuta\" \/>\n<script type=\"application\/ld+json\" class=\"yoast-schema-graph\">{\"@context\":\"https:\/\/schema.org\",\"@graph\":[{\"@type\":\"Article\",\"@id\":\"https:\/\/hudo.com\/si\/aktualno\/plenkovic-o-pogovorih-s-cerarjem-v-tallinnu-zelimo-dialog\/#article\",\"isPartOf\":{\"@id\":\"https:\/\/hudo.com\/si\/aktualno\/plenkovic-o-pogovorih-s-cerarjem-v-tallinnu-zelimo-dialog\/\"},\"author\":{\"name\":\"A. G., STA\",\"@id\":\"https:\/\/hudo.com\/si\/#\/schema\/person\/2391667a63ea075ba94f2f2dc6b77537\"},\"headline\":\"Plenkovi\u0107 o pogovorih s Cerarjem v Tallinnu: \u017delimo dialog\",\"datePublished\":\"2017-09-30T17:52:04+00:00\",\"dateModified\":\"2017-09-30T17:52:04+00:00\",\"mainEntityOfPage\":{\"@id\":\"https:\/\/hudo.com\/si\/aktualno\/plenkovic-o-pogovorih-s-cerarjem-v-tallinnu-zelimo-dialog\/\"},\"wordCount\":202,\"publisher\":{\"@id\":\"https:\/\/hudo.com\/si\/#organization\"},\"keywords\":[\"Andrej Plenkovi\u0107\",\"arbitra\u017ea\",\"hrva\u0161ka\",\"Miro Cerar\",\"Slovenija\"],\"articleSection\":[\"Aktualno\"],\"inLanguage\":\"sl-SI\"},{\"@type\":\"WebPage\",\"@id\":\"https:\/\/hudo.com\/si\/aktualno\/plenkovic-o-pogovorih-s-cerarjem-v-tallinnu-zelimo-dialog\/\",\"url\":\"https:\/\/hudo.com\/si\/aktualno\/plenkovic-o-pogovorih-s-cerarjem-v-tallinnu-zelimo-dialog\/\",\"name\":\"Plenkovi\u0107 o pogovorih s Cerarjem v Tallinnu: \u017delimo dialog - Hudo Slovenija\",\"isPartOf\":{\"@id\":\"https:\/\/hudo.com\/si\/#website\"},\"datePublished\":\"2017-09-30T17:52:04+00:00\",\"dateModified\":\"2017-09-30T17:52:04+00:00\",\"breadcrumb\":{\"@id\":\"https:\/\/hudo.com\/si\/aktualno\/plenkovic-o-pogovorih-s-cerarjem-v-tallinnu-zelimo-dialog\/#breadcrumb\"},\"inLanguage\":\"sl-SI\",\"potentialAction\":[{\"@type\":\"ReadAction\",\"target\":[\"https:\/\/hudo.com\/si\/aktualno\/plenkovic-o-pogovorih-s-cerarjem-v-tallinnu-zelimo-dialog\/\"]}]},{\"@type\":\"BreadcrumbList\",\"@id\":\"https:\/\/hudo.com\/si\/aktualno\/plenkovic-o-pogovorih-s-cerarjem-v-tallinnu-zelimo-dialog\/#breadcrumb\",\"itemListElement\":[{\"@type\":\"ListItem\",\"position\":1,\"name\":\"Home\",\"item\":\"https:\/\/hudo.com\/si\/\"},{\"@type\":\"ListItem\",\"position\":2,\"name\":\"Plenkovi\u0107 o pogovorih s Cerarjem v Tallinnu: \u017delimo dialog\"}]},{\"@type\":\"WebSite\",\"@id\":\"https:\/\/hudo.com\/si\/#website\",\"url\":\"https:\/\/hudo.com\/si\/\",\"name\":\"Hudo Slovenija\",\"description\":\"Vse novice iz Slovenije in sveta\",\"publisher\":{\"@id\":\"https:\/\/hudo.com\/si\/#organization\"},\"potentialAction\":[{\"@type\":\"SearchAction\",\"target\":{\"@type\":\"EntryPoint\",\"urlTemplate\":\"https:\/\/hudo.com\/si\/?s={search_term_string}\"},\"query-input\":\"required name=search_term_string\"}],\"inLanguage\":\"sl-SI\"},{\"@type\":\"Organization\",\"@id\":\"https:\/\/hudo.com\/si\/#organization\",\"name\":\"VSN Media\",\"url\":\"https:\/\/hudo.com\/si\/\",\"logo\":{\"@type\":\"ImageObject\",\"inLanguage\":\"sl-SI\",\"@id\":\"https:\/\/hudo.com\/si\/#\/schema\/logo\/image\/\",\"url\":\"https:\/\/hudo.com\/si\/wp-content\/uploads\/sites\/2\/2021\/03\/hudo-app-2.png\",\"contentUrl\":\"https:\/\/hudo.com\/si\/wp-content\/uploads\/sites\/2\/2021\/03\/hudo-app-2.png\",\"width\":2185,\"height\":2167,\"caption\":\"VSN Media\"},\"image\":{\"@id\":\"https:\/\/hudo.com\/si\/#\/schema\/logo\/image\/\"},\"sameAs\":[\"https:\/\/www.facebook.com\/hudo.si\",\"https:\/\/twitter.com\/hudo_si\"]},{\"@type\":\"Person\",\"@id\":\"https:\/\/hudo.com\/si\/#\/schema\/person\/2391667a63ea075ba94f2f2dc6b77537\",\"name\":\"A. G., STA\",\"image\":{\"@type\":\"ImageObject\",\"inLanguage\":\"sl-SI\",\"@id\":\"https:\/\/hudo.com\/si\/#\/schema\/person\/image\/\",\"url\":\"https:\/\/secure.gravatar.com\/avatar\/e13d22ac3e442658d5025fbbe6238a79?s=96&d=mm&r=g\",\"contentUrl\":\"https:\/\/secure.gravatar.com\/avatar\/e13d22ac3e442658d5025fbbe6238a79?s=96&d=mm&r=g\",\"caption\":\"A. G., STA\"},\"url\":\"https:\/\/hudo.com\/si\/author\/alenka\/\"}]}<\/script>\n<!-- \/ Yoast SEO plugin. -->","yoast_head_json":{"title":"Plenkovi\u0107 o pogovorih s Cerarjem v Tallinnu: \u017delimo dialog - Hudo Slovenija","robots":{"index":"index","follow":"follow","max-snippet":"max-snippet:-1","max-image-preview":"max-image-preview:large","max-video-preview":"max-video-preview:-1"},"canonical":"https:\/\/hudo.com\/si\/aktualno\/plenkovic-o-pogovorih-s-cerarjem-v-tallinnu-zelimo-dialog\/","og_locale":"sl_SI","og_type":"article","og_title":"Plenkovi\u0107 o pogovorih s Cerarjem v Tallinnu: \u017delimo dialog - Hudo Slovenija","og_description":"Hrva\u0161ki premier Andrej Plenkovi\u0107 je danes hrva\u0161kim novinarjem pojasnil, da je ob robu digitalnega vrha v estonskem Tallinnu \"dobre pol ure\" govoril s slovenskim premierjem Mirom Cerarjem. Cilj Hrva\u0161ke je skozi dialog in bolj\u0161e razumevanje stali\u0161\u010d obeh dr\u017eav priti do re\u0161itve za \"odprta mejna vpra\u0161anja\", je pojasnil.","og_url":"https:\/\/hudo.com\/si\/aktualno\/plenkovic-o-pogovorih-s-cerarjem-v-tallinnu-zelimo-dialog\/","og_site_name":"Hudo Slovenija","article_publisher":"https:\/\/www.facebook.com\/hudo.si","article_published_time":"2017-09-30T17:52:04+00:00","og_image":[{"width":1250,"height":833,"url":"https:\/\/hudo.com\/si\/wp-content\/uploads\/sites\/2\/2017\/09\/profimedia-0341630877.jpg","type":"image\/jpeg"}],"author":"A. G., STA","twitter_card":"summary_large_image","twitter_creator":"@hudo_si","twitter_site":"@hudo_si","twitter_misc":{"Written by":"A. G., STA","Est. reading time":"1 minuta"},"schema":{"@context":"https:\/\/schema.org","@graph":[{"@type":"Article","@id":"https:\/\/hudo.com\/si\/aktualno\/plenkovic-o-pogovorih-s-cerarjem-v-tallinnu-zelimo-dialog\/#article","isPartOf":{"@id":"https:\/\/hudo.com\/si\/aktualno\/plenkovic-o-pogovorih-s-cerarjem-v-tallinnu-zelimo-dialog\/"},"author":{"name":"A. G., STA","@id":"https:\/\/hudo.com\/si\/#\/schema\/person\/2391667a63ea075ba94f2f2dc6b77537"},"headline":"Plenkovi\u0107 o pogovorih s Cerarjem v Tallinnu: \u017delimo dialog","datePublished":"2017-09-30T17:52:04+00:00","dateModified":"2017-09-30T17:52:04+00:00","mainEntityOfPage":{"@id":"https:\/\/hudo.com\/si\/aktualno\/plenkovic-o-pogovorih-s-cerarjem-v-tallinnu-zelimo-dialog\/"},"wordCount":202,"publisher":{"@id":"https:\/\/hudo.com\/si\/#organization"},"keywords":["Andrej Plenkovi\u0107","arbitra\u017ea","hrva\u0161ka","Miro Cerar","Slovenija"],"articleSection":["Aktualno"],"inLanguage":"sl-SI"},{"@type":"WebPage","@id":"https:\/\/hudo.com\/si\/aktualno\/plenkovic-o-pogovorih-s-cerarjem-v-tallinnu-zelimo-dialog\/","url":"https:\/\/hudo.com\/si\/aktualno\/plenkovic-o-pogovorih-s-cerarjem-v-tallinnu-zelimo-dialog\/","name":"Plenkovi\u0107 o pogovorih s Cerarjem v Tallinnu: \u017delimo dialog - Hudo Slovenija","isPartOf":{"@id":"https:\/\/hudo.com\/si\/#website"},"datePublished":"2017-09-30T17:52:04+00:00","dateModified":"2017-09-30T17:52:04+00:00","breadcrumb":{"@id":"https:\/\/hudo.com\/si\/aktualno\/plenkovic-o-pogovorih-s-cerarjem-v-tallinnu-zelimo-dialog\/#breadcrumb"},"inLanguage":"sl-SI","potentialAction":[{"@type":"ReadAction","target":["https:\/\/hudo.com\/si\/aktualno\/plenkovic-o-pogovorih-s-cerarjem-v-tallinnu-zelimo-dialog\/"]}]},{"@type":"BreadcrumbList","@id":"https:\/\/hudo.com\/si\/aktualno\/plenkovic-o-pogovorih-s-cerarjem-v-tallinnu-zelimo-dialog\/#breadcrumb","itemListElement":[{"@type":"ListItem","position":1,"name":"Home","item":"https:\/\/hudo.com\/si\/"},{"@type":"ListItem","position":2,"name":"Plenkovi\u0107 o pogovorih s Cerarjem v Tallinnu: \u017delimo dialog"}]},{"@type":"WebSite","@id":"https:\/\/hudo.com\/si\/#website","url":"https:\/\/hudo.com\/si\/","name":"Hudo Slovenija","description":"Vse novice iz Slovenije in sveta","publisher":{"@id":"https:\/\/hudo.com\/si\/#organization"},"potentialAction":[{"@type":"SearchAction","target":{"@type":"EntryPoint","urlTemplate":"https:\/\/hudo.com\/si\/?s={search_term_string}"},"query-input":"required name=search_term_string"}],"inLanguage":"sl-SI"},{"@type":"Organization","@id":"https:\/\/hudo.com\/si\/#organization","name":"VSN Media","url":"https:\/\/hudo.com\/si\/","logo":{"@type":"ImageObject","inLanguage":"sl-SI","@id":"https:\/\/hudo.com\/si\/#\/schema\/logo\/image\/","url":"https:\/\/hudo.com\/si\/wp-content\/uploads\/sites\/2\/2021\/03\/hudo-app-2.png","contentUrl":"https:\/\/hudo.com\/si\/wp-content\/uploads\/sites\/2\/2021\/03\/hudo-app-2.png","width":2185,"height":2167,"caption":"VSN Media"},"image":{"@id":"https:\/\/hudo.com\/si\/#\/schema\/logo\/image\/"},"sameAs":["https:\/\/www.facebook.com\/hudo.si","https:\/\/twitter.com\/hudo_si"]},{"@type":"Person","@id":"https:\/\/hudo.com\/si\/#\/schema\/person\/2391667a63ea075ba94f2f2dc6b77537","name":"A. G., STA","image":{"@type":"ImageObject","inLanguage":"sl-SI","@id":"https:\/\/hudo.com\/si\/#\/schema\/person\/image\/","url":"https:\/\/secure.gravatar.com\/avatar\/e13d22ac3e442658d5025fbbe6238a79?s=96&d=mm&r=g","contentUrl":"https:\/\/secure.gravatar.com\/avatar\/e13d22ac3e442658d5025fbbe6238a79?s=96&d=mm&r=g","caption":"A. G., STA"},"url":"https:\/\/hudo.com\/si\/author\/alenka\/"}]}},"amp_enabled":true,"_links":{"self":[{"href":"https:\/\/hudo.com\/si\/wp-json\/wp\/v2\/posts\/304838"}],"collection":[{"href":"https:\/\/hudo.com\/si\/wp-json\/wp\/v2\/posts"}],"about":[{"href":"https:\/\/hudo.com\/si\/wp-json\/wp\/v2\/types\/post"}],"author":[{"embeddable":true,"href":"https:\/\/hudo.com\/si\/wp-json\/wp\/v2\/users\/5"}],"replies":[{"embeddable":true,"href":"https:\/\/hudo.com\/si\/wp-json\/wp\/v2\/comments?post=304838"}],"version-history":[{"count":1,"href":"https:\/\/hudo.com\/si\/wp-json\/wp\/v2\/posts\/304838\/revisions"}],"predecessor-version":[{"id":304840,"href":"https:\/\/hudo.com\/si\/wp-json\/wp\/v2\/posts\/304838\/revisions\/304840"}],"wp:featuredmedia":[{"embeddable":true,"href":"https:\/\/hudo.com\/si\/wp-json\/wp\/v2\/media\/304839"}],"wp:attachment":[{"href":"https:\/\/hudo.com\/si\/wp-json\/wp\/v2\/media?parent=304838"}],"wp:term":[{"taxonomy":"category","embeddable":true,"href":"https:\/\/hudo.com\/si\/wp-json\/wp\/v2\/categories?post=304838"},{"taxonomy":"post_tag","embeddable":true,"href":"https:\/\/hudo.com\/si\/wp-json\/wp\/v2\/tags?post=304838"},{"taxonomy":"source","embeddable":true,"href":"https:\/\/hudo.com\/si\/wp-json\/wp\/v2\/source?post=304838"},{"taxonomy":"supertag","embeddable":true,"href":"https:\/\/hudo.com\/si\/wp-json\/wp\/v2\/supertag?post=304838"}],"curies":[{"name":"wp","href":"https:\/\/api.w.org\/{rel}","templated":true}]}}