{"id":304848,"date":"2017-09-30T16:52:00","date_gmt":"2017-09-30T14:52:00","guid":{"rendered":"http:\/\/hudo.com\/si\/2017\/09\/30\/iran-uvedel-naftni-embargo-proti-iraskemu-kurdistanu\/"},"modified":"2017-09-30T16:52:00","modified_gmt":"2017-09-30T14:52:00","slug":"iran-uvedel-naftni-embargo-proti-iraskemu-kurdistanu","status":"publish","type":"post","link":"https:\/\/hudo.com\/si\/aktualno\/iran-uvedel-naftni-embargo-proti-iraskemu-kurdistanu\/","title":{"rendered":"Iran uvedel naftni embargo proti ira\u0161kemu Kurdistanu"},"content":{"rendered":"<p>Kategorija: Globalno Sat, 30 Sep 2017 18:52:00 +0200  Teheran &#8211; Iran je danes kot odziv na kontroverzni referendum o neodvisnosti uvedel embargo na izvoz naftnih proizvodov v ira\u0161ki Kurdistan in uvoz iz njega, pi\u0161ejo iranski mediji. Po poro\u010danju francoske tiskovne agencije AFP bodo morala s trgovanjem prenehati vsa transportna podjetja, Iran in Irak pa sta obenem napovedala tudi skupne voja\u0161ke vaje. Na ponedeljkovem referendumu so Kurdi mno\u017ei\u010dno podprli neodvisnost avtonomne regije od Iraka, kar je dodatno zaostrilo razmere v regiji. Iran neodvisnosti ira\u0161kih Kurdov ostro nasprotuje, saj se boji porasta zahtev po neodvisnosti lastne kurdske populacije. \u00bbNa podlagi minulih regionalnih dogajanj in odlo\u010ditve pristojnega oddelka iranskega notranjega ministrstva naj se mednarodne transportna podjetja in njihovi vozniki do nadaljnjega izogibajo trgovanju z ira\u0161kim Kurdistanom,\u00ab se je po poro\u010danju STA glasila direktiva prometnega ministrstva. Nafta je glavni iranski izvozni produkt v ira\u0161ki Kurdistan,\u00a0&#8230;<\/p>\n","protected":false},"excerpt":{"rendered":"<p>Kategorija: Globalno Sat, 30 Sep 2017 18:52:00 +0200  Teheran &#8211; Iran je danes kot odziv na kontroverzni referendum o neodvisnosti uvedel embargo na izvoz naftnih proizvodov v ira\u0161ki Kurdistan in uvoz iz njega, pi\u0161ejo iranski mediji. Po poro\u010danju francoske tiskovne agencije AFP bodo morala s trgovanjem prenehati vsa transportna podjetja, Iran in Irak pa sta obenem napovedala tudi skupne voja\u0161ke vaje. Na ponedeljkovem referendumu so Kurdi mno\u017ei\u010dno podprli neodvisnost avtonomne regije od Iraka, kar je dodatno zaostrilo razmere v regiji. Iran neodvisnosti ira\u0161kih Kurdov ostro nasprotuje, saj se boji porasta zahtev po neodvisnosti lastne kurdske populacije. \u00bbNa podlagi minulih regionalnih dogajanj in odlo\u010ditve pristojnega oddelka iranskega notranjega ministrstva naj se mednarodne transportna podjetja in njihovi vozniki do nadaljnjega izogibajo trgovanju z ira\u0161kim Kurdistanom,\u00ab se je po poro\u010danju STA glasila direktiva prometnega ministrstva. Nafta je glavni iranski izvozni produkt v ira\u0161ki Kurdistan,\u00a0&#8230;<\/p>\n","protected":false},"author":1,"featured_media":0,"comment_status":"closed","ping_status":"closed","sticky":false,"template":"","format":"standard","meta":{"footnotes":""},"categories":[1179],"tags":[],"source":[1703],"supertag":[],"acf":[],"yoast_head":"<!-- This site is optimized with the Yoast SEO plugin v21.3 - https:\/\/yoast.com\/wordpress\/plugins\/seo\/ -->\n<title>Iran uvedel naftni embargo proti ira\u0161kemu Kurdistanu - Hudo Slovenija<\/title>\n<meta name=\"robots\" content=\"index, follow, max-snippet:-1, max-image-preview:large, max-video-preview:-1\" \/>\n<link rel=\"canonical\" href=\"https:\/\/hudo.com\/si\/aktualno\/iran-uvedel-naftni-embargo-proti-iraskemu-kurdistanu\/\" \/>\n<meta property=\"og:locale\" content=\"sl_SI\" \/>\n<meta property=\"og:type\" content=\"article\" \/>\n<meta property=\"og:title\" content=\"Iran uvedel naftni embargo proti ira\u0161kemu Kurdistanu - Hudo Slovenija\" \/>\n<meta property=\"og:description\" content=\"Kategorija: Globalno Sat, 30 Sep 2017 18:52:00 +0200 Teheran - Iran je danes kot odziv na kontroverzni referendum o neodvisnosti uvedel embargo na izvoz naftnih proizvodov v ira\u0161ki Kurdistan in uvoz iz njega, pi\u0161ejo iranski mediji. Po poro\u010danju francoske tiskovne agencije AFP bodo morala s trgovanjem prenehati vsa transportna podjetja, Iran in Irak pa sta obenem napovedala tudi skupne voja\u0161ke vaje. Na ponedeljkovem referendumu so Kurdi mno\u017ei\u010dno podprli neodvisnost avtonomne regije od Iraka, kar je dodatno zaostrilo razmere v regiji. Iran neodvisnosti ira\u0161kih Kurdov ostro nasprotuje, saj se boji porasta zahtev po neodvisnosti lastne kurdske populacije. \u00bbNa podlagi minulih regionalnih dogajanj in odlo\u010ditve pristojnega oddelka iranskega notranjega ministrstva naj se mednarodne transportna podjetja in njihovi vozniki do nadaljnjega izogibajo trgovanju z ira\u0161kim Kurdistanom,\u00ab se je po poro\u010danju STA glasila direktiva prometnega ministrstva. Nafta je glavni iranski izvozni produkt v ira\u0161ki Kurdistan,\u00a0...\" \/>\n<meta property=\"og:url\" content=\"https:\/\/hudo.com\/si\/aktualno\/iran-uvedel-naftni-embargo-proti-iraskemu-kurdistanu\/\" \/>\n<meta property=\"og:site_name\" content=\"Hudo Slovenija\" \/>\n<meta property=\"article:publisher\" content=\"https:\/\/www.facebook.com\/hudo.si\" \/>\n<meta property=\"article:published_time\" content=\"2017-09-30T14:52:00+00:00\" \/>\n<meta property=\"og:image\" content=\"https:\/\/hudo.com\/si\/wp-content\/uploads\/sites\/2\/2017\/09\/480x290_Reuters_Pictures-20170924171050-98458500.jpeg\" \/>\n\t<meta property=\"og:image:width\" content=\"480\" \/>\n\t<meta property=\"og:image:height\" content=\"290\" \/>\n\t<meta property=\"og:image:type\" content=\"image\/jpeg\" \/>\n<meta name=\"author\" content=\"hudo\" \/>\n<meta name=\"twitter:card\" content=\"summary_large_image\" \/>\n<meta name=\"twitter:creator\" content=\"@hudo_si\" \/>\n<meta name=\"twitter:site\" content=\"@hudo_si\" \/>\n<meta name=\"twitter:label1\" content=\"Written by\" \/>\n\t<meta name=\"twitter:data1\" content=\"hudo\" \/>\n\t<meta name=\"twitter:label2\" content=\"Est. reading time\" \/>\n\t<meta name=\"twitter:data2\" content=\"1 minuta\" \/>\n<script type=\"application\/ld+json\" class=\"yoast-schema-graph\">{\"@context\":\"https:\/\/schema.org\",\"@graph\":[{\"@type\":\"Article\",\"@id\":\"https:\/\/hudo.com\/si\/aktualno\/iran-uvedel-naftni-embargo-proti-iraskemu-kurdistanu\/#article\",\"isPartOf\":{\"@id\":\"https:\/\/hudo.com\/si\/aktualno\/iran-uvedel-naftni-embargo-proti-iraskemu-kurdistanu\/\"},\"author\":{\"name\":\"hudo\",\"@id\":\"https:\/\/hudo.com\/si\/#\/schema\/person\/601cf3379633985b20f7e50f2bb47707\"},\"headline\":\"Iran uvedel naftni embargo proti ira\u0161kemu Kurdistanu\",\"datePublished\":\"2017-09-30T14:52:00+00:00\",\"dateModified\":\"2017-09-30T14:52:00+00:00\",\"mainEntityOfPage\":{\"@id\":\"https:\/\/hudo.com\/si\/aktualno\/iran-uvedel-naftni-embargo-proti-iraskemu-kurdistanu\/\"},\"wordCount\":156,\"publisher\":{\"@id\":\"https:\/\/hudo.com\/si\/#organization\"},\"articleSection\":[\"Aktualno\"],\"inLanguage\":\"sl-SI\"},{\"@type\":\"WebPage\",\"@id\":\"https:\/\/hudo.com\/si\/aktualno\/iran-uvedel-naftni-embargo-proti-iraskemu-kurdistanu\/\",\"url\":\"https:\/\/hudo.com\/si\/aktualno\/iran-uvedel-naftni-embargo-proti-iraskemu-kurdistanu\/\",\"name\":\"Iran uvedel naftni embargo proti ira\u0161kemu Kurdistanu - Hudo Slovenija\",\"isPartOf\":{\"@id\":\"https:\/\/hudo.com\/si\/#website\"},\"datePublished\":\"2017-09-30T14:52:00+00:00\",\"dateModified\":\"2017-09-30T14:52:00+00:00\",\"breadcrumb\":{\"@id\":\"https:\/\/hudo.com\/si\/aktualno\/iran-uvedel-naftni-embargo-proti-iraskemu-kurdistanu\/#breadcrumb\"},\"inLanguage\":\"sl-SI\",\"potentialAction\":[{\"@type\":\"ReadAction\",\"target\":[\"https:\/\/hudo.com\/si\/aktualno\/iran-uvedel-naftni-embargo-proti-iraskemu-kurdistanu\/\"]}]},{\"@type\":\"BreadcrumbList\",\"@id\":\"https:\/\/hudo.com\/si\/aktualno\/iran-uvedel-naftni-embargo-proti-iraskemu-kurdistanu\/#breadcrumb\",\"itemListElement\":[{\"@type\":\"ListItem\",\"position\":1,\"name\":\"Home\",\"item\":\"https:\/\/hudo.com\/si\/\"},{\"@type\":\"ListItem\",\"position\":2,\"name\":\"Iran uvedel naftni embargo proti ira\u0161kemu Kurdistanu\"}]},{\"@type\":\"WebSite\",\"@id\":\"https:\/\/hudo.com\/si\/#website\",\"url\":\"https:\/\/hudo.com\/si\/\",\"name\":\"Hudo Slovenija\",\"description\":\"Vse novice iz Slovenije in sveta\",\"publisher\":{\"@id\":\"https:\/\/hudo.com\/si\/#organization\"},\"potentialAction\":[{\"@type\":\"SearchAction\",\"target\":{\"@type\":\"EntryPoint\",\"urlTemplate\":\"https:\/\/hudo.com\/si\/?s={search_term_string}\"},\"query-input\":\"required name=search_term_string\"}],\"inLanguage\":\"sl-SI\"},{\"@type\":\"Organization\",\"@id\":\"https:\/\/hudo.com\/si\/#organization\",\"name\":\"VSN Media\",\"url\":\"https:\/\/hudo.com\/si\/\",\"logo\":{\"@type\":\"ImageObject\",\"inLanguage\":\"sl-SI\",\"@id\":\"https:\/\/hudo.com\/si\/#\/schema\/logo\/image\/\",\"url\":\"https:\/\/hudo.com\/si\/wp-content\/uploads\/sites\/2\/2021\/03\/hudo-app-2.png\",\"contentUrl\":\"https:\/\/hudo.com\/si\/wp-content\/uploads\/sites\/2\/2021\/03\/hudo-app-2.png\",\"width\":2185,\"height\":2167,\"caption\":\"VSN Media\"},\"image\":{\"@id\":\"https:\/\/hudo.com\/si\/#\/schema\/logo\/image\/\"},\"sameAs\":[\"https:\/\/www.facebook.com\/hudo.si\",\"https:\/\/twitter.com\/hudo_si\"]},{\"@type\":\"Person\",\"@id\":\"https:\/\/hudo.com\/si\/#\/schema\/person\/601cf3379633985b20f7e50f2bb47707\",\"name\":\"hudo\",\"image\":{\"@type\":\"ImageObject\",\"inLanguage\":\"sl-SI\",\"@id\":\"https:\/\/hudo.com\/si\/#\/schema\/person\/image\/\",\"url\":\"https:\/\/secure.gravatar.com\/avatar\/c4ca25fa72cace7a696b52ff5db9e095?s=96&d=mm&r=g\",\"contentUrl\":\"https:\/\/secure.gravatar.com\/avatar\/c4ca25fa72cace7a696b52ff5db9e095?s=96&d=mm&r=g\",\"caption\":\"hudo\"},\"url\":\"https:\/\/hudo.com\/si\/author\/hudo\/\"}]}<\/script>\n<!-- \/ Yoast SEO plugin. -->","yoast_head_json":{"title":"Iran uvedel naftni embargo proti ira\u0161kemu Kurdistanu - Hudo Slovenija","robots":{"index":"index","follow":"follow","max-snippet":"max-snippet:-1","max-image-preview":"max-image-preview:large","max-video-preview":"max-video-preview:-1"},"canonical":"https:\/\/hudo.com\/si\/aktualno\/iran-uvedel-naftni-embargo-proti-iraskemu-kurdistanu\/","og_locale":"sl_SI","og_type":"article","og_title":"Iran uvedel naftni embargo proti ira\u0161kemu Kurdistanu - Hudo Slovenija","og_description":"Kategorija: Globalno Sat, 30 Sep 2017 18:52:00 +0200 Teheran - Iran je danes kot odziv na kontroverzni referendum o neodvisnosti uvedel embargo na izvoz naftnih proizvodov v ira\u0161ki Kurdistan in uvoz iz njega, pi\u0161ejo iranski mediji. Po poro\u010danju francoske tiskovne agencije AFP bodo morala s trgovanjem prenehati vsa transportna podjetja, Iran in Irak pa sta obenem napovedala tudi skupne voja\u0161ke vaje. Na ponedeljkovem referendumu so Kurdi mno\u017ei\u010dno podprli neodvisnost avtonomne regije od Iraka, kar je dodatno zaostrilo razmere v regiji. Iran neodvisnosti ira\u0161kih Kurdov ostro nasprotuje, saj se boji porasta zahtev po neodvisnosti lastne kurdske populacije. \u00bbNa podlagi minulih regionalnih dogajanj in odlo\u010ditve pristojnega oddelka iranskega notranjega ministrstva naj se mednarodne transportna podjetja in njihovi vozniki do nadaljnjega izogibajo trgovanju z ira\u0161kim Kurdistanom,\u00ab se je po poro\u010danju STA glasila direktiva prometnega ministrstva. Nafta je glavni iranski izvozni produkt v ira\u0161ki Kurdistan,\u00a0...","og_url":"https:\/\/hudo.com\/si\/aktualno\/iran-uvedel-naftni-embargo-proti-iraskemu-kurdistanu\/","og_site_name":"Hudo Slovenija","article_publisher":"https:\/\/www.facebook.com\/hudo.si","article_published_time":"2017-09-30T14:52:00+00:00","og_image":[{"width":480,"height":290,"url":"https:\/\/hudo.com\/si\/wp-content\/uploads\/sites\/2\/2017\/09\/480x290_Reuters_Pictures-20170924171050-98458500.jpeg","type":"image\/jpeg"}],"author":"hudo","twitter_card":"summary_large_image","twitter_creator":"@hudo_si","twitter_site":"@hudo_si","twitter_misc":{"Written by":"hudo","Est. reading time":"1 minuta"},"schema":{"@context":"https:\/\/schema.org","@graph":[{"@type":"Article","@id":"https:\/\/hudo.com\/si\/aktualno\/iran-uvedel-naftni-embargo-proti-iraskemu-kurdistanu\/#article","isPartOf":{"@id":"https:\/\/hudo.com\/si\/aktualno\/iran-uvedel-naftni-embargo-proti-iraskemu-kurdistanu\/"},"author":{"name":"hudo","@id":"https:\/\/hudo.com\/si\/#\/schema\/person\/601cf3379633985b20f7e50f2bb47707"},"headline":"Iran uvedel naftni embargo proti ira\u0161kemu Kurdistanu","datePublished":"2017-09-30T14:52:00+00:00","dateModified":"2017-09-30T14:52:00+00:00","mainEntityOfPage":{"@id":"https:\/\/hudo.com\/si\/aktualno\/iran-uvedel-naftni-embargo-proti-iraskemu-kurdistanu\/"},"wordCount":156,"publisher":{"@id":"https:\/\/hudo.com\/si\/#organization"},"articleSection":["Aktualno"],"inLanguage":"sl-SI"},{"@type":"WebPage","@id":"https:\/\/hudo.com\/si\/aktualno\/iran-uvedel-naftni-embargo-proti-iraskemu-kurdistanu\/","url":"https:\/\/hudo.com\/si\/aktualno\/iran-uvedel-naftni-embargo-proti-iraskemu-kurdistanu\/","name":"Iran uvedel naftni embargo proti ira\u0161kemu Kurdistanu - Hudo Slovenija","isPartOf":{"@id":"https:\/\/hudo.com\/si\/#website"},"datePublished":"2017-09-30T14:52:00+00:00","dateModified":"2017-09-30T14:52:00+00:00","breadcrumb":{"@id":"https:\/\/hudo.com\/si\/aktualno\/iran-uvedel-naftni-embargo-proti-iraskemu-kurdistanu\/#breadcrumb"},"inLanguage":"sl-SI","potentialAction":[{"@type":"ReadAction","target":["https:\/\/hudo.com\/si\/aktualno\/iran-uvedel-naftni-embargo-proti-iraskemu-kurdistanu\/"]}]},{"@type":"BreadcrumbList","@id":"https:\/\/hudo.com\/si\/aktualno\/iran-uvedel-naftni-embargo-proti-iraskemu-kurdistanu\/#breadcrumb","itemListElement":[{"@type":"ListItem","position":1,"name":"Home","item":"https:\/\/hudo.com\/si\/"},{"@type":"ListItem","position":2,"name":"Iran uvedel naftni embargo proti ira\u0161kemu Kurdistanu"}]},{"@type":"WebSite","@id":"https:\/\/hudo.com\/si\/#website","url":"https:\/\/hudo.com\/si\/","name":"Hudo Slovenija","description":"Vse novice iz Slovenije in sveta","publisher":{"@id":"https:\/\/hudo.com\/si\/#organization"},"potentialAction":[{"@type":"SearchAction","target":{"@type":"EntryPoint","urlTemplate":"https:\/\/hudo.com\/si\/?s={search_term_string}"},"query-input":"required name=search_term_string"}],"inLanguage":"sl-SI"},{"@type":"Organization","@id":"https:\/\/hudo.com\/si\/#organization","name":"VSN Media","url":"https:\/\/hudo.com\/si\/","logo":{"@type":"ImageObject","inLanguage":"sl-SI","@id":"https:\/\/hudo.com\/si\/#\/schema\/logo\/image\/","url":"https:\/\/hudo.com\/si\/wp-content\/uploads\/sites\/2\/2021\/03\/hudo-app-2.png","contentUrl":"https:\/\/hudo.com\/si\/wp-content\/uploads\/sites\/2\/2021\/03\/hudo-app-2.png","width":2185,"height":2167,"caption":"VSN Media"},"image":{"@id":"https:\/\/hudo.com\/si\/#\/schema\/logo\/image\/"},"sameAs":["https:\/\/www.facebook.com\/hudo.si","https:\/\/twitter.com\/hudo_si"]},{"@type":"Person","@id":"https:\/\/hudo.com\/si\/#\/schema\/person\/601cf3379633985b20f7e50f2bb47707","name":"hudo","image":{"@type":"ImageObject","inLanguage":"sl-SI","@id":"https:\/\/hudo.com\/si\/#\/schema\/person\/image\/","url":"https:\/\/secure.gravatar.com\/avatar\/c4ca25fa72cace7a696b52ff5db9e095?s=96&d=mm&r=g","contentUrl":"https:\/\/secure.gravatar.com\/avatar\/c4ca25fa72cace7a696b52ff5db9e095?s=96&d=mm&r=g","caption":"hudo"},"url":"https:\/\/hudo.com\/si\/author\/hudo\/"}]}},"amp_enabled":true,"_links":{"self":[{"href":"https:\/\/hudo.com\/si\/wp-json\/wp\/v2\/posts\/304848"}],"collection":[{"href":"https:\/\/hudo.com\/si\/wp-json\/wp\/v2\/posts"}],"about":[{"href":"https:\/\/hudo.com\/si\/wp-json\/wp\/v2\/types\/post"}],"author":[{"embeddable":true,"href":"https:\/\/hudo.com\/si\/wp-json\/wp\/v2\/users\/1"}],"replies":[{"embeddable":true,"href":"https:\/\/hudo.com\/si\/wp-json\/wp\/v2\/comments?post=304848"}],"version-history":[{"count":0,"href":"https:\/\/hudo.com\/si\/wp-json\/wp\/v2\/posts\/304848\/revisions"}],"wp:attachment":[{"href":"https:\/\/hudo.com\/si\/wp-json\/wp\/v2\/media?parent=304848"}],"wp:term":[{"taxonomy":"category","embeddable":true,"href":"https:\/\/hudo.com\/si\/wp-json\/wp\/v2\/categories?post=304848"},{"taxonomy":"post_tag","embeddable":true,"href":"https:\/\/hudo.com\/si\/wp-json\/wp\/v2\/tags?post=304848"},{"taxonomy":"source","embeddable":true,"href":"https:\/\/hudo.com\/si\/wp-json\/wp\/v2\/source?post=304848"},{"taxonomy":"supertag","embeddable":true,"href":"https:\/\/hudo.com\/si\/wp-json\/wp\/v2\/supertag?post=304848"}],"curies":[{"name":"wp","href":"https:\/\/api.w.org\/{rel}","templated":true}]}}