{"id":304856,"date":"2017-09-30T17:34:00","date_gmt":"2017-09-30T15:34:00","guid":{"rendered":"http:\/\/hudo.com\/si\/2017\/09\/30\/trije-slovenci-med-peterico-v-klingenthalu\/"},"modified":"2017-09-30T17:34:00","modified_gmt":"2017-09-30T15:34:00","slug":"trije-slovenci-med-peterico-v-klingenthalu","status":"publish","type":"post","link":"https:\/\/hudo.com\/si\/aktualno\/trije-slovenci-med-peterico-v-klingenthalu\/","title":{"rendered":"Trije Slovenci med peterico v Klingenthalu"},"content":{"rendered":"<p>Kategorija: Drugi \u0161porti Sat, 30 Sep 2017 19:34:00 +0200  Klingenthal &#8211; Na tekmi poletnega celinskega pokala v smu\u010darskih skokih v nem\u0161kem Klingenthalu so danes trije slovenski skakalci kon\u010dali med najbolj\u0161o peterico. Tilen Bartol je bil drugi, Domen Prevc tretji, Andra\u017e Pograjc pa peti. Zmagal je Norve\u017ean Joachim Hauer. Slovenski ekipni uspeh je z osmim mestom dopolnil \u0161e Timi Zajc, 16. pa je bil Nejc De\u017eman. Poletna sezona celinskega pokala, ki se je za\u010dela julija v Kranju, se bo v nedeljo kon\u010dala s \u0161e eno tekmo v Klingenthalu. V skupnem se\u0161tevku ima neulovljivo prednost Poljak Klemens Muranka, ki danes ni tekmoval, najbolj\u0161i Slovenec je Bartol na tretjem mestu. S 527 to\u010dkami lahko v nedeljo \u0161e prehiti drugega Nemca Piusa Pachkeja (562).<\/p>\n","protected":false},"excerpt":{"rendered":"<p>Kategorija: Drugi \u0161porti Sat, 30 Sep 2017 19:34:00 +0200  Klingenthal &#8211; Na tekmi poletnega celinskega pokala v smu\u010darskih skokih v nem\u0161kem Klingenthalu so danes trije slovenski skakalci kon\u010dali med najbolj\u0161o peterico. Tilen Bartol je bil drugi, Domen Prevc tretji, Andra\u017e Pograjc pa peti. Zmagal je Norve\u017ean Joachim Hauer. Slovenski ekipni uspeh je z osmim mestom dopolnil \u0161e Timi Zajc, 16. pa je bil Nejc De\u017eman. Poletna sezona celinskega pokala, ki se je za\u010dela julija v Kranju, se bo v nedeljo kon\u010dala s \u0161e eno tekmo v Klingenthalu. V skupnem se\u0161tevku ima neulovljivo prednost Poljak Klemens Muranka, ki danes ni tekmoval, najbolj\u0161i Slovenec je Bartol na tretjem mestu. S 527 to\u010dkami lahko v nedeljo \u0161e prehiti drugega Nemca Piusa Pachkeja (562).<\/p>\n","protected":false},"author":1,"featured_media":0,"comment_status":"closed","ping_status":"closed","sticky":false,"template":"","format":"standard","meta":{"footnotes":""},"categories":[1179],"tags":[],"source":[1703],"supertag":[],"acf":[],"yoast_head":"<!-- This site is optimized with the Yoast SEO plugin v21.3 - https:\/\/yoast.com\/wordpress\/plugins\/seo\/ -->\n<title>Trije Slovenci med peterico v Klingenthalu - Hudo Slovenija<\/title>\n<meta name=\"robots\" content=\"index, follow, max-snippet:-1, max-image-preview:large, max-video-preview:-1\" \/>\n<link rel=\"canonical\" href=\"https:\/\/hudo.com\/si\/aktualno\/trije-slovenci-med-peterico-v-klingenthalu\/\" \/>\n<meta property=\"og:locale\" content=\"sl_SI\" \/>\n<meta property=\"og:type\" content=\"article\" \/>\n<meta property=\"og:title\" content=\"Trije Slovenci med peterico v Klingenthalu - Hudo Slovenija\" \/>\n<meta property=\"og:description\" content=\"Kategorija: Drugi \u0161porti Sat, 30 Sep 2017 19:34:00 +0200 Klingenthal - Na tekmi poletnega celinskega pokala v smu\u010darskih skokih v nem\u0161kem Klingenthalu so danes trije slovenski skakalci kon\u010dali med najbolj\u0161o peterico. Tilen Bartol je bil drugi, Domen Prevc tretji, Andra\u017e Pograjc pa peti. Zmagal je Norve\u017ean Joachim Hauer. Slovenski ekipni uspeh je z osmim mestom dopolnil \u0161e Timi Zajc, 16. pa je bil Nejc De\u017eman. Poletna sezona celinskega pokala, ki se je za\u010dela julija v Kranju, se bo v nedeljo kon\u010dala s \u0161e eno tekmo v Klingenthalu. V skupnem se\u0161tevku ima neulovljivo prednost Poljak Klemens Muranka, ki danes ni tekmoval, najbolj\u0161i Slovenec je Bartol na tretjem mestu. S 527 to\u010dkami lahko v nedeljo \u0161e prehiti drugega Nemca Piusa Pachkeja (562).\" \/>\n<meta property=\"og:url\" content=\"https:\/\/hudo.com\/si\/aktualno\/trije-slovenci-med-peterico-v-klingenthalu\/\" \/>\n<meta property=\"og:site_name\" content=\"Hudo Slovenija\" \/>\n<meta property=\"article:publisher\" content=\"https:\/\/www.facebook.com\/hudo.si\" \/>\n<meta property=\"article:published_time\" content=\"2017-09-30T15:34:00+00:00\" \/>\n<meta property=\"og:image\" content=\"https:\/\/hudo.com\/si\/wp-content\/uploads\/sites\/2\/2017\/09\/480x290_djvu_2352848_janezp_suhadolnik-smu-arski-skoki.jpeg\" \/>\n\t<meta property=\"og:image:width\" content=\"480\" \/>\n\t<meta property=\"og:image:height\" content=\"290\" \/>\n\t<meta property=\"og:image:type\" content=\"image\/jpeg\" \/>\n<meta name=\"author\" content=\"hudo\" \/>\n<meta name=\"twitter:card\" content=\"summary_large_image\" \/>\n<meta name=\"twitter:creator\" content=\"@hudo_si\" \/>\n<meta name=\"twitter:site\" content=\"@hudo_si\" \/>\n<meta name=\"twitter:label1\" content=\"Written by\" \/>\n\t<meta name=\"twitter:data1\" content=\"hudo\" \/>\n\t<meta name=\"twitter:label2\" content=\"Est. reading time\" \/>\n\t<meta name=\"twitter:data2\" content=\"1 minuta\" \/>\n<script type=\"application\/ld+json\" class=\"yoast-schema-graph\">{\"@context\":\"https:\/\/schema.org\",\"@graph\":[{\"@type\":\"Article\",\"@id\":\"https:\/\/hudo.com\/si\/aktualno\/trije-slovenci-med-peterico-v-klingenthalu\/#article\",\"isPartOf\":{\"@id\":\"https:\/\/hudo.com\/si\/aktualno\/trije-slovenci-med-peterico-v-klingenthalu\/\"},\"author\":{\"name\":\"hudo\",\"@id\":\"https:\/\/hudo.com\/si\/#\/schema\/person\/601cf3379633985b20f7e50f2bb47707\"},\"headline\":\"Trije Slovenci med peterico v Klingenthalu\",\"datePublished\":\"2017-09-30T15:34:00+00:00\",\"dateModified\":\"2017-09-30T15:34:00+00:00\",\"mainEntityOfPage\":{\"@id\":\"https:\/\/hudo.com\/si\/aktualno\/trije-slovenci-med-peterico-v-klingenthalu\/\"},\"wordCount\":130,\"publisher\":{\"@id\":\"https:\/\/hudo.com\/si\/#organization\"},\"articleSection\":[\"Aktualno\"],\"inLanguage\":\"sl-SI\"},{\"@type\":\"WebPage\",\"@id\":\"https:\/\/hudo.com\/si\/aktualno\/trije-slovenci-med-peterico-v-klingenthalu\/\",\"url\":\"https:\/\/hudo.com\/si\/aktualno\/trije-slovenci-med-peterico-v-klingenthalu\/\",\"name\":\"Trije Slovenci med peterico v Klingenthalu - Hudo Slovenija\",\"isPartOf\":{\"@id\":\"https:\/\/hudo.com\/si\/#website\"},\"datePublished\":\"2017-09-30T15:34:00+00:00\",\"dateModified\":\"2017-09-30T15:34:00+00:00\",\"breadcrumb\":{\"@id\":\"https:\/\/hudo.com\/si\/aktualno\/trije-slovenci-med-peterico-v-klingenthalu\/#breadcrumb\"},\"inLanguage\":\"sl-SI\",\"potentialAction\":[{\"@type\":\"ReadAction\",\"target\":[\"https:\/\/hudo.com\/si\/aktualno\/trije-slovenci-med-peterico-v-klingenthalu\/\"]}]},{\"@type\":\"BreadcrumbList\",\"@id\":\"https:\/\/hudo.com\/si\/aktualno\/trije-slovenci-med-peterico-v-klingenthalu\/#breadcrumb\",\"itemListElement\":[{\"@type\":\"ListItem\",\"position\":1,\"name\":\"Home\",\"item\":\"https:\/\/hudo.com\/si\/\"},{\"@type\":\"ListItem\",\"position\":2,\"name\":\"Trije Slovenci med peterico v Klingenthalu\"}]},{\"@type\":\"WebSite\",\"@id\":\"https:\/\/hudo.com\/si\/#website\",\"url\":\"https:\/\/hudo.com\/si\/\",\"name\":\"Hudo Slovenija\",\"description\":\"Vse novice iz Slovenije in sveta\",\"publisher\":{\"@id\":\"https:\/\/hudo.com\/si\/#organization\"},\"potentialAction\":[{\"@type\":\"SearchAction\",\"target\":{\"@type\":\"EntryPoint\",\"urlTemplate\":\"https:\/\/hudo.com\/si\/?s={search_term_string}\"},\"query-input\":\"required name=search_term_string\"}],\"inLanguage\":\"sl-SI\"},{\"@type\":\"Organization\",\"@id\":\"https:\/\/hudo.com\/si\/#organization\",\"name\":\"VSN Media\",\"url\":\"https:\/\/hudo.com\/si\/\",\"logo\":{\"@type\":\"ImageObject\",\"inLanguage\":\"sl-SI\",\"@id\":\"https:\/\/hudo.com\/si\/#\/schema\/logo\/image\/\",\"url\":\"https:\/\/hudo.com\/si\/wp-content\/uploads\/sites\/2\/2021\/03\/hudo-app-2.png\",\"contentUrl\":\"https:\/\/hudo.com\/si\/wp-content\/uploads\/sites\/2\/2021\/03\/hudo-app-2.png\",\"width\":2185,\"height\":2167,\"caption\":\"VSN Media\"},\"image\":{\"@id\":\"https:\/\/hudo.com\/si\/#\/schema\/logo\/image\/\"},\"sameAs\":[\"https:\/\/www.facebook.com\/hudo.si\",\"https:\/\/twitter.com\/hudo_si\"]},{\"@type\":\"Person\",\"@id\":\"https:\/\/hudo.com\/si\/#\/schema\/person\/601cf3379633985b20f7e50f2bb47707\",\"name\":\"hudo\",\"image\":{\"@type\":\"ImageObject\",\"inLanguage\":\"sl-SI\",\"@id\":\"https:\/\/hudo.com\/si\/#\/schema\/person\/image\/\",\"url\":\"https:\/\/secure.gravatar.com\/avatar\/c4ca25fa72cace7a696b52ff5db9e095?s=96&d=mm&r=g\",\"contentUrl\":\"https:\/\/secure.gravatar.com\/avatar\/c4ca25fa72cace7a696b52ff5db9e095?s=96&d=mm&r=g\",\"caption\":\"hudo\"},\"url\":\"https:\/\/hudo.com\/si\/author\/hudo\/\"}]}<\/script>\n<!-- \/ Yoast SEO plugin. -->","yoast_head_json":{"title":"Trije Slovenci med peterico v Klingenthalu - Hudo Slovenija","robots":{"index":"index","follow":"follow","max-snippet":"max-snippet:-1","max-image-preview":"max-image-preview:large","max-video-preview":"max-video-preview:-1"},"canonical":"https:\/\/hudo.com\/si\/aktualno\/trije-slovenci-med-peterico-v-klingenthalu\/","og_locale":"sl_SI","og_type":"article","og_title":"Trije Slovenci med peterico v Klingenthalu - Hudo Slovenija","og_description":"Kategorija: Drugi \u0161porti Sat, 30 Sep 2017 19:34:00 +0200 Klingenthal - Na tekmi poletnega celinskega pokala v smu\u010darskih skokih v nem\u0161kem Klingenthalu so danes trije slovenski skakalci kon\u010dali med najbolj\u0161o peterico. Tilen Bartol je bil drugi, Domen Prevc tretji, Andra\u017e Pograjc pa peti. Zmagal je Norve\u017ean Joachim Hauer. Slovenski ekipni uspeh je z osmim mestom dopolnil \u0161e Timi Zajc, 16. pa je bil Nejc De\u017eman. Poletna sezona celinskega pokala, ki se je za\u010dela julija v Kranju, se bo v nedeljo kon\u010dala s \u0161e eno tekmo v Klingenthalu. V skupnem se\u0161tevku ima neulovljivo prednost Poljak Klemens Muranka, ki danes ni tekmoval, najbolj\u0161i Slovenec je Bartol na tretjem mestu. S 527 to\u010dkami lahko v nedeljo \u0161e prehiti drugega Nemca Piusa Pachkeja (562).","og_url":"https:\/\/hudo.com\/si\/aktualno\/trije-slovenci-med-peterico-v-klingenthalu\/","og_site_name":"Hudo Slovenija","article_publisher":"https:\/\/www.facebook.com\/hudo.si","article_published_time":"2017-09-30T15:34:00+00:00","og_image":[{"width":480,"height":290,"url":"https:\/\/hudo.com\/si\/wp-content\/uploads\/sites\/2\/2017\/09\/480x290_djvu_2352848_janezp_suhadolnik-smu-arski-skoki.jpeg","type":"image\/jpeg"}],"author":"hudo","twitter_card":"summary_large_image","twitter_creator":"@hudo_si","twitter_site":"@hudo_si","twitter_misc":{"Written by":"hudo","Est. reading time":"1 minuta"},"schema":{"@context":"https:\/\/schema.org","@graph":[{"@type":"Article","@id":"https:\/\/hudo.com\/si\/aktualno\/trije-slovenci-med-peterico-v-klingenthalu\/#article","isPartOf":{"@id":"https:\/\/hudo.com\/si\/aktualno\/trije-slovenci-med-peterico-v-klingenthalu\/"},"author":{"name":"hudo","@id":"https:\/\/hudo.com\/si\/#\/schema\/person\/601cf3379633985b20f7e50f2bb47707"},"headline":"Trije Slovenci med peterico v Klingenthalu","datePublished":"2017-09-30T15:34:00+00:00","dateModified":"2017-09-30T15:34:00+00:00","mainEntityOfPage":{"@id":"https:\/\/hudo.com\/si\/aktualno\/trije-slovenci-med-peterico-v-klingenthalu\/"},"wordCount":130,"publisher":{"@id":"https:\/\/hudo.com\/si\/#organization"},"articleSection":["Aktualno"],"inLanguage":"sl-SI"},{"@type":"WebPage","@id":"https:\/\/hudo.com\/si\/aktualno\/trije-slovenci-med-peterico-v-klingenthalu\/","url":"https:\/\/hudo.com\/si\/aktualno\/trije-slovenci-med-peterico-v-klingenthalu\/","name":"Trije Slovenci med peterico v Klingenthalu - Hudo Slovenija","isPartOf":{"@id":"https:\/\/hudo.com\/si\/#website"},"datePublished":"2017-09-30T15:34:00+00:00","dateModified":"2017-09-30T15:34:00+00:00","breadcrumb":{"@id":"https:\/\/hudo.com\/si\/aktualno\/trije-slovenci-med-peterico-v-klingenthalu\/#breadcrumb"},"inLanguage":"sl-SI","potentialAction":[{"@type":"ReadAction","target":["https:\/\/hudo.com\/si\/aktualno\/trije-slovenci-med-peterico-v-klingenthalu\/"]}]},{"@type":"BreadcrumbList","@id":"https:\/\/hudo.com\/si\/aktualno\/trije-slovenci-med-peterico-v-klingenthalu\/#breadcrumb","itemListElement":[{"@type":"ListItem","position":1,"name":"Home","item":"https:\/\/hudo.com\/si\/"},{"@type":"ListItem","position":2,"name":"Trije Slovenci med peterico v Klingenthalu"}]},{"@type":"WebSite","@id":"https:\/\/hudo.com\/si\/#website","url":"https:\/\/hudo.com\/si\/","name":"Hudo Slovenija","description":"Vse novice iz Slovenije in sveta","publisher":{"@id":"https:\/\/hudo.com\/si\/#organization"},"potentialAction":[{"@type":"SearchAction","target":{"@type":"EntryPoint","urlTemplate":"https:\/\/hudo.com\/si\/?s={search_term_string}"},"query-input":"required name=search_term_string"}],"inLanguage":"sl-SI"},{"@type":"Organization","@id":"https:\/\/hudo.com\/si\/#organization","name":"VSN Media","url":"https:\/\/hudo.com\/si\/","logo":{"@type":"ImageObject","inLanguage":"sl-SI","@id":"https:\/\/hudo.com\/si\/#\/schema\/logo\/image\/","url":"https:\/\/hudo.com\/si\/wp-content\/uploads\/sites\/2\/2021\/03\/hudo-app-2.png","contentUrl":"https:\/\/hudo.com\/si\/wp-content\/uploads\/sites\/2\/2021\/03\/hudo-app-2.png","width":2185,"height":2167,"caption":"VSN Media"},"image":{"@id":"https:\/\/hudo.com\/si\/#\/schema\/logo\/image\/"},"sameAs":["https:\/\/www.facebook.com\/hudo.si","https:\/\/twitter.com\/hudo_si"]},{"@type":"Person","@id":"https:\/\/hudo.com\/si\/#\/schema\/person\/601cf3379633985b20f7e50f2bb47707","name":"hudo","image":{"@type":"ImageObject","inLanguage":"sl-SI","@id":"https:\/\/hudo.com\/si\/#\/schema\/person\/image\/","url":"https:\/\/secure.gravatar.com\/avatar\/c4ca25fa72cace7a696b52ff5db9e095?s=96&d=mm&r=g","contentUrl":"https:\/\/secure.gravatar.com\/avatar\/c4ca25fa72cace7a696b52ff5db9e095?s=96&d=mm&r=g","caption":"hudo"},"url":"https:\/\/hudo.com\/si\/author\/hudo\/"}]}},"amp_enabled":true,"_links":{"self":[{"href":"https:\/\/hudo.com\/si\/wp-json\/wp\/v2\/posts\/304856"}],"collection":[{"href":"https:\/\/hudo.com\/si\/wp-json\/wp\/v2\/posts"}],"about":[{"href":"https:\/\/hudo.com\/si\/wp-json\/wp\/v2\/types\/post"}],"author":[{"embeddable":true,"href":"https:\/\/hudo.com\/si\/wp-json\/wp\/v2\/users\/1"}],"replies":[{"embeddable":true,"href":"https:\/\/hudo.com\/si\/wp-json\/wp\/v2\/comments?post=304856"}],"version-history":[{"count":0,"href":"https:\/\/hudo.com\/si\/wp-json\/wp\/v2\/posts\/304856\/revisions"}],"wp:attachment":[{"href":"https:\/\/hudo.com\/si\/wp-json\/wp\/v2\/media?parent=304856"}],"wp:term":[{"taxonomy":"category","embeddable":true,"href":"https:\/\/hudo.com\/si\/wp-json\/wp\/v2\/categories?post=304856"},{"taxonomy":"post_tag","embeddable":true,"href":"https:\/\/hudo.com\/si\/wp-json\/wp\/v2\/tags?post=304856"},{"taxonomy":"source","embeddable":true,"href":"https:\/\/hudo.com\/si\/wp-json\/wp\/v2\/source?post=304856"},{"taxonomy":"supertag","embeddable":true,"href":"https:\/\/hudo.com\/si\/wp-json\/wp\/v2\/supertag?post=304856"}],"curies":[{"name":"wp","href":"https:\/\/api.w.org\/{rel}","templated":true}]}}