{"id":304958,"date":"2017-10-01T11:37:12","date_gmt":"2017-10-01T09:37:12","guid":{"rendered":"http:\/\/hudo.com\/si\/?p=304958"},"modified":"2017-10-01T11:37:12","modified_gmt":"2017-10-01T09:37:12","slug":"potres-ki-je-prizadel-mehiko-zahteval-360-zivljenj","status":"publish","type":"post","link":"https:\/\/hudo.com\/si\/aktualno\/potres-ki-je-prizadel-mehiko-zahteval-360-zivljenj\/","title":{"rendered":"Potres, ki je prizadel Mehiko, zahteval 360 \u017eivljenj"},"content":{"rendered":"<div class=\"text\">\n<p>Po poro\u010danju mehi\u0161kih medijev so re\u0161evalci v soboto iz ru\u0161evin stolpnice v premo\u017eni \u010detrti Roma potegnili \u0161e dve trupli. To je bil eden zadnjih krajev, kjer so \u0161e iskali morebitne pre\u017eivele.<\/p>\n<p>Mehiko je v zadnjem mesecu sicer streslo ve\u010d mo\u010dnih potresov. 7. septembra je v potresu z magnitudo 8,2 in \u017eari\u0161\u010dem v Tihem oceanu umrlo okoli sto ljudi. Potres 19. septembra je imel magnitudo 7,1 in \u017eari\u0161\u010de v zvezni dr\u017eavi Puebla jugovzhodno od prestolnice, tretji potresni sunek pa je bil 23. septembra z magnitudo 6,1 in \u017eari\u0161\u010dem v zvezni dr\u017eavi Oaxaca.<\/p>\n<p>Mehika le\u017ei na enem potresno najnevarnej\u0161ih obmo\u010dij na svetu. Ve\u010dina dr\u017eave le\u017ei na severnoameri\u0161ki tektonski plo\u0161\u010di, ki se pomika proti zahodu, podnjo pa se podriva plo\u0161\u010da Kokos, ki se premika proti severovzhodu, zaradi \u010desar se tla pogosto mo\u010dno stresejo.<\/p>\n<\/div>\n","protected":false},"excerpt":{"rendered":"<p>Potres, ki je 19. septembra prizadel Mehiko, je po najnovej\u0161ih podatkih zahteval 360 \u017eivljenj, so v soboto sporo\u010dile mehi\u0161ke oblasti. Kot je tvitnil koordinator mehi\u0161ke civilne za\u0161\u010dite Luis Fernando Puente, je zgolj v prestolnici Ciudad de Mexico umrlo 219 ljudi, poro\u010da nem\u0161ka tiskovna agencija dpa.<\/p>\n","protected":false},"author":5,"featured_media":301330,"comment_status":"closed","ping_status":"closed","sticky":false,"template":"","format":"standard","meta":{"footnotes":""},"categories":[1179],"tags":[1998,9516],"source":[4511],"supertag":[6103],"acf":[],"yoast_head":"<!-- This site is optimized with the Yoast SEO plugin v21.3 - https:\/\/yoast.com\/wordpress\/plugins\/seo\/ -->\n<title>Potres, ki je prizadel Mehiko, zahteval 360 \u017eivljenj - Hudo Slovenija<\/title>\n<meta name=\"robots\" content=\"index, follow, max-snippet:-1, max-image-preview:large, max-video-preview:-1\" \/>\n<link rel=\"canonical\" href=\"https:\/\/hudo.com\/si\/aktualno\/potres-ki-je-prizadel-mehiko-zahteval-360-zivljenj\/\" \/>\n<meta property=\"og:locale\" content=\"sl_SI\" \/>\n<meta property=\"og:type\" content=\"article\" \/>\n<meta property=\"og:title\" content=\"Potres, ki je prizadel Mehiko, zahteval 360 \u017eivljenj - Hudo Slovenija\" \/>\n<meta property=\"og:description\" content=\"Potres, ki je 19. septembra prizadel Mehiko, je po najnovej\u0161ih podatkih zahteval 360 \u017eivljenj, so v soboto sporo\u010dile mehi\u0161ke oblasti. Kot je tvitnil koordinator mehi\u0161ke civilne za\u0161\u010dite Luis Fernando Puente, je zgolj v prestolnici Ciudad de Mexico umrlo 219 ljudi, poro\u010da nem\u0161ka tiskovna agencija dpa.\" \/>\n<meta property=\"og:url\" content=\"https:\/\/hudo.com\/si\/aktualno\/potres-ki-je-prizadel-mehiko-zahteval-360-zivljenj\/\" \/>\n<meta property=\"og:site_name\" content=\"Hudo Slovenija\" \/>\n<meta property=\"article:publisher\" content=\"https:\/\/www.facebook.com\/hudo.si\" \/>\n<meta property=\"article:published_time\" content=\"2017-10-01T09:37:12+00:00\" \/>\n<meta property=\"og:image\" content=\"https:\/\/hudo.com\/si\/wp-content\/uploads\/sites\/2\/2017\/09\/profimedia-0350049694.jpg\" \/>\n\t<meta property=\"og:image:width\" content=\"1250\" \/>\n\t<meta property=\"og:image:height\" content=\"833\" \/>\n\t<meta property=\"og:image:type\" content=\"image\/jpeg\" \/>\n<meta name=\"author\" content=\"A. G., STA\" \/>\n<meta name=\"twitter:card\" content=\"summary_large_image\" \/>\n<meta name=\"twitter:creator\" content=\"@hudo_si\" \/>\n<meta name=\"twitter:site\" content=\"@hudo_si\" \/>\n<meta name=\"twitter:label1\" content=\"Written by\" \/>\n\t<meta name=\"twitter:data1\" content=\"A. G., STA\" \/>\n\t<meta name=\"twitter:label2\" content=\"Est. reading time\" \/>\n\t<meta name=\"twitter:data2\" content=\"1 minuta\" \/>\n<script type=\"application\/ld+json\" class=\"yoast-schema-graph\">{\"@context\":\"https:\/\/schema.org\",\"@graph\":[{\"@type\":\"Article\",\"@id\":\"https:\/\/hudo.com\/si\/aktualno\/potres-ki-je-prizadel-mehiko-zahteval-360-zivljenj\/#article\",\"isPartOf\":{\"@id\":\"https:\/\/hudo.com\/si\/aktualno\/potres-ki-je-prizadel-mehiko-zahteval-360-zivljenj\/\"},\"author\":{\"name\":\"A. G., STA\",\"@id\":\"https:\/\/hudo.com\/si\/#\/schema\/person\/2391667a63ea075ba94f2f2dc6b77537\"},\"headline\":\"Potres, ki je prizadel Mehiko, zahteval 360 \u017eivljenj\",\"datePublished\":\"2017-10-01T09:37:12+00:00\",\"dateModified\":\"2017-10-01T09:37:12+00:00\",\"mainEntityOfPage\":{\"@id\":\"https:\/\/hudo.com\/si\/aktualno\/potres-ki-je-prizadel-mehiko-zahteval-360-zivljenj\/\"},\"wordCount\":153,\"publisher\":{\"@id\":\"https:\/\/hudo.com\/si\/#organization\"},\"keywords\":[\"Mehika\",\"potres v Mehiki\"],\"articleSection\":[\"Aktualno\"],\"inLanguage\":\"sl-SI\"},{\"@type\":\"WebPage\",\"@id\":\"https:\/\/hudo.com\/si\/aktualno\/potres-ki-je-prizadel-mehiko-zahteval-360-zivljenj\/\",\"url\":\"https:\/\/hudo.com\/si\/aktualno\/potres-ki-je-prizadel-mehiko-zahteval-360-zivljenj\/\",\"name\":\"Potres, ki je prizadel Mehiko, zahteval 360 \u017eivljenj - Hudo Slovenija\",\"isPartOf\":{\"@id\":\"https:\/\/hudo.com\/si\/#website\"},\"datePublished\":\"2017-10-01T09:37:12+00:00\",\"dateModified\":\"2017-10-01T09:37:12+00:00\",\"breadcrumb\":{\"@id\":\"https:\/\/hudo.com\/si\/aktualno\/potres-ki-je-prizadel-mehiko-zahteval-360-zivljenj\/#breadcrumb\"},\"inLanguage\":\"sl-SI\",\"potentialAction\":[{\"@type\":\"ReadAction\",\"target\":[\"https:\/\/hudo.com\/si\/aktualno\/potres-ki-je-prizadel-mehiko-zahteval-360-zivljenj\/\"]}]},{\"@type\":\"BreadcrumbList\",\"@id\":\"https:\/\/hudo.com\/si\/aktualno\/potres-ki-je-prizadel-mehiko-zahteval-360-zivljenj\/#breadcrumb\",\"itemListElement\":[{\"@type\":\"ListItem\",\"position\":1,\"name\":\"Home\",\"item\":\"https:\/\/hudo.com\/si\/\"},{\"@type\":\"ListItem\",\"position\":2,\"name\":\"Potres, ki je prizadel Mehiko, zahteval 360 \u017eivljenj\"}]},{\"@type\":\"WebSite\",\"@id\":\"https:\/\/hudo.com\/si\/#website\",\"url\":\"https:\/\/hudo.com\/si\/\",\"name\":\"Hudo Slovenija\",\"description\":\"Vse novice iz Slovenije in sveta\",\"publisher\":{\"@id\":\"https:\/\/hudo.com\/si\/#organization\"},\"potentialAction\":[{\"@type\":\"SearchAction\",\"target\":{\"@type\":\"EntryPoint\",\"urlTemplate\":\"https:\/\/hudo.com\/si\/?s={search_term_string}\"},\"query-input\":\"required name=search_term_string\"}],\"inLanguage\":\"sl-SI\"},{\"@type\":\"Organization\",\"@id\":\"https:\/\/hudo.com\/si\/#organization\",\"name\":\"VSN Media\",\"url\":\"https:\/\/hudo.com\/si\/\",\"logo\":{\"@type\":\"ImageObject\",\"inLanguage\":\"sl-SI\",\"@id\":\"https:\/\/hudo.com\/si\/#\/schema\/logo\/image\/\",\"url\":\"https:\/\/hudo.com\/si\/wp-content\/uploads\/sites\/2\/2021\/03\/hudo-app-2.png\",\"contentUrl\":\"https:\/\/hudo.com\/si\/wp-content\/uploads\/sites\/2\/2021\/03\/hudo-app-2.png\",\"width\":2185,\"height\":2167,\"caption\":\"VSN Media\"},\"image\":{\"@id\":\"https:\/\/hudo.com\/si\/#\/schema\/logo\/image\/\"},\"sameAs\":[\"https:\/\/www.facebook.com\/hudo.si\",\"https:\/\/twitter.com\/hudo_si\"]},{\"@type\":\"Person\",\"@id\":\"https:\/\/hudo.com\/si\/#\/schema\/person\/2391667a63ea075ba94f2f2dc6b77537\",\"name\":\"A. G., STA\",\"image\":{\"@type\":\"ImageObject\",\"inLanguage\":\"sl-SI\",\"@id\":\"https:\/\/hudo.com\/si\/#\/schema\/person\/image\/\",\"url\":\"https:\/\/secure.gravatar.com\/avatar\/e13d22ac3e442658d5025fbbe6238a79?s=96&d=mm&r=g\",\"contentUrl\":\"https:\/\/secure.gravatar.com\/avatar\/e13d22ac3e442658d5025fbbe6238a79?s=96&d=mm&r=g\",\"caption\":\"A. G., STA\"},\"url\":\"https:\/\/hudo.com\/si\/author\/alenka\/\"}]}<\/script>\n<!-- \/ Yoast SEO plugin. -->","yoast_head_json":{"title":"Potres, ki je prizadel Mehiko, zahteval 360 \u017eivljenj - Hudo Slovenija","robots":{"index":"index","follow":"follow","max-snippet":"max-snippet:-1","max-image-preview":"max-image-preview:large","max-video-preview":"max-video-preview:-1"},"canonical":"https:\/\/hudo.com\/si\/aktualno\/potres-ki-je-prizadel-mehiko-zahteval-360-zivljenj\/","og_locale":"sl_SI","og_type":"article","og_title":"Potres, ki je prizadel Mehiko, zahteval 360 \u017eivljenj - Hudo Slovenija","og_description":"Potres, ki je 19. septembra prizadel Mehiko, je po najnovej\u0161ih podatkih zahteval 360 \u017eivljenj, so v soboto sporo\u010dile mehi\u0161ke oblasti. Kot je tvitnil koordinator mehi\u0161ke civilne za\u0161\u010dite Luis Fernando Puente, je zgolj v prestolnici Ciudad de Mexico umrlo 219 ljudi, poro\u010da nem\u0161ka tiskovna agencija dpa.","og_url":"https:\/\/hudo.com\/si\/aktualno\/potres-ki-je-prizadel-mehiko-zahteval-360-zivljenj\/","og_site_name":"Hudo Slovenija","article_publisher":"https:\/\/www.facebook.com\/hudo.si","article_published_time":"2017-10-01T09:37:12+00:00","og_image":[{"width":1250,"height":833,"url":"https:\/\/hudo.com\/si\/wp-content\/uploads\/sites\/2\/2017\/09\/profimedia-0350049694.jpg","type":"image\/jpeg"}],"author":"A. G., STA","twitter_card":"summary_large_image","twitter_creator":"@hudo_si","twitter_site":"@hudo_si","twitter_misc":{"Written by":"A. G., STA","Est. reading time":"1 minuta"},"schema":{"@context":"https:\/\/schema.org","@graph":[{"@type":"Article","@id":"https:\/\/hudo.com\/si\/aktualno\/potres-ki-je-prizadel-mehiko-zahteval-360-zivljenj\/#article","isPartOf":{"@id":"https:\/\/hudo.com\/si\/aktualno\/potres-ki-je-prizadel-mehiko-zahteval-360-zivljenj\/"},"author":{"name":"A. G., STA","@id":"https:\/\/hudo.com\/si\/#\/schema\/person\/2391667a63ea075ba94f2f2dc6b77537"},"headline":"Potres, ki je prizadel Mehiko, zahteval 360 \u017eivljenj","datePublished":"2017-10-01T09:37:12+00:00","dateModified":"2017-10-01T09:37:12+00:00","mainEntityOfPage":{"@id":"https:\/\/hudo.com\/si\/aktualno\/potres-ki-je-prizadel-mehiko-zahteval-360-zivljenj\/"},"wordCount":153,"publisher":{"@id":"https:\/\/hudo.com\/si\/#organization"},"keywords":["Mehika","potres v Mehiki"],"articleSection":["Aktualno"],"inLanguage":"sl-SI"},{"@type":"WebPage","@id":"https:\/\/hudo.com\/si\/aktualno\/potres-ki-je-prizadel-mehiko-zahteval-360-zivljenj\/","url":"https:\/\/hudo.com\/si\/aktualno\/potres-ki-je-prizadel-mehiko-zahteval-360-zivljenj\/","name":"Potres, ki je prizadel Mehiko, zahteval 360 \u017eivljenj - Hudo Slovenija","isPartOf":{"@id":"https:\/\/hudo.com\/si\/#website"},"datePublished":"2017-10-01T09:37:12+00:00","dateModified":"2017-10-01T09:37:12+00:00","breadcrumb":{"@id":"https:\/\/hudo.com\/si\/aktualno\/potres-ki-je-prizadel-mehiko-zahteval-360-zivljenj\/#breadcrumb"},"inLanguage":"sl-SI","potentialAction":[{"@type":"ReadAction","target":["https:\/\/hudo.com\/si\/aktualno\/potres-ki-je-prizadel-mehiko-zahteval-360-zivljenj\/"]}]},{"@type":"BreadcrumbList","@id":"https:\/\/hudo.com\/si\/aktualno\/potres-ki-je-prizadel-mehiko-zahteval-360-zivljenj\/#breadcrumb","itemListElement":[{"@type":"ListItem","position":1,"name":"Home","item":"https:\/\/hudo.com\/si\/"},{"@type":"ListItem","position":2,"name":"Potres, ki je prizadel Mehiko, zahteval 360 \u017eivljenj"}]},{"@type":"WebSite","@id":"https:\/\/hudo.com\/si\/#website","url":"https:\/\/hudo.com\/si\/","name":"Hudo Slovenija","description":"Vse novice iz Slovenije in sveta","publisher":{"@id":"https:\/\/hudo.com\/si\/#organization"},"potentialAction":[{"@type":"SearchAction","target":{"@type":"EntryPoint","urlTemplate":"https:\/\/hudo.com\/si\/?s={search_term_string}"},"query-input":"required name=search_term_string"}],"inLanguage":"sl-SI"},{"@type":"Organization","@id":"https:\/\/hudo.com\/si\/#organization","name":"VSN Media","url":"https:\/\/hudo.com\/si\/","logo":{"@type":"ImageObject","inLanguage":"sl-SI","@id":"https:\/\/hudo.com\/si\/#\/schema\/logo\/image\/","url":"https:\/\/hudo.com\/si\/wp-content\/uploads\/sites\/2\/2021\/03\/hudo-app-2.png","contentUrl":"https:\/\/hudo.com\/si\/wp-content\/uploads\/sites\/2\/2021\/03\/hudo-app-2.png","width":2185,"height":2167,"caption":"VSN Media"},"image":{"@id":"https:\/\/hudo.com\/si\/#\/schema\/logo\/image\/"},"sameAs":["https:\/\/www.facebook.com\/hudo.si","https:\/\/twitter.com\/hudo_si"]},{"@type":"Person","@id":"https:\/\/hudo.com\/si\/#\/schema\/person\/2391667a63ea075ba94f2f2dc6b77537","name":"A. G., STA","image":{"@type":"ImageObject","inLanguage":"sl-SI","@id":"https:\/\/hudo.com\/si\/#\/schema\/person\/image\/","url":"https:\/\/secure.gravatar.com\/avatar\/e13d22ac3e442658d5025fbbe6238a79?s=96&d=mm&r=g","contentUrl":"https:\/\/secure.gravatar.com\/avatar\/e13d22ac3e442658d5025fbbe6238a79?s=96&d=mm&r=g","caption":"A. G., STA"},"url":"https:\/\/hudo.com\/si\/author\/alenka\/"}]}},"amp_enabled":true,"_links":{"self":[{"href":"https:\/\/hudo.com\/si\/wp-json\/wp\/v2\/posts\/304958"}],"collection":[{"href":"https:\/\/hudo.com\/si\/wp-json\/wp\/v2\/posts"}],"about":[{"href":"https:\/\/hudo.com\/si\/wp-json\/wp\/v2\/types\/post"}],"author":[{"embeddable":true,"href":"https:\/\/hudo.com\/si\/wp-json\/wp\/v2\/users\/5"}],"replies":[{"embeddable":true,"href":"https:\/\/hudo.com\/si\/wp-json\/wp\/v2\/comments?post=304958"}],"version-history":[{"count":1,"href":"https:\/\/hudo.com\/si\/wp-json\/wp\/v2\/posts\/304958\/revisions"}],"predecessor-version":[{"id":304959,"href":"https:\/\/hudo.com\/si\/wp-json\/wp\/v2\/posts\/304958\/revisions\/304959"}],"wp:featuredmedia":[{"embeddable":true,"href":"https:\/\/hudo.com\/si\/wp-json\/wp\/v2\/media\/301330"}],"wp:attachment":[{"href":"https:\/\/hudo.com\/si\/wp-json\/wp\/v2\/media?parent=304958"}],"wp:term":[{"taxonomy":"category","embeddable":true,"href":"https:\/\/hudo.com\/si\/wp-json\/wp\/v2\/categories?post=304958"},{"taxonomy":"post_tag","embeddable":true,"href":"https:\/\/hudo.com\/si\/wp-json\/wp\/v2\/tags?post=304958"},{"taxonomy":"source","embeddable":true,"href":"https:\/\/hudo.com\/si\/wp-json\/wp\/v2\/source?post=304958"},{"taxonomy":"supertag","embeddable":true,"href":"https:\/\/hudo.com\/si\/wp-json\/wp\/v2\/supertag?post=304958"}],"curies":[{"name":"wp","href":"https:\/\/api.w.org\/{rel}","templated":true}]}}