{"id":308456,"date":"2017-10-10T18:15:36","date_gmt":"2017-10-10T16:15:36","guid":{"rendered":"http:\/\/hudo.com\/si\/?p=308456"},"modified":"2017-10-10T18:15:36","modified_gmt":"2017-10-10T16:15:36","slug":"koraki-barcelone-v-primeru-razglasitve-samostojnosti-precej-nejasni","status":"publish","type":"post","link":"https:\/\/hudo.com\/si\/aktualno\/koraki-barcelone-v-primeru-razglasitve-samostojnosti-precej-nejasni\/","title":{"rendered":"Koraki Barcelone v primeru razglasitve samostojnosti precej nejasni"},"content":{"rendered":"<p>Puigdemont je sicer \u017ee ve\u010dkrat dejal, da ne obstaja gumb, na katerega bi pritisnili za spro\u017eitev samostojnosti, in obenem \u0161e vedno poziva k mednarodni mediaciji za sklenitev dogovora z Madridom.<\/p>\n<p>Vendarle pa na\u010drt katalonskih oblasti po pisanju francoske tiskovne agencije AFP predvideva, da bi se odcepitev zgodila v trenutku, ko bi v veljavo stopil t. i. zakon o pravni tranziciji, ki bi dolo\u010dil, da je Katalonija neodvisna republika. Vlada bi imela nato pol leta \u010dasa, da skli\u010de parlamentarne volitve.<\/p>\n<p>Omenjeni zakon bi bil najvi\u0161ji zakonodajni akt do sprejetja katalonske ustave, dosedanje regionalne oblasti pa bi prevzele naloge, ki jih zdaj izvajajo \u0161panski dr\u017eavni organi. Katalonija bi prevzela tudi nadzor nad svojimi mejami.<\/p>\n<p>\u0160pansko ustavno sodi\u0161\u010de je sicer omenjeni zakon, kot vse, kar je bilo povezano z referendumom o samostojnosti, razglasilo za neveljavnega in s stali\u0161\u010da Madrida ne obstaja.<\/p>\n<p>Katalonija ima kot \u0161panska avtonomna regija \u017ee sedaj \u0161tevilne pristojnosti, zlasti na podro\u010dju \u0161olstva in zdravstva ter tudi varnosti, saj ima navsezadnje regionalno policijo, Mossos d&#8217;Esquadra.<\/p>\n<p>A po drugi strani ne nadzoruje infrastrukture. Katalonska pristani\u0161\u010da, letali\u0161\u010da, \u017eelezni\u0161ko, energetsko in telekomunikacijsko omre\u017eje ter zra\u010dni prostor so pod dr\u017eavnim nadzorom, v Kataloniji je name\u0161\u010denih tudi na stotine \u0161panskih policistov in pripadnikov civilne garde. Ve\u010dina sodnikov in to\u017eilcev v regiji je po pisanju AFP zvesta \u0161panski ustavi.<\/p>\n<p>Katalonske oblasti prav tako ne pobirajo davkov, razen regionalnega davka, ki pa predstavlja le pet odstotkov vseh pobranih davkov.<\/p>\n","protected":false},"excerpt":{"rendered":"<p>Zaenkrat ni jasno, ali bo predsednik katalonske vlade Carles Puigdemont v govoru v katalonskem parlamentu danes zve\u010der razglasil samostojnost pokrajine. \u010ce se bo to zgodilo, so precej nejasni tudi prihodnji koraki Barcelone.<\/p>\n","protected":false},"author":7,"featured_media":289072,"comment_status":"closed","ping_status":"closed","sticky":false,"template":"","format":"standard","meta":{"footnotes":""},"categories":[1179],"tags":[3817,6761,1812],"source":[4511],"supertag":[],"acf":[],"yoast_head":"<!-- This site is optimized with the Yoast SEO plugin v21.3 - https:\/\/yoast.com\/wordpress\/plugins\/seo\/ -->\n<title>Koraki Barcelone v primeru razglasitve samostojnosti precej nejasni - Hudo Slovenija<\/title>\n<meta name=\"robots\" content=\"index, follow, max-snippet:-1, max-image-preview:large, max-video-preview:-1\" \/>\n<link rel=\"canonical\" href=\"https:\/\/hudo.com\/si\/aktualno\/koraki-barcelone-v-primeru-razglasitve-samostojnosti-precej-nejasni\/\" \/>\n<meta property=\"og:locale\" content=\"sl_SI\" \/>\n<meta property=\"og:type\" content=\"article\" \/>\n<meta property=\"og:title\" content=\"Koraki Barcelone v primeru razglasitve samostojnosti precej nejasni - Hudo Slovenija\" \/>\n<meta property=\"og:description\" content=\"Zaenkrat ni jasno, ali bo predsednik katalonske vlade Carles Puigdemont v govoru v katalonskem parlamentu danes zve\u010der razglasil samostojnost pokrajine. \u010ce se bo to zgodilo, so precej nejasni tudi prihodnji koraki Barcelone.\" \/>\n<meta property=\"og:url\" content=\"https:\/\/hudo.com\/si\/aktualno\/koraki-barcelone-v-primeru-razglasitve-samostojnosti-precej-nejasni\/\" \/>\n<meta property=\"og:site_name\" content=\"Hudo Slovenija\" \/>\n<meta property=\"article:publisher\" content=\"https:\/\/www.facebook.com\/hudo.si\" \/>\n<meta property=\"article:published_time\" content=\"2017-10-10T16:15:36+00:00\" \/>\n<meta property=\"og:image\" content=\"https:\/\/hudo.com\/si\/wp-content\/uploads\/sites\/2\/2017\/08\/profimedia-0262909472.jpg\" \/>\n\t<meta property=\"og:image:width\" content=\"1250\" \/>\n\t<meta property=\"og:image:height\" content=\"870\" \/>\n\t<meta property=\"og:image:type\" content=\"image\/jpeg\" \/>\n<meta name=\"author\" content=\"A. P., STA\" \/>\n<meta name=\"twitter:card\" content=\"summary_large_image\" \/>\n<meta name=\"twitter:creator\" content=\"@hudo_si\" \/>\n<meta name=\"twitter:site\" content=\"@hudo_si\" \/>\n<meta name=\"twitter:label1\" content=\"Written by\" \/>\n\t<meta name=\"twitter:data1\" content=\"A. P., STA\" \/>\n\t<meta name=\"twitter:label2\" content=\"Est. reading time\" \/>\n\t<meta name=\"twitter:data2\" content=\"1 minuta\" \/>\n<script type=\"application\/ld+json\" class=\"yoast-schema-graph\">{\"@context\":\"https:\/\/schema.org\",\"@graph\":[{\"@type\":\"Article\",\"@id\":\"https:\/\/hudo.com\/si\/aktualno\/koraki-barcelone-v-primeru-razglasitve-samostojnosti-precej-nejasni\/#article\",\"isPartOf\":{\"@id\":\"https:\/\/hudo.com\/si\/aktualno\/koraki-barcelone-v-primeru-razglasitve-samostojnosti-precej-nejasni\/\"},\"author\":{\"name\":\"A. P., STA\",\"@id\":\"https:\/\/hudo.com\/si\/#\/schema\/person\/18f09c02475ba9e606e941a565b80cff\"},\"headline\":\"Koraki Barcelone v primeru razglasitve samostojnosti precej nejasni\",\"datePublished\":\"2017-10-10T16:15:36+00:00\",\"dateModified\":\"2017-10-10T16:15:36+00:00\",\"mainEntityOfPage\":{\"@id\":\"https:\/\/hudo.com\/si\/aktualno\/koraki-barcelone-v-primeru-razglasitve-samostojnosti-precej-nejasni\/\"},\"wordCount\":258,\"publisher\":{\"@id\":\"https:\/\/hudo.com\/si\/#organization\"},\"keywords\":[\"barcelona\",\"katalonija\",\"\u0161panija\"],\"articleSection\":[\"Aktualno\"],\"inLanguage\":\"sl-SI\"},{\"@type\":\"WebPage\",\"@id\":\"https:\/\/hudo.com\/si\/aktualno\/koraki-barcelone-v-primeru-razglasitve-samostojnosti-precej-nejasni\/\",\"url\":\"https:\/\/hudo.com\/si\/aktualno\/koraki-barcelone-v-primeru-razglasitve-samostojnosti-precej-nejasni\/\",\"name\":\"Koraki Barcelone v primeru razglasitve samostojnosti precej nejasni - Hudo Slovenija\",\"isPartOf\":{\"@id\":\"https:\/\/hudo.com\/si\/#website\"},\"datePublished\":\"2017-10-10T16:15:36+00:00\",\"dateModified\":\"2017-10-10T16:15:36+00:00\",\"breadcrumb\":{\"@id\":\"https:\/\/hudo.com\/si\/aktualno\/koraki-barcelone-v-primeru-razglasitve-samostojnosti-precej-nejasni\/#breadcrumb\"},\"inLanguage\":\"sl-SI\",\"potentialAction\":[{\"@type\":\"ReadAction\",\"target\":[\"https:\/\/hudo.com\/si\/aktualno\/koraki-barcelone-v-primeru-razglasitve-samostojnosti-precej-nejasni\/\"]}]},{\"@type\":\"BreadcrumbList\",\"@id\":\"https:\/\/hudo.com\/si\/aktualno\/koraki-barcelone-v-primeru-razglasitve-samostojnosti-precej-nejasni\/#breadcrumb\",\"itemListElement\":[{\"@type\":\"ListItem\",\"position\":1,\"name\":\"Home\",\"item\":\"https:\/\/hudo.com\/si\/\"},{\"@type\":\"ListItem\",\"position\":2,\"name\":\"Koraki Barcelone v primeru razglasitve samostojnosti precej nejasni\"}]},{\"@type\":\"WebSite\",\"@id\":\"https:\/\/hudo.com\/si\/#website\",\"url\":\"https:\/\/hudo.com\/si\/\",\"name\":\"Hudo Slovenija\",\"description\":\"Vse novice iz Slovenije in sveta\",\"publisher\":{\"@id\":\"https:\/\/hudo.com\/si\/#organization\"},\"potentialAction\":[{\"@type\":\"SearchAction\",\"target\":{\"@type\":\"EntryPoint\",\"urlTemplate\":\"https:\/\/hudo.com\/si\/?s={search_term_string}\"},\"query-input\":\"required name=search_term_string\"}],\"inLanguage\":\"sl-SI\"},{\"@type\":\"Organization\",\"@id\":\"https:\/\/hudo.com\/si\/#organization\",\"name\":\"VSN Media\",\"url\":\"https:\/\/hudo.com\/si\/\",\"logo\":{\"@type\":\"ImageObject\",\"inLanguage\":\"sl-SI\",\"@id\":\"https:\/\/hudo.com\/si\/#\/schema\/logo\/image\/\",\"url\":\"https:\/\/hudo.com\/si\/wp-content\/uploads\/sites\/2\/2021\/03\/hudo-app-2.png\",\"contentUrl\":\"https:\/\/hudo.com\/si\/wp-content\/uploads\/sites\/2\/2021\/03\/hudo-app-2.png\",\"width\":2185,\"height\":2167,\"caption\":\"VSN Media\"},\"image\":{\"@id\":\"https:\/\/hudo.com\/si\/#\/schema\/logo\/image\/\"},\"sameAs\":[\"https:\/\/www.facebook.com\/hudo.si\",\"https:\/\/twitter.com\/hudo_si\"]},{\"@type\":\"Person\",\"@id\":\"https:\/\/hudo.com\/si\/#\/schema\/person\/18f09c02475ba9e606e941a565b80cff\",\"name\":\"A. P., STA\",\"image\":{\"@type\":\"ImageObject\",\"inLanguage\":\"sl-SI\",\"@id\":\"https:\/\/hudo.com\/si\/#\/schema\/person\/image\/\",\"url\":\"https:\/\/secure.gravatar.com\/avatar\/03eac8e609f5f04383125d80eaeaaf3e?s=96&d=mm&r=g\",\"contentUrl\":\"https:\/\/secure.gravatar.com\/avatar\/03eac8e609f5f04383125d80eaeaaf3e?s=96&d=mm&r=g\",\"caption\":\"A. P., STA\"},\"url\":\"https:\/\/hudo.com\/si\/author\/lubu\/\"}]}<\/script>\n<!-- \/ Yoast SEO plugin. -->","yoast_head_json":{"title":"Koraki Barcelone v primeru razglasitve samostojnosti precej nejasni - Hudo Slovenija","robots":{"index":"index","follow":"follow","max-snippet":"max-snippet:-1","max-image-preview":"max-image-preview:large","max-video-preview":"max-video-preview:-1"},"canonical":"https:\/\/hudo.com\/si\/aktualno\/koraki-barcelone-v-primeru-razglasitve-samostojnosti-precej-nejasni\/","og_locale":"sl_SI","og_type":"article","og_title":"Koraki Barcelone v primeru razglasitve samostojnosti precej nejasni - Hudo Slovenija","og_description":"Zaenkrat ni jasno, ali bo predsednik katalonske vlade Carles Puigdemont v govoru v katalonskem parlamentu danes zve\u010der razglasil samostojnost pokrajine. \u010ce se bo to zgodilo, so precej nejasni tudi prihodnji koraki Barcelone.","og_url":"https:\/\/hudo.com\/si\/aktualno\/koraki-barcelone-v-primeru-razglasitve-samostojnosti-precej-nejasni\/","og_site_name":"Hudo Slovenija","article_publisher":"https:\/\/www.facebook.com\/hudo.si","article_published_time":"2017-10-10T16:15:36+00:00","og_image":[{"width":1250,"height":870,"url":"https:\/\/hudo.com\/si\/wp-content\/uploads\/sites\/2\/2017\/08\/profimedia-0262909472.jpg","type":"image\/jpeg"}],"author":"A. P., STA","twitter_card":"summary_large_image","twitter_creator":"@hudo_si","twitter_site":"@hudo_si","twitter_misc":{"Written by":"A. P., STA","Est. reading time":"1 minuta"},"schema":{"@context":"https:\/\/schema.org","@graph":[{"@type":"Article","@id":"https:\/\/hudo.com\/si\/aktualno\/koraki-barcelone-v-primeru-razglasitve-samostojnosti-precej-nejasni\/#article","isPartOf":{"@id":"https:\/\/hudo.com\/si\/aktualno\/koraki-barcelone-v-primeru-razglasitve-samostojnosti-precej-nejasni\/"},"author":{"name":"A. P., STA","@id":"https:\/\/hudo.com\/si\/#\/schema\/person\/18f09c02475ba9e606e941a565b80cff"},"headline":"Koraki Barcelone v primeru razglasitve samostojnosti precej nejasni","datePublished":"2017-10-10T16:15:36+00:00","dateModified":"2017-10-10T16:15:36+00:00","mainEntityOfPage":{"@id":"https:\/\/hudo.com\/si\/aktualno\/koraki-barcelone-v-primeru-razglasitve-samostojnosti-precej-nejasni\/"},"wordCount":258,"publisher":{"@id":"https:\/\/hudo.com\/si\/#organization"},"keywords":["barcelona","katalonija","\u0161panija"],"articleSection":["Aktualno"],"inLanguage":"sl-SI"},{"@type":"WebPage","@id":"https:\/\/hudo.com\/si\/aktualno\/koraki-barcelone-v-primeru-razglasitve-samostojnosti-precej-nejasni\/","url":"https:\/\/hudo.com\/si\/aktualno\/koraki-barcelone-v-primeru-razglasitve-samostojnosti-precej-nejasni\/","name":"Koraki Barcelone v primeru razglasitve samostojnosti precej nejasni - Hudo Slovenija","isPartOf":{"@id":"https:\/\/hudo.com\/si\/#website"},"datePublished":"2017-10-10T16:15:36+00:00","dateModified":"2017-10-10T16:15:36+00:00","breadcrumb":{"@id":"https:\/\/hudo.com\/si\/aktualno\/koraki-barcelone-v-primeru-razglasitve-samostojnosti-precej-nejasni\/#breadcrumb"},"inLanguage":"sl-SI","potentialAction":[{"@type":"ReadAction","target":["https:\/\/hudo.com\/si\/aktualno\/koraki-barcelone-v-primeru-razglasitve-samostojnosti-precej-nejasni\/"]}]},{"@type":"BreadcrumbList","@id":"https:\/\/hudo.com\/si\/aktualno\/koraki-barcelone-v-primeru-razglasitve-samostojnosti-precej-nejasni\/#breadcrumb","itemListElement":[{"@type":"ListItem","position":1,"name":"Home","item":"https:\/\/hudo.com\/si\/"},{"@type":"ListItem","position":2,"name":"Koraki Barcelone v primeru razglasitve samostojnosti precej nejasni"}]},{"@type":"WebSite","@id":"https:\/\/hudo.com\/si\/#website","url":"https:\/\/hudo.com\/si\/","name":"Hudo Slovenija","description":"Vse novice iz Slovenije in sveta","publisher":{"@id":"https:\/\/hudo.com\/si\/#organization"},"potentialAction":[{"@type":"SearchAction","target":{"@type":"EntryPoint","urlTemplate":"https:\/\/hudo.com\/si\/?s={search_term_string}"},"query-input":"required name=search_term_string"}],"inLanguage":"sl-SI"},{"@type":"Organization","@id":"https:\/\/hudo.com\/si\/#organization","name":"VSN Media","url":"https:\/\/hudo.com\/si\/","logo":{"@type":"ImageObject","inLanguage":"sl-SI","@id":"https:\/\/hudo.com\/si\/#\/schema\/logo\/image\/","url":"https:\/\/hudo.com\/si\/wp-content\/uploads\/sites\/2\/2021\/03\/hudo-app-2.png","contentUrl":"https:\/\/hudo.com\/si\/wp-content\/uploads\/sites\/2\/2021\/03\/hudo-app-2.png","width":2185,"height":2167,"caption":"VSN Media"},"image":{"@id":"https:\/\/hudo.com\/si\/#\/schema\/logo\/image\/"},"sameAs":["https:\/\/www.facebook.com\/hudo.si","https:\/\/twitter.com\/hudo_si"]},{"@type":"Person","@id":"https:\/\/hudo.com\/si\/#\/schema\/person\/18f09c02475ba9e606e941a565b80cff","name":"A. P., STA","image":{"@type":"ImageObject","inLanguage":"sl-SI","@id":"https:\/\/hudo.com\/si\/#\/schema\/person\/image\/","url":"https:\/\/secure.gravatar.com\/avatar\/03eac8e609f5f04383125d80eaeaaf3e?s=96&d=mm&r=g","contentUrl":"https:\/\/secure.gravatar.com\/avatar\/03eac8e609f5f04383125d80eaeaaf3e?s=96&d=mm&r=g","caption":"A. P., STA"},"url":"https:\/\/hudo.com\/si\/author\/lubu\/"}]}},"amp_enabled":true,"_links":{"self":[{"href":"https:\/\/hudo.com\/si\/wp-json\/wp\/v2\/posts\/308456"}],"collection":[{"href":"https:\/\/hudo.com\/si\/wp-json\/wp\/v2\/posts"}],"about":[{"href":"https:\/\/hudo.com\/si\/wp-json\/wp\/v2\/types\/post"}],"author":[{"embeddable":true,"href":"https:\/\/hudo.com\/si\/wp-json\/wp\/v2\/users\/7"}],"replies":[{"embeddable":true,"href":"https:\/\/hudo.com\/si\/wp-json\/wp\/v2\/comments?post=308456"}],"version-history":[{"count":1,"href":"https:\/\/hudo.com\/si\/wp-json\/wp\/v2\/posts\/308456\/revisions"}],"predecessor-version":[{"id":308457,"href":"https:\/\/hudo.com\/si\/wp-json\/wp\/v2\/posts\/308456\/revisions\/308457"}],"wp:featuredmedia":[{"embeddable":true,"href":"https:\/\/hudo.com\/si\/wp-json\/wp\/v2\/media\/289072"}],"wp:attachment":[{"href":"https:\/\/hudo.com\/si\/wp-json\/wp\/v2\/media?parent=308456"}],"wp:term":[{"taxonomy":"category","embeddable":true,"href":"https:\/\/hudo.com\/si\/wp-json\/wp\/v2\/categories?post=308456"},{"taxonomy":"post_tag","embeddable":true,"href":"https:\/\/hudo.com\/si\/wp-json\/wp\/v2\/tags?post=308456"},{"taxonomy":"source","embeddable":true,"href":"https:\/\/hudo.com\/si\/wp-json\/wp\/v2\/source?post=308456"},{"taxonomy":"supertag","embeddable":true,"href":"https:\/\/hudo.com\/si\/wp-json\/wp\/v2\/supertag?post=308456"}],"curies":[{"name":"wp","href":"https:\/\/api.w.org\/{rel}","templated":true}]}}