{"id":308919,"date":"2017-10-11T16:00:00","date_gmt":"2017-10-11T14:00:00","guid":{"rendered":"http:\/\/hudo.com\/si\/2017\/10\/11\/postajamo-tisto-kar-nam-govorijo-da-smo\/"},"modified":"2017-10-11T16:00:00","modified_gmt":"2017-10-11T14:00:00","slug":"postajamo-tisto-kar-nam-govorijo-da-smo","status":"publish","type":"post","link":"https:\/\/hudo.com\/si\/aktualno\/postajamo-tisto-kar-nam-govorijo-da-smo\/","title":{"rendered":"Postajamo tisto, kar nam govorijo, da smo"},"content":{"rendered":"<p>Kategorija: Knjiga Wed, 11 Oct 2017 18:00:00 +0200  Ko profesor psihiatrije in psihoanalize napove razpravo o identiteti, pri\u010dakujemo, da se bo \u017ee v drugem odstavku zapletel v kak\u0161en freudisti\u010dni model z egom. A pri Verhaegheju se lahko hitro znebimo te tesnobe, saj pisec, uvideven do \u0161irokega kroga bralcev, svoje\u00ad izpeljave predstavi dovolj poljudno, a konsistentno, da lahko brez te\u017eav razumemo\u00ad njegovo osnovno tezo, da je sodobna identiteta \u010dloveka, zahodnega seveda, nelo\u010dljivo povezana s prevladujo\u010do neoliberalno ideologijo. Zato se lahko brez znanja psihoanaliti\u010dnega vokabularja z njegovimi osnovnimi tezami spoprime vsakdo, ki je dovolj dojemljiv za ob\u010dutenje kriti\u010dnega trenutka na\u0161e civilizacije. Verhaeghe ni prvi in ne zadnji mislec, ki se je dokopal do sklepa, da je dana\u0161nje ob\u010dutenje samega sebe v nasprotju s \u010dlovekovo dru\u017ebeno naravo. Da je sodobni \u010dlovek patolo\u0161ki narcis, obseden s potro\u0161ni\u0161tvom, ponavlja dru\u017ebena kritika \u017ee desetletja.\u00a0&#8230;<\/p>\n","protected":false},"excerpt":{"rendered":"<p>Kategorija: Knjiga Wed, 11 Oct 2017 18:00:00 +0200  Ko profesor psihiatrije in psihoanalize napove razpravo o identiteti, pri\u010dakujemo, da se bo \u017ee v drugem odstavku zapletel v kak\u0161en freudisti\u010dni model z egom. A pri Verhaegheju se lahko hitro znebimo te tesnobe, saj pisec, uvideven do \u0161irokega kroga bralcev, svoje\u00ad izpeljave predstavi dovolj poljudno, a konsistentno, da lahko brez te\u017eav razumemo\u00ad njegovo osnovno tezo, da je sodobna identiteta \u010dloveka, zahodnega seveda, nelo\u010dljivo povezana s prevladujo\u010do neoliberalno ideologijo. Zato se lahko brez znanja psihoanaliti\u010dnega vokabularja z njegovimi osnovnimi tezami spoprime vsakdo, ki je dovolj dojemljiv za ob\u010dutenje kriti\u010dnega trenutka na\u0161e civilizacije. Verhaeghe ni prvi in ne zadnji mislec, ki se je dokopal do sklepa, da je dana\u0161nje ob\u010dutenje samega sebe v nasprotju s \u010dlovekovo dru\u017ebeno naravo. Da je sodobni \u010dlovek patolo\u0161ki narcis, obseden s potro\u0161ni\u0161tvom, ponavlja dru\u017ebena kritika \u017ee desetletja.\u00a0&#8230;<\/p>\n","protected":false},"author":1,"featured_media":0,"comment_status":"closed","ping_status":"closed","sticky":false,"template":"","format":"standard","meta":{"footnotes":""},"categories":[1179],"tags":[],"source":[1703],"supertag":[],"acf":[],"yoast_head":"<!-- This site is optimized with the Yoast SEO plugin v21.3 - https:\/\/yoast.com\/wordpress\/plugins\/seo\/ -->\n<title>Postajamo tisto, kar nam govorijo, da smo - Hudo Slovenija<\/title>\n<meta name=\"robots\" content=\"index, follow, max-snippet:-1, max-image-preview:large, max-video-preview:-1\" \/>\n<link rel=\"canonical\" href=\"https:\/\/hudo.com\/si\/aktualno\/postajamo-tisto-kar-nam-govorijo-da-smo\/\" \/>\n<meta property=\"og:locale\" content=\"sl_SI\" \/>\n<meta property=\"og:type\" content=\"article\" \/>\n<meta property=\"og:title\" content=\"Postajamo tisto, kar nam govorijo, da smo - Hudo Slovenija\" \/>\n<meta property=\"og:description\" content=\"Kategorija: Knjiga Wed, 11 Oct 2017 18:00:00 +0200 Ko profesor psihiatrije in psihoanalize napove razpravo o identiteti, pri\u010dakujemo, da se bo \u017ee v drugem odstavku zapletel v kak\u0161en freudisti\u010dni model z egom. A pri Verhaegheju se lahko hitro znebimo te tesnobe, saj pisec, uvideven do \u0161irokega kroga bralcev, svoje\u00ad izpeljave predstavi dovolj poljudno, a konsistentno, da lahko brez te\u017eav razumemo\u00ad njegovo osnovno tezo, da je sodobna identiteta \u010dloveka, zahodnega seveda, nelo\u010dljivo povezana s prevladujo\u010do neoliberalno ideologijo. Zato se lahko brez znanja psihoanaliti\u010dnega vokabularja z njegovimi osnovnimi tezami spoprime vsakdo, ki je dovolj dojemljiv za ob\u010dutenje kriti\u010dnega trenutka na\u0161e civilizacije. Verhaeghe ni prvi in ne zadnji mislec, ki se je dokopal do sklepa, da je dana\u0161nje ob\u010dutenje samega sebe v nasprotju s \u010dlovekovo dru\u017ebeno naravo. Da je sodobni \u010dlovek patolo\u0161ki narcis, obseden s potro\u0161ni\u0161tvom, ponavlja dru\u017ebena kritika \u017ee desetletja.\u00a0...\" \/>\n<meta property=\"og:url\" content=\"https:\/\/hudo.com\/si\/aktualno\/postajamo-tisto-kar-nam-govorijo-da-smo\/\" \/>\n<meta property=\"og:site_name\" content=\"Hudo Slovenija\" \/>\n<meta property=\"article:publisher\" content=\"https:\/\/www.facebook.com\/hudo.si\" \/>\n<meta property=\"article:published_time\" content=\"2017-10-11T14:00:00+00:00\" \/>\n<meta property=\"og:image\" content=\"https:\/\/hudo.com\/si\/wp-content\/uploads\/sites\/2\/2017\/10\/480x290_KnjizevniL__RTR27TVL_hires0.jpeg\" \/>\n\t<meta property=\"og:image:width\" content=\"480\" \/>\n\t<meta property=\"og:image:height\" content=\"290\" \/>\n\t<meta property=\"og:image:type\" content=\"image\/jpeg\" \/>\n<meta name=\"author\" content=\"hudo\" \/>\n<meta name=\"twitter:card\" content=\"summary_large_image\" \/>\n<meta name=\"twitter:creator\" content=\"@hudo_si\" \/>\n<meta name=\"twitter:site\" content=\"@hudo_si\" \/>\n<meta name=\"twitter:label1\" content=\"Written by\" \/>\n\t<meta name=\"twitter:data1\" content=\"hudo\" \/>\n\t<meta name=\"twitter:label2\" content=\"Est. reading time\" \/>\n\t<meta name=\"twitter:data2\" content=\"1 minuta\" \/>\n<script type=\"application\/ld+json\" class=\"yoast-schema-graph\">{\"@context\":\"https:\/\/schema.org\",\"@graph\":[{\"@type\":\"Article\",\"@id\":\"https:\/\/hudo.com\/si\/aktualno\/postajamo-tisto-kar-nam-govorijo-da-smo\/#article\",\"isPartOf\":{\"@id\":\"https:\/\/hudo.com\/si\/aktualno\/postajamo-tisto-kar-nam-govorijo-da-smo\/\"},\"author\":{\"name\":\"hudo\",\"@id\":\"https:\/\/hudo.com\/si\/#\/schema\/person\/601cf3379633985b20f7e50f2bb47707\"},\"headline\":\"Postajamo tisto, kar nam govorijo, da smo\",\"datePublished\":\"2017-10-11T14:00:00+00:00\",\"dateModified\":\"2017-10-11T14:00:00+00:00\",\"mainEntityOfPage\":{\"@id\":\"https:\/\/hudo.com\/si\/aktualno\/postajamo-tisto-kar-nam-govorijo-da-smo\/\"},\"wordCount\":158,\"publisher\":{\"@id\":\"https:\/\/hudo.com\/si\/#organization\"},\"articleSection\":[\"Aktualno\"],\"inLanguage\":\"sl-SI\"},{\"@type\":\"WebPage\",\"@id\":\"https:\/\/hudo.com\/si\/aktualno\/postajamo-tisto-kar-nam-govorijo-da-smo\/\",\"url\":\"https:\/\/hudo.com\/si\/aktualno\/postajamo-tisto-kar-nam-govorijo-da-smo\/\",\"name\":\"Postajamo tisto, kar nam govorijo, da smo - Hudo Slovenija\",\"isPartOf\":{\"@id\":\"https:\/\/hudo.com\/si\/#website\"},\"datePublished\":\"2017-10-11T14:00:00+00:00\",\"dateModified\":\"2017-10-11T14:00:00+00:00\",\"breadcrumb\":{\"@id\":\"https:\/\/hudo.com\/si\/aktualno\/postajamo-tisto-kar-nam-govorijo-da-smo\/#breadcrumb\"},\"inLanguage\":\"sl-SI\",\"potentialAction\":[{\"@type\":\"ReadAction\",\"target\":[\"https:\/\/hudo.com\/si\/aktualno\/postajamo-tisto-kar-nam-govorijo-da-smo\/\"]}]},{\"@type\":\"BreadcrumbList\",\"@id\":\"https:\/\/hudo.com\/si\/aktualno\/postajamo-tisto-kar-nam-govorijo-da-smo\/#breadcrumb\",\"itemListElement\":[{\"@type\":\"ListItem\",\"position\":1,\"name\":\"Home\",\"item\":\"https:\/\/hudo.com\/si\/\"},{\"@type\":\"ListItem\",\"position\":2,\"name\":\"Postajamo tisto, kar nam govorijo, da smo\"}]},{\"@type\":\"WebSite\",\"@id\":\"https:\/\/hudo.com\/si\/#website\",\"url\":\"https:\/\/hudo.com\/si\/\",\"name\":\"Hudo Slovenija\",\"description\":\"Vse novice iz Slovenije in sveta\",\"publisher\":{\"@id\":\"https:\/\/hudo.com\/si\/#organization\"},\"potentialAction\":[{\"@type\":\"SearchAction\",\"target\":{\"@type\":\"EntryPoint\",\"urlTemplate\":\"https:\/\/hudo.com\/si\/?s={search_term_string}\"},\"query-input\":\"required name=search_term_string\"}],\"inLanguage\":\"sl-SI\"},{\"@type\":\"Organization\",\"@id\":\"https:\/\/hudo.com\/si\/#organization\",\"name\":\"VSN Media\",\"url\":\"https:\/\/hudo.com\/si\/\",\"logo\":{\"@type\":\"ImageObject\",\"inLanguage\":\"sl-SI\",\"@id\":\"https:\/\/hudo.com\/si\/#\/schema\/logo\/image\/\",\"url\":\"https:\/\/hudo.com\/si\/wp-content\/uploads\/sites\/2\/2021\/03\/hudo-app-2.png\",\"contentUrl\":\"https:\/\/hudo.com\/si\/wp-content\/uploads\/sites\/2\/2021\/03\/hudo-app-2.png\",\"width\":2185,\"height\":2167,\"caption\":\"VSN Media\"},\"image\":{\"@id\":\"https:\/\/hudo.com\/si\/#\/schema\/logo\/image\/\"},\"sameAs\":[\"https:\/\/www.facebook.com\/hudo.si\",\"https:\/\/twitter.com\/hudo_si\"]},{\"@type\":\"Person\",\"@id\":\"https:\/\/hudo.com\/si\/#\/schema\/person\/601cf3379633985b20f7e50f2bb47707\",\"name\":\"hudo\",\"image\":{\"@type\":\"ImageObject\",\"inLanguage\":\"sl-SI\",\"@id\":\"https:\/\/hudo.com\/si\/#\/schema\/person\/image\/\",\"url\":\"https:\/\/secure.gravatar.com\/avatar\/c4ca25fa72cace7a696b52ff5db9e095?s=96&d=mm&r=g\",\"contentUrl\":\"https:\/\/secure.gravatar.com\/avatar\/c4ca25fa72cace7a696b52ff5db9e095?s=96&d=mm&r=g\",\"caption\":\"hudo\"},\"url\":\"https:\/\/hudo.com\/si\/author\/hudo\/\"}]}<\/script>\n<!-- \/ Yoast SEO plugin. -->","yoast_head_json":{"title":"Postajamo tisto, kar nam govorijo, da smo - Hudo Slovenija","robots":{"index":"index","follow":"follow","max-snippet":"max-snippet:-1","max-image-preview":"max-image-preview:large","max-video-preview":"max-video-preview:-1"},"canonical":"https:\/\/hudo.com\/si\/aktualno\/postajamo-tisto-kar-nam-govorijo-da-smo\/","og_locale":"sl_SI","og_type":"article","og_title":"Postajamo tisto, kar nam govorijo, da smo - Hudo Slovenija","og_description":"Kategorija: Knjiga Wed, 11 Oct 2017 18:00:00 +0200 Ko profesor psihiatrije in psihoanalize napove razpravo o identiteti, pri\u010dakujemo, da se bo \u017ee v drugem odstavku zapletel v kak\u0161en freudisti\u010dni model z egom. A pri Verhaegheju se lahko hitro znebimo te tesnobe, saj pisec, uvideven do \u0161irokega kroga bralcev, svoje\u00ad izpeljave predstavi dovolj poljudno, a konsistentno, da lahko brez te\u017eav razumemo\u00ad njegovo osnovno tezo, da je sodobna identiteta \u010dloveka, zahodnega seveda, nelo\u010dljivo povezana s prevladujo\u010do neoliberalno ideologijo. Zato se lahko brez znanja psihoanaliti\u010dnega vokabularja z njegovimi osnovnimi tezami spoprime vsakdo, ki je dovolj dojemljiv za ob\u010dutenje kriti\u010dnega trenutka na\u0161e civilizacije. Verhaeghe ni prvi in ne zadnji mislec, ki se je dokopal do sklepa, da je dana\u0161nje ob\u010dutenje samega sebe v nasprotju s \u010dlovekovo dru\u017ebeno naravo. Da je sodobni \u010dlovek patolo\u0161ki narcis, obseden s potro\u0161ni\u0161tvom, ponavlja dru\u017ebena kritika \u017ee desetletja.\u00a0...","og_url":"https:\/\/hudo.com\/si\/aktualno\/postajamo-tisto-kar-nam-govorijo-da-smo\/","og_site_name":"Hudo Slovenija","article_publisher":"https:\/\/www.facebook.com\/hudo.si","article_published_time":"2017-10-11T14:00:00+00:00","og_image":[{"width":480,"height":290,"url":"https:\/\/hudo.com\/si\/wp-content\/uploads\/sites\/2\/2017\/10\/480x290_KnjizevniL__RTR27TVL_hires0.jpeg","type":"image\/jpeg"}],"author":"hudo","twitter_card":"summary_large_image","twitter_creator":"@hudo_si","twitter_site":"@hudo_si","twitter_misc":{"Written by":"hudo","Est. reading time":"1 minuta"},"schema":{"@context":"https:\/\/schema.org","@graph":[{"@type":"Article","@id":"https:\/\/hudo.com\/si\/aktualno\/postajamo-tisto-kar-nam-govorijo-da-smo\/#article","isPartOf":{"@id":"https:\/\/hudo.com\/si\/aktualno\/postajamo-tisto-kar-nam-govorijo-da-smo\/"},"author":{"name":"hudo","@id":"https:\/\/hudo.com\/si\/#\/schema\/person\/601cf3379633985b20f7e50f2bb47707"},"headline":"Postajamo tisto, kar nam govorijo, da smo","datePublished":"2017-10-11T14:00:00+00:00","dateModified":"2017-10-11T14:00:00+00:00","mainEntityOfPage":{"@id":"https:\/\/hudo.com\/si\/aktualno\/postajamo-tisto-kar-nam-govorijo-da-smo\/"},"wordCount":158,"publisher":{"@id":"https:\/\/hudo.com\/si\/#organization"},"articleSection":["Aktualno"],"inLanguage":"sl-SI"},{"@type":"WebPage","@id":"https:\/\/hudo.com\/si\/aktualno\/postajamo-tisto-kar-nam-govorijo-da-smo\/","url":"https:\/\/hudo.com\/si\/aktualno\/postajamo-tisto-kar-nam-govorijo-da-smo\/","name":"Postajamo tisto, kar nam govorijo, da smo - Hudo Slovenija","isPartOf":{"@id":"https:\/\/hudo.com\/si\/#website"},"datePublished":"2017-10-11T14:00:00+00:00","dateModified":"2017-10-11T14:00:00+00:00","breadcrumb":{"@id":"https:\/\/hudo.com\/si\/aktualno\/postajamo-tisto-kar-nam-govorijo-da-smo\/#breadcrumb"},"inLanguage":"sl-SI","potentialAction":[{"@type":"ReadAction","target":["https:\/\/hudo.com\/si\/aktualno\/postajamo-tisto-kar-nam-govorijo-da-smo\/"]}]},{"@type":"BreadcrumbList","@id":"https:\/\/hudo.com\/si\/aktualno\/postajamo-tisto-kar-nam-govorijo-da-smo\/#breadcrumb","itemListElement":[{"@type":"ListItem","position":1,"name":"Home","item":"https:\/\/hudo.com\/si\/"},{"@type":"ListItem","position":2,"name":"Postajamo tisto, kar nam govorijo, da smo"}]},{"@type":"WebSite","@id":"https:\/\/hudo.com\/si\/#website","url":"https:\/\/hudo.com\/si\/","name":"Hudo Slovenija","description":"Vse novice iz Slovenije in sveta","publisher":{"@id":"https:\/\/hudo.com\/si\/#organization"},"potentialAction":[{"@type":"SearchAction","target":{"@type":"EntryPoint","urlTemplate":"https:\/\/hudo.com\/si\/?s={search_term_string}"},"query-input":"required name=search_term_string"}],"inLanguage":"sl-SI"},{"@type":"Organization","@id":"https:\/\/hudo.com\/si\/#organization","name":"VSN Media","url":"https:\/\/hudo.com\/si\/","logo":{"@type":"ImageObject","inLanguage":"sl-SI","@id":"https:\/\/hudo.com\/si\/#\/schema\/logo\/image\/","url":"https:\/\/hudo.com\/si\/wp-content\/uploads\/sites\/2\/2021\/03\/hudo-app-2.png","contentUrl":"https:\/\/hudo.com\/si\/wp-content\/uploads\/sites\/2\/2021\/03\/hudo-app-2.png","width":2185,"height":2167,"caption":"VSN Media"},"image":{"@id":"https:\/\/hudo.com\/si\/#\/schema\/logo\/image\/"},"sameAs":["https:\/\/www.facebook.com\/hudo.si","https:\/\/twitter.com\/hudo_si"]},{"@type":"Person","@id":"https:\/\/hudo.com\/si\/#\/schema\/person\/601cf3379633985b20f7e50f2bb47707","name":"hudo","image":{"@type":"ImageObject","inLanguage":"sl-SI","@id":"https:\/\/hudo.com\/si\/#\/schema\/person\/image\/","url":"https:\/\/secure.gravatar.com\/avatar\/c4ca25fa72cace7a696b52ff5db9e095?s=96&d=mm&r=g","contentUrl":"https:\/\/secure.gravatar.com\/avatar\/c4ca25fa72cace7a696b52ff5db9e095?s=96&d=mm&r=g","caption":"hudo"},"url":"https:\/\/hudo.com\/si\/author\/hudo\/"}]}},"amp_enabled":true,"_links":{"self":[{"href":"https:\/\/hudo.com\/si\/wp-json\/wp\/v2\/posts\/308919"}],"collection":[{"href":"https:\/\/hudo.com\/si\/wp-json\/wp\/v2\/posts"}],"about":[{"href":"https:\/\/hudo.com\/si\/wp-json\/wp\/v2\/types\/post"}],"author":[{"embeddable":true,"href":"https:\/\/hudo.com\/si\/wp-json\/wp\/v2\/users\/1"}],"replies":[{"embeddable":true,"href":"https:\/\/hudo.com\/si\/wp-json\/wp\/v2\/comments?post=308919"}],"version-history":[{"count":0,"href":"https:\/\/hudo.com\/si\/wp-json\/wp\/v2\/posts\/308919\/revisions"}],"wp:attachment":[{"href":"https:\/\/hudo.com\/si\/wp-json\/wp\/v2\/media?parent=308919"}],"wp:term":[{"taxonomy":"category","embeddable":true,"href":"https:\/\/hudo.com\/si\/wp-json\/wp\/v2\/categories?post=308919"},{"taxonomy":"post_tag","embeddable":true,"href":"https:\/\/hudo.com\/si\/wp-json\/wp\/v2\/tags?post=308919"},{"taxonomy":"source","embeddable":true,"href":"https:\/\/hudo.com\/si\/wp-json\/wp\/v2\/source?post=308919"},{"taxonomy":"supertag","embeddable":true,"href":"https:\/\/hudo.com\/si\/wp-json\/wp\/v2\/supertag?post=308919"}],"curies":[{"name":"wp","href":"https:\/\/api.w.org\/{rel}","templated":true}]}}