{"id":308925,"date":"2017-10-11T15:23:00","date_gmt":"2017-10-11T13:23:00","guid":{"rendered":"http:\/\/hudo.com\/si\/2017\/10\/11\/po-spremembah-proracuna-mozna-celovita-obnova-ljudskega-vrta\/"},"modified":"2017-10-11T15:23:00","modified_gmt":"2017-10-11T13:23:00","slug":"po-spremembah-proracuna-mozna-celovita-obnova-ljudskega-vrta","status":"publish","type":"post","link":"https:\/\/hudo.com\/si\/aktualno\/po-spremembah-proracuna-mozna-celovita-obnova-ljudskega-vrta\/","title":{"rendered":"Po spremembah prora\u010duna mo\u017ena celovita obnova Ljudskega vrta"},"content":{"rendered":"<p>Kategorija: Nogomet Wed, 11 Oct 2017 17:23:00 +0200  Maribor &#8211; Mariborski mestni svet bo v \u010detrtek sprejemal rebalans prora\u010duna za letos in spremembe prora\u010duna za 2018, ki med drugim prina\u0161a dodatno zadol\u017eevanje. Zaradi slednjega predvidevajo dodatne investicije, kot je dolgo pri\u010dakovana obnova zahodne tribune Ljudskega vrta. A predvidenih 2,9 milijona evrov ni dovolj za celovito obnovo, opozarjajo nogometa\u0161i. V Nogometnem klubu Maribor so zadovoljni, da so se zadeve po dolgih letih vendarle za\u010dele premikati, saj je nadaljnja obnova stadiona nujna, \u010de bi radi \u0161e naprej igrali tekme najvi\u0161jega ranga. &#8220;Seznanjeni smo bili s predlogom prora\u010duna, v katerem je predvidena tudi postavka obnove oz. rekonstrukcije zahodne tribune, vendar samo v polovi\u010dni vrednosti sredstev, ki bi bila sicer potrebna za celotno izvedbo projekta. NK Maribor poziva k spremembi tak\u0161nega predloga, saj stadion kljub tej investiciji ne bi omogo\u010dal igranja evropskih tekem,\u00a0&#8230;<\/p>\n","protected":false},"excerpt":{"rendered":"<p>Kategorija: Nogomet Wed, 11 Oct 2017 17:23:00 +0200  Maribor &#8211; Mariborski mestni svet bo v \u010detrtek sprejemal rebalans prora\u010duna za letos in spremembe prora\u010duna za 2018, ki med drugim prina\u0161a dodatno zadol\u017eevanje. Zaradi slednjega predvidevajo dodatne investicije, kot je dolgo pri\u010dakovana obnova zahodne tribune Ljudskega vrta. A predvidenih 2,9 milijona evrov ni dovolj za celovito obnovo, opozarjajo nogometa\u0161i. V Nogometnem klubu Maribor so zadovoljni, da so se zadeve po dolgih letih vendarle za\u010dele premikati, saj je nadaljnja obnova stadiona nujna, \u010de bi radi \u0161e naprej igrali tekme najvi\u0161jega ranga. &#8220;Seznanjeni smo bili s predlogom prora\u010duna, v katerem je predvidena tudi postavka obnove oz. rekonstrukcije zahodne tribune, vendar samo v polovi\u010dni vrednosti sredstev, ki bi bila sicer potrebna za celotno izvedbo projekta. NK Maribor poziva k spremembi tak\u0161nega predloga, saj stadion kljub tej investiciji ne bi omogo\u010dal igranja evropskih tekem,\u00a0&#8230;<\/p>\n","protected":false},"author":1,"featured_media":0,"comment_status":"closed","ping_status":"closed","sticky":false,"template":"","format":"standard","meta":{"footnotes":""},"categories":[1179],"tags":[],"source":[1703],"supertag":[],"acf":[],"yoast_head":"<!-- This site is optimized with the Yoast SEO plugin v21.3 - https:\/\/yoast.com\/wordpress\/plugins\/seo\/ -->\n<title>Po spremembah prora\u010duna mo\u017ena celovita obnova Ljudskega vrta - Hudo Slovenija<\/title>\n<meta name=\"robots\" content=\"index, follow, max-snippet:-1, max-image-preview:large, max-video-preview:-1\" \/>\n<link rel=\"canonical\" href=\"https:\/\/hudo.com\/si\/aktualno\/po-spremembah-proracuna-mozna-celovita-obnova-ljudskega-vrta\/\" \/>\n<meta property=\"og:locale\" content=\"sl_SI\" \/>\n<meta property=\"og:type\" content=\"article\" \/>\n<meta property=\"og:title\" content=\"Po spremembah prora\u010duna mo\u017ena celovita obnova Ljudskega vrta - Hudo Slovenija\" \/>\n<meta property=\"og:description\" content=\"Kategorija: Nogomet Wed, 11 Oct 2017 17:23:00 +0200 Maribor - Mariborski mestni svet bo v \u010detrtek sprejemal rebalans prora\u010duna za letos in spremembe prora\u010duna za 2018, ki med drugim prina\u0161a dodatno zadol\u017eevanje. Zaradi slednjega predvidevajo dodatne investicije, kot je dolgo pri\u010dakovana obnova zahodne tribune Ljudskega vrta. A predvidenih 2,9 milijona evrov ni dovolj za celovito obnovo, opozarjajo nogometa\u0161i. V Nogometnem klubu Maribor so zadovoljni, da so se zadeve po dolgih letih vendarle za\u010dele premikati, saj je nadaljnja obnova stadiona nujna, \u010de bi radi \u0161e naprej igrali tekme najvi\u0161jega ranga. &quot;Seznanjeni smo bili s predlogom prora\u010duna, v katerem je predvidena tudi postavka obnove oz. rekonstrukcije zahodne tribune, vendar samo v polovi\u010dni vrednosti sredstev, ki bi bila sicer potrebna za celotno izvedbo projekta. NK Maribor poziva k spremembi tak\u0161nega predloga, saj stadion kljub tej investiciji ne bi omogo\u010dal igranja evropskih tekem,\u00a0...\" \/>\n<meta property=\"og:url\" content=\"https:\/\/hudo.com\/si\/aktualno\/po-spremembah-proracuna-mozna-celovita-obnova-ljudskega-vrta\/\" \/>\n<meta property=\"og:site_name\" content=\"Hudo Slovenija\" \/>\n<meta property=\"article:publisher\" content=\"https:\/\/www.facebook.com\/hudo.si\" \/>\n<meta property=\"article:published_time\" content=\"2017-10-11T13:23:00+00:00\" \/>\n<meta property=\"og:image\" content=\"https:\/\/hudo.com\/si\/wp-content\/uploads\/sites\/2\/2017\/10\/480x290_Sport__djvu_1122314_jernejs_hires0.jpeg\" \/>\n\t<meta property=\"og:image:width\" content=\"480\" \/>\n\t<meta property=\"og:image:height\" content=\"290\" \/>\n\t<meta property=\"og:image:type\" content=\"image\/jpeg\" \/>\n<meta name=\"author\" content=\"hudo\" \/>\n<meta name=\"twitter:card\" content=\"summary_large_image\" \/>\n<meta name=\"twitter:creator\" content=\"@hudo_si\" \/>\n<meta name=\"twitter:site\" content=\"@hudo_si\" \/>\n<meta name=\"twitter:label1\" content=\"Written by\" \/>\n\t<meta name=\"twitter:data1\" content=\"hudo\" \/>\n\t<meta name=\"twitter:label2\" content=\"Est. reading time\" \/>\n\t<meta name=\"twitter:data2\" content=\"1 minuta\" \/>\n<script type=\"application\/ld+json\" class=\"yoast-schema-graph\">{\"@context\":\"https:\/\/schema.org\",\"@graph\":[{\"@type\":\"Article\",\"@id\":\"https:\/\/hudo.com\/si\/aktualno\/po-spremembah-proracuna-mozna-celovita-obnova-ljudskega-vrta\/#article\",\"isPartOf\":{\"@id\":\"https:\/\/hudo.com\/si\/aktualno\/po-spremembah-proracuna-mozna-celovita-obnova-ljudskega-vrta\/\"},\"author\":{\"name\":\"hudo\",\"@id\":\"https:\/\/hudo.com\/si\/#\/schema\/person\/601cf3379633985b20f7e50f2bb47707\"},\"headline\":\"Po spremembah prora\u010duna mo\u017ena celovita obnova Ljudskega vrta\",\"datePublished\":\"2017-10-11T13:23:00+00:00\",\"dateModified\":\"2017-10-11T13:23:00+00:00\",\"mainEntityOfPage\":{\"@id\":\"https:\/\/hudo.com\/si\/aktualno\/po-spremembah-proracuna-mozna-celovita-obnova-ljudskega-vrta\/\"},\"wordCount\":155,\"publisher\":{\"@id\":\"https:\/\/hudo.com\/si\/#organization\"},\"articleSection\":[\"Aktualno\"],\"inLanguage\":\"sl-SI\"},{\"@type\":\"WebPage\",\"@id\":\"https:\/\/hudo.com\/si\/aktualno\/po-spremembah-proracuna-mozna-celovita-obnova-ljudskega-vrta\/\",\"url\":\"https:\/\/hudo.com\/si\/aktualno\/po-spremembah-proracuna-mozna-celovita-obnova-ljudskega-vrta\/\",\"name\":\"Po spremembah prora\u010duna mo\u017ena celovita obnova Ljudskega vrta - Hudo Slovenija\",\"isPartOf\":{\"@id\":\"https:\/\/hudo.com\/si\/#website\"},\"datePublished\":\"2017-10-11T13:23:00+00:00\",\"dateModified\":\"2017-10-11T13:23:00+00:00\",\"breadcrumb\":{\"@id\":\"https:\/\/hudo.com\/si\/aktualno\/po-spremembah-proracuna-mozna-celovita-obnova-ljudskega-vrta\/#breadcrumb\"},\"inLanguage\":\"sl-SI\",\"potentialAction\":[{\"@type\":\"ReadAction\",\"target\":[\"https:\/\/hudo.com\/si\/aktualno\/po-spremembah-proracuna-mozna-celovita-obnova-ljudskega-vrta\/\"]}]},{\"@type\":\"BreadcrumbList\",\"@id\":\"https:\/\/hudo.com\/si\/aktualno\/po-spremembah-proracuna-mozna-celovita-obnova-ljudskega-vrta\/#breadcrumb\",\"itemListElement\":[{\"@type\":\"ListItem\",\"position\":1,\"name\":\"Home\",\"item\":\"https:\/\/hudo.com\/si\/\"},{\"@type\":\"ListItem\",\"position\":2,\"name\":\"Po spremembah prora\u010duna mo\u017ena celovita obnova Ljudskega vrta\"}]},{\"@type\":\"WebSite\",\"@id\":\"https:\/\/hudo.com\/si\/#website\",\"url\":\"https:\/\/hudo.com\/si\/\",\"name\":\"Hudo Slovenija\",\"description\":\"Vse novice iz Slovenije in sveta\",\"publisher\":{\"@id\":\"https:\/\/hudo.com\/si\/#organization\"},\"potentialAction\":[{\"@type\":\"SearchAction\",\"target\":{\"@type\":\"EntryPoint\",\"urlTemplate\":\"https:\/\/hudo.com\/si\/?s={search_term_string}\"},\"query-input\":\"required name=search_term_string\"}],\"inLanguage\":\"sl-SI\"},{\"@type\":\"Organization\",\"@id\":\"https:\/\/hudo.com\/si\/#organization\",\"name\":\"VSN Media\",\"url\":\"https:\/\/hudo.com\/si\/\",\"logo\":{\"@type\":\"ImageObject\",\"inLanguage\":\"sl-SI\",\"@id\":\"https:\/\/hudo.com\/si\/#\/schema\/logo\/image\/\",\"url\":\"https:\/\/hudo.com\/si\/wp-content\/uploads\/sites\/2\/2021\/03\/hudo-app-2.png\",\"contentUrl\":\"https:\/\/hudo.com\/si\/wp-content\/uploads\/sites\/2\/2021\/03\/hudo-app-2.png\",\"width\":2185,\"height\":2167,\"caption\":\"VSN Media\"},\"image\":{\"@id\":\"https:\/\/hudo.com\/si\/#\/schema\/logo\/image\/\"},\"sameAs\":[\"https:\/\/www.facebook.com\/hudo.si\",\"https:\/\/twitter.com\/hudo_si\"]},{\"@type\":\"Person\",\"@id\":\"https:\/\/hudo.com\/si\/#\/schema\/person\/601cf3379633985b20f7e50f2bb47707\",\"name\":\"hudo\",\"image\":{\"@type\":\"ImageObject\",\"inLanguage\":\"sl-SI\",\"@id\":\"https:\/\/hudo.com\/si\/#\/schema\/person\/image\/\",\"url\":\"https:\/\/secure.gravatar.com\/avatar\/c4ca25fa72cace7a696b52ff5db9e095?s=96&d=mm&r=g\",\"contentUrl\":\"https:\/\/secure.gravatar.com\/avatar\/c4ca25fa72cace7a696b52ff5db9e095?s=96&d=mm&r=g\",\"caption\":\"hudo\"},\"url\":\"https:\/\/hudo.com\/si\/author\/hudo\/\"}]}<\/script>\n<!-- \/ Yoast SEO plugin. -->","yoast_head_json":{"title":"Po spremembah prora\u010duna mo\u017ena celovita obnova Ljudskega vrta - Hudo Slovenija","robots":{"index":"index","follow":"follow","max-snippet":"max-snippet:-1","max-image-preview":"max-image-preview:large","max-video-preview":"max-video-preview:-1"},"canonical":"https:\/\/hudo.com\/si\/aktualno\/po-spremembah-proracuna-mozna-celovita-obnova-ljudskega-vrta\/","og_locale":"sl_SI","og_type":"article","og_title":"Po spremembah prora\u010duna mo\u017ena celovita obnova Ljudskega vrta - Hudo Slovenija","og_description":"Kategorija: Nogomet Wed, 11 Oct 2017 17:23:00 +0200 Maribor - Mariborski mestni svet bo v \u010detrtek sprejemal rebalans prora\u010duna za letos in spremembe prora\u010duna za 2018, ki med drugim prina\u0161a dodatno zadol\u017eevanje. Zaradi slednjega predvidevajo dodatne investicije, kot je dolgo pri\u010dakovana obnova zahodne tribune Ljudskega vrta. A predvidenih 2,9 milijona evrov ni dovolj za celovito obnovo, opozarjajo nogometa\u0161i. V Nogometnem klubu Maribor so zadovoljni, da so se zadeve po dolgih letih vendarle za\u010dele premikati, saj je nadaljnja obnova stadiona nujna, \u010de bi radi \u0161e naprej igrali tekme najvi\u0161jega ranga. \"Seznanjeni smo bili s predlogom prora\u010duna, v katerem je predvidena tudi postavka obnove oz. rekonstrukcije zahodne tribune, vendar samo v polovi\u010dni vrednosti sredstev, ki bi bila sicer potrebna za celotno izvedbo projekta. NK Maribor poziva k spremembi tak\u0161nega predloga, saj stadion kljub tej investiciji ne bi omogo\u010dal igranja evropskih tekem,\u00a0...","og_url":"https:\/\/hudo.com\/si\/aktualno\/po-spremembah-proracuna-mozna-celovita-obnova-ljudskega-vrta\/","og_site_name":"Hudo Slovenija","article_publisher":"https:\/\/www.facebook.com\/hudo.si","article_published_time":"2017-10-11T13:23:00+00:00","og_image":[{"width":480,"height":290,"url":"https:\/\/hudo.com\/si\/wp-content\/uploads\/sites\/2\/2017\/10\/480x290_Sport__djvu_1122314_jernejs_hires0.jpeg","type":"image\/jpeg"}],"author":"hudo","twitter_card":"summary_large_image","twitter_creator":"@hudo_si","twitter_site":"@hudo_si","twitter_misc":{"Written by":"hudo","Est. reading time":"1 minuta"},"schema":{"@context":"https:\/\/schema.org","@graph":[{"@type":"Article","@id":"https:\/\/hudo.com\/si\/aktualno\/po-spremembah-proracuna-mozna-celovita-obnova-ljudskega-vrta\/#article","isPartOf":{"@id":"https:\/\/hudo.com\/si\/aktualno\/po-spremembah-proracuna-mozna-celovita-obnova-ljudskega-vrta\/"},"author":{"name":"hudo","@id":"https:\/\/hudo.com\/si\/#\/schema\/person\/601cf3379633985b20f7e50f2bb47707"},"headline":"Po spremembah prora\u010duna mo\u017ena celovita obnova Ljudskega vrta","datePublished":"2017-10-11T13:23:00+00:00","dateModified":"2017-10-11T13:23:00+00:00","mainEntityOfPage":{"@id":"https:\/\/hudo.com\/si\/aktualno\/po-spremembah-proracuna-mozna-celovita-obnova-ljudskega-vrta\/"},"wordCount":155,"publisher":{"@id":"https:\/\/hudo.com\/si\/#organization"},"articleSection":["Aktualno"],"inLanguage":"sl-SI"},{"@type":"WebPage","@id":"https:\/\/hudo.com\/si\/aktualno\/po-spremembah-proracuna-mozna-celovita-obnova-ljudskega-vrta\/","url":"https:\/\/hudo.com\/si\/aktualno\/po-spremembah-proracuna-mozna-celovita-obnova-ljudskega-vrta\/","name":"Po spremembah prora\u010duna mo\u017ena celovita obnova Ljudskega vrta - Hudo Slovenija","isPartOf":{"@id":"https:\/\/hudo.com\/si\/#website"},"datePublished":"2017-10-11T13:23:00+00:00","dateModified":"2017-10-11T13:23:00+00:00","breadcrumb":{"@id":"https:\/\/hudo.com\/si\/aktualno\/po-spremembah-proracuna-mozna-celovita-obnova-ljudskega-vrta\/#breadcrumb"},"inLanguage":"sl-SI","potentialAction":[{"@type":"ReadAction","target":["https:\/\/hudo.com\/si\/aktualno\/po-spremembah-proracuna-mozna-celovita-obnova-ljudskega-vrta\/"]}]},{"@type":"BreadcrumbList","@id":"https:\/\/hudo.com\/si\/aktualno\/po-spremembah-proracuna-mozna-celovita-obnova-ljudskega-vrta\/#breadcrumb","itemListElement":[{"@type":"ListItem","position":1,"name":"Home","item":"https:\/\/hudo.com\/si\/"},{"@type":"ListItem","position":2,"name":"Po spremembah prora\u010duna mo\u017ena celovita obnova Ljudskega vrta"}]},{"@type":"WebSite","@id":"https:\/\/hudo.com\/si\/#website","url":"https:\/\/hudo.com\/si\/","name":"Hudo Slovenija","description":"Vse novice iz Slovenije in sveta","publisher":{"@id":"https:\/\/hudo.com\/si\/#organization"},"potentialAction":[{"@type":"SearchAction","target":{"@type":"EntryPoint","urlTemplate":"https:\/\/hudo.com\/si\/?s={search_term_string}"},"query-input":"required name=search_term_string"}],"inLanguage":"sl-SI"},{"@type":"Organization","@id":"https:\/\/hudo.com\/si\/#organization","name":"VSN Media","url":"https:\/\/hudo.com\/si\/","logo":{"@type":"ImageObject","inLanguage":"sl-SI","@id":"https:\/\/hudo.com\/si\/#\/schema\/logo\/image\/","url":"https:\/\/hudo.com\/si\/wp-content\/uploads\/sites\/2\/2021\/03\/hudo-app-2.png","contentUrl":"https:\/\/hudo.com\/si\/wp-content\/uploads\/sites\/2\/2021\/03\/hudo-app-2.png","width":2185,"height":2167,"caption":"VSN Media"},"image":{"@id":"https:\/\/hudo.com\/si\/#\/schema\/logo\/image\/"},"sameAs":["https:\/\/www.facebook.com\/hudo.si","https:\/\/twitter.com\/hudo_si"]},{"@type":"Person","@id":"https:\/\/hudo.com\/si\/#\/schema\/person\/601cf3379633985b20f7e50f2bb47707","name":"hudo","image":{"@type":"ImageObject","inLanguage":"sl-SI","@id":"https:\/\/hudo.com\/si\/#\/schema\/person\/image\/","url":"https:\/\/secure.gravatar.com\/avatar\/c4ca25fa72cace7a696b52ff5db9e095?s=96&d=mm&r=g","contentUrl":"https:\/\/secure.gravatar.com\/avatar\/c4ca25fa72cace7a696b52ff5db9e095?s=96&d=mm&r=g","caption":"hudo"},"url":"https:\/\/hudo.com\/si\/author\/hudo\/"}]}},"amp_enabled":true,"_links":{"self":[{"href":"https:\/\/hudo.com\/si\/wp-json\/wp\/v2\/posts\/308925"}],"collection":[{"href":"https:\/\/hudo.com\/si\/wp-json\/wp\/v2\/posts"}],"about":[{"href":"https:\/\/hudo.com\/si\/wp-json\/wp\/v2\/types\/post"}],"author":[{"embeddable":true,"href":"https:\/\/hudo.com\/si\/wp-json\/wp\/v2\/users\/1"}],"replies":[{"embeddable":true,"href":"https:\/\/hudo.com\/si\/wp-json\/wp\/v2\/comments?post=308925"}],"version-history":[{"count":0,"href":"https:\/\/hudo.com\/si\/wp-json\/wp\/v2\/posts\/308925\/revisions"}],"wp:attachment":[{"href":"https:\/\/hudo.com\/si\/wp-json\/wp\/v2\/media?parent=308925"}],"wp:term":[{"taxonomy":"category","embeddable":true,"href":"https:\/\/hudo.com\/si\/wp-json\/wp\/v2\/categories?post=308925"},{"taxonomy":"post_tag","embeddable":true,"href":"https:\/\/hudo.com\/si\/wp-json\/wp\/v2\/tags?post=308925"},{"taxonomy":"source","embeddable":true,"href":"https:\/\/hudo.com\/si\/wp-json\/wp\/v2\/source?post=308925"},{"taxonomy":"supertag","embeddable":true,"href":"https:\/\/hudo.com\/si\/wp-json\/wp\/v2\/supertag?post=308925"}],"curies":[{"name":"wp","href":"https:\/\/api.w.org\/{rel}","templated":true}]}}