{"id":309137,"date":"2017-10-12T07:55:17","date_gmt":"2017-10-12T05:55:17","guid":{"rendered":"http:\/\/hudo.com\/si\/2017\/10\/12\/papez-ima-na-twitterju-neverjetno-stevilo-sledilcev-a-katy-perry-in-obami-ne-seze-niti-do-kolena\/"},"modified":"2017-10-12T07:55:17","modified_gmt":"2017-10-12T05:55:17","slug":"papez-ima-na-twitterju-neverjetno-stevilo-sledilcev-a-katy-perry-in-obami-ne-seze-niti-do-kolena","status":"publish","type":"post","link":"https:\/\/hudo.com\/si\/vip\/papez-ima-na-twitterju-neverjetno-stevilo-sledilcev-a-katy-perry-in-obami-ne-seze-niti-do-kolena\/","title":{"rendered":"Pape\u017e ima na Twitterju neverjetno \u0161tevilo sledilcev, a Katy Perry in Obami ne se\u017ee niti do kolena"},"content":{"rendered":"<figure>\n\t\t\t\t\t<img loading=\"lazy\" decoding=\"async\" width=\"660\" height=\"320\" src=\"data:image\/gif;base64,R0lGODlhAQABAAAAACH5BAEKAAEALAAAAAABAAEAAAICTAEAOw==\" class=\"lazyload\" data-src=\"http:\/\/moski.hudo.com\/wp-content\/uploads\/2017\/10\/pontifex-twitter-320x155.jpg\" data-srcset=\"http:\/\/moski.hudo.com\/wp-content\/uploads\/2017\/10\/pontifex-twitter-660x320.jpg 660w,http:\/\/moski.hudo.com\/wp-content\/uploads\/2017\/10\/pontifex-twitter-320x155.jpg 330w\" sizes=\"(max-width: 660px) 100vw, 660px\"\/><figcaption>Pape\u017e Fran\u010di\u0161ek ima na Twitterju 40 milijonov sledilcev<\/figcaption><\/figure>\n<p>Samo v zadnjem letu je po podatkih Vatikana kar devet milijonov uporabnikov Twitterja za\u010delo slediti razli\u010dnim ra\u010dunom @pontifex, ki pripadajo pape\u017eu. Vatikan sicer to stran prepoznava kot vse pomembnej\u0161i na\u010din za komunikacijo z verujo\u010dimi in neverujo\u010dimi, poro\u010da francoska tiskovna agencija AFP.<\/p>\n<figure>\n\t\t\t\t\t<img loading=\"lazy\" decoding=\"async\" width=\"660\" height=\"320\" src=\"data:image\/gif;base64,R0lGODlhAQABAAAAACH5BAEKAAEALAAAAAABAAEAAAICTAEAOw==\" class=\"lazyload\" data-src=\"http:\/\/moski.hudo.com\/wp-content\/uploads\/2017\/10\/profimedia-0344752109-320x155.jpg\" data-srcset=\"http:\/\/moski.hudo.com\/wp-content\/uploads\/2017\/10\/profimedia-0344752109-401x320.jpg 660w,http:\/\/moski.hudo.com\/wp-content\/uploads\/2017\/10\/profimedia-0344752109-320x155.jpg 330w\" sizes=\"(max-width: 660px) 100vw, 660px\"\/><figcaption>Pape\u017e bi za kak\u0161en nasvet glede uporabe Twitterja lahko prosil Katy Perry, ki ji na tem dru\u017ebenem omre\u017eju sledi preko 100 milijonov uporabnikov<\/figcaption><\/figure>\n<p>Kljub verski tematiki ve\u010dine njegovih zapisov je tako 80-letni pape\u017e Fran\u010di\u0161ek postal zvezda te spletne platforme. Vsi zapisi pa le niso religiozno obarvani. Tako je v enem bolj zgodnjih zapisov razkril svoje protikapitalisti\u010dno stali\u0161\u010de. &#8220;\u010ce denar in materialne stvari postanejo sredi\u0161\u010de na\u0161ega \u017eivljenja, nas obsedejo in zasu\u017enjijo,&#8221; je navedel.<\/p>\n<p>Najve\u010d sledilcev, 14,6 milijona, ima argentinska razli\u010dica pape\u017eevega ra\u010duna na Twitterju, le nekaj manj, 14 milijonov, pa angle\u0161ka. Zanimivo veliko sledilcev, kar 843.000, bere pape\u017eeve zapise v latin\u0161\u010dini.<\/p>\n<p>Pape\u017e Fran\u010di\u0161ek, ki ima pet milijonov sledilcev tudi na Instagramu, ni prvi pape\u017e, ki se je za stik z ob\u010destvom poslu\u017eil Twitterja. Njegov predhodnik Benedikt XVI. se je na to platformo prijavil decembra 2012, le nekaj mesecev preden ga je nasledil aktualni pape\u017e.<\/p>\n","protected":false},"excerpt":{"rendered":"<p>\u0160tevilo sledilcev Twitter ra\u010dunu pape\u017ea Fran\u010di\u0161ka se je povzpelo \u017ee na 40 milijonov. To svetega o\u010deta uvr\u0161\u010da med vodilne na socialnih omre\u017ejih. Po \u0161tevilu sledilcev je ob boku ameri\u0161kemu predsedniku Donaldu Trumpu, a \u0161e precej za njegovim predhodnikom Barackom Obamo s 95 milijoni in pop ikono Katy Perry s 104 milijoni sledilcev.<\/p>\n","protected":false},"author":1,"featured_media":0,"comment_status":"closed","ping_status":"closed","sticky":false,"template":"","format":"standard","meta":{"footnotes":""},"categories":[1093],"tags":[2081,1390,4404,4925,3783],"source":[1518,1572,1588],"supertag":[],"acf":[],"yoast_head":"<!-- This site is optimized with the Yoast SEO plugin v21.3 - https:\/\/yoast.com\/wordpress\/plugins\/seo\/ -->\n<title>Pape\u017e ima na Twitterju neverjetno \u0161tevilo sledilcev, a Katy Perry in Obami ne se\u017ee niti do kolena - Hudo Slovenija<\/title>\n<meta name=\"robots\" content=\"index, follow, max-snippet:-1, max-image-preview:large, max-video-preview:-1\" \/>\n<link rel=\"canonical\" href=\"https:\/\/hudo.com\/si\/vip\/papez-ima-na-twitterju-neverjetno-stevilo-sledilcev-a-katy-perry-in-obami-ne-seze-niti-do-kolena\/\" \/>\n<meta property=\"og:locale\" content=\"sl_SI\" \/>\n<meta property=\"og:type\" content=\"article\" \/>\n<meta property=\"og:title\" content=\"Pape\u017e ima na Twitterju neverjetno \u0161tevilo sledilcev, a Katy Perry in Obami ne se\u017ee niti do kolena - Hudo Slovenija\" \/>\n<meta property=\"og:description\" content=\"\u0160tevilo sledilcev Twitter ra\u010dunu pape\u017ea Fran\u010di\u0161ka se je povzpelo \u017ee na 40 milijonov. To svetega o\u010deta uvr\u0161\u010da med vodilne na socialnih omre\u017ejih. Po \u0161tevilu sledilcev je ob boku ameri\u0161kemu predsedniku Donaldu Trumpu, a \u0161e precej za njegovim predhodnikom Barackom Obamo s 95 milijoni in pop ikono Katy Perry s 104 milijoni sledilcev.\" \/>\n<meta property=\"og:url\" content=\"https:\/\/hudo.com\/si\/vip\/papez-ima-na-twitterju-neverjetno-stevilo-sledilcev-a-katy-perry-in-obami-ne-seze-niti-do-kolena\/\" \/>\n<meta property=\"og:site_name\" content=\"Hudo Slovenija\" \/>\n<meta property=\"article:publisher\" content=\"https:\/\/www.facebook.com\/hudo.si\" \/>\n<meta property=\"article:published_time\" content=\"2017-10-12T05:55:17+00:00\" \/>\n<meta property=\"og:image\" content=\"https:\/\/hudo.com\/si\/wp-content\/uploads\/sites\/2\/2017\/10\/pontifex-twitter-scaled.jpg\" \/>\n\t<meta property=\"og:image:width\" content=\"2560\" \/>\n\t<meta property=\"og:image:height\" content=\"1604\" \/>\n\t<meta property=\"og:image:type\" content=\"image\/jpeg\" \/>\n<meta name=\"author\" content=\"hudo\" \/>\n<meta name=\"twitter:card\" content=\"summary_large_image\" \/>\n<meta name=\"twitter:creator\" content=\"@hudo_si\" \/>\n<meta name=\"twitter:site\" content=\"@hudo_si\" \/>\n<meta name=\"twitter:label1\" content=\"Written by\" \/>\n\t<meta name=\"twitter:data1\" content=\"hudo\" \/>\n\t<meta name=\"twitter:label2\" content=\"Est. reading time\" \/>\n\t<meta name=\"twitter:data2\" content=\"1 minuta\" \/>\n<script type=\"application\/ld+json\" class=\"yoast-schema-graph\">{\"@context\":\"https:\/\/schema.org\",\"@graph\":[{\"@type\":\"Article\",\"@id\":\"https:\/\/hudo.com\/si\/vip\/papez-ima-na-twitterju-neverjetno-stevilo-sledilcev-a-katy-perry-in-obami-ne-seze-niti-do-kolena\/#article\",\"isPartOf\":{\"@id\":\"https:\/\/hudo.com\/si\/vip\/papez-ima-na-twitterju-neverjetno-stevilo-sledilcev-a-katy-perry-in-obami-ne-seze-niti-do-kolena\/\"},\"author\":{\"name\":\"hudo\",\"@id\":\"https:\/\/hudo.com\/si\/#\/schema\/person\/601cf3379633985b20f7e50f2bb47707\"},\"headline\":\"Pape\u017e ima na Twitterju neverjetno \u0161tevilo sledilcev, a Katy Perry in Obami ne se\u017ee niti do kolena\",\"datePublished\":\"2017-10-12T05:55:17+00:00\",\"dateModified\":\"2017-10-12T05:55:17+00:00\",\"mainEntityOfPage\":{\"@id\":\"https:\/\/hudo.com\/si\/vip\/papez-ima-na-twitterju-neverjetno-stevilo-sledilcev-a-katy-perry-in-obami-ne-seze-niti-do-kolena\/\"},\"wordCount\":236,\"publisher\":{\"@id\":\"https:\/\/hudo.com\/si\/#organization\"},\"keywords\":[\"Barack Obama\",\"dru\u017ebena omre\u017eja\",\"katy perry\",\"pape\u017e\",\"twitter\"],\"articleSection\":[\"VIP\"],\"inLanguage\":\"sl-SI\"},{\"@type\":\"WebPage\",\"@id\":\"https:\/\/hudo.com\/si\/vip\/papez-ima-na-twitterju-neverjetno-stevilo-sledilcev-a-katy-perry-in-obami-ne-seze-niti-do-kolena\/\",\"url\":\"https:\/\/hudo.com\/si\/vip\/papez-ima-na-twitterju-neverjetno-stevilo-sledilcev-a-katy-perry-in-obami-ne-seze-niti-do-kolena\/\",\"name\":\"Pape\u017e ima na Twitterju neverjetno \u0161tevilo sledilcev, a Katy Perry in Obami ne se\u017ee niti do kolena - Hudo Slovenija\",\"isPartOf\":{\"@id\":\"https:\/\/hudo.com\/si\/#website\"},\"datePublished\":\"2017-10-12T05:55:17+00:00\",\"dateModified\":\"2017-10-12T05:55:17+00:00\",\"breadcrumb\":{\"@id\":\"https:\/\/hudo.com\/si\/vip\/papez-ima-na-twitterju-neverjetno-stevilo-sledilcev-a-katy-perry-in-obami-ne-seze-niti-do-kolena\/#breadcrumb\"},\"inLanguage\":\"sl-SI\",\"potentialAction\":[{\"@type\":\"ReadAction\",\"target\":[\"https:\/\/hudo.com\/si\/vip\/papez-ima-na-twitterju-neverjetno-stevilo-sledilcev-a-katy-perry-in-obami-ne-seze-niti-do-kolena\/\"]}]},{\"@type\":\"BreadcrumbList\",\"@id\":\"https:\/\/hudo.com\/si\/vip\/papez-ima-na-twitterju-neverjetno-stevilo-sledilcev-a-katy-perry-in-obami-ne-seze-niti-do-kolena\/#breadcrumb\",\"itemListElement\":[{\"@type\":\"ListItem\",\"position\":1,\"name\":\"Home\",\"item\":\"https:\/\/hudo.com\/si\/\"},{\"@type\":\"ListItem\",\"position\":2,\"name\":\"Pape\u017e ima na Twitterju neverjetno \u0161tevilo sledilcev, a Katy Perry in Obami ne se\u017ee niti do kolena\"}]},{\"@type\":\"WebSite\",\"@id\":\"https:\/\/hudo.com\/si\/#website\",\"url\":\"https:\/\/hudo.com\/si\/\",\"name\":\"Hudo Slovenija\",\"description\":\"Vse novice iz Slovenije in sveta\",\"publisher\":{\"@id\":\"https:\/\/hudo.com\/si\/#organization\"},\"potentialAction\":[{\"@type\":\"SearchAction\",\"target\":{\"@type\":\"EntryPoint\",\"urlTemplate\":\"https:\/\/hudo.com\/si\/?s={search_term_string}\"},\"query-input\":\"required name=search_term_string\"}],\"inLanguage\":\"sl-SI\"},{\"@type\":\"Organization\",\"@id\":\"https:\/\/hudo.com\/si\/#organization\",\"name\":\"VSN Media\",\"url\":\"https:\/\/hudo.com\/si\/\",\"logo\":{\"@type\":\"ImageObject\",\"inLanguage\":\"sl-SI\",\"@id\":\"https:\/\/hudo.com\/si\/#\/schema\/logo\/image\/\",\"url\":\"https:\/\/hudo.com\/si\/wp-content\/uploads\/sites\/2\/2021\/03\/hudo-app-2.png\",\"contentUrl\":\"https:\/\/hudo.com\/si\/wp-content\/uploads\/sites\/2\/2021\/03\/hudo-app-2.png\",\"width\":2185,\"height\":2167,\"caption\":\"VSN Media\"},\"image\":{\"@id\":\"https:\/\/hudo.com\/si\/#\/schema\/logo\/image\/\"},\"sameAs\":[\"https:\/\/www.facebook.com\/hudo.si\",\"https:\/\/twitter.com\/hudo_si\"]},{\"@type\":\"Person\",\"@id\":\"https:\/\/hudo.com\/si\/#\/schema\/person\/601cf3379633985b20f7e50f2bb47707\",\"name\":\"hudo\",\"image\":{\"@type\":\"ImageObject\",\"inLanguage\":\"sl-SI\",\"@id\":\"https:\/\/hudo.com\/si\/#\/schema\/person\/image\/\",\"url\":\"https:\/\/secure.gravatar.com\/avatar\/c4ca25fa72cace7a696b52ff5db9e095?s=96&d=mm&r=g\",\"contentUrl\":\"https:\/\/secure.gravatar.com\/avatar\/c4ca25fa72cace7a696b52ff5db9e095?s=96&d=mm&r=g\",\"caption\":\"hudo\"},\"url\":\"https:\/\/hudo.com\/si\/author\/hudo\/\"}]}<\/script>\n<!-- \/ Yoast SEO plugin. -->","yoast_head_json":{"title":"Pape\u017e ima na Twitterju neverjetno \u0161tevilo sledilcev, a Katy Perry in Obami ne se\u017ee niti do kolena - Hudo Slovenija","robots":{"index":"index","follow":"follow","max-snippet":"max-snippet:-1","max-image-preview":"max-image-preview:large","max-video-preview":"max-video-preview:-1"},"canonical":"https:\/\/hudo.com\/si\/vip\/papez-ima-na-twitterju-neverjetno-stevilo-sledilcev-a-katy-perry-in-obami-ne-seze-niti-do-kolena\/","og_locale":"sl_SI","og_type":"article","og_title":"Pape\u017e ima na Twitterju neverjetno \u0161tevilo sledilcev, a Katy Perry in Obami ne se\u017ee niti do kolena - Hudo Slovenija","og_description":"\u0160tevilo sledilcev Twitter ra\u010dunu pape\u017ea Fran\u010di\u0161ka se je povzpelo \u017ee na 40 milijonov. To svetega o\u010deta uvr\u0161\u010da med vodilne na socialnih omre\u017ejih. Po \u0161tevilu sledilcev je ob boku ameri\u0161kemu predsedniku Donaldu Trumpu, a \u0161e precej za njegovim predhodnikom Barackom Obamo s 95 milijoni in pop ikono Katy Perry s 104 milijoni sledilcev.","og_url":"https:\/\/hudo.com\/si\/vip\/papez-ima-na-twitterju-neverjetno-stevilo-sledilcev-a-katy-perry-in-obami-ne-seze-niti-do-kolena\/","og_site_name":"Hudo Slovenija","article_publisher":"https:\/\/www.facebook.com\/hudo.si","article_published_time":"2017-10-12T05:55:17+00:00","og_image":[{"width":2560,"height":1604,"url":"https:\/\/hudo.com\/si\/wp-content\/uploads\/sites\/2\/2017\/10\/pontifex-twitter-scaled.jpg","type":"image\/jpeg"}],"author":"hudo","twitter_card":"summary_large_image","twitter_creator":"@hudo_si","twitter_site":"@hudo_si","twitter_misc":{"Written by":"hudo","Est. reading time":"1 minuta"},"schema":{"@context":"https:\/\/schema.org","@graph":[{"@type":"Article","@id":"https:\/\/hudo.com\/si\/vip\/papez-ima-na-twitterju-neverjetno-stevilo-sledilcev-a-katy-perry-in-obami-ne-seze-niti-do-kolena\/#article","isPartOf":{"@id":"https:\/\/hudo.com\/si\/vip\/papez-ima-na-twitterju-neverjetno-stevilo-sledilcev-a-katy-perry-in-obami-ne-seze-niti-do-kolena\/"},"author":{"name":"hudo","@id":"https:\/\/hudo.com\/si\/#\/schema\/person\/601cf3379633985b20f7e50f2bb47707"},"headline":"Pape\u017e ima na Twitterju neverjetno \u0161tevilo sledilcev, a Katy Perry in Obami ne se\u017ee niti do kolena","datePublished":"2017-10-12T05:55:17+00:00","dateModified":"2017-10-12T05:55:17+00:00","mainEntityOfPage":{"@id":"https:\/\/hudo.com\/si\/vip\/papez-ima-na-twitterju-neverjetno-stevilo-sledilcev-a-katy-perry-in-obami-ne-seze-niti-do-kolena\/"},"wordCount":236,"publisher":{"@id":"https:\/\/hudo.com\/si\/#organization"},"keywords":["Barack Obama","dru\u017ebena omre\u017eja","katy perry","pape\u017e","twitter"],"articleSection":["VIP"],"inLanguage":"sl-SI"},{"@type":"WebPage","@id":"https:\/\/hudo.com\/si\/vip\/papez-ima-na-twitterju-neverjetno-stevilo-sledilcev-a-katy-perry-in-obami-ne-seze-niti-do-kolena\/","url":"https:\/\/hudo.com\/si\/vip\/papez-ima-na-twitterju-neverjetno-stevilo-sledilcev-a-katy-perry-in-obami-ne-seze-niti-do-kolena\/","name":"Pape\u017e ima na Twitterju neverjetno \u0161tevilo sledilcev, a Katy Perry in Obami ne se\u017ee niti do kolena - Hudo Slovenija","isPartOf":{"@id":"https:\/\/hudo.com\/si\/#website"},"datePublished":"2017-10-12T05:55:17+00:00","dateModified":"2017-10-12T05:55:17+00:00","breadcrumb":{"@id":"https:\/\/hudo.com\/si\/vip\/papez-ima-na-twitterju-neverjetno-stevilo-sledilcev-a-katy-perry-in-obami-ne-seze-niti-do-kolena\/#breadcrumb"},"inLanguage":"sl-SI","potentialAction":[{"@type":"ReadAction","target":["https:\/\/hudo.com\/si\/vip\/papez-ima-na-twitterju-neverjetno-stevilo-sledilcev-a-katy-perry-in-obami-ne-seze-niti-do-kolena\/"]}]},{"@type":"BreadcrumbList","@id":"https:\/\/hudo.com\/si\/vip\/papez-ima-na-twitterju-neverjetno-stevilo-sledilcev-a-katy-perry-in-obami-ne-seze-niti-do-kolena\/#breadcrumb","itemListElement":[{"@type":"ListItem","position":1,"name":"Home","item":"https:\/\/hudo.com\/si\/"},{"@type":"ListItem","position":2,"name":"Pape\u017e ima na Twitterju neverjetno \u0161tevilo sledilcev, a Katy Perry in Obami ne se\u017ee niti do kolena"}]},{"@type":"WebSite","@id":"https:\/\/hudo.com\/si\/#website","url":"https:\/\/hudo.com\/si\/","name":"Hudo Slovenija","description":"Vse novice iz Slovenije in sveta","publisher":{"@id":"https:\/\/hudo.com\/si\/#organization"},"potentialAction":[{"@type":"SearchAction","target":{"@type":"EntryPoint","urlTemplate":"https:\/\/hudo.com\/si\/?s={search_term_string}"},"query-input":"required name=search_term_string"}],"inLanguage":"sl-SI"},{"@type":"Organization","@id":"https:\/\/hudo.com\/si\/#organization","name":"VSN Media","url":"https:\/\/hudo.com\/si\/","logo":{"@type":"ImageObject","inLanguage":"sl-SI","@id":"https:\/\/hudo.com\/si\/#\/schema\/logo\/image\/","url":"https:\/\/hudo.com\/si\/wp-content\/uploads\/sites\/2\/2021\/03\/hudo-app-2.png","contentUrl":"https:\/\/hudo.com\/si\/wp-content\/uploads\/sites\/2\/2021\/03\/hudo-app-2.png","width":2185,"height":2167,"caption":"VSN Media"},"image":{"@id":"https:\/\/hudo.com\/si\/#\/schema\/logo\/image\/"},"sameAs":["https:\/\/www.facebook.com\/hudo.si","https:\/\/twitter.com\/hudo_si"]},{"@type":"Person","@id":"https:\/\/hudo.com\/si\/#\/schema\/person\/601cf3379633985b20f7e50f2bb47707","name":"hudo","image":{"@type":"ImageObject","inLanguage":"sl-SI","@id":"https:\/\/hudo.com\/si\/#\/schema\/person\/image\/","url":"https:\/\/secure.gravatar.com\/avatar\/c4ca25fa72cace7a696b52ff5db9e095?s=96&d=mm&r=g","contentUrl":"https:\/\/secure.gravatar.com\/avatar\/c4ca25fa72cace7a696b52ff5db9e095?s=96&d=mm&r=g","caption":"hudo"},"url":"https:\/\/hudo.com\/si\/author\/hudo\/"}]}},"amp_enabled":true,"_links":{"self":[{"href":"https:\/\/hudo.com\/si\/wp-json\/wp\/v2\/posts\/309137"}],"collection":[{"href":"https:\/\/hudo.com\/si\/wp-json\/wp\/v2\/posts"}],"about":[{"href":"https:\/\/hudo.com\/si\/wp-json\/wp\/v2\/types\/post"}],"author":[{"embeddable":true,"href":"https:\/\/hudo.com\/si\/wp-json\/wp\/v2\/users\/1"}],"replies":[{"embeddable":true,"href":"https:\/\/hudo.com\/si\/wp-json\/wp\/v2\/comments?post=309137"}],"version-history":[{"count":0,"href":"https:\/\/hudo.com\/si\/wp-json\/wp\/v2\/posts\/309137\/revisions"}],"wp:attachment":[{"href":"https:\/\/hudo.com\/si\/wp-json\/wp\/v2\/media?parent=309137"}],"wp:term":[{"taxonomy":"category","embeddable":true,"href":"https:\/\/hudo.com\/si\/wp-json\/wp\/v2\/categories?post=309137"},{"taxonomy":"post_tag","embeddable":true,"href":"https:\/\/hudo.com\/si\/wp-json\/wp\/v2\/tags?post=309137"},{"taxonomy":"source","embeddable":true,"href":"https:\/\/hudo.com\/si\/wp-json\/wp\/v2\/source?post=309137"},{"taxonomy":"supertag","embeddable":true,"href":"https:\/\/hudo.com\/si\/wp-json\/wp\/v2\/supertag?post=309137"}],"curies":[{"name":"wp","href":"https:\/\/api.w.org\/{rel}","templated":true}]}}