{"id":310048,"date":"2017-10-14T07:56:00","date_gmt":"2017-10-14T05:56:00","guid":{"rendered":"http:\/\/hudo.com\/si\/2017\/10\/14\/khelaifi-in-valcke-pod-plazom-obtozb\/"},"modified":"2017-10-14T07:56:00","modified_gmt":"2017-10-14T05:56:00","slug":"khelaifi-in-valcke-pod-plazom-obtozb","status":"publish","type":"post","link":"https:\/\/hudo.com\/si\/aktualno\/khelaifi-in-valcke-pod-plazom-obtozb\/","title":{"rendered":"Khelaifi in Valcke pod plazom obto\u017eb"},"content":{"rendered":"<p>Kategorija: Nogomet Sat, 14 Oct 2017 09:56:00 +0200  Pariz &#8211; Predsednik pari\u0161kega nogometnega velikana PSG Nasser al-Khelaifi je obto\u017een podkupovanja osramo\u010denega nekdanjega generalnega sekretarja Mednarodne nogometne zveze (FIFA) Jeroma Valckeja v zameno za pomo\u010d pri odkupu televizijskih pravic za svetovni prvenstvi v letih 2026 in 2030 podjetju, ki ga vodi ravno Khelaifi, poro\u010da STA. Khelaifi, ki vodi katarsko dru\u017ebo BeIN, naj bi Valckeju ponudil vilo na Sardiniji, ki naj bi jo uporabljali v povezavi s prodajo TV-pravic za mondiale med letoma 2018 in 2030. Italijanska policija je preiskala in zasegla \u0161tevilne predmete v vili Bianca ter zasli\u0161ala \u0161tevilne z njo povezane ljudi, v preiskavi so sodelovali tudi predstavniki \u0161vicarske vlade. Iz \u0161vicarskega vrhovnega to\u017eilstva so sporo\u010dili, da so preiskavo Khelaifija in Valckeja, ki ju sumijo podkupovanja, goljufij, kriminalnih dejanj in ponarejanja dokumentov, odprli \u017ee marca. Katarski BeIN je v odzivu\u00a0&#8230;<\/p>\n","protected":false},"excerpt":{"rendered":"<p>Kategorija: Nogomet Sat, 14 Oct 2017 09:56:00 +0200  Pariz &#8211; Predsednik pari\u0161kega nogometnega velikana PSG Nasser al-Khelaifi je obto\u017een podkupovanja osramo\u010denega nekdanjega generalnega sekretarja Mednarodne nogometne zveze (FIFA) Jeroma Valckeja v zameno za pomo\u010d pri odkupu televizijskih pravic za svetovni prvenstvi v letih 2026 in 2030 podjetju, ki ga vodi ravno Khelaifi, poro\u010da STA. Khelaifi, ki vodi katarsko dru\u017ebo BeIN, naj bi Valckeju ponudil vilo na Sardiniji, ki naj bi jo uporabljali v povezavi s prodajo TV-pravic za mondiale med letoma 2018 in 2030. Italijanska policija je preiskala in zasegla \u0161tevilne predmete v vili Bianca ter zasli\u0161ala \u0161tevilne z njo povezane ljudi, v preiskavi so sodelovali tudi predstavniki \u0161vicarske vlade. Iz \u0161vicarskega vrhovnega to\u017eilstva so sporo\u010dili, da so preiskavo Khelaifija in Valckeja, ki ju sumijo podkupovanja, goljufij, kriminalnih dejanj in ponarejanja dokumentov, odprli \u017ee marca. Katarski BeIN je v odzivu\u00a0&#8230;<\/p>\n","protected":false},"author":1,"featured_media":0,"comment_status":"closed","ping_status":"closed","sticky":false,"template":"","format":"standard","meta":{"footnotes":""},"categories":[1179],"tags":[],"source":[1703],"supertag":[],"acf":[],"yoast_head":"<!-- This site is optimized with the Yoast SEO plugin v21.3 - https:\/\/yoast.com\/wordpress\/plugins\/seo\/ -->\n<title>Khelaifi in Valcke pod plazom obto\u017eb - Hudo Slovenija<\/title>\n<meta name=\"robots\" content=\"index, follow, max-snippet:-1, max-image-preview:large, max-video-preview:-1\" \/>\n<link rel=\"canonical\" href=\"https:\/\/hudo.com\/si\/aktualno\/khelaifi-in-valcke-pod-plazom-obtozb\/\" \/>\n<meta property=\"og:locale\" content=\"sl_SI\" \/>\n<meta property=\"og:type\" content=\"article\" \/>\n<meta property=\"og:title\" content=\"Khelaifi in Valcke pod plazom obto\u017eb - Hudo Slovenija\" \/>\n<meta property=\"og:description\" content=\"Kategorija: Nogomet Sat, 14 Oct 2017 09:56:00 +0200 Pariz - Predsednik pari\u0161kega nogometnega velikana PSG Nasser al-Khelaifi je obto\u017een podkupovanja osramo\u010denega nekdanjega generalnega sekretarja Mednarodne nogometne zveze (FIFA) Jeroma Valckeja v zameno za pomo\u010d pri odkupu televizijskih pravic za svetovni prvenstvi v letih 2026 in 2030 podjetju, ki ga vodi ravno Khelaifi, poro\u010da STA. Khelaifi, ki vodi katarsko dru\u017ebo BeIN, naj bi Valckeju ponudil vilo na Sardiniji, ki naj bi jo uporabljali v povezavi s prodajo TV-pravic za mondiale med letoma 2018 in 2030. Italijanska policija je preiskala in zasegla \u0161tevilne predmete v vili Bianca ter zasli\u0161ala \u0161tevilne z njo povezane ljudi, v preiskavi so sodelovali tudi predstavniki \u0161vicarske vlade. Iz \u0161vicarskega vrhovnega to\u017eilstva so sporo\u010dili, da so preiskavo Khelaifija in Valckeja, ki ju sumijo podkupovanja, goljufij, kriminalnih dejanj in ponarejanja dokumentov, odprli \u017ee marca. Katarski BeIN je v odzivu\u00a0...\" \/>\n<meta property=\"og:url\" content=\"https:\/\/hudo.com\/si\/aktualno\/khelaifi-in-valcke-pod-plazom-obtozb\/\" \/>\n<meta property=\"og:site_name\" content=\"Hudo Slovenija\" \/>\n<meta property=\"article:publisher\" content=\"https:\/\/www.facebook.com\/hudo.si\" \/>\n<meta property=\"article:published_time\" content=\"2017-10-14T05:56:00+00:00\" \/>\n<meta property=\"og:image\" content=\"https:\/\/hudo.com\/si\/wp-content\/uploads\/sites\/2\/2017\/10\/480x290_AFP_Photo-20171013120708-94564100.jpeg\" \/>\n\t<meta property=\"og:image:width\" content=\"480\" \/>\n\t<meta property=\"og:image:height\" content=\"290\" \/>\n\t<meta property=\"og:image:type\" content=\"image\/jpeg\" \/>\n<meta name=\"author\" content=\"hudo\" \/>\n<meta name=\"twitter:card\" content=\"summary_large_image\" \/>\n<meta name=\"twitter:creator\" content=\"@hudo_si\" \/>\n<meta name=\"twitter:site\" content=\"@hudo_si\" \/>\n<meta name=\"twitter:label1\" content=\"Written by\" \/>\n\t<meta name=\"twitter:data1\" content=\"hudo\" \/>\n\t<meta name=\"twitter:label2\" content=\"Est. reading time\" \/>\n\t<meta name=\"twitter:data2\" content=\"1 minuta\" \/>\n<script type=\"application\/ld+json\" class=\"yoast-schema-graph\">{\"@context\":\"https:\/\/schema.org\",\"@graph\":[{\"@type\":\"Article\",\"@id\":\"https:\/\/hudo.com\/si\/aktualno\/khelaifi-in-valcke-pod-plazom-obtozb\/#article\",\"isPartOf\":{\"@id\":\"https:\/\/hudo.com\/si\/aktualno\/khelaifi-in-valcke-pod-plazom-obtozb\/\"},\"author\":{\"name\":\"hudo\",\"@id\":\"https:\/\/hudo.com\/si\/#\/schema\/person\/601cf3379633985b20f7e50f2bb47707\"},\"headline\":\"Khelaifi in Valcke pod plazom obto\u017eb\",\"datePublished\":\"2017-10-14T05:56:00+00:00\",\"dateModified\":\"2017-10-14T05:56:00+00:00\",\"mainEntityOfPage\":{\"@id\":\"https:\/\/hudo.com\/si\/aktualno\/khelaifi-in-valcke-pod-plazom-obtozb\/\"},\"wordCount\":147,\"publisher\":{\"@id\":\"https:\/\/hudo.com\/si\/#organization\"},\"articleSection\":[\"Aktualno\"],\"inLanguage\":\"sl-SI\"},{\"@type\":\"WebPage\",\"@id\":\"https:\/\/hudo.com\/si\/aktualno\/khelaifi-in-valcke-pod-plazom-obtozb\/\",\"url\":\"https:\/\/hudo.com\/si\/aktualno\/khelaifi-in-valcke-pod-plazom-obtozb\/\",\"name\":\"Khelaifi in Valcke pod plazom obto\u017eb - Hudo Slovenija\",\"isPartOf\":{\"@id\":\"https:\/\/hudo.com\/si\/#website\"},\"datePublished\":\"2017-10-14T05:56:00+00:00\",\"dateModified\":\"2017-10-14T05:56:00+00:00\",\"breadcrumb\":{\"@id\":\"https:\/\/hudo.com\/si\/aktualno\/khelaifi-in-valcke-pod-plazom-obtozb\/#breadcrumb\"},\"inLanguage\":\"sl-SI\",\"potentialAction\":[{\"@type\":\"ReadAction\",\"target\":[\"https:\/\/hudo.com\/si\/aktualno\/khelaifi-in-valcke-pod-plazom-obtozb\/\"]}]},{\"@type\":\"BreadcrumbList\",\"@id\":\"https:\/\/hudo.com\/si\/aktualno\/khelaifi-in-valcke-pod-plazom-obtozb\/#breadcrumb\",\"itemListElement\":[{\"@type\":\"ListItem\",\"position\":1,\"name\":\"Home\",\"item\":\"https:\/\/hudo.com\/si\/\"},{\"@type\":\"ListItem\",\"position\":2,\"name\":\"Khelaifi in Valcke pod plazom obto\u017eb\"}]},{\"@type\":\"WebSite\",\"@id\":\"https:\/\/hudo.com\/si\/#website\",\"url\":\"https:\/\/hudo.com\/si\/\",\"name\":\"Hudo Slovenija\",\"description\":\"Vse novice iz Slovenije in sveta\",\"publisher\":{\"@id\":\"https:\/\/hudo.com\/si\/#organization\"},\"potentialAction\":[{\"@type\":\"SearchAction\",\"target\":{\"@type\":\"EntryPoint\",\"urlTemplate\":\"https:\/\/hudo.com\/si\/?s={search_term_string}\"},\"query-input\":\"required name=search_term_string\"}],\"inLanguage\":\"sl-SI\"},{\"@type\":\"Organization\",\"@id\":\"https:\/\/hudo.com\/si\/#organization\",\"name\":\"VSN Media\",\"url\":\"https:\/\/hudo.com\/si\/\",\"logo\":{\"@type\":\"ImageObject\",\"inLanguage\":\"sl-SI\",\"@id\":\"https:\/\/hudo.com\/si\/#\/schema\/logo\/image\/\",\"url\":\"https:\/\/hudo.com\/si\/wp-content\/uploads\/sites\/2\/2021\/03\/hudo-app-2.png\",\"contentUrl\":\"https:\/\/hudo.com\/si\/wp-content\/uploads\/sites\/2\/2021\/03\/hudo-app-2.png\",\"width\":2185,\"height\":2167,\"caption\":\"VSN Media\"},\"image\":{\"@id\":\"https:\/\/hudo.com\/si\/#\/schema\/logo\/image\/\"},\"sameAs\":[\"https:\/\/www.facebook.com\/hudo.si\",\"https:\/\/twitter.com\/hudo_si\"]},{\"@type\":\"Person\",\"@id\":\"https:\/\/hudo.com\/si\/#\/schema\/person\/601cf3379633985b20f7e50f2bb47707\",\"name\":\"hudo\",\"image\":{\"@type\":\"ImageObject\",\"inLanguage\":\"sl-SI\",\"@id\":\"https:\/\/hudo.com\/si\/#\/schema\/person\/image\/\",\"url\":\"https:\/\/secure.gravatar.com\/avatar\/c4ca25fa72cace7a696b52ff5db9e095?s=96&d=mm&r=g\",\"contentUrl\":\"https:\/\/secure.gravatar.com\/avatar\/c4ca25fa72cace7a696b52ff5db9e095?s=96&d=mm&r=g\",\"caption\":\"hudo\"},\"url\":\"https:\/\/hudo.com\/si\/author\/hudo\/\"}]}<\/script>\n<!-- \/ Yoast SEO plugin. -->","yoast_head_json":{"title":"Khelaifi in Valcke pod plazom obto\u017eb - Hudo Slovenija","robots":{"index":"index","follow":"follow","max-snippet":"max-snippet:-1","max-image-preview":"max-image-preview:large","max-video-preview":"max-video-preview:-1"},"canonical":"https:\/\/hudo.com\/si\/aktualno\/khelaifi-in-valcke-pod-plazom-obtozb\/","og_locale":"sl_SI","og_type":"article","og_title":"Khelaifi in Valcke pod plazom obto\u017eb - Hudo Slovenija","og_description":"Kategorija: Nogomet Sat, 14 Oct 2017 09:56:00 +0200 Pariz - Predsednik pari\u0161kega nogometnega velikana PSG Nasser al-Khelaifi je obto\u017een podkupovanja osramo\u010denega nekdanjega generalnega sekretarja Mednarodne nogometne zveze (FIFA) Jeroma Valckeja v zameno za pomo\u010d pri odkupu televizijskih pravic za svetovni prvenstvi v letih 2026 in 2030 podjetju, ki ga vodi ravno Khelaifi, poro\u010da STA. Khelaifi, ki vodi katarsko dru\u017ebo BeIN, naj bi Valckeju ponudil vilo na Sardiniji, ki naj bi jo uporabljali v povezavi s prodajo TV-pravic za mondiale med letoma 2018 in 2030. Italijanska policija je preiskala in zasegla \u0161tevilne predmete v vili Bianca ter zasli\u0161ala \u0161tevilne z njo povezane ljudi, v preiskavi so sodelovali tudi predstavniki \u0161vicarske vlade. Iz \u0161vicarskega vrhovnega to\u017eilstva so sporo\u010dili, da so preiskavo Khelaifija in Valckeja, ki ju sumijo podkupovanja, goljufij, kriminalnih dejanj in ponarejanja dokumentov, odprli \u017ee marca. Katarski BeIN je v odzivu\u00a0...","og_url":"https:\/\/hudo.com\/si\/aktualno\/khelaifi-in-valcke-pod-plazom-obtozb\/","og_site_name":"Hudo Slovenija","article_publisher":"https:\/\/www.facebook.com\/hudo.si","article_published_time":"2017-10-14T05:56:00+00:00","og_image":[{"width":480,"height":290,"url":"https:\/\/hudo.com\/si\/wp-content\/uploads\/sites\/2\/2017\/10\/480x290_AFP_Photo-20171013120708-94564100.jpeg","type":"image\/jpeg"}],"author":"hudo","twitter_card":"summary_large_image","twitter_creator":"@hudo_si","twitter_site":"@hudo_si","twitter_misc":{"Written by":"hudo","Est. reading time":"1 minuta"},"schema":{"@context":"https:\/\/schema.org","@graph":[{"@type":"Article","@id":"https:\/\/hudo.com\/si\/aktualno\/khelaifi-in-valcke-pod-plazom-obtozb\/#article","isPartOf":{"@id":"https:\/\/hudo.com\/si\/aktualno\/khelaifi-in-valcke-pod-plazom-obtozb\/"},"author":{"name":"hudo","@id":"https:\/\/hudo.com\/si\/#\/schema\/person\/601cf3379633985b20f7e50f2bb47707"},"headline":"Khelaifi in Valcke pod plazom obto\u017eb","datePublished":"2017-10-14T05:56:00+00:00","dateModified":"2017-10-14T05:56:00+00:00","mainEntityOfPage":{"@id":"https:\/\/hudo.com\/si\/aktualno\/khelaifi-in-valcke-pod-plazom-obtozb\/"},"wordCount":147,"publisher":{"@id":"https:\/\/hudo.com\/si\/#organization"},"articleSection":["Aktualno"],"inLanguage":"sl-SI"},{"@type":"WebPage","@id":"https:\/\/hudo.com\/si\/aktualno\/khelaifi-in-valcke-pod-plazom-obtozb\/","url":"https:\/\/hudo.com\/si\/aktualno\/khelaifi-in-valcke-pod-plazom-obtozb\/","name":"Khelaifi in Valcke pod plazom obto\u017eb - Hudo Slovenija","isPartOf":{"@id":"https:\/\/hudo.com\/si\/#website"},"datePublished":"2017-10-14T05:56:00+00:00","dateModified":"2017-10-14T05:56:00+00:00","breadcrumb":{"@id":"https:\/\/hudo.com\/si\/aktualno\/khelaifi-in-valcke-pod-plazom-obtozb\/#breadcrumb"},"inLanguage":"sl-SI","potentialAction":[{"@type":"ReadAction","target":["https:\/\/hudo.com\/si\/aktualno\/khelaifi-in-valcke-pod-plazom-obtozb\/"]}]},{"@type":"BreadcrumbList","@id":"https:\/\/hudo.com\/si\/aktualno\/khelaifi-in-valcke-pod-plazom-obtozb\/#breadcrumb","itemListElement":[{"@type":"ListItem","position":1,"name":"Home","item":"https:\/\/hudo.com\/si\/"},{"@type":"ListItem","position":2,"name":"Khelaifi in Valcke pod plazom obto\u017eb"}]},{"@type":"WebSite","@id":"https:\/\/hudo.com\/si\/#website","url":"https:\/\/hudo.com\/si\/","name":"Hudo Slovenija","description":"Vse novice iz Slovenije in sveta","publisher":{"@id":"https:\/\/hudo.com\/si\/#organization"},"potentialAction":[{"@type":"SearchAction","target":{"@type":"EntryPoint","urlTemplate":"https:\/\/hudo.com\/si\/?s={search_term_string}"},"query-input":"required name=search_term_string"}],"inLanguage":"sl-SI"},{"@type":"Organization","@id":"https:\/\/hudo.com\/si\/#organization","name":"VSN Media","url":"https:\/\/hudo.com\/si\/","logo":{"@type":"ImageObject","inLanguage":"sl-SI","@id":"https:\/\/hudo.com\/si\/#\/schema\/logo\/image\/","url":"https:\/\/hudo.com\/si\/wp-content\/uploads\/sites\/2\/2021\/03\/hudo-app-2.png","contentUrl":"https:\/\/hudo.com\/si\/wp-content\/uploads\/sites\/2\/2021\/03\/hudo-app-2.png","width":2185,"height":2167,"caption":"VSN Media"},"image":{"@id":"https:\/\/hudo.com\/si\/#\/schema\/logo\/image\/"},"sameAs":["https:\/\/www.facebook.com\/hudo.si","https:\/\/twitter.com\/hudo_si"]},{"@type":"Person","@id":"https:\/\/hudo.com\/si\/#\/schema\/person\/601cf3379633985b20f7e50f2bb47707","name":"hudo","image":{"@type":"ImageObject","inLanguage":"sl-SI","@id":"https:\/\/hudo.com\/si\/#\/schema\/person\/image\/","url":"https:\/\/secure.gravatar.com\/avatar\/c4ca25fa72cace7a696b52ff5db9e095?s=96&d=mm&r=g","contentUrl":"https:\/\/secure.gravatar.com\/avatar\/c4ca25fa72cace7a696b52ff5db9e095?s=96&d=mm&r=g","caption":"hudo"},"url":"https:\/\/hudo.com\/si\/author\/hudo\/"}]}},"amp_enabled":true,"_links":{"self":[{"href":"https:\/\/hudo.com\/si\/wp-json\/wp\/v2\/posts\/310048"}],"collection":[{"href":"https:\/\/hudo.com\/si\/wp-json\/wp\/v2\/posts"}],"about":[{"href":"https:\/\/hudo.com\/si\/wp-json\/wp\/v2\/types\/post"}],"author":[{"embeddable":true,"href":"https:\/\/hudo.com\/si\/wp-json\/wp\/v2\/users\/1"}],"replies":[{"embeddable":true,"href":"https:\/\/hudo.com\/si\/wp-json\/wp\/v2\/comments?post=310048"}],"version-history":[{"count":0,"href":"https:\/\/hudo.com\/si\/wp-json\/wp\/v2\/posts\/310048\/revisions"}],"wp:attachment":[{"href":"https:\/\/hudo.com\/si\/wp-json\/wp\/v2\/media?parent=310048"}],"wp:term":[{"taxonomy":"category","embeddable":true,"href":"https:\/\/hudo.com\/si\/wp-json\/wp\/v2\/categories?post=310048"},{"taxonomy":"post_tag","embeddable":true,"href":"https:\/\/hudo.com\/si\/wp-json\/wp\/v2\/tags?post=310048"},{"taxonomy":"source","embeddable":true,"href":"https:\/\/hudo.com\/si\/wp-json\/wp\/v2\/source?post=310048"},{"taxonomy":"supertag","embeddable":true,"href":"https:\/\/hudo.com\/si\/wp-json\/wp\/v2\/supertag?post=310048"}],"curies":[{"name":"wp","href":"https:\/\/api.w.org\/{rel}","templated":true}]}}