{"id":310200,"date":"2017-10-15T06:00:00","date_gmt":"2017-10-15T04:00:00","guid":{"rendered":"http:\/\/hudo.com\/si\/2017\/10\/15\/danes-volitve-v-nemski-dezeli-spodnja-saska\/"},"modified":"2017-10-15T06:00:00","modified_gmt":"2017-10-15T04:00:00","slug":"danes-volitve-v-nemski-dezeli-spodnja-saska","status":"publish","type":"post","link":"https:\/\/hudo.com\/si\/aktualno\/danes-volitve-v-nemski-dezeli-spodnja-saska\/","title":{"rendered":"Danes volitve v nem\u0161ki de\u017eeli Spodnja Sa\u0161ka"},"content":{"rendered":"<p>Kategorija: Evropa Sun, 15 Oct 2017 08:00:00 +0200  Berlin \u2013 V de\u017eeli Spodnja Sa\u0161ka danes poteka prvo ve\u010dje nem\u0161ko merjenje politi\u010dnih mo\u010di po septembrskih zveznih parlamentarnih volitvah. Osem milijonsko de\u017eelo na severozahodu dr\u017eave zaznamujejo tudi \u0161tevilne posebnosti, saj so poleg migrantskih, varnostnih in protiteroristi\u010dnih vpra\u0161anj, ki so v ospredju v vsej dr\u017eavi, med pomembnimi temami \u0161olska, kmetijska in prometna vpra\u0161anja, merjenje mo\u010di med socialdemokrati ministrskega predsednika Stephana Weila in kr\u0161\u010danskimi demokrati Bernda Althusmanna pa bo vendarle odmevalo tudi v Berlinu. Tam se konservativna unija CDU\/CSU kanclerke Angele Merkel pripravlja na prve pogovore z liberalci in zelenimi o oblikovanju tako imenovane jamaj\u0161ke koalicije, vse sredinske stranke pa so \u0161e vedno prizadete zaradi vzpona nacionalisti\u010dne Alternative za Nem\u010dijo v bundestag. Morebitna zmaga hannovrskih socialdemokratov bi bila klofuta tudi za zvezno kr\u0161\u010danskodemokratsko kanclerko, \u0161e posebej, ker je spodnjesa\u0161ka CDU \u0161e poleti vodila na\u00a0&#8230;<\/p>\n","protected":false},"excerpt":{"rendered":"<p>Kategorija: Evropa Sun, 15 Oct 2017 08:00:00 +0200  Berlin \u2013 V de\u017eeli Spodnja Sa\u0161ka danes poteka prvo ve\u010dje nem\u0161ko merjenje politi\u010dnih mo\u010di po septembrskih zveznih parlamentarnih volitvah. Osem milijonsko de\u017eelo na severozahodu dr\u017eave zaznamujejo tudi \u0161tevilne posebnosti, saj so poleg migrantskih, varnostnih in protiteroristi\u010dnih vpra\u0161anj, ki so v ospredju v vsej dr\u017eavi, med pomembnimi temami \u0161olska, kmetijska in prometna vpra\u0161anja, merjenje mo\u010di med socialdemokrati ministrskega predsednika Stephana Weila in kr\u0161\u010danskimi demokrati Bernda Althusmanna pa bo vendarle odmevalo tudi v Berlinu. Tam se konservativna unija CDU\/CSU kanclerke Angele Merkel pripravlja na prve pogovore z liberalci in zelenimi o oblikovanju tako imenovane jamaj\u0161ke koalicije, vse sredinske stranke pa so \u0161e vedno prizadete zaradi vzpona nacionalisti\u010dne Alternative za Nem\u010dijo v bundestag. Morebitna zmaga hannovrskih socialdemokratov bi bila klofuta tudi za zvezno kr\u0161\u010danskodemokratsko kanclerko, \u0161e posebej, ker je spodnjesa\u0161ka CDU \u0161e poleti vodila na\u00a0&#8230;<\/p>\n","protected":false},"author":1,"featured_media":0,"comment_status":"closed","ping_status":"closed","sticky":false,"template":"","format":"standard","meta":{"footnotes":""},"categories":[1179],"tags":[],"source":[1703],"supertag":[],"acf":[],"yoast_head":"<!-- This site is optimized with the Yoast SEO plugin v21.3 - https:\/\/yoast.com\/wordpress\/plugins\/seo\/ -->\n<title>Danes volitve v nem\u0161ki de\u017eeli Spodnja Sa\u0161ka - Hudo Slovenija<\/title>\n<meta name=\"robots\" content=\"index, follow, max-snippet:-1, max-image-preview:large, max-video-preview:-1\" \/>\n<link rel=\"canonical\" href=\"https:\/\/hudo.com\/si\/aktualno\/danes-volitve-v-nemski-dezeli-spodnja-saska\/\" \/>\n<meta property=\"og:locale\" content=\"sl_SI\" \/>\n<meta property=\"og:type\" content=\"article\" \/>\n<meta property=\"og:title\" content=\"Danes volitve v nem\u0161ki de\u017eeli Spodnja Sa\u0161ka - Hudo Slovenija\" \/>\n<meta property=\"og:description\" content=\"Kategorija: Evropa Sun, 15 Oct 2017 08:00:00 +0200 Berlin \u2013 V de\u017eeli Spodnja Sa\u0161ka danes poteka prvo ve\u010dje nem\u0161ko merjenje politi\u010dnih mo\u010di po septembrskih zveznih parlamentarnih volitvah. Osem milijonsko de\u017eelo na severozahodu dr\u017eave zaznamujejo tudi \u0161tevilne posebnosti, saj so poleg migrantskih, varnostnih in protiteroristi\u010dnih vpra\u0161anj, ki so v ospredju v vsej dr\u017eavi, med pomembnimi temami \u0161olska, kmetijska in prometna vpra\u0161anja, merjenje mo\u010di med socialdemokrati ministrskega predsednika Stephana Weila in kr\u0161\u010danskimi demokrati Bernda Althusmanna pa bo vendarle odmevalo tudi v Berlinu. Tam se konservativna unija CDU\/CSU kanclerke Angele Merkel pripravlja na prve pogovore z liberalci in zelenimi o oblikovanju tako imenovane jamaj\u0161ke koalicije, vse sredinske stranke pa so \u0161e vedno prizadete zaradi vzpona nacionalisti\u010dne Alternative za Nem\u010dijo v bundestag. Morebitna zmaga hannovrskih socialdemokratov bi bila klofuta tudi za zvezno kr\u0161\u010danskodemokratsko kanclerko, \u0161e posebej, ker je spodnjesa\u0161ka CDU \u0161e poleti vodila na\u00a0...\" \/>\n<meta property=\"og:url\" content=\"https:\/\/hudo.com\/si\/aktualno\/danes-volitve-v-nemski-dezeli-spodnja-saska\/\" \/>\n<meta property=\"og:site_name\" content=\"Hudo Slovenija\" \/>\n<meta property=\"article:publisher\" content=\"https:\/\/www.facebook.com\/hudo.si\" \/>\n<meta property=\"article:published_time\" content=\"2017-10-15T04:00:00+00:00\" \/>\n<meta property=\"og:image\" content=\"https:\/\/hudo.com\/si\/wp-content\/uploads\/sites\/2\/2017\/10\/480x290_Reuters_Pictures-20171012144023-74754700.jpeg\" \/>\n\t<meta property=\"og:image:width\" content=\"480\" \/>\n\t<meta property=\"og:image:height\" content=\"290\" \/>\n\t<meta property=\"og:image:type\" content=\"image\/jpeg\" \/>\n<meta name=\"author\" content=\"hudo\" \/>\n<meta name=\"twitter:card\" content=\"summary_large_image\" \/>\n<meta name=\"twitter:creator\" content=\"@hudo_si\" \/>\n<meta name=\"twitter:site\" content=\"@hudo_si\" \/>\n<meta name=\"twitter:label1\" content=\"Written by\" \/>\n\t<meta name=\"twitter:data1\" content=\"hudo\" \/>\n\t<meta name=\"twitter:label2\" content=\"Est. reading time\" \/>\n\t<meta name=\"twitter:data2\" content=\"1 minuta\" \/>\n<script type=\"application\/ld+json\" class=\"yoast-schema-graph\">{\"@context\":\"https:\/\/schema.org\",\"@graph\":[{\"@type\":\"Article\",\"@id\":\"https:\/\/hudo.com\/si\/aktualno\/danes-volitve-v-nemski-dezeli-spodnja-saska\/#article\",\"isPartOf\":{\"@id\":\"https:\/\/hudo.com\/si\/aktualno\/danes-volitve-v-nemski-dezeli-spodnja-saska\/\"},\"author\":{\"name\":\"hudo\",\"@id\":\"https:\/\/hudo.com\/si\/#\/schema\/person\/601cf3379633985b20f7e50f2bb47707\"},\"headline\":\"Danes volitve v nem\u0161ki de\u017eeli Spodnja Sa\u0161ka\",\"datePublished\":\"2017-10-15T04:00:00+00:00\",\"dateModified\":\"2017-10-15T04:00:00+00:00\",\"mainEntityOfPage\":{\"@id\":\"https:\/\/hudo.com\/si\/aktualno\/danes-volitve-v-nemski-dezeli-spodnja-saska\/\"},\"wordCount\":165,\"publisher\":{\"@id\":\"https:\/\/hudo.com\/si\/#organization\"},\"articleSection\":[\"Aktualno\"],\"inLanguage\":\"sl-SI\"},{\"@type\":\"WebPage\",\"@id\":\"https:\/\/hudo.com\/si\/aktualno\/danes-volitve-v-nemski-dezeli-spodnja-saska\/\",\"url\":\"https:\/\/hudo.com\/si\/aktualno\/danes-volitve-v-nemski-dezeli-spodnja-saska\/\",\"name\":\"Danes volitve v nem\u0161ki de\u017eeli Spodnja Sa\u0161ka - Hudo Slovenija\",\"isPartOf\":{\"@id\":\"https:\/\/hudo.com\/si\/#website\"},\"datePublished\":\"2017-10-15T04:00:00+00:00\",\"dateModified\":\"2017-10-15T04:00:00+00:00\",\"breadcrumb\":{\"@id\":\"https:\/\/hudo.com\/si\/aktualno\/danes-volitve-v-nemski-dezeli-spodnja-saska\/#breadcrumb\"},\"inLanguage\":\"sl-SI\",\"potentialAction\":[{\"@type\":\"ReadAction\",\"target\":[\"https:\/\/hudo.com\/si\/aktualno\/danes-volitve-v-nemski-dezeli-spodnja-saska\/\"]}]},{\"@type\":\"BreadcrumbList\",\"@id\":\"https:\/\/hudo.com\/si\/aktualno\/danes-volitve-v-nemski-dezeli-spodnja-saska\/#breadcrumb\",\"itemListElement\":[{\"@type\":\"ListItem\",\"position\":1,\"name\":\"Home\",\"item\":\"https:\/\/hudo.com\/si\/\"},{\"@type\":\"ListItem\",\"position\":2,\"name\":\"Danes volitve v nem\u0161ki de\u017eeli Spodnja Sa\u0161ka\"}]},{\"@type\":\"WebSite\",\"@id\":\"https:\/\/hudo.com\/si\/#website\",\"url\":\"https:\/\/hudo.com\/si\/\",\"name\":\"Hudo Slovenija\",\"description\":\"Vse novice iz Slovenije in sveta\",\"publisher\":{\"@id\":\"https:\/\/hudo.com\/si\/#organization\"},\"potentialAction\":[{\"@type\":\"SearchAction\",\"target\":{\"@type\":\"EntryPoint\",\"urlTemplate\":\"https:\/\/hudo.com\/si\/?s={search_term_string}\"},\"query-input\":\"required name=search_term_string\"}],\"inLanguage\":\"sl-SI\"},{\"@type\":\"Organization\",\"@id\":\"https:\/\/hudo.com\/si\/#organization\",\"name\":\"VSN Media\",\"url\":\"https:\/\/hudo.com\/si\/\",\"logo\":{\"@type\":\"ImageObject\",\"inLanguage\":\"sl-SI\",\"@id\":\"https:\/\/hudo.com\/si\/#\/schema\/logo\/image\/\",\"url\":\"https:\/\/hudo.com\/si\/wp-content\/uploads\/sites\/2\/2021\/03\/hudo-app-2.png\",\"contentUrl\":\"https:\/\/hudo.com\/si\/wp-content\/uploads\/sites\/2\/2021\/03\/hudo-app-2.png\",\"width\":2185,\"height\":2167,\"caption\":\"VSN Media\"},\"image\":{\"@id\":\"https:\/\/hudo.com\/si\/#\/schema\/logo\/image\/\"},\"sameAs\":[\"https:\/\/www.facebook.com\/hudo.si\",\"https:\/\/twitter.com\/hudo_si\"]},{\"@type\":\"Person\",\"@id\":\"https:\/\/hudo.com\/si\/#\/schema\/person\/601cf3379633985b20f7e50f2bb47707\",\"name\":\"hudo\",\"image\":{\"@type\":\"ImageObject\",\"inLanguage\":\"sl-SI\",\"@id\":\"https:\/\/hudo.com\/si\/#\/schema\/person\/image\/\",\"url\":\"https:\/\/secure.gravatar.com\/avatar\/c4ca25fa72cace7a696b52ff5db9e095?s=96&d=mm&r=g\",\"contentUrl\":\"https:\/\/secure.gravatar.com\/avatar\/c4ca25fa72cace7a696b52ff5db9e095?s=96&d=mm&r=g\",\"caption\":\"hudo\"},\"url\":\"https:\/\/hudo.com\/si\/author\/hudo\/\"}]}<\/script>\n<!-- \/ Yoast SEO plugin. -->","yoast_head_json":{"title":"Danes volitve v nem\u0161ki de\u017eeli Spodnja Sa\u0161ka - Hudo Slovenija","robots":{"index":"index","follow":"follow","max-snippet":"max-snippet:-1","max-image-preview":"max-image-preview:large","max-video-preview":"max-video-preview:-1"},"canonical":"https:\/\/hudo.com\/si\/aktualno\/danes-volitve-v-nemski-dezeli-spodnja-saska\/","og_locale":"sl_SI","og_type":"article","og_title":"Danes volitve v nem\u0161ki de\u017eeli Spodnja Sa\u0161ka - Hudo Slovenija","og_description":"Kategorija: Evropa Sun, 15 Oct 2017 08:00:00 +0200 Berlin \u2013 V de\u017eeli Spodnja Sa\u0161ka danes poteka prvo ve\u010dje nem\u0161ko merjenje politi\u010dnih mo\u010di po septembrskih zveznih parlamentarnih volitvah. Osem milijonsko de\u017eelo na severozahodu dr\u017eave zaznamujejo tudi \u0161tevilne posebnosti, saj so poleg migrantskih, varnostnih in protiteroristi\u010dnih vpra\u0161anj, ki so v ospredju v vsej dr\u017eavi, med pomembnimi temami \u0161olska, kmetijska in prometna vpra\u0161anja, merjenje mo\u010di med socialdemokrati ministrskega predsednika Stephana Weila in kr\u0161\u010danskimi demokrati Bernda Althusmanna pa bo vendarle odmevalo tudi v Berlinu. Tam se konservativna unija CDU\/CSU kanclerke Angele Merkel pripravlja na prve pogovore z liberalci in zelenimi o oblikovanju tako imenovane jamaj\u0161ke koalicije, vse sredinske stranke pa so \u0161e vedno prizadete zaradi vzpona nacionalisti\u010dne Alternative za Nem\u010dijo v bundestag. Morebitna zmaga hannovrskih socialdemokratov bi bila klofuta tudi za zvezno kr\u0161\u010danskodemokratsko kanclerko, \u0161e posebej, ker je spodnjesa\u0161ka CDU \u0161e poleti vodila na\u00a0...","og_url":"https:\/\/hudo.com\/si\/aktualno\/danes-volitve-v-nemski-dezeli-spodnja-saska\/","og_site_name":"Hudo Slovenija","article_publisher":"https:\/\/www.facebook.com\/hudo.si","article_published_time":"2017-10-15T04:00:00+00:00","og_image":[{"width":480,"height":290,"url":"https:\/\/hudo.com\/si\/wp-content\/uploads\/sites\/2\/2017\/10\/480x290_Reuters_Pictures-20171012144023-74754700.jpeg","type":"image\/jpeg"}],"author":"hudo","twitter_card":"summary_large_image","twitter_creator":"@hudo_si","twitter_site":"@hudo_si","twitter_misc":{"Written by":"hudo","Est. reading time":"1 minuta"},"schema":{"@context":"https:\/\/schema.org","@graph":[{"@type":"Article","@id":"https:\/\/hudo.com\/si\/aktualno\/danes-volitve-v-nemski-dezeli-spodnja-saska\/#article","isPartOf":{"@id":"https:\/\/hudo.com\/si\/aktualno\/danes-volitve-v-nemski-dezeli-spodnja-saska\/"},"author":{"name":"hudo","@id":"https:\/\/hudo.com\/si\/#\/schema\/person\/601cf3379633985b20f7e50f2bb47707"},"headline":"Danes volitve v nem\u0161ki de\u017eeli Spodnja Sa\u0161ka","datePublished":"2017-10-15T04:00:00+00:00","dateModified":"2017-10-15T04:00:00+00:00","mainEntityOfPage":{"@id":"https:\/\/hudo.com\/si\/aktualno\/danes-volitve-v-nemski-dezeli-spodnja-saska\/"},"wordCount":165,"publisher":{"@id":"https:\/\/hudo.com\/si\/#organization"},"articleSection":["Aktualno"],"inLanguage":"sl-SI"},{"@type":"WebPage","@id":"https:\/\/hudo.com\/si\/aktualno\/danes-volitve-v-nemski-dezeli-spodnja-saska\/","url":"https:\/\/hudo.com\/si\/aktualno\/danes-volitve-v-nemski-dezeli-spodnja-saska\/","name":"Danes volitve v nem\u0161ki de\u017eeli Spodnja Sa\u0161ka - Hudo Slovenija","isPartOf":{"@id":"https:\/\/hudo.com\/si\/#website"},"datePublished":"2017-10-15T04:00:00+00:00","dateModified":"2017-10-15T04:00:00+00:00","breadcrumb":{"@id":"https:\/\/hudo.com\/si\/aktualno\/danes-volitve-v-nemski-dezeli-spodnja-saska\/#breadcrumb"},"inLanguage":"sl-SI","potentialAction":[{"@type":"ReadAction","target":["https:\/\/hudo.com\/si\/aktualno\/danes-volitve-v-nemski-dezeli-spodnja-saska\/"]}]},{"@type":"BreadcrumbList","@id":"https:\/\/hudo.com\/si\/aktualno\/danes-volitve-v-nemski-dezeli-spodnja-saska\/#breadcrumb","itemListElement":[{"@type":"ListItem","position":1,"name":"Home","item":"https:\/\/hudo.com\/si\/"},{"@type":"ListItem","position":2,"name":"Danes volitve v nem\u0161ki de\u017eeli Spodnja Sa\u0161ka"}]},{"@type":"WebSite","@id":"https:\/\/hudo.com\/si\/#website","url":"https:\/\/hudo.com\/si\/","name":"Hudo Slovenija","description":"Vse novice iz Slovenije in sveta","publisher":{"@id":"https:\/\/hudo.com\/si\/#organization"},"potentialAction":[{"@type":"SearchAction","target":{"@type":"EntryPoint","urlTemplate":"https:\/\/hudo.com\/si\/?s={search_term_string}"},"query-input":"required name=search_term_string"}],"inLanguage":"sl-SI"},{"@type":"Organization","@id":"https:\/\/hudo.com\/si\/#organization","name":"VSN Media","url":"https:\/\/hudo.com\/si\/","logo":{"@type":"ImageObject","inLanguage":"sl-SI","@id":"https:\/\/hudo.com\/si\/#\/schema\/logo\/image\/","url":"https:\/\/hudo.com\/si\/wp-content\/uploads\/sites\/2\/2021\/03\/hudo-app-2.png","contentUrl":"https:\/\/hudo.com\/si\/wp-content\/uploads\/sites\/2\/2021\/03\/hudo-app-2.png","width":2185,"height":2167,"caption":"VSN Media"},"image":{"@id":"https:\/\/hudo.com\/si\/#\/schema\/logo\/image\/"},"sameAs":["https:\/\/www.facebook.com\/hudo.si","https:\/\/twitter.com\/hudo_si"]},{"@type":"Person","@id":"https:\/\/hudo.com\/si\/#\/schema\/person\/601cf3379633985b20f7e50f2bb47707","name":"hudo","image":{"@type":"ImageObject","inLanguage":"sl-SI","@id":"https:\/\/hudo.com\/si\/#\/schema\/person\/image\/","url":"https:\/\/secure.gravatar.com\/avatar\/c4ca25fa72cace7a696b52ff5db9e095?s=96&d=mm&r=g","contentUrl":"https:\/\/secure.gravatar.com\/avatar\/c4ca25fa72cace7a696b52ff5db9e095?s=96&d=mm&r=g","caption":"hudo"},"url":"https:\/\/hudo.com\/si\/author\/hudo\/"}]}},"amp_enabled":true,"_links":{"self":[{"href":"https:\/\/hudo.com\/si\/wp-json\/wp\/v2\/posts\/310200"}],"collection":[{"href":"https:\/\/hudo.com\/si\/wp-json\/wp\/v2\/posts"}],"about":[{"href":"https:\/\/hudo.com\/si\/wp-json\/wp\/v2\/types\/post"}],"author":[{"embeddable":true,"href":"https:\/\/hudo.com\/si\/wp-json\/wp\/v2\/users\/1"}],"replies":[{"embeddable":true,"href":"https:\/\/hudo.com\/si\/wp-json\/wp\/v2\/comments?post=310200"}],"version-history":[{"count":0,"href":"https:\/\/hudo.com\/si\/wp-json\/wp\/v2\/posts\/310200\/revisions"}],"wp:attachment":[{"href":"https:\/\/hudo.com\/si\/wp-json\/wp\/v2\/media?parent=310200"}],"wp:term":[{"taxonomy":"category","embeddable":true,"href":"https:\/\/hudo.com\/si\/wp-json\/wp\/v2\/categories?post=310200"},{"taxonomy":"post_tag","embeddable":true,"href":"https:\/\/hudo.com\/si\/wp-json\/wp\/v2\/tags?post=310200"},{"taxonomy":"source","embeddable":true,"href":"https:\/\/hudo.com\/si\/wp-json\/wp\/v2\/source?post=310200"},{"taxonomy":"supertag","embeddable":true,"href":"https:\/\/hudo.com\/si\/wp-json\/wp\/v2\/supertag?post=310200"}],"curies":[{"name":"wp","href":"https:\/\/api.w.org\/{rel}","templated":true}]}}