{"id":310232,"date":"2017-10-15T07:17:00","date_gmt":"2017-10-15T05:17:00","guid":{"rendered":"http:\/\/hudo.com\/si\/2017\/10\/15\/imfc-tudi-s-slovenskimi-predstavniki\/"},"modified":"2017-10-15T07:17:00","modified_gmt":"2017-10-15T05:17:00","slug":"imfc-tudi-s-slovenskimi-predstavniki","status":"publish","type":"post","link":"https:\/\/hudo.com\/si\/aktualno\/imfc-tudi-s-slovenskimi-predstavniki\/","title":{"rendered":"IMFC tudi s slovenskimi predstavniki"},"content":{"rendered":"<p>Kategorija: Ekonomija Sun, 15 Oct 2017 09:17:00 +0200  Washington &#8211; Slovenija v \u010dasu sedanje visoke gospodarske rasti ne sme zamuditi prilo\u017enosti za utrditev gospodarskega in javnofinan\u010dnega sistema, je ob koncu letnega sre\u010danja finan\u010dnih ministrov in guvernerjev centralnih bank \u010dlanic Mednarodnega denarnega sklada (IMF) in Svetovne banke opozorila ministrica za finance Mateja Vrani\u010dar Erman. \u00bbNe samo v zvezi s Slovenijo, ampak na splo\u0161no v zvezi z ugodnimi ekonomskimi razmerami po vsem svetu, smo pogosto sli\u0161ali opozorila, da ne smemo zapraviti prilo\u017enosti, ki jo daje visoka gospodarska rast za okrepitev odpornosti na\u0161ih ekonomij na prihodnje \u0161oke. V dobrih \u010dasih se je treba pripraviti na to, da lahko krizo, ko ta pride, la\u017eje prenesemo brez velikih \u0161okov,\u00ab je dejala ministrica. Po njenih besedah so potrebne strukturne reforme in zni\u017eevanje javnofinan\u010dnega primanjkljaja oziroma zadol\u017eenosti dr\u017eave. \u00bbTo so vpra\u0161anja, na katera i\u0161\u010demo prave odgovore tudi\u00a0&#8230;<\/p>\n","protected":false},"excerpt":{"rendered":"<p>Kategorija: Ekonomija Sun, 15 Oct 2017 09:17:00 +0200  Washington &#8211; Slovenija v \u010dasu sedanje visoke gospodarske rasti ne sme zamuditi prilo\u017enosti za utrditev gospodarskega in javnofinan\u010dnega sistema, je ob koncu letnega sre\u010danja finan\u010dnih ministrov in guvernerjev centralnih bank \u010dlanic Mednarodnega denarnega sklada (IMF) in Svetovne banke opozorila ministrica za finance Mateja Vrani\u010dar Erman. \u00bbNe samo v zvezi s Slovenijo, ampak na splo\u0161no v zvezi z ugodnimi ekonomskimi razmerami po vsem svetu, smo pogosto sli\u0161ali opozorila, da ne smemo zapraviti prilo\u017enosti, ki jo daje visoka gospodarska rast za okrepitev odpornosti na\u0161ih ekonomij na prihodnje \u0161oke. V dobrih \u010dasih se je treba pripraviti na to, da lahko krizo, ko ta pride, la\u017eje prenesemo brez velikih \u0161okov,\u00ab je dejala ministrica. Po njenih besedah so potrebne strukturne reforme in zni\u017eevanje javnofinan\u010dnega primanjkljaja oziroma zadol\u017eenosti dr\u017eave. \u00bbTo so vpra\u0161anja, na katera i\u0161\u010demo prave odgovore tudi\u00a0&#8230;<\/p>\n","protected":false},"author":1,"featured_media":0,"comment_status":"closed","ping_status":"closed","sticky":false,"template":"","format":"standard","meta":{"footnotes":""},"categories":[1179],"tags":[],"source":[1703],"supertag":[],"acf":[],"yoast_head":"<!-- This site is optimized with the Yoast SEO plugin v21.3 - https:\/\/yoast.com\/wordpress\/plugins\/seo\/ -->\n<title>IMFC tudi s slovenskimi predstavniki - Hudo Slovenija<\/title>\n<meta name=\"robots\" content=\"index, follow, max-snippet:-1, max-image-preview:large, max-video-preview:-1\" \/>\n<link rel=\"canonical\" href=\"https:\/\/hudo.com\/si\/aktualno\/imfc-tudi-s-slovenskimi-predstavniki\/\" \/>\n<meta property=\"og:locale\" content=\"sl_SI\" \/>\n<meta property=\"og:type\" content=\"article\" \/>\n<meta property=\"og:title\" content=\"IMFC tudi s slovenskimi predstavniki - Hudo Slovenija\" \/>\n<meta property=\"og:description\" content=\"Kategorija: Ekonomija Sun, 15 Oct 2017 09:17:00 +0200 Washington - Slovenija v \u010dasu sedanje visoke gospodarske rasti ne sme zamuditi prilo\u017enosti za utrditev gospodarskega in javnofinan\u010dnega sistema, je ob koncu letnega sre\u010danja finan\u010dnih ministrov in guvernerjev centralnih bank \u010dlanic Mednarodnega denarnega sklada (IMF) in Svetovne banke opozorila ministrica za finance Mateja Vrani\u010dar Erman. \u00bbNe samo v zvezi s Slovenijo, ampak na splo\u0161no v zvezi z ugodnimi ekonomskimi razmerami po vsem svetu, smo pogosto sli\u0161ali opozorila, da ne smemo zapraviti prilo\u017enosti, ki jo daje visoka gospodarska rast za okrepitev odpornosti na\u0161ih ekonomij na prihodnje \u0161oke. V dobrih \u010dasih se je treba pripraviti na to, da lahko krizo, ko ta pride, la\u017eje prenesemo brez velikih \u0161okov,\u00ab je dejala ministrica. Po njenih besedah so potrebne strukturne reforme in zni\u017eevanje javnofinan\u010dnega primanjkljaja oziroma zadol\u017eenosti dr\u017eave. \u00bbTo so vpra\u0161anja, na katera i\u0161\u010demo prave odgovore tudi\u00a0...\" \/>\n<meta property=\"og:url\" content=\"https:\/\/hudo.com\/si\/aktualno\/imfc-tudi-s-slovenskimi-predstavniki\/\" \/>\n<meta property=\"og:site_name\" content=\"Hudo Slovenija\" \/>\n<meta property=\"article:publisher\" content=\"https:\/\/www.facebook.com\/hudo.si\" \/>\n<meta property=\"article:published_time\" content=\"2017-10-15T05:17:00+00:00\" \/>\n<meta property=\"og:image\" content=\"https:\/\/hudo.com\/si\/wp-content\/uploads\/sites\/2\/2017\/10\/480x290_AP_Pictures-20171014201354-90306300.jpeg\" \/>\n\t<meta property=\"og:image:width\" content=\"480\" \/>\n\t<meta property=\"og:image:height\" content=\"290\" \/>\n\t<meta property=\"og:image:type\" content=\"image\/jpeg\" \/>\n<meta name=\"author\" content=\"hudo\" \/>\n<meta name=\"twitter:card\" content=\"summary_large_image\" \/>\n<meta name=\"twitter:creator\" content=\"@hudo_si\" \/>\n<meta name=\"twitter:site\" content=\"@hudo_si\" \/>\n<meta name=\"twitter:label1\" content=\"Written by\" \/>\n\t<meta name=\"twitter:data1\" content=\"hudo\" \/>\n\t<meta name=\"twitter:label2\" content=\"Est. reading time\" \/>\n\t<meta name=\"twitter:data2\" content=\"1 minuta\" \/>\n<script type=\"application\/ld+json\" class=\"yoast-schema-graph\">{\"@context\":\"https:\/\/schema.org\",\"@graph\":[{\"@type\":\"Article\",\"@id\":\"https:\/\/hudo.com\/si\/aktualno\/imfc-tudi-s-slovenskimi-predstavniki\/#article\",\"isPartOf\":{\"@id\":\"https:\/\/hudo.com\/si\/aktualno\/imfc-tudi-s-slovenskimi-predstavniki\/\"},\"author\":{\"name\":\"hudo\",\"@id\":\"https:\/\/hudo.com\/si\/#\/schema\/person\/601cf3379633985b20f7e50f2bb47707\"},\"headline\":\"IMFC tudi s slovenskimi predstavniki\",\"datePublished\":\"2017-10-15T05:17:00+00:00\",\"dateModified\":\"2017-10-15T05:17:00+00:00\",\"mainEntityOfPage\":{\"@id\":\"https:\/\/hudo.com\/si\/aktualno\/imfc-tudi-s-slovenskimi-predstavniki\/\"},\"wordCount\":157,\"publisher\":{\"@id\":\"https:\/\/hudo.com\/si\/#organization\"},\"articleSection\":[\"Aktualno\"],\"inLanguage\":\"sl-SI\"},{\"@type\":\"WebPage\",\"@id\":\"https:\/\/hudo.com\/si\/aktualno\/imfc-tudi-s-slovenskimi-predstavniki\/\",\"url\":\"https:\/\/hudo.com\/si\/aktualno\/imfc-tudi-s-slovenskimi-predstavniki\/\",\"name\":\"IMFC tudi s slovenskimi predstavniki - Hudo Slovenija\",\"isPartOf\":{\"@id\":\"https:\/\/hudo.com\/si\/#website\"},\"datePublished\":\"2017-10-15T05:17:00+00:00\",\"dateModified\":\"2017-10-15T05:17:00+00:00\",\"breadcrumb\":{\"@id\":\"https:\/\/hudo.com\/si\/aktualno\/imfc-tudi-s-slovenskimi-predstavniki\/#breadcrumb\"},\"inLanguage\":\"sl-SI\",\"potentialAction\":[{\"@type\":\"ReadAction\",\"target\":[\"https:\/\/hudo.com\/si\/aktualno\/imfc-tudi-s-slovenskimi-predstavniki\/\"]}]},{\"@type\":\"BreadcrumbList\",\"@id\":\"https:\/\/hudo.com\/si\/aktualno\/imfc-tudi-s-slovenskimi-predstavniki\/#breadcrumb\",\"itemListElement\":[{\"@type\":\"ListItem\",\"position\":1,\"name\":\"Home\",\"item\":\"https:\/\/hudo.com\/si\/\"},{\"@type\":\"ListItem\",\"position\":2,\"name\":\"IMFC tudi s slovenskimi predstavniki\"}]},{\"@type\":\"WebSite\",\"@id\":\"https:\/\/hudo.com\/si\/#website\",\"url\":\"https:\/\/hudo.com\/si\/\",\"name\":\"Hudo Slovenija\",\"description\":\"Vse novice iz Slovenije in sveta\",\"publisher\":{\"@id\":\"https:\/\/hudo.com\/si\/#organization\"},\"potentialAction\":[{\"@type\":\"SearchAction\",\"target\":{\"@type\":\"EntryPoint\",\"urlTemplate\":\"https:\/\/hudo.com\/si\/?s={search_term_string}\"},\"query-input\":\"required name=search_term_string\"}],\"inLanguage\":\"sl-SI\"},{\"@type\":\"Organization\",\"@id\":\"https:\/\/hudo.com\/si\/#organization\",\"name\":\"VSN Media\",\"url\":\"https:\/\/hudo.com\/si\/\",\"logo\":{\"@type\":\"ImageObject\",\"inLanguage\":\"sl-SI\",\"@id\":\"https:\/\/hudo.com\/si\/#\/schema\/logo\/image\/\",\"url\":\"https:\/\/hudo.com\/si\/wp-content\/uploads\/sites\/2\/2021\/03\/hudo-app-2.png\",\"contentUrl\":\"https:\/\/hudo.com\/si\/wp-content\/uploads\/sites\/2\/2021\/03\/hudo-app-2.png\",\"width\":2185,\"height\":2167,\"caption\":\"VSN Media\"},\"image\":{\"@id\":\"https:\/\/hudo.com\/si\/#\/schema\/logo\/image\/\"},\"sameAs\":[\"https:\/\/www.facebook.com\/hudo.si\",\"https:\/\/twitter.com\/hudo_si\"]},{\"@type\":\"Person\",\"@id\":\"https:\/\/hudo.com\/si\/#\/schema\/person\/601cf3379633985b20f7e50f2bb47707\",\"name\":\"hudo\",\"image\":{\"@type\":\"ImageObject\",\"inLanguage\":\"sl-SI\",\"@id\":\"https:\/\/hudo.com\/si\/#\/schema\/person\/image\/\",\"url\":\"https:\/\/secure.gravatar.com\/avatar\/c4ca25fa72cace7a696b52ff5db9e095?s=96&d=mm&r=g\",\"contentUrl\":\"https:\/\/secure.gravatar.com\/avatar\/c4ca25fa72cace7a696b52ff5db9e095?s=96&d=mm&r=g\",\"caption\":\"hudo\"},\"url\":\"https:\/\/hudo.com\/si\/author\/hudo\/\"}]}<\/script>\n<!-- \/ Yoast SEO plugin. -->","yoast_head_json":{"title":"IMFC tudi s slovenskimi predstavniki - Hudo Slovenija","robots":{"index":"index","follow":"follow","max-snippet":"max-snippet:-1","max-image-preview":"max-image-preview:large","max-video-preview":"max-video-preview:-1"},"canonical":"https:\/\/hudo.com\/si\/aktualno\/imfc-tudi-s-slovenskimi-predstavniki\/","og_locale":"sl_SI","og_type":"article","og_title":"IMFC tudi s slovenskimi predstavniki - Hudo Slovenija","og_description":"Kategorija: Ekonomija Sun, 15 Oct 2017 09:17:00 +0200 Washington - Slovenija v \u010dasu sedanje visoke gospodarske rasti ne sme zamuditi prilo\u017enosti za utrditev gospodarskega in javnofinan\u010dnega sistema, je ob koncu letnega sre\u010danja finan\u010dnih ministrov in guvernerjev centralnih bank \u010dlanic Mednarodnega denarnega sklada (IMF) in Svetovne banke opozorila ministrica za finance Mateja Vrani\u010dar Erman. \u00bbNe samo v zvezi s Slovenijo, ampak na splo\u0161no v zvezi z ugodnimi ekonomskimi razmerami po vsem svetu, smo pogosto sli\u0161ali opozorila, da ne smemo zapraviti prilo\u017enosti, ki jo daje visoka gospodarska rast za okrepitev odpornosti na\u0161ih ekonomij na prihodnje \u0161oke. V dobrih \u010dasih se je treba pripraviti na to, da lahko krizo, ko ta pride, la\u017eje prenesemo brez velikih \u0161okov,\u00ab je dejala ministrica. Po njenih besedah so potrebne strukturne reforme in zni\u017eevanje javnofinan\u010dnega primanjkljaja oziroma zadol\u017eenosti dr\u017eave. \u00bbTo so vpra\u0161anja, na katera i\u0161\u010demo prave odgovore tudi\u00a0...","og_url":"https:\/\/hudo.com\/si\/aktualno\/imfc-tudi-s-slovenskimi-predstavniki\/","og_site_name":"Hudo Slovenija","article_publisher":"https:\/\/www.facebook.com\/hudo.si","article_published_time":"2017-10-15T05:17:00+00:00","og_image":[{"width":480,"height":290,"url":"https:\/\/hudo.com\/si\/wp-content\/uploads\/sites\/2\/2017\/10\/480x290_AP_Pictures-20171014201354-90306300.jpeg","type":"image\/jpeg"}],"author":"hudo","twitter_card":"summary_large_image","twitter_creator":"@hudo_si","twitter_site":"@hudo_si","twitter_misc":{"Written by":"hudo","Est. reading time":"1 minuta"},"schema":{"@context":"https:\/\/schema.org","@graph":[{"@type":"Article","@id":"https:\/\/hudo.com\/si\/aktualno\/imfc-tudi-s-slovenskimi-predstavniki\/#article","isPartOf":{"@id":"https:\/\/hudo.com\/si\/aktualno\/imfc-tudi-s-slovenskimi-predstavniki\/"},"author":{"name":"hudo","@id":"https:\/\/hudo.com\/si\/#\/schema\/person\/601cf3379633985b20f7e50f2bb47707"},"headline":"IMFC tudi s slovenskimi predstavniki","datePublished":"2017-10-15T05:17:00+00:00","dateModified":"2017-10-15T05:17:00+00:00","mainEntityOfPage":{"@id":"https:\/\/hudo.com\/si\/aktualno\/imfc-tudi-s-slovenskimi-predstavniki\/"},"wordCount":157,"publisher":{"@id":"https:\/\/hudo.com\/si\/#organization"},"articleSection":["Aktualno"],"inLanguage":"sl-SI"},{"@type":"WebPage","@id":"https:\/\/hudo.com\/si\/aktualno\/imfc-tudi-s-slovenskimi-predstavniki\/","url":"https:\/\/hudo.com\/si\/aktualno\/imfc-tudi-s-slovenskimi-predstavniki\/","name":"IMFC tudi s slovenskimi predstavniki - Hudo Slovenija","isPartOf":{"@id":"https:\/\/hudo.com\/si\/#website"},"datePublished":"2017-10-15T05:17:00+00:00","dateModified":"2017-10-15T05:17:00+00:00","breadcrumb":{"@id":"https:\/\/hudo.com\/si\/aktualno\/imfc-tudi-s-slovenskimi-predstavniki\/#breadcrumb"},"inLanguage":"sl-SI","potentialAction":[{"@type":"ReadAction","target":["https:\/\/hudo.com\/si\/aktualno\/imfc-tudi-s-slovenskimi-predstavniki\/"]}]},{"@type":"BreadcrumbList","@id":"https:\/\/hudo.com\/si\/aktualno\/imfc-tudi-s-slovenskimi-predstavniki\/#breadcrumb","itemListElement":[{"@type":"ListItem","position":1,"name":"Home","item":"https:\/\/hudo.com\/si\/"},{"@type":"ListItem","position":2,"name":"IMFC tudi s slovenskimi predstavniki"}]},{"@type":"WebSite","@id":"https:\/\/hudo.com\/si\/#website","url":"https:\/\/hudo.com\/si\/","name":"Hudo Slovenija","description":"Vse novice iz Slovenije in sveta","publisher":{"@id":"https:\/\/hudo.com\/si\/#organization"},"potentialAction":[{"@type":"SearchAction","target":{"@type":"EntryPoint","urlTemplate":"https:\/\/hudo.com\/si\/?s={search_term_string}"},"query-input":"required name=search_term_string"}],"inLanguage":"sl-SI"},{"@type":"Organization","@id":"https:\/\/hudo.com\/si\/#organization","name":"VSN Media","url":"https:\/\/hudo.com\/si\/","logo":{"@type":"ImageObject","inLanguage":"sl-SI","@id":"https:\/\/hudo.com\/si\/#\/schema\/logo\/image\/","url":"https:\/\/hudo.com\/si\/wp-content\/uploads\/sites\/2\/2021\/03\/hudo-app-2.png","contentUrl":"https:\/\/hudo.com\/si\/wp-content\/uploads\/sites\/2\/2021\/03\/hudo-app-2.png","width":2185,"height":2167,"caption":"VSN Media"},"image":{"@id":"https:\/\/hudo.com\/si\/#\/schema\/logo\/image\/"},"sameAs":["https:\/\/www.facebook.com\/hudo.si","https:\/\/twitter.com\/hudo_si"]},{"@type":"Person","@id":"https:\/\/hudo.com\/si\/#\/schema\/person\/601cf3379633985b20f7e50f2bb47707","name":"hudo","image":{"@type":"ImageObject","inLanguage":"sl-SI","@id":"https:\/\/hudo.com\/si\/#\/schema\/person\/image\/","url":"https:\/\/secure.gravatar.com\/avatar\/c4ca25fa72cace7a696b52ff5db9e095?s=96&d=mm&r=g","contentUrl":"https:\/\/secure.gravatar.com\/avatar\/c4ca25fa72cace7a696b52ff5db9e095?s=96&d=mm&r=g","caption":"hudo"},"url":"https:\/\/hudo.com\/si\/author\/hudo\/"}]}},"amp_enabled":true,"_links":{"self":[{"href":"https:\/\/hudo.com\/si\/wp-json\/wp\/v2\/posts\/310232"}],"collection":[{"href":"https:\/\/hudo.com\/si\/wp-json\/wp\/v2\/posts"}],"about":[{"href":"https:\/\/hudo.com\/si\/wp-json\/wp\/v2\/types\/post"}],"author":[{"embeddable":true,"href":"https:\/\/hudo.com\/si\/wp-json\/wp\/v2\/users\/1"}],"replies":[{"embeddable":true,"href":"https:\/\/hudo.com\/si\/wp-json\/wp\/v2\/comments?post=310232"}],"version-history":[{"count":0,"href":"https:\/\/hudo.com\/si\/wp-json\/wp\/v2\/posts\/310232\/revisions"}],"wp:attachment":[{"href":"https:\/\/hudo.com\/si\/wp-json\/wp\/v2\/media?parent=310232"}],"wp:term":[{"taxonomy":"category","embeddable":true,"href":"https:\/\/hudo.com\/si\/wp-json\/wp\/v2\/categories?post=310232"},{"taxonomy":"post_tag","embeddable":true,"href":"https:\/\/hudo.com\/si\/wp-json\/wp\/v2\/tags?post=310232"},{"taxonomy":"source","embeddable":true,"href":"https:\/\/hudo.com\/si\/wp-json\/wp\/v2\/source?post=310232"},{"taxonomy":"supertag","embeddable":true,"href":"https:\/\/hudo.com\/si\/wp-json\/wp\/v2\/supertag?post=310232"}],"curies":[{"name":"wp","href":"https:\/\/api.w.org\/{rel}","templated":true}]}}