{"id":310367,"date":"2017-10-15T19:27:15","date_gmt":"2017-10-15T17:27:15","guid":{"rendered":"http:\/\/hudo.com\/si\/?p=310367"},"modified":"2017-10-15T19:27:15","modified_gmt":"2017-10-15T17:27:15","slug":"kdo-je-mlad-gizdalin-ki-ga-avstrijci-izvolili-za-novega-kanclerja","status":"publish","type":"post","link":"https:\/\/hudo.com\/si\/aktualno\/kdo-je-mlad-gizdalin-ki-ga-avstrijci-izvolili-za-novega-kanclerja\/","title":{"rendered":"Kdo je mlad gizdalin, ki so ga Avstrijci izvolili za novega kanclerja?"},"content":{"rendered":"<p>Kurz je bil \u017ee od leta 2003 dejaven v podmladku stranke in decembra 2013 je postal najmlaj\u0161i zunanji minister v zgodovini Avstrije.<\/p>\n<p>Kljub mladosti se Kurz pona\u0161a z veliko politi\u010dnimi izku\u0161njami, saj je \u017ee vse od leta 2011 \u010dlan avstrijske vlade.<\/p>\n<p>Ko je bil star 24 let, je postal dr\u017eavni sekretar za integracije in je takrat veljal za najmlaj\u0161ega \u010dlana kake avstrijske vlade. Tri leta kasneje je prevzel polo\u017eaj zunanjega ministra in je bil najmlaj\u0161i vodja diplomacije v EU.<\/p>\n<p>Pozornost \u0161ir\u0161e javnosti je pritegnil leta 2010 s svojo kampanjo za ob\u010dinske volitve na Dunaju. Ta je potekala pod sloganom &#8216;Schwarz macht geil&#8217;, kar bi lahko prevedli kot \u010crno je\/vas naredi kul oz. seksi, pri \u010demer se \u010drno nana\u0161a na barvo \u00d6VP. V kampanji so uporabili tudi \u010drn avtomobil znamke hummer, ki so ga poimenovali &#8216;Geilomobil&#8217;, sam Kurz pa je ob tem potencialnim volivcem delil kondome.<\/p>\n<p>Avstrijska javnost je wunderwuzziju, kar pomeni nekoga, ki zna vse in kar je Kurzev vzdevek, naklonjena zaradi trdega stali\u0161\u010da glede migracij, s \u010dimer je svobodnjakom odvzel dobr\u0161en del volilnega telesa. Obrestovalo se mu je tudi, da je kot avstrijski zunanji minister lani zaprl balkansko begunsko pot in ker se zavzema za zni\u017eanje socialnih podpor za imigrante, tudi tiste iz dr\u017eav EU.<\/p>\n<p>Rodil se je 27. avgusta 1986 na Dunaju u\u010diteljici in in\u017eenirju. Po odli\u010dno opravljeni maturi se je vpisal na \u0161tudij prava, a ga ni kon\u010dal. \u017de med \u0161tudijem je prevzel vodenje podmladka ljudske stranke.<\/p>\n","protected":false},"excerpt":{"rendered":"<p>Sebastian Kurz velja za \u010dude\u017enega de\u010dka avstrijske ljudske stranke (\u00d6VP), ki jo vodi od julija letos. Po zmagi stranke na parlamentarnih volitvah se mu obeta kanclerski polo\u017eaj, s \u010dimer bi z 31 leti postal najmlaj\u0161i predsednik vlade v Evropi.<\/p>\n","protected":false},"author":7,"featured_media":310368,"comment_status":"closed","ping_status":"closed","sticky":false,"template":"","format":"standard","meta":{"footnotes":""},"categories":[1179],"tags":[1934,6370,6982],"source":[4511],"supertag":[],"acf":[],"yoast_head":"<!-- This site is optimized with the Yoast SEO plugin v21.3 - https:\/\/yoast.com\/wordpress\/plugins\/seo\/ -->\n<title>Kdo je mlad gizdalin, ki so ga Avstrijci izvolili za novega kanclerja? - Hudo Slovenija<\/title>\n<meta name=\"robots\" content=\"index, follow, max-snippet:-1, max-image-preview:large, max-video-preview:-1\" \/>\n<link rel=\"canonical\" href=\"https:\/\/hudo.com\/si\/aktualno\/kdo-je-mlad-gizdalin-ki-ga-avstrijci-izvolili-za-novega-kanclerja\/\" \/>\n<meta property=\"og:locale\" content=\"sl_SI\" \/>\n<meta property=\"og:type\" content=\"article\" \/>\n<meta property=\"og:title\" content=\"Kdo je mlad gizdalin, ki so ga Avstrijci izvolili za novega kanclerja? - Hudo Slovenija\" \/>\n<meta property=\"og:description\" content=\"Sebastian Kurz velja za \u010dude\u017enega de\u010dka avstrijske ljudske stranke (\u00d6VP), ki jo vodi od julija letos. Po zmagi stranke na parlamentarnih volitvah se mu obeta kanclerski polo\u017eaj, s \u010dimer bi z 31 leti postal najmlaj\u0161i predsednik vlade v Evropi.\" \/>\n<meta property=\"og:url\" content=\"https:\/\/hudo.com\/si\/aktualno\/kdo-je-mlad-gizdalin-ki-ga-avstrijci-izvolili-za-novega-kanclerja\/\" \/>\n<meta property=\"og:site_name\" content=\"Hudo Slovenija\" \/>\n<meta property=\"article:publisher\" content=\"https:\/\/www.facebook.com\/hudo.si\" \/>\n<meta property=\"article:published_time\" content=\"2017-10-15T17:27:15+00:00\" \/>\n<meta property=\"og:image\" content=\"https:\/\/hudo.com\/si\/wp-content\/uploads\/sites\/2\/2017\/10\/profimedia-0351022563.jpg\" \/>\n\t<meta property=\"og:image:width\" content=\"1250\" \/>\n\t<meta property=\"og:image:height\" content=\"831\" \/>\n\t<meta property=\"og:image:type\" content=\"image\/jpeg\" \/>\n<meta name=\"author\" content=\"A. P., STA\" \/>\n<meta name=\"twitter:card\" content=\"summary_large_image\" \/>\n<meta name=\"twitter:creator\" content=\"@hudo_si\" \/>\n<meta name=\"twitter:site\" content=\"@hudo_si\" \/>\n<meta name=\"twitter:label1\" content=\"Written by\" \/>\n\t<meta name=\"twitter:data1\" content=\"A. P., STA\" \/>\n\t<meta name=\"twitter:label2\" content=\"Est. reading time\" \/>\n\t<meta name=\"twitter:data2\" content=\"1 minuta\" \/>\n<script type=\"application\/ld+json\" class=\"yoast-schema-graph\">{\"@context\":\"https:\/\/schema.org\",\"@graph\":[{\"@type\":\"Article\",\"@id\":\"https:\/\/hudo.com\/si\/aktualno\/kdo-je-mlad-gizdalin-ki-ga-avstrijci-izvolili-za-novega-kanclerja\/#article\",\"isPartOf\":{\"@id\":\"https:\/\/hudo.com\/si\/aktualno\/kdo-je-mlad-gizdalin-ki-ga-avstrijci-izvolili-za-novega-kanclerja\/\"},\"author\":{\"name\":\"A. P., STA\",\"@id\":\"https:\/\/hudo.com\/si\/#\/schema\/person\/18f09c02475ba9e606e941a565b80cff\"},\"headline\":\"Kdo je mlad gizdalin, ki so ga Avstrijci izvolili za novega kanclerja?\",\"datePublished\":\"2017-10-15T17:27:15+00:00\",\"dateModified\":\"2017-10-15T17:27:15+00:00\",\"mainEntityOfPage\":{\"@id\":\"https:\/\/hudo.com\/si\/aktualno\/kdo-je-mlad-gizdalin-ki-ga-avstrijci-izvolili-za-novega-kanclerja\/\"},\"wordCount\":265,\"publisher\":{\"@id\":\"https:\/\/hudo.com\/si\/#organization\"},\"keywords\":[\"Avstrija\",\"parlamentarne volitve\",\"Sebastian Kurz\"],\"articleSection\":[\"Aktualno\"],\"inLanguage\":\"sl-SI\"},{\"@type\":\"WebPage\",\"@id\":\"https:\/\/hudo.com\/si\/aktualno\/kdo-je-mlad-gizdalin-ki-ga-avstrijci-izvolili-za-novega-kanclerja\/\",\"url\":\"https:\/\/hudo.com\/si\/aktualno\/kdo-je-mlad-gizdalin-ki-ga-avstrijci-izvolili-za-novega-kanclerja\/\",\"name\":\"Kdo je mlad gizdalin, ki so ga Avstrijci izvolili za novega kanclerja? - Hudo Slovenija\",\"isPartOf\":{\"@id\":\"https:\/\/hudo.com\/si\/#website\"},\"datePublished\":\"2017-10-15T17:27:15+00:00\",\"dateModified\":\"2017-10-15T17:27:15+00:00\",\"breadcrumb\":{\"@id\":\"https:\/\/hudo.com\/si\/aktualno\/kdo-je-mlad-gizdalin-ki-ga-avstrijci-izvolili-za-novega-kanclerja\/#breadcrumb\"},\"inLanguage\":\"sl-SI\",\"potentialAction\":[{\"@type\":\"ReadAction\",\"target\":[\"https:\/\/hudo.com\/si\/aktualno\/kdo-je-mlad-gizdalin-ki-ga-avstrijci-izvolili-za-novega-kanclerja\/\"]}]},{\"@type\":\"BreadcrumbList\",\"@id\":\"https:\/\/hudo.com\/si\/aktualno\/kdo-je-mlad-gizdalin-ki-ga-avstrijci-izvolili-za-novega-kanclerja\/#breadcrumb\",\"itemListElement\":[{\"@type\":\"ListItem\",\"position\":1,\"name\":\"Home\",\"item\":\"https:\/\/hudo.com\/si\/\"},{\"@type\":\"ListItem\",\"position\":2,\"name\":\"Kdo je mlad gizdalin, ki so ga Avstrijci izvolili za novega kanclerja?\"}]},{\"@type\":\"WebSite\",\"@id\":\"https:\/\/hudo.com\/si\/#website\",\"url\":\"https:\/\/hudo.com\/si\/\",\"name\":\"Hudo Slovenija\",\"description\":\"Vse novice iz Slovenije in sveta\",\"publisher\":{\"@id\":\"https:\/\/hudo.com\/si\/#organization\"},\"potentialAction\":[{\"@type\":\"SearchAction\",\"target\":{\"@type\":\"EntryPoint\",\"urlTemplate\":\"https:\/\/hudo.com\/si\/?s={search_term_string}\"},\"query-input\":\"required name=search_term_string\"}],\"inLanguage\":\"sl-SI\"},{\"@type\":\"Organization\",\"@id\":\"https:\/\/hudo.com\/si\/#organization\",\"name\":\"VSN Media\",\"url\":\"https:\/\/hudo.com\/si\/\",\"logo\":{\"@type\":\"ImageObject\",\"inLanguage\":\"sl-SI\",\"@id\":\"https:\/\/hudo.com\/si\/#\/schema\/logo\/image\/\",\"url\":\"https:\/\/hudo.com\/si\/wp-content\/uploads\/sites\/2\/2021\/03\/hudo-app-2.png\",\"contentUrl\":\"https:\/\/hudo.com\/si\/wp-content\/uploads\/sites\/2\/2021\/03\/hudo-app-2.png\",\"width\":2185,\"height\":2167,\"caption\":\"VSN Media\"},\"image\":{\"@id\":\"https:\/\/hudo.com\/si\/#\/schema\/logo\/image\/\"},\"sameAs\":[\"https:\/\/www.facebook.com\/hudo.si\",\"https:\/\/twitter.com\/hudo_si\"]},{\"@type\":\"Person\",\"@id\":\"https:\/\/hudo.com\/si\/#\/schema\/person\/18f09c02475ba9e606e941a565b80cff\",\"name\":\"A. P., STA\",\"image\":{\"@type\":\"ImageObject\",\"inLanguage\":\"sl-SI\",\"@id\":\"https:\/\/hudo.com\/si\/#\/schema\/person\/image\/\",\"url\":\"https:\/\/secure.gravatar.com\/avatar\/03eac8e609f5f04383125d80eaeaaf3e?s=96&d=mm&r=g\",\"contentUrl\":\"https:\/\/secure.gravatar.com\/avatar\/03eac8e609f5f04383125d80eaeaaf3e?s=96&d=mm&r=g\",\"caption\":\"A. P., STA\"},\"url\":\"https:\/\/hudo.com\/si\/author\/lubu\/\"}]}<\/script>\n<!-- \/ Yoast SEO plugin. -->","yoast_head_json":{"title":"Kdo je mlad gizdalin, ki so ga Avstrijci izvolili za novega kanclerja? - Hudo Slovenija","robots":{"index":"index","follow":"follow","max-snippet":"max-snippet:-1","max-image-preview":"max-image-preview:large","max-video-preview":"max-video-preview:-1"},"canonical":"https:\/\/hudo.com\/si\/aktualno\/kdo-je-mlad-gizdalin-ki-ga-avstrijci-izvolili-za-novega-kanclerja\/","og_locale":"sl_SI","og_type":"article","og_title":"Kdo je mlad gizdalin, ki so ga Avstrijci izvolili za novega kanclerja? - Hudo Slovenija","og_description":"Sebastian Kurz velja za \u010dude\u017enega de\u010dka avstrijske ljudske stranke (\u00d6VP), ki jo vodi od julija letos. Po zmagi stranke na parlamentarnih volitvah se mu obeta kanclerski polo\u017eaj, s \u010dimer bi z 31 leti postal najmlaj\u0161i predsednik vlade v Evropi.","og_url":"https:\/\/hudo.com\/si\/aktualno\/kdo-je-mlad-gizdalin-ki-ga-avstrijci-izvolili-za-novega-kanclerja\/","og_site_name":"Hudo Slovenija","article_publisher":"https:\/\/www.facebook.com\/hudo.si","article_published_time":"2017-10-15T17:27:15+00:00","og_image":[{"width":1250,"height":831,"url":"https:\/\/hudo.com\/si\/wp-content\/uploads\/sites\/2\/2017\/10\/profimedia-0351022563.jpg","type":"image\/jpeg"}],"author":"A. P., STA","twitter_card":"summary_large_image","twitter_creator":"@hudo_si","twitter_site":"@hudo_si","twitter_misc":{"Written by":"A. P., STA","Est. reading time":"1 minuta"},"schema":{"@context":"https:\/\/schema.org","@graph":[{"@type":"Article","@id":"https:\/\/hudo.com\/si\/aktualno\/kdo-je-mlad-gizdalin-ki-ga-avstrijci-izvolili-za-novega-kanclerja\/#article","isPartOf":{"@id":"https:\/\/hudo.com\/si\/aktualno\/kdo-je-mlad-gizdalin-ki-ga-avstrijci-izvolili-za-novega-kanclerja\/"},"author":{"name":"A. P., STA","@id":"https:\/\/hudo.com\/si\/#\/schema\/person\/18f09c02475ba9e606e941a565b80cff"},"headline":"Kdo je mlad gizdalin, ki so ga Avstrijci izvolili za novega kanclerja?","datePublished":"2017-10-15T17:27:15+00:00","dateModified":"2017-10-15T17:27:15+00:00","mainEntityOfPage":{"@id":"https:\/\/hudo.com\/si\/aktualno\/kdo-je-mlad-gizdalin-ki-ga-avstrijci-izvolili-za-novega-kanclerja\/"},"wordCount":265,"publisher":{"@id":"https:\/\/hudo.com\/si\/#organization"},"keywords":["Avstrija","parlamentarne volitve","Sebastian Kurz"],"articleSection":["Aktualno"],"inLanguage":"sl-SI"},{"@type":"WebPage","@id":"https:\/\/hudo.com\/si\/aktualno\/kdo-je-mlad-gizdalin-ki-ga-avstrijci-izvolili-za-novega-kanclerja\/","url":"https:\/\/hudo.com\/si\/aktualno\/kdo-je-mlad-gizdalin-ki-ga-avstrijci-izvolili-za-novega-kanclerja\/","name":"Kdo je mlad gizdalin, ki so ga Avstrijci izvolili za novega kanclerja? - Hudo Slovenija","isPartOf":{"@id":"https:\/\/hudo.com\/si\/#website"},"datePublished":"2017-10-15T17:27:15+00:00","dateModified":"2017-10-15T17:27:15+00:00","breadcrumb":{"@id":"https:\/\/hudo.com\/si\/aktualno\/kdo-je-mlad-gizdalin-ki-ga-avstrijci-izvolili-za-novega-kanclerja\/#breadcrumb"},"inLanguage":"sl-SI","potentialAction":[{"@type":"ReadAction","target":["https:\/\/hudo.com\/si\/aktualno\/kdo-je-mlad-gizdalin-ki-ga-avstrijci-izvolili-za-novega-kanclerja\/"]}]},{"@type":"BreadcrumbList","@id":"https:\/\/hudo.com\/si\/aktualno\/kdo-je-mlad-gizdalin-ki-ga-avstrijci-izvolili-za-novega-kanclerja\/#breadcrumb","itemListElement":[{"@type":"ListItem","position":1,"name":"Home","item":"https:\/\/hudo.com\/si\/"},{"@type":"ListItem","position":2,"name":"Kdo je mlad gizdalin, ki so ga Avstrijci izvolili za novega kanclerja?"}]},{"@type":"WebSite","@id":"https:\/\/hudo.com\/si\/#website","url":"https:\/\/hudo.com\/si\/","name":"Hudo Slovenija","description":"Vse novice iz Slovenije in sveta","publisher":{"@id":"https:\/\/hudo.com\/si\/#organization"},"potentialAction":[{"@type":"SearchAction","target":{"@type":"EntryPoint","urlTemplate":"https:\/\/hudo.com\/si\/?s={search_term_string}"},"query-input":"required name=search_term_string"}],"inLanguage":"sl-SI"},{"@type":"Organization","@id":"https:\/\/hudo.com\/si\/#organization","name":"VSN Media","url":"https:\/\/hudo.com\/si\/","logo":{"@type":"ImageObject","inLanguage":"sl-SI","@id":"https:\/\/hudo.com\/si\/#\/schema\/logo\/image\/","url":"https:\/\/hudo.com\/si\/wp-content\/uploads\/sites\/2\/2021\/03\/hudo-app-2.png","contentUrl":"https:\/\/hudo.com\/si\/wp-content\/uploads\/sites\/2\/2021\/03\/hudo-app-2.png","width":2185,"height":2167,"caption":"VSN Media"},"image":{"@id":"https:\/\/hudo.com\/si\/#\/schema\/logo\/image\/"},"sameAs":["https:\/\/www.facebook.com\/hudo.si","https:\/\/twitter.com\/hudo_si"]},{"@type":"Person","@id":"https:\/\/hudo.com\/si\/#\/schema\/person\/18f09c02475ba9e606e941a565b80cff","name":"A. P., STA","image":{"@type":"ImageObject","inLanguage":"sl-SI","@id":"https:\/\/hudo.com\/si\/#\/schema\/person\/image\/","url":"https:\/\/secure.gravatar.com\/avatar\/03eac8e609f5f04383125d80eaeaaf3e?s=96&d=mm&r=g","contentUrl":"https:\/\/secure.gravatar.com\/avatar\/03eac8e609f5f04383125d80eaeaaf3e?s=96&d=mm&r=g","caption":"A. P., STA"},"url":"https:\/\/hudo.com\/si\/author\/lubu\/"}]}},"amp_enabled":true,"_links":{"self":[{"href":"https:\/\/hudo.com\/si\/wp-json\/wp\/v2\/posts\/310367"}],"collection":[{"href":"https:\/\/hudo.com\/si\/wp-json\/wp\/v2\/posts"}],"about":[{"href":"https:\/\/hudo.com\/si\/wp-json\/wp\/v2\/types\/post"}],"author":[{"embeddable":true,"href":"https:\/\/hudo.com\/si\/wp-json\/wp\/v2\/users\/7"}],"replies":[{"embeddable":true,"href":"https:\/\/hudo.com\/si\/wp-json\/wp\/v2\/comments?post=310367"}],"version-history":[{"count":1,"href":"https:\/\/hudo.com\/si\/wp-json\/wp\/v2\/posts\/310367\/revisions"}],"predecessor-version":[{"id":310369,"href":"https:\/\/hudo.com\/si\/wp-json\/wp\/v2\/posts\/310367\/revisions\/310369"}],"wp:featuredmedia":[{"embeddable":true,"href":"https:\/\/hudo.com\/si\/wp-json\/wp\/v2\/media\/310368"}],"wp:attachment":[{"href":"https:\/\/hudo.com\/si\/wp-json\/wp\/v2\/media?parent=310367"}],"wp:term":[{"taxonomy":"category","embeddable":true,"href":"https:\/\/hudo.com\/si\/wp-json\/wp\/v2\/categories?post=310367"},{"taxonomy":"post_tag","embeddable":true,"href":"https:\/\/hudo.com\/si\/wp-json\/wp\/v2\/tags?post=310367"},{"taxonomy":"source","embeddable":true,"href":"https:\/\/hudo.com\/si\/wp-json\/wp\/v2\/source?post=310367"},{"taxonomy":"supertag","embeddable":true,"href":"https:\/\/hudo.com\/si\/wp-json\/wp\/v2\/supertag?post=310367"}],"curies":[{"name":"wp","href":"https:\/\/api.w.org\/{rel}","templated":true}]}}