{"id":310384,"date":"2017-10-15T19:00:00","date_gmt":"2017-10-15T17:00:00","guid":{"rendered":"http:\/\/hudo.com\/si\/2017\/10\/15\/avstrijske-volitve-petdeset-odtenkov-modre\/"},"modified":"2017-10-15T19:00:00","modified_gmt":"2017-10-15T17:00:00","slug":"avstrijske-volitve-petdeset-odtenkov-modre","status":"publish","type":"post","link":"https:\/\/hudo.com\/si\/aktualno\/avstrijske-volitve-petdeset-odtenkov-modre\/","title":{"rendered":"Avstrijske volitve: Petdeset odtenkov modre"},"content":{"rendered":"<p>Kategorija: Sose\u0161\u010dina Sun, 15 Oct 2017 21:00:00 +0200  Dunaj \u2013 Za avstrijske in tuje analitike je bilo glavno vpra\u0161anje, ali se bo v avstrijski zvezni vladi spet zna\u0161la sporna svobodnja\u0161ka stranka, ki \u0161e vedno velja za skrajno desni\u010darsko. Da bi svobodnjaki, ki jih vodi Heinz-Christian Strache, dobili mandatarja za sestavo zvezne vlade, bi morali na v\u010deraj\u0161njih pred\u010dasnih parlamentarnih volitvah dobiti res veliko ve\u010dino glasov. \u0160ele pod tak\u0161nim demokrati\u010dnim pritiskom javnosti bi moral nekdanji voditelj Zelenih Alexander Van der Bellen, ki se je na zadnjih predsedni\u0161kih volitvah pomeril kot neodvisni kandidat, na za\u010detku leto\u0161njega leta pa zaprisegel kot 12. avstrijski predsednik, po\u017ereti svojo predvolilno obljubo, da mandata ne bo podelil \u010dlanu stranke, ki je po njegovem mnenju protievropska. Toda duhove \u017ee ves \u010das predvolilne kampanje buri \u017ee misel na to, da bi stranka, ki se ji vsaj v tujini\u00a0&#8230;<\/p>\n","protected":false},"excerpt":{"rendered":"<p>Kategorija: Sose\u0161\u010dina Sun, 15 Oct 2017 21:00:00 +0200  Dunaj \u2013 Za avstrijske in tuje analitike je bilo glavno vpra\u0161anje, ali se bo v avstrijski zvezni vladi spet zna\u0161la sporna svobodnja\u0161ka stranka, ki \u0161e vedno velja za skrajno desni\u010darsko. Da bi svobodnjaki, ki jih vodi Heinz-Christian Strache, dobili mandatarja za sestavo zvezne vlade, bi morali na v\u010deraj\u0161njih pred\u010dasnih parlamentarnih volitvah dobiti res veliko ve\u010dino glasov. \u0160ele pod tak\u0161nim demokrati\u010dnim pritiskom javnosti bi moral nekdanji voditelj Zelenih Alexander Van der Bellen, ki se je na zadnjih predsedni\u0161kih volitvah pomeril kot neodvisni kandidat, na za\u010detku leto\u0161njega leta pa zaprisegel kot 12. avstrijski predsednik, po\u017ereti svojo predvolilno obljubo, da mandata ne bo podelil \u010dlanu stranke, ki je po njegovem mnenju protievropska. Toda duhove \u017ee ves \u010das predvolilne kampanje buri \u017ee misel na to, da bi stranka, ki se ji vsaj v tujini\u00a0&#8230;<\/p>\n","protected":false},"author":1,"featured_media":0,"comment_status":"closed","ping_status":"closed","sticky":false,"template":"","format":"standard","meta":{"footnotes":""},"categories":[1179],"tags":[],"source":[1703],"supertag":[],"acf":[],"yoast_head":"<!-- This site is optimized with the Yoast SEO plugin v21.3 - https:\/\/yoast.com\/wordpress\/plugins\/seo\/ -->\n<title>Avstrijske volitve: Petdeset odtenkov modre - Hudo Slovenija<\/title>\n<meta name=\"robots\" content=\"index, follow, max-snippet:-1, max-image-preview:large, max-video-preview:-1\" \/>\n<link rel=\"canonical\" href=\"https:\/\/hudo.com\/si\/aktualno\/avstrijske-volitve-petdeset-odtenkov-modre\/\" \/>\n<meta property=\"og:locale\" content=\"sl_SI\" \/>\n<meta property=\"og:type\" content=\"article\" \/>\n<meta property=\"og:title\" content=\"Avstrijske volitve: Petdeset odtenkov modre - Hudo Slovenija\" \/>\n<meta property=\"og:description\" content=\"Kategorija: Sose\u0161\u010dina Sun, 15 Oct 2017 21:00:00 +0200 Dunaj \u2013 Za avstrijske in tuje analitike je bilo glavno vpra\u0161anje, ali se bo v avstrijski zvezni vladi spet zna\u0161la sporna svobodnja\u0161ka stranka, ki \u0161e vedno velja za skrajno desni\u010darsko. Da bi svobodnjaki, ki jih vodi Heinz-Christian Strache, dobili mandatarja za sestavo zvezne vlade, bi morali na v\u010deraj\u0161njih pred\u010dasnih parlamentarnih volitvah dobiti res veliko ve\u010dino glasov. \u0160ele pod tak\u0161nim demokrati\u010dnim pritiskom javnosti bi moral nekdanji voditelj Zelenih Alexander Van der Bellen, ki se je na zadnjih predsedni\u0161kih volitvah pomeril kot neodvisni kandidat, na za\u010detku leto\u0161njega leta pa zaprisegel kot 12. avstrijski predsednik, po\u017ereti svojo predvolilno obljubo, da mandata ne bo podelil \u010dlanu stranke, ki je po njegovem mnenju protievropska. Toda duhove \u017ee ves \u010das predvolilne kampanje buri \u017ee misel na to, da bi stranka, ki se ji vsaj v tujini\u00a0...\" \/>\n<meta property=\"og:url\" content=\"https:\/\/hudo.com\/si\/aktualno\/avstrijske-volitve-petdeset-odtenkov-modre\/\" \/>\n<meta property=\"og:site_name\" content=\"Hudo Slovenija\" \/>\n<meta property=\"article:publisher\" content=\"https:\/\/www.facebook.com\/hudo.si\" \/>\n<meta property=\"article:published_time\" content=\"2017-10-15T17:00:00+00:00\" \/>\n<meta property=\"og:image\" content=\"https:\/\/hudo.com\/si\/wp-content\/uploads\/sites\/2\/2017\/10\/480x290_3_stran__Reuters_Pictures_2.7_hires0.jpeg\" \/>\n\t<meta property=\"og:image:width\" content=\"480\" \/>\n\t<meta property=\"og:image:height\" content=\"290\" \/>\n\t<meta property=\"og:image:type\" content=\"image\/jpeg\" \/>\n<meta name=\"author\" content=\"hudo\" \/>\n<meta name=\"twitter:card\" content=\"summary_large_image\" \/>\n<meta name=\"twitter:creator\" content=\"@hudo_si\" \/>\n<meta name=\"twitter:site\" content=\"@hudo_si\" \/>\n<meta name=\"twitter:label1\" content=\"Written by\" \/>\n\t<meta name=\"twitter:data1\" content=\"hudo\" \/>\n\t<meta name=\"twitter:label2\" content=\"Est. reading time\" \/>\n\t<meta name=\"twitter:data2\" content=\"1 minuta\" \/>\n<script type=\"application\/ld+json\" class=\"yoast-schema-graph\">{\"@context\":\"https:\/\/schema.org\",\"@graph\":[{\"@type\":\"Article\",\"@id\":\"https:\/\/hudo.com\/si\/aktualno\/avstrijske-volitve-petdeset-odtenkov-modre\/#article\",\"isPartOf\":{\"@id\":\"https:\/\/hudo.com\/si\/aktualno\/avstrijske-volitve-petdeset-odtenkov-modre\/\"},\"author\":{\"name\":\"hudo\",\"@id\":\"https:\/\/hudo.com\/si\/#\/schema\/person\/601cf3379633985b20f7e50f2bb47707\"},\"headline\":\"Avstrijske volitve: Petdeset odtenkov modre\",\"datePublished\":\"2017-10-15T17:00:00+00:00\",\"dateModified\":\"2017-10-15T17:00:00+00:00\",\"mainEntityOfPage\":{\"@id\":\"https:\/\/hudo.com\/si\/aktualno\/avstrijske-volitve-petdeset-odtenkov-modre\/\"},\"wordCount\":152,\"publisher\":{\"@id\":\"https:\/\/hudo.com\/si\/#organization\"},\"articleSection\":[\"Aktualno\"],\"inLanguage\":\"sl-SI\"},{\"@type\":\"WebPage\",\"@id\":\"https:\/\/hudo.com\/si\/aktualno\/avstrijske-volitve-petdeset-odtenkov-modre\/\",\"url\":\"https:\/\/hudo.com\/si\/aktualno\/avstrijske-volitve-petdeset-odtenkov-modre\/\",\"name\":\"Avstrijske volitve: Petdeset odtenkov modre - Hudo Slovenija\",\"isPartOf\":{\"@id\":\"https:\/\/hudo.com\/si\/#website\"},\"datePublished\":\"2017-10-15T17:00:00+00:00\",\"dateModified\":\"2017-10-15T17:00:00+00:00\",\"breadcrumb\":{\"@id\":\"https:\/\/hudo.com\/si\/aktualno\/avstrijske-volitve-petdeset-odtenkov-modre\/#breadcrumb\"},\"inLanguage\":\"sl-SI\",\"potentialAction\":[{\"@type\":\"ReadAction\",\"target\":[\"https:\/\/hudo.com\/si\/aktualno\/avstrijske-volitve-petdeset-odtenkov-modre\/\"]}]},{\"@type\":\"BreadcrumbList\",\"@id\":\"https:\/\/hudo.com\/si\/aktualno\/avstrijske-volitve-petdeset-odtenkov-modre\/#breadcrumb\",\"itemListElement\":[{\"@type\":\"ListItem\",\"position\":1,\"name\":\"Home\",\"item\":\"https:\/\/hudo.com\/si\/\"},{\"@type\":\"ListItem\",\"position\":2,\"name\":\"Avstrijske volitve: Petdeset odtenkov modre\"}]},{\"@type\":\"WebSite\",\"@id\":\"https:\/\/hudo.com\/si\/#website\",\"url\":\"https:\/\/hudo.com\/si\/\",\"name\":\"Hudo Slovenija\",\"description\":\"Vse novice iz Slovenije in sveta\",\"publisher\":{\"@id\":\"https:\/\/hudo.com\/si\/#organization\"},\"potentialAction\":[{\"@type\":\"SearchAction\",\"target\":{\"@type\":\"EntryPoint\",\"urlTemplate\":\"https:\/\/hudo.com\/si\/?s={search_term_string}\"},\"query-input\":\"required name=search_term_string\"}],\"inLanguage\":\"sl-SI\"},{\"@type\":\"Organization\",\"@id\":\"https:\/\/hudo.com\/si\/#organization\",\"name\":\"VSN Media\",\"url\":\"https:\/\/hudo.com\/si\/\",\"logo\":{\"@type\":\"ImageObject\",\"inLanguage\":\"sl-SI\",\"@id\":\"https:\/\/hudo.com\/si\/#\/schema\/logo\/image\/\",\"url\":\"https:\/\/hudo.com\/si\/wp-content\/uploads\/sites\/2\/2021\/03\/hudo-app-2.png\",\"contentUrl\":\"https:\/\/hudo.com\/si\/wp-content\/uploads\/sites\/2\/2021\/03\/hudo-app-2.png\",\"width\":2185,\"height\":2167,\"caption\":\"VSN Media\"},\"image\":{\"@id\":\"https:\/\/hudo.com\/si\/#\/schema\/logo\/image\/\"},\"sameAs\":[\"https:\/\/www.facebook.com\/hudo.si\",\"https:\/\/twitter.com\/hudo_si\"]},{\"@type\":\"Person\",\"@id\":\"https:\/\/hudo.com\/si\/#\/schema\/person\/601cf3379633985b20f7e50f2bb47707\",\"name\":\"hudo\",\"image\":{\"@type\":\"ImageObject\",\"inLanguage\":\"sl-SI\",\"@id\":\"https:\/\/hudo.com\/si\/#\/schema\/person\/image\/\",\"url\":\"https:\/\/secure.gravatar.com\/avatar\/c4ca25fa72cace7a696b52ff5db9e095?s=96&d=mm&r=g\",\"contentUrl\":\"https:\/\/secure.gravatar.com\/avatar\/c4ca25fa72cace7a696b52ff5db9e095?s=96&d=mm&r=g\",\"caption\":\"hudo\"},\"url\":\"https:\/\/hudo.com\/si\/author\/hudo\/\"}]}<\/script>\n<!-- \/ Yoast SEO plugin. -->","yoast_head_json":{"title":"Avstrijske volitve: Petdeset odtenkov modre - Hudo Slovenija","robots":{"index":"index","follow":"follow","max-snippet":"max-snippet:-1","max-image-preview":"max-image-preview:large","max-video-preview":"max-video-preview:-1"},"canonical":"https:\/\/hudo.com\/si\/aktualno\/avstrijske-volitve-petdeset-odtenkov-modre\/","og_locale":"sl_SI","og_type":"article","og_title":"Avstrijske volitve: Petdeset odtenkov modre - Hudo Slovenija","og_description":"Kategorija: Sose\u0161\u010dina Sun, 15 Oct 2017 21:00:00 +0200 Dunaj \u2013 Za avstrijske in tuje analitike je bilo glavno vpra\u0161anje, ali se bo v avstrijski zvezni vladi spet zna\u0161la sporna svobodnja\u0161ka stranka, ki \u0161e vedno velja za skrajno desni\u010darsko. Da bi svobodnjaki, ki jih vodi Heinz-Christian Strache, dobili mandatarja za sestavo zvezne vlade, bi morali na v\u010deraj\u0161njih pred\u010dasnih parlamentarnih volitvah dobiti res veliko ve\u010dino glasov. \u0160ele pod tak\u0161nim demokrati\u010dnim pritiskom javnosti bi moral nekdanji voditelj Zelenih Alexander Van der Bellen, ki se je na zadnjih predsedni\u0161kih volitvah pomeril kot neodvisni kandidat, na za\u010detku leto\u0161njega leta pa zaprisegel kot 12. avstrijski predsednik, po\u017ereti svojo predvolilno obljubo, da mandata ne bo podelil \u010dlanu stranke, ki je po njegovem mnenju protievropska. Toda duhove \u017ee ves \u010das predvolilne kampanje buri \u017ee misel na to, da bi stranka, ki se ji vsaj v tujini\u00a0...","og_url":"https:\/\/hudo.com\/si\/aktualno\/avstrijske-volitve-petdeset-odtenkov-modre\/","og_site_name":"Hudo Slovenija","article_publisher":"https:\/\/www.facebook.com\/hudo.si","article_published_time":"2017-10-15T17:00:00+00:00","og_image":[{"width":480,"height":290,"url":"https:\/\/hudo.com\/si\/wp-content\/uploads\/sites\/2\/2017\/10\/480x290_3_stran__Reuters_Pictures_2.7_hires0.jpeg","type":"image\/jpeg"}],"author":"hudo","twitter_card":"summary_large_image","twitter_creator":"@hudo_si","twitter_site":"@hudo_si","twitter_misc":{"Written by":"hudo","Est. reading time":"1 minuta"},"schema":{"@context":"https:\/\/schema.org","@graph":[{"@type":"Article","@id":"https:\/\/hudo.com\/si\/aktualno\/avstrijske-volitve-petdeset-odtenkov-modre\/#article","isPartOf":{"@id":"https:\/\/hudo.com\/si\/aktualno\/avstrijske-volitve-petdeset-odtenkov-modre\/"},"author":{"name":"hudo","@id":"https:\/\/hudo.com\/si\/#\/schema\/person\/601cf3379633985b20f7e50f2bb47707"},"headline":"Avstrijske volitve: Petdeset odtenkov modre","datePublished":"2017-10-15T17:00:00+00:00","dateModified":"2017-10-15T17:00:00+00:00","mainEntityOfPage":{"@id":"https:\/\/hudo.com\/si\/aktualno\/avstrijske-volitve-petdeset-odtenkov-modre\/"},"wordCount":152,"publisher":{"@id":"https:\/\/hudo.com\/si\/#organization"},"articleSection":["Aktualno"],"inLanguage":"sl-SI"},{"@type":"WebPage","@id":"https:\/\/hudo.com\/si\/aktualno\/avstrijske-volitve-petdeset-odtenkov-modre\/","url":"https:\/\/hudo.com\/si\/aktualno\/avstrijske-volitve-petdeset-odtenkov-modre\/","name":"Avstrijske volitve: Petdeset odtenkov modre - Hudo Slovenija","isPartOf":{"@id":"https:\/\/hudo.com\/si\/#website"},"datePublished":"2017-10-15T17:00:00+00:00","dateModified":"2017-10-15T17:00:00+00:00","breadcrumb":{"@id":"https:\/\/hudo.com\/si\/aktualno\/avstrijske-volitve-petdeset-odtenkov-modre\/#breadcrumb"},"inLanguage":"sl-SI","potentialAction":[{"@type":"ReadAction","target":["https:\/\/hudo.com\/si\/aktualno\/avstrijske-volitve-petdeset-odtenkov-modre\/"]}]},{"@type":"BreadcrumbList","@id":"https:\/\/hudo.com\/si\/aktualno\/avstrijske-volitve-petdeset-odtenkov-modre\/#breadcrumb","itemListElement":[{"@type":"ListItem","position":1,"name":"Home","item":"https:\/\/hudo.com\/si\/"},{"@type":"ListItem","position":2,"name":"Avstrijske volitve: Petdeset odtenkov modre"}]},{"@type":"WebSite","@id":"https:\/\/hudo.com\/si\/#website","url":"https:\/\/hudo.com\/si\/","name":"Hudo Slovenija","description":"Vse novice iz Slovenije in sveta","publisher":{"@id":"https:\/\/hudo.com\/si\/#organization"},"potentialAction":[{"@type":"SearchAction","target":{"@type":"EntryPoint","urlTemplate":"https:\/\/hudo.com\/si\/?s={search_term_string}"},"query-input":"required name=search_term_string"}],"inLanguage":"sl-SI"},{"@type":"Organization","@id":"https:\/\/hudo.com\/si\/#organization","name":"VSN Media","url":"https:\/\/hudo.com\/si\/","logo":{"@type":"ImageObject","inLanguage":"sl-SI","@id":"https:\/\/hudo.com\/si\/#\/schema\/logo\/image\/","url":"https:\/\/hudo.com\/si\/wp-content\/uploads\/sites\/2\/2021\/03\/hudo-app-2.png","contentUrl":"https:\/\/hudo.com\/si\/wp-content\/uploads\/sites\/2\/2021\/03\/hudo-app-2.png","width":2185,"height":2167,"caption":"VSN Media"},"image":{"@id":"https:\/\/hudo.com\/si\/#\/schema\/logo\/image\/"},"sameAs":["https:\/\/www.facebook.com\/hudo.si","https:\/\/twitter.com\/hudo_si"]},{"@type":"Person","@id":"https:\/\/hudo.com\/si\/#\/schema\/person\/601cf3379633985b20f7e50f2bb47707","name":"hudo","image":{"@type":"ImageObject","inLanguage":"sl-SI","@id":"https:\/\/hudo.com\/si\/#\/schema\/person\/image\/","url":"https:\/\/secure.gravatar.com\/avatar\/c4ca25fa72cace7a696b52ff5db9e095?s=96&d=mm&r=g","contentUrl":"https:\/\/secure.gravatar.com\/avatar\/c4ca25fa72cace7a696b52ff5db9e095?s=96&d=mm&r=g","caption":"hudo"},"url":"https:\/\/hudo.com\/si\/author\/hudo\/"}]}},"amp_enabled":true,"_links":{"self":[{"href":"https:\/\/hudo.com\/si\/wp-json\/wp\/v2\/posts\/310384"}],"collection":[{"href":"https:\/\/hudo.com\/si\/wp-json\/wp\/v2\/posts"}],"about":[{"href":"https:\/\/hudo.com\/si\/wp-json\/wp\/v2\/types\/post"}],"author":[{"embeddable":true,"href":"https:\/\/hudo.com\/si\/wp-json\/wp\/v2\/users\/1"}],"replies":[{"embeddable":true,"href":"https:\/\/hudo.com\/si\/wp-json\/wp\/v2\/comments?post=310384"}],"version-history":[{"count":0,"href":"https:\/\/hudo.com\/si\/wp-json\/wp\/v2\/posts\/310384\/revisions"}],"wp:attachment":[{"href":"https:\/\/hudo.com\/si\/wp-json\/wp\/v2\/media?parent=310384"}],"wp:term":[{"taxonomy":"category","embeddable":true,"href":"https:\/\/hudo.com\/si\/wp-json\/wp\/v2\/categories?post=310384"},{"taxonomy":"post_tag","embeddable":true,"href":"https:\/\/hudo.com\/si\/wp-json\/wp\/v2\/tags?post=310384"},{"taxonomy":"source","embeddable":true,"href":"https:\/\/hudo.com\/si\/wp-json\/wp\/v2\/source?post=310384"},{"taxonomy":"supertag","embeddable":true,"href":"https:\/\/hudo.com\/si\/wp-json\/wp\/v2\/supertag?post=310384"}],"curies":[{"name":"wp","href":"https:\/\/api.w.org\/{rel}","templated":true}]}}