{"id":310398,"date":"2017-10-15T19:00:00","date_gmt":"2017-10-15T17:00:00","guid":{"rendered":"http:\/\/hudo.com\/si\/2017\/10\/15\/osebno-z-jamesom-lukezicem-najprej-vinag-nato-pa-se-brhka-slovenka\/"},"modified":"2017-10-15T19:00:00","modified_gmt":"2017-10-15T17:00:00","slug":"osebno-z-jamesom-lukezicem-najprej-vinag-nato-pa-se-brhka-slovenka","status":"publish","type":"post","link":"https:\/\/hudo.com\/si\/aktualno\/osebno-z-jamesom-lukezicem-najprej-vinag-nato-pa-se-brhka-slovenka\/","title":{"rendered":"Osebno z Jamesom Luke\u017ei\u010dem: Najprej Vinag, nato pa \u0161e brhka Slovenka"},"content":{"rendered":"<p>Kategorija: Ozadja Sun, 15 Oct 2017 21:00:00 +0200  Propadlo podjetje je kupil na dra\u017ebi za 1,96 milijona evrov. Denar mora od\u0161teti najkasneje do 11. decembra. Ne dvomi, da bo posel uspe\u0161no izpeljal do konca. Pa \u010deprav je, \u0161e preden je vanj dobro ugriznil, \u017ee ob\u010dutil, da njegova poteza na doma\u010dih tleh ni vsem po volji. Takoj po opravljeni dra\u017ebi se je v javnosti na\u010delo vpra\u0161anje na\u010dina nakupa propadlega vinarja, za katerega se je poleg Luke\u017ei\u010da potegoval \u0161e primorski poslovne\u017e Sebastjan Ve\u017enaver oziroma njegovo podjetje \u0160ampionka, na\u0161 sogovornik pa je \u017ee pred mesecem dni, ko smo v Ozadjih razkrili namero ameri\u0161kega poslovne\u017ea, dejal, da je njegov cilj nadaljevati delo in okrepiti blagovno znamko Vinag za prihodnje generacije, pri \u010demer upa, da ne bo tr\u010dil \u00bbob nasprotovanje, denimo, kitajske skupine in njihovih podpornikov, o kateri se zdi, da je\u00a0&#8230;<\/p>\n","protected":false},"excerpt":{"rendered":"<p>Kategorija: Ozadja Sun, 15 Oct 2017 21:00:00 +0200  Propadlo podjetje je kupil na dra\u017ebi za 1,96 milijona evrov. Denar mora od\u0161teti najkasneje do 11. decembra. Ne dvomi, da bo posel uspe\u0161no izpeljal do konca. Pa \u010deprav je, \u0161e preden je vanj dobro ugriznil, \u017ee ob\u010dutil, da njegova poteza na doma\u010dih tleh ni vsem po volji. Takoj po opravljeni dra\u017ebi se je v javnosti na\u010delo vpra\u0161anje na\u010dina nakupa propadlega vinarja, za katerega se je poleg Luke\u017ei\u010da potegoval \u0161e primorski poslovne\u017e Sebastjan Ve\u017enaver oziroma njegovo podjetje \u0160ampionka, na\u0161 sogovornik pa je \u017ee pred mesecem dni, ko smo v Ozadjih razkrili namero ameri\u0161kega poslovne\u017ea, dejal, da je njegov cilj nadaljevati delo in okrepiti blagovno znamko Vinag za prihodnje generacije, pri \u010demer upa, da ne bo tr\u010dil \u00bbob nasprotovanje, denimo, kitajske skupine in njihovih podpornikov, o kateri se zdi, da je\u00a0&#8230;<\/p>\n","protected":false},"author":1,"featured_media":0,"comment_status":"closed","ping_status":"closed","sticky":false,"template":"","format":"standard","meta":{"footnotes":""},"categories":[1179],"tags":[],"source":[1703],"supertag":[],"acf":[],"yoast_head":"<!-- This site is optimized with the Yoast SEO plugin v21.3 - https:\/\/yoast.com\/wordpress\/plugins\/seo\/ -->\n<title>Osebno z Jamesom Luke\u017ei\u010dem: Najprej Vinag, nato pa \u0161e brhka Slovenka - Hudo Slovenija<\/title>\n<meta name=\"robots\" content=\"index, follow, max-snippet:-1, max-image-preview:large, max-video-preview:-1\" \/>\n<link rel=\"canonical\" href=\"https:\/\/hudo.com\/si\/aktualno\/osebno-z-jamesom-lukezicem-najprej-vinag-nato-pa-se-brhka-slovenka\/\" \/>\n<meta property=\"og:locale\" content=\"sl_SI\" \/>\n<meta property=\"og:type\" content=\"article\" \/>\n<meta property=\"og:title\" content=\"Osebno z Jamesom Luke\u017ei\u010dem: Najprej Vinag, nato pa \u0161e brhka Slovenka - Hudo Slovenija\" \/>\n<meta property=\"og:description\" content=\"Kategorija: Ozadja Sun, 15 Oct 2017 21:00:00 +0200 Propadlo podjetje je kupil na dra\u017ebi za 1,96 milijona evrov. Denar mora od\u0161teti najkasneje do 11. decembra. Ne dvomi, da bo posel uspe\u0161no izpeljal do konca. Pa \u010deprav je, \u0161e preden je vanj dobro ugriznil, \u017ee ob\u010dutil, da njegova poteza na doma\u010dih tleh ni vsem po volji. Takoj po opravljeni dra\u017ebi se je v javnosti na\u010delo vpra\u0161anje na\u010dina nakupa propadlega vinarja, za katerega se je poleg Luke\u017ei\u010da potegoval \u0161e primorski poslovne\u017e Sebastjan Ve\u017enaver oziroma njegovo podjetje \u0160ampionka, na\u0161 sogovornik pa je \u017ee pred mesecem dni, ko smo v Ozadjih razkrili namero ameri\u0161kega poslovne\u017ea, dejal, da je njegov cilj nadaljevati delo in okrepiti blagovno znamko Vinag za prihodnje generacije, pri \u010demer upa, da ne bo tr\u010dil \u00bbob nasprotovanje, denimo, kitajske skupine in njihovih podpornikov, o kateri se zdi, da je\u00a0...\" \/>\n<meta property=\"og:url\" content=\"https:\/\/hudo.com\/si\/aktualno\/osebno-z-jamesom-lukezicem-najprej-vinag-nato-pa-se-brhka-slovenka\/\" \/>\n<meta property=\"og:site_name\" content=\"Hudo Slovenija\" \/>\n<meta property=\"article:publisher\" content=\"https:\/\/www.facebook.com\/hudo.si\" \/>\n<meta property=\"article:published_time\" content=\"2017-10-15T17:00:00+00:00\" \/>\n<meta property=\"og:image\" content=\"https:\/\/hudo.com\/si\/wp-content\/uploads\/sites\/2\/2017\/10\/480x290_Delo_Foto-20171006115528-52493000.jpeg\" \/>\n\t<meta property=\"og:image:width\" content=\"480\" \/>\n\t<meta property=\"og:image:height\" content=\"290\" \/>\n\t<meta property=\"og:image:type\" content=\"image\/jpeg\" \/>\n<meta name=\"author\" content=\"hudo\" \/>\n<meta name=\"twitter:card\" content=\"summary_large_image\" \/>\n<meta name=\"twitter:creator\" content=\"@hudo_si\" \/>\n<meta name=\"twitter:site\" content=\"@hudo_si\" \/>\n<meta name=\"twitter:label1\" content=\"Written by\" \/>\n\t<meta name=\"twitter:data1\" content=\"hudo\" \/>\n\t<meta name=\"twitter:label2\" content=\"Est. reading time\" \/>\n\t<meta name=\"twitter:data2\" content=\"1 minuta\" \/>\n<script type=\"application\/ld+json\" class=\"yoast-schema-graph\">{\"@context\":\"https:\/\/schema.org\",\"@graph\":[{\"@type\":\"Article\",\"@id\":\"https:\/\/hudo.com\/si\/aktualno\/osebno-z-jamesom-lukezicem-najprej-vinag-nato-pa-se-brhka-slovenka\/#article\",\"isPartOf\":{\"@id\":\"https:\/\/hudo.com\/si\/aktualno\/osebno-z-jamesom-lukezicem-najprej-vinag-nato-pa-se-brhka-slovenka\/\"},\"author\":{\"name\":\"hudo\",\"@id\":\"https:\/\/hudo.com\/si\/#\/schema\/person\/601cf3379633985b20f7e50f2bb47707\"},\"headline\":\"Osebno z Jamesom Luke\u017ei\u010dem: Najprej Vinag, nato pa \u0161e brhka Slovenka\",\"datePublished\":\"2017-10-15T17:00:00+00:00\",\"dateModified\":\"2017-10-15T17:00:00+00:00\",\"mainEntityOfPage\":{\"@id\":\"https:\/\/hudo.com\/si\/aktualno\/osebno-z-jamesom-lukezicem-najprej-vinag-nato-pa-se-brhka-slovenka\/\"},\"wordCount\":159,\"publisher\":{\"@id\":\"https:\/\/hudo.com\/si\/#organization\"},\"articleSection\":[\"Aktualno\"],\"inLanguage\":\"sl-SI\"},{\"@type\":\"WebPage\",\"@id\":\"https:\/\/hudo.com\/si\/aktualno\/osebno-z-jamesom-lukezicem-najprej-vinag-nato-pa-se-brhka-slovenka\/\",\"url\":\"https:\/\/hudo.com\/si\/aktualno\/osebno-z-jamesom-lukezicem-najprej-vinag-nato-pa-se-brhka-slovenka\/\",\"name\":\"Osebno z Jamesom Luke\u017ei\u010dem: Najprej Vinag, nato pa \u0161e brhka Slovenka - Hudo Slovenija\",\"isPartOf\":{\"@id\":\"https:\/\/hudo.com\/si\/#website\"},\"datePublished\":\"2017-10-15T17:00:00+00:00\",\"dateModified\":\"2017-10-15T17:00:00+00:00\",\"breadcrumb\":{\"@id\":\"https:\/\/hudo.com\/si\/aktualno\/osebno-z-jamesom-lukezicem-najprej-vinag-nato-pa-se-brhka-slovenka\/#breadcrumb\"},\"inLanguage\":\"sl-SI\",\"potentialAction\":[{\"@type\":\"ReadAction\",\"target\":[\"https:\/\/hudo.com\/si\/aktualno\/osebno-z-jamesom-lukezicem-najprej-vinag-nato-pa-se-brhka-slovenka\/\"]}]},{\"@type\":\"BreadcrumbList\",\"@id\":\"https:\/\/hudo.com\/si\/aktualno\/osebno-z-jamesom-lukezicem-najprej-vinag-nato-pa-se-brhka-slovenka\/#breadcrumb\",\"itemListElement\":[{\"@type\":\"ListItem\",\"position\":1,\"name\":\"Home\",\"item\":\"https:\/\/hudo.com\/si\/\"},{\"@type\":\"ListItem\",\"position\":2,\"name\":\"Osebno z Jamesom Luke\u017ei\u010dem: Najprej Vinag, nato pa \u0161e brhka Slovenka\"}]},{\"@type\":\"WebSite\",\"@id\":\"https:\/\/hudo.com\/si\/#website\",\"url\":\"https:\/\/hudo.com\/si\/\",\"name\":\"Hudo Slovenija\",\"description\":\"Vse novice iz Slovenije in sveta\",\"publisher\":{\"@id\":\"https:\/\/hudo.com\/si\/#organization\"},\"potentialAction\":[{\"@type\":\"SearchAction\",\"target\":{\"@type\":\"EntryPoint\",\"urlTemplate\":\"https:\/\/hudo.com\/si\/?s={search_term_string}\"},\"query-input\":\"required name=search_term_string\"}],\"inLanguage\":\"sl-SI\"},{\"@type\":\"Organization\",\"@id\":\"https:\/\/hudo.com\/si\/#organization\",\"name\":\"VSN Media\",\"url\":\"https:\/\/hudo.com\/si\/\",\"logo\":{\"@type\":\"ImageObject\",\"inLanguage\":\"sl-SI\",\"@id\":\"https:\/\/hudo.com\/si\/#\/schema\/logo\/image\/\",\"url\":\"https:\/\/hudo.com\/si\/wp-content\/uploads\/sites\/2\/2021\/03\/hudo-app-2.png\",\"contentUrl\":\"https:\/\/hudo.com\/si\/wp-content\/uploads\/sites\/2\/2021\/03\/hudo-app-2.png\",\"width\":2185,\"height\":2167,\"caption\":\"VSN Media\"},\"image\":{\"@id\":\"https:\/\/hudo.com\/si\/#\/schema\/logo\/image\/\"},\"sameAs\":[\"https:\/\/www.facebook.com\/hudo.si\",\"https:\/\/twitter.com\/hudo_si\"]},{\"@type\":\"Person\",\"@id\":\"https:\/\/hudo.com\/si\/#\/schema\/person\/601cf3379633985b20f7e50f2bb47707\",\"name\":\"hudo\",\"image\":{\"@type\":\"ImageObject\",\"inLanguage\":\"sl-SI\",\"@id\":\"https:\/\/hudo.com\/si\/#\/schema\/person\/image\/\",\"url\":\"https:\/\/secure.gravatar.com\/avatar\/c4ca25fa72cace7a696b52ff5db9e095?s=96&d=mm&r=g\",\"contentUrl\":\"https:\/\/secure.gravatar.com\/avatar\/c4ca25fa72cace7a696b52ff5db9e095?s=96&d=mm&r=g\",\"caption\":\"hudo\"},\"url\":\"https:\/\/hudo.com\/si\/author\/hudo\/\"}]}<\/script>\n<!-- \/ Yoast SEO plugin. -->","yoast_head_json":{"title":"Osebno z Jamesom Luke\u017ei\u010dem: Najprej Vinag, nato pa \u0161e brhka Slovenka - Hudo Slovenija","robots":{"index":"index","follow":"follow","max-snippet":"max-snippet:-1","max-image-preview":"max-image-preview:large","max-video-preview":"max-video-preview:-1"},"canonical":"https:\/\/hudo.com\/si\/aktualno\/osebno-z-jamesom-lukezicem-najprej-vinag-nato-pa-se-brhka-slovenka\/","og_locale":"sl_SI","og_type":"article","og_title":"Osebno z Jamesom Luke\u017ei\u010dem: Najprej Vinag, nato pa \u0161e brhka Slovenka - Hudo Slovenija","og_description":"Kategorija: Ozadja Sun, 15 Oct 2017 21:00:00 +0200 Propadlo podjetje je kupil na dra\u017ebi za 1,96 milijona evrov. Denar mora od\u0161teti najkasneje do 11. decembra. Ne dvomi, da bo posel uspe\u0161no izpeljal do konca. Pa \u010deprav je, \u0161e preden je vanj dobro ugriznil, \u017ee ob\u010dutil, da njegova poteza na doma\u010dih tleh ni vsem po volji. Takoj po opravljeni dra\u017ebi se je v javnosti na\u010delo vpra\u0161anje na\u010dina nakupa propadlega vinarja, za katerega se je poleg Luke\u017ei\u010da potegoval \u0161e primorski poslovne\u017e Sebastjan Ve\u017enaver oziroma njegovo podjetje \u0160ampionka, na\u0161 sogovornik pa je \u017ee pred mesecem dni, ko smo v Ozadjih razkrili namero ameri\u0161kega poslovne\u017ea, dejal, da je njegov cilj nadaljevati delo in okrepiti blagovno znamko Vinag za prihodnje generacije, pri \u010demer upa, da ne bo tr\u010dil \u00bbob nasprotovanje, denimo, kitajske skupine in njihovih podpornikov, o kateri se zdi, da je\u00a0...","og_url":"https:\/\/hudo.com\/si\/aktualno\/osebno-z-jamesom-lukezicem-najprej-vinag-nato-pa-se-brhka-slovenka\/","og_site_name":"Hudo Slovenija","article_publisher":"https:\/\/www.facebook.com\/hudo.si","article_published_time":"2017-10-15T17:00:00+00:00","og_image":[{"width":480,"height":290,"url":"https:\/\/hudo.com\/si\/wp-content\/uploads\/sites\/2\/2017\/10\/480x290_Delo_Foto-20171006115528-52493000.jpeg","type":"image\/jpeg"}],"author":"hudo","twitter_card":"summary_large_image","twitter_creator":"@hudo_si","twitter_site":"@hudo_si","twitter_misc":{"Written by":"hudo","Est. reading time":"1 minuta"},"schema":{"@context":"https:\/\/schema.org","@graph":[{"@type":"Article","@id":"https:\/\/hudo.com\/si\/aktualno\/osebno-z-jamesom-lukezicem-najprej-vinag-nato-pa-se-brhka-slovenka\/#article","isPartOf":{"@id":"https:\/\/hudo.com\/si\/aktualno\/osebno-z-jamesom-lukezicem-najprej-vinag-nato-pa-se-brhka-slovenka\/"},"author":{"name":"hudo","@id":"https:\/\/hudo.com\/si\/#\/schema\/person\/601cf3379633985b20f7e50f2bb47707"},"headline":"Osebno z Jamesom Luke\u017ei\u010dem: Najprej Vinag, nato pa \u0161e brhka Slovenka","datePublished":"2017-10-15T17:00:00+00:00","dateModified":"2017-10-15T17:00:00+00:00","mainEntityOfPage":{"@id":"https:\/\/hudo.com\/si\/aktualno\/osebno-z-jamesom-lukezicem-najprej-vinag-nato-pa-se-brhka-slovenka\/"},"wordCount":159,"publisher":{"@id":"https:\/\/hudo.com\/si\/#organization"},"articleSection":["Aktualno"],"inLanguage":"sl-SI"},{"@type":"WebPage","@id":"https:\/\/hudo.com\/si\/aktualno\/osebno-z-jamesom-lukezicem-najprej-vinag-nato-pa-se-brhka-slovenka\/","url":"https:\/\/hudo.com\/si\/aktualno\/osebno-z-jamesom-lukezicem-najprej-vinag-nato-pa-se-brhka-slovenka\/","name":"Osebno z Jamesom Luke\u017ei\u010dem: Najprej Vinag, nato pa \u0161e brhka Slovenka - Hudo Slovenija","isPartOf":{"@id":"https:\/\/hudo.com\/si\/#website"},"datePublished":"2017-10-15T17:00:00+00:00","dateModified":"2017-10-15T17:00:00+00:00","breadcrumb":{"@id":"https:\/\/hudo.com\/si\/aktualno\/osebno-z-jamesom-lukezicem-najprej-vinag-nato-pa-se-brhka-slovenka\/#breadcrumb"},"inLanguage":"sl-SI","potentialAction":[{"@type":"ReadAction","target":["https:\/\/hudo.com\/si\/aktualno\/osebno-z-jamesom-lukezicem-najprej-vinag-nato-pa-se-brhka-slovenka\/"]}]},{"@type":"BreadcrumbList","@id":"https:\/\/hudo.com\/si\/aktualno\/osebno-z-jamesom-lukezicem-najprej-vinag-nato-pa-se-brhka-slovenka\/#breadcrumb","itemListElement":[{"@type":"ListItem","position":1,"name":"Home","item":"https:\/\/hudo.com\/si\/"},{"@type":"ListItem","position":2,"name":"Osebno z Jamesom Luke\u017ei\u010dem: Najprej Vinag, nato pa \u0161e brhka Slovenka"}]},{"@type":"WebSite","@id":"https:\/\/hudo.com\/si\/#website","url":"https:\/\/hudo.com\/si\/","name":"Hudo Slovenija","description":"Vse novice iz Slovenije in sveta","publisher":{"@id":"https:\/\/hudo.com\/si\/#organization"},"potentialAction":[{"@type":"SearchAction","target":{"@type":"EntryPoint","urlTemplate":"https:\/\/hudo.com\/si\/?s={search_term_string}"},"query-input":"required name=search_term_string"}],"inLanguage":"sl-SI"},{"@type":"Organization","@id":"https:\/\/hudo.com\/si\/#organization","name":"VSN Media","url":"https:\/\/hudo.com\/si\/","logo":{"@type":"ImageObject","inLanguage":"sl-SI","@id":"https:\/\/hudo.com\/si\/#\/schema\/logo\/image\/","url":"https:\/\/hudo.com\/si\/wp-content\/uploads\/sites\/2\/2021\/03\/hudo-app-2.png","contentUrl":"https:\/\/hudo.com\/si\/wp-content\/uploads\/sites\/2\/2021\/03\/hudo-app-2.png","width":2185,"height":2167,"caption":"VSN Media"},"image":{"@id":"https:\/\/hudo.com\/si\/#\/schema\/logo\/image\/"},"sameAs":["https:\/\/www.facebook.com\/hudo.si","https:\/\/twitter.com\/hudo_si"]},{"@type":"Person","@id":"https:\/\/hudo.com\/si\/#\/schema\/person\/601cf3379633985b20f7e50f2bb47707","name":"hudo","image":{"@type":"ImageObject","inLanguage":"sl-SI","@id":"https:\/\/hudo.com\/si\/#\/schema\/person\/image\/","url":"https:\/\/secure.gravatar.com\/avatar\/c4ca25fa72cace7a696b52ff5db9e095?s=96&d=mm&r=g","contentUrl":"https:\/\/secure.gravatar.com\/avatar\/c4ca25fa72cace7a696b52ff5db9e095?s=96&d=mm&r=g","caption":"hudo"},"url":"https:\/\/hudo.com\/si\/author\/hudo\/"}]}},"amp_enabled":true,"_links":{"self":[{"href":"https:\/\/hudo.com\/si\/wp-json\/wp\/v2\/posts\/310398"}],"collection":[{"href":"https:\/\/hudo.com\/si\/wp-json\/wp\/v2\/posts"}],"about":[{"href":"https:\/\/hudo.com\/si\/wp-json\/wp\/v2\/types\/post"}],"author":[{"embeddable":true,"href":"https:\/\/hudo.com\/si\/wp-json\/wp\/v2\/users\/1"}],"replies":[{"embeddable":true,"href":"https:\/\/hudo.com\/si\/wp-json\/wp\/v2\/comments?post=310398"}],"version-history":[{"count":0,"href":"https:\/\/hudo.com\/si\/wp-json\/wp\/v2\/posts\/310398\/revisions"}],"wp:attachment":[{"href":"https:\/\/hudo.com\/si\/wp-json\/wp\/v2\/media?parent=310398"}],"wp:term":[{"taxonomy":"category","embeddable":true,"href":"https:\/\/hudo.com\/si\/wp-json\/wp\/v2\/categories?post=310398"},{"taxonomy":"post_tag","embeddable":true,"href":"https:\/\/hudo.com\/si\/wp-json\/wp\/v2\/tags?post=310398"},{"taxonomy":"source","embeddable":true,"href":"https:\/\/hudo.com\/si\/wp-json\/wp\/v2\/source?post=310398"},{"taxonomy":"supertag","embeddable":true,"href":"https:\/\/hudo.com\/si\/wp-json\/wp\/v2\/supertag?post=310398"}],"curies":[{"name":"wp","href":"https:\/\/api.w.org\/{rel}","templated":true}]}}