{"id":310420,"date":"2017-10-15T19:42:00","date_gmt":"2017-10-15T17:42:00","guid":{"rendered":"http:\/\/hudo.com\/si\/2017\/10\/15\/ob-najvecji-zasegi-mamil-prijeta-dva-slovenca\/"},"modified":"2017-10-15T19:42:00","modified_gmt":"2017-10-15T17:42:00","slug":"ob-najvecji-zasegi-mamil-prijeta-dva-slovenca","status":"publish","type":"post","link":"https:\/\/hudo.com\/si\/aktualno\/ob-najvecji-zasegi-mamil-prijeta-dva-slovenca\/","title":{"rendered":"Ob najve\u010dji zasegi mamil prijeta dva Slovenca"},"content":{"rendered":"<p>Kategorija: Kronika Sun, 15 Oct 2017 21:42:00 +0200  Valletta &#8211; Med petimi aretiranimi pri zasegu doslej najve\u010dje koli\u010dine mamil na Malti, sta bila tudi dva slovenska dr\u017eavljana, poro\u010dajo malte\u0161ki mediji. Policija je zasegla kar 550 kilogramov marihuane, vrednih ve\u010d milijonov evrov. V \u010detrtek zve\u010der so zasegli tudi 100.000 evrov gotovine, kar po ocenah policije ka\u017ee na to, da je \u0161lo za operacijo pranja denarja, je poro\u010dal Times of Malta. Slovenca \u0161e nista bila pred sodnikom Ob dveh Slovencih je policija prijela \u0161e dva Italijana, stara 60 in 42 let, ter 35-letnega Malte\u017eana. Za Malte\u017eana in Italijana je sodi\u0161\u010de v soboto \u017ee odredilo pripor, \u010deprav so se vsi trije izrekli za nedol\u017ene glede obto\u017ebe o trgovini z mamili. Slovenca \u0161e nista stopila pred sodnika. Trojico so obto\u017eili zaradi trgovine z mamili in posedovanja mamil, Italijana pa \u0161e za pranje denarja, je poro\u010dal\u00a0&#8230;<\/p>\n","protected":false},"excerpt":{"rendered":"<p>Kategorija: Kronika Sun, 15 Oct 2017 21:42:00 +0200  Valletta &#8211; Med petimi aretiranimi pri zasegu doslej najve\u010dje koli\u010dine mamil na Malti, sta bila tudi dva slovenska dr\u017eavljana, poro\u010dajo malte\u0161ki mediji. Policija je zasegla kar 550 kilogramov marihuane, vrednih ve\u010d milijonov evrov. V \u010detrtek zve\u010der so zasegli tudi 100.000 evrov gotovine, kar po ocenah policije ka\u017ee na to, da je \u0161lo za operacijo pranja denarja, je poro\u010dal Times of Malta. Slovenca \u0161e nista bila pred sodnikom Ob dveh Slovencih je policija prijela \u0161e dva Italijana, stara 60 in 42 let, ter 35-letnega Malte\u017eana. Za Malte\u017eana in Italijana je sodi\u0161\u010de v soboto \u017ee odredilo pripor, \u010deprav so se vsi trije izrekli za nedol\u017ene glede obto\u017ebe o trgovini z mamili. Slovenca \u0161e nista stopila pred sodnika. Trojico so obto\u017eili zaradi trgovine z mamili in posedovanja mamil, Italijana pa \u0161e za pranje denarja, je poro\u010dal\u00a0&#8230;<\/p>\n","protected":false},"author":1,"featured_media":0,"comment_status":"closed","ping_status":"closed","sticky":false,"template":"","format":"standard","meta":{"footnotes":""},"categories":[1179],"tags":[],"source":[1703],"supertag":[],"acf":[],"yoast_head":"<!-- This site is optimized with the Yoast SEO plugin v21.3 - https:\/\/yoast.com\/wordpress\/plugins\/seo\/ -->\n<title>Ob najve\u010dji zasegi mamil prijeta dva Slovenca - Hudo Slovenija<\/title>\n<meta name=\"robots\" content=\"index, follow, max-snippet:-1, max-image-preview:large, max-video-preview:-1\" \/>\n<link rel=\"canonical\" href=\"https:\/\/hudo.com\/si\/aktualno\/ob-najvecji-zasegi-mamil-prijeta-dva-slovenca\/\" \/>\n<meta property=\"og:locale\" content=\"sl_SI\" \/>\n<meta property=\"og:type\" content=\"article\" \/>\n<meta property=\"og:title\" content=\"Ob najve\u010dji zasegi mamil prijeta dva Slovenca - Hudo Slovenija\" \/>\n<meta property=\"og:description\" content=\"Kategorija: Kronika Sun, 15 Oct 2017 21:42:00 +0200 Valletta - Med petimi aretiranimi pri zasegu doslej najve\u010dje koli\u010dine mamil na Malti, sta bila tudi dva slovenska dr\u017eavljana, poro\u010dajo malte\u0161ki mediji. Policija je zasegla kar 550 kilogramov marihuane, vrednih ve\u010d milijonov evrov. V \u010detrtek zve\u010der so zasegli tudi 100.000 evrov gotovine, kar po ocenah policije ka\u017ee na to, da je \u0161lo za operacijo pranja denarja, je poro\u010dal Times of Malta. Slovenca \u0161e nista bila pred sodnikom Ob dveh Slovencih je policija prijela \u0161e dva Italijana, stara 60 in 42 let, ter 35-letnega Malte\u017eana. Za Malte\u017eana in Italijana je sodi\u0161\u010de v soboto \u017ee odredilo pripor, \u010deprav so se vsi trije izrekli za nedol\u017ene glede obto\u017ebe o trgovini z mamili. Slovenca \u0161e nista stopila pred sodnika. Trojico so obto\u017eili zaradi trgovine z mamili in posedovanja mamil, Italijana pa \u0161e za pranje denarja, je poro\u010dal\u00a0...\" \/>\n<meta property=\"og:url\" content=\"https:\/\/hudo.com\/si\/aktualno\/ob-najvecji-zasegi-mamil-prijeta-dva-slovenca\/\" \/>\n<meta property=\"og:site_name\" content=\"Hudo Slovenija\" \/>\n<meta property=\"article:publisher\" content=\"https:\/\/www.facebook.com\/hudo.si\" \/>\n<meta property=\"article:published_time\" content=\"2017-10-15T17:42:00+00:00\" \/>\n<meta property=\"og:image\" content=\"https:\/\/hudo.com\/si\/wp-content\/uploads\/sites\/2\/2017\/10\/480x290_Kronika__djvu_2515359_preda_hires0.jpeg\" \/>\n\t<meta property=\"og:image:width\" content=\"480\" \/>\n\t<meta property=\"og:image:height\" content=\"290\" \/>\n\t<meta property=\"og:image:type\" content=\"image\/jpeg\" \/>\n<meta name=\"author\" content=\"hudo\" \/>\n<meta name=\"twitter:card\" content=\"summary_large_image\" \/>\n<meta name=\"twitter:creator\" content=\"@hudo_si\" \/>\n<meta name=\"twitter:site\" content=\"@hudo_si\" \/>\n<meta name=\"twitter:label1\" content=\"Written by\" \/>\n\t<meta name=\"twitter:data1\" content=\"hudo\" \/>\n\t<meta name=\"twitter:label2\" content=\"Est. reading time\" \/>\n\t<meta name=\"twitter:data2\" content=\"1 minuta\" \/>\n<script type=\"application\/ld+json\" class=\"yoast-schema-graph\">{\"@context\":\"https:\/\/schema.org\",\"@graph\":[{\"@type\":\"Article\",\"@id\":\"https:\/\/hudo.com\/si\/aktualno\/ob-najvecji-zasegi-mamil-prijeta-dva-slovenca\/#article\",\"isPartOf\":{\"@id\":\"https:\/\/hudo.com\/si\/aktualno\/ob-najvecji-zasegi-mamil-prijeta-dva-slovenca\/\"},\"author\":{\"name\":\"hudo\",\"@id\":\"https:\/\/hudo.com\/si\/#\/schema\/person\/601cf3379633985b20f7e50f2bb47707\"},\"headline\":\"Ob najve\u010dji zasegi mamil prijeta dva Slovenca\",\"datePublished\":\"2017-10-15T17:42:00+00:00\",\"dateModified\":\"2017-10-15T17:42:00+00:00\",\"mainEntityOfPage\":{\"@id\":\"https:\/\/hudo.com\/si\/aktualno\/ob-najvecji-zasegi-mamil-prijeta-dva-slovenca\/\"},\"wordCount\":156,\"publisher\":{\"@id\":\"https:\/\/hudo.com\/si\/#organization\"},\"articleSection\":[\"Aktualno\"],\"inLanguage\":\"sl-SI\"},{\"@type\":\"WebPage\",\"@id\":\"https:\/\/hudo.com\/si\/aktualno\/ob-najvecji-zasegi-mamil-prijeta-dva-slovenca\/\",\"url\":\"https:\/\/hudo.com\/si\/aktualno\/ob-najvecji-zasegi-mamil-prijeta-dva-slovenca\/\",\"name\":\"Ob najve\u010dji zasegi mamil prijeta dva Slovenca - Hudo Slovenija\",\"isPartOf\":{\"@id\":\"https:\/\/hudo.com\/si\/#website\"},\"datePublished\":\"2017-10-15T17:42:00+00:00\",\"dateModified\":\"2017-10-15T17:42:00+00:00\",\"breadcrumb\":{\"@id\":\"https:\/\/hudo.com\/si\/aktualno\/ob-najvecji-zasegi-mamil-prijeta-dva-slovenca\/#breadcrumb\"},\"inLanguage\":\"sl-SI\",\"potentialAction\":[{\"@type\":\"ReadAction\",\"target\":[\"https:\/\/hudo.com\/si\/aktualno\/ob-najvecji-zasegi-mamil-prijeta-dva-slovenca\/\"]}]},{\"@type\":\"BreadcrumbList\",\"@id\":\"https:\/\/hudo.com\/si\/aktualno\/ob-najvecji-zasegi-mamil-prijeta-dva-slovenca\/#breadcrumb\",\"itemListElement\":[{\"@type\":\"ListItem\",\"position\":1,\"name\":\"Home\",\"item\":\"https:\/\/hudo.com\/si\/\"},{\"@type\":\"ListItem\",\"position\":2,\"name\":\"Ob najve\u010dji zasegi mamil prijeta dva Slovenca\"}]},{\"@type\":\"WebSite\",\"@id\":\"https:\/\/hudo.com\/si\/#website\",\"url\":\"https:\/\/hudo.com\/si\/\",\"name\":\"Hudo Slovenija\",\"description\":\"Vse novice iz Slovenije in sveta\",\"publisher\":{\"@id\":\"https:\/\/hudo.com\/si\/#organization\"},\"potentialAction\":[{\"@type\":\"SearchAction\",\"target\":{\"@type\":\"EntryPoint\",\"urlTemplate\":\"https:\/\/hudo.com\/si\/?s={search_term_string}\"},\"query-input\":\"required name=search_term_string\"}],\"inLanguage\":\"sl-SI\"},{\"@type\":\"Organization\",\"@id\":\"https:\/\/hudo.com\/si\/#organization\",\"name\":\"VSN Media\",\"url\":\"https:\/\/hudo.com\/si\/\",\"logo\":{\"@type\":\"ImageObject\",\"inLanguage\":\"sl-SI\",\"@id\":\"https:\/\/hudo.com\/si\/#\/schema\/logo\/image\/\",\"url\":\"https:\/\/hudo.com\/si\/wp-content\/uploads\/sites\/2\/2021\/03\/hudo-app-2.png\",\"contentUrl\":\"https:\/\/hudo.com\/si\/wp-content\/uploads\/sites\/2\/2021\/03\/hudo-app-2.png\",\"width\":2185,\"height\":2167,\"caption\":\"VSN Media\"},\"image\":{\"@id\":\"https:\/\/hudo.com\/si\/#\/schema\/logo\/image\/\"},\"sameAs\":[\"https:\/\/www.facebook.com\/hudo.si\",\"https:\/\/twitter.com\/hudo_si\"]},{\"@type\":\"Person\",\"@id\":\"https:\/\/hudo.com\/si\/#\/schema\/person\/601cf3379633985b20f7e50f2bb47707\",\"name\":\"hudo\",\"image\":{\"@type\":\"ImageObject\",\"inLanguage\":\"sl-SI\",\"@id\":\"https:\/\/hudo.com\/si\/#\/schema\/person\/image\/\",\"url\":\"https:\/\/secure.gravatar.com\/avatar\/c4ca25fa72cace7a696b52ff5db9e095?s=96&d=mm&r=g\",\"contentUrl\":\"https:\/\/secure.gravatar.com\/avatar\/c4ca25fa72cace7a696b52ff5db9e095?s=96&d=mm&r=g\",\"caption\":\"hudo\"},\"url\":\"https:\/\/hudo.com\/si\/author\/hudo\/\"}]}<\/script>\n<!-- \/ Yoast SEO plugin. -->","yoast_head_json":{"title":"Ob najve\u010dji zasegi mamil prijeta dva Slovenca - Hudo Slovenija","robots":{"index":"index","follow":"follow","max-snippet":"max-snippet:-1","max-image-preview":"max-image-preview:large","max-video-preview":"max-video-preview:-1"},"canonical":"https:\/\/hudo.com\/si\/aktualno\/ob-najvecji-zasegi-mamil-prijeta-dva-slovenca\/","og_locale":"sl_SI","og_type":"article","og_title":"Ob najve\u010dji zasegi mamil prijeta dva Slovenca - Hudo Slovenija","og_description":"Kategorija: Kronika Sun, 15 Oct 2017 21:42:00 +0200 Valletta - Med petimi aretiranimi pri zasegu doslej najve\u010dje koli\u010dine mamil na Malti, sta bila tudi dva slovenska dr\u017eavljana, poro\u010dajo malte\u0161ki mediji. Policija je zasegla kar 550 kilogramov marihuane, vrednih ve\u010d milijonov evrov. V \u010detrtek zve\u010der so zasegli tudi 100.000 evrov gotovine, kar po ocenah policije ka\u017ee na to, da je \u0161lo za operacijo pranja denarja, je poro\u010dal Times of Malta. Slovenca \u0161e nista bila pred sodnikom Ob dveh Slovencih je policija prijela \u0161e dva Italijana, stara 60 in 42 let, ter 35-letnega Malte\u017eana. Za Malte\u017eana in Italijana je sodi\u0161\u010de v soboto \u017ee odredilo pripor, \u010deprav so se vsi trije izrekli za nedol\u017ene glede obto\u017ebe o trgovini z mamili. Slovenca \u0161e nista stopila pred sodnika. Trojico so obto\u017eili zaradi trgovine z mamili in posedovanja mamil, Italijana pa \u0161e za pranje denarja, je poro\u010dal\u00a0...","og_url":"https:\/\/hudo.com\/si\/aktualno\/ob-najvecji-zasegi-mamil-prijeta-dva-slovenca\/","og_site_name":"Hudo Slovenija","article_publisher":"https:\/\/www.facebook.com\/hudo.si","article_published_time":"2017-10-15T17:42:00+00:00","og_image":[{"width":480,"height":290,"url":"https:\/\/hudo.com\/si\/wp-content\/uploads\/sites\/2\/2017\/10\/480x290_Kronika__djvu_2515359_preda_hires0.jpeg","type":"image\/jpeg"}],"author":"hudo","twitter_card":"summary_large_image","twitter_creator":"@hudo_si","twitter_site":"@hudo_si","twitter_misc":{"Written by":"hudo","Est. reading time":"1 minuta"},"schema":{"@context":"https:\/\/schema.org","@graph":[{"@type":"Article","@id":"https:\/\/hudo.com\/si\/aktualno\/ob-najvecji-zasegi-mamil-prijeta-dva-slovenca\/#article","isPartOf":{"@id":"https:\/\/hudo.com\/si\/aktualno\/ob-najvecji-zasegi-mamil-prijeta-dva-slovenca\/"},"author":{"name":"hudo","@id":"https:\/\/hudo.com\/si\/#\/schema\/person\/601cf3379633985b20f7e50f2bb47707"},"headline":"Ob najve\u010dji zasegi mamil prijeta dva Slovenca","datePublished":"2017-10-15T17:42:00+00:00","dateModified":"2017-10-15T17:42:00+00:00","mainEntityOfPage":{"@id":"https:\/\/hudo.com\/si\/aktualno\/ob-najvecji-zasegi-mamil-prijeta-dva-slovenca\/"},"wordCount":156,"publisher":{"@id":"https:\/\/hudo.com\/si\/#organization"},"articleSection":["Aktualno"],"inLanguage":"sl-SI"},{"@type":"WebPage","@id":"https:\/\/hudo.com\/si\/aktualno\/ob-najvecji-zasegi-mamil-prijeta-dva-slovenca\/","url":"https:\/\/hudo.com\/si\/aktualno\/ob-najvecji-zasegi-mamil-prijeta-dva-slovenca\/","name":"Ob najve\u010dji zasegi mamil prijeta dva Slovenca - Hudo Slovenija","isPartOf":{"@id":"https:\/\/hudo.com\/si\/#website"},"datePublished":"2017-10-15T17:42:00+00:00","dateModified":"2017-10-15T17:42:00+00:00","breadcrumb":{"@id":"https:\/\/hudo.com\/si\/aktualno\/ob-najvecji-zasegi-mamil-prijeta-dva-slovenca\/#breadcrumb"},"inLanguage":"sl-SI","potentialAction":[{"@type":"ReadAction","target":["https:\/\/hudo.com\/si\/aktualno\/ob-najvecji-zasegi-mamil-prijeta-dva-slovenca\/"]}]},{"@type":"BreadcrumbList","@id":"https:\/\/hudo.com\/si\/aktualno\/ob-najvecji-zasegi-mamil-prijeta-dva-slovenca\/#breadcrumb","itemListElement":[{"@type":"ListItem","position":1,"name":"Home","item":"https:\/\/hudo.com\/si\/"},{"@type":"ListItem","position":2,"name":"Ob najve\u010dji zasegi mamil prijeta dva Slovenca"}]},{"@type":"WebSite","@id":"https:\/\/hudo.com\/si\/#website","url":"https:\/\/hudo.com\/si\/","name":"Hudo Slovenija","description":"Vse novice iz Slovenije in sveta","publisher":{"@id":"https:\/\/hudo.com\/si\/#organization"},"potentialAction":[{"@type":"SearchAction","target":{"@type":"EntryPoint","urlTemplate":"https:\/\/hudo.com\/si\/?s={search_term_string}"},"query-input":"required name=search_term_string"}],"inLanguage":"sl-SI"},{"@type":"Organization","@id":"https:\/\/hudo.com\/si\/#organization","name":"VSN Media","url":"https:\/\/hudo.com\/si\/","logo":{"@type":"ImageObject","inLanguage":"sl-SI","@id":"https:\/\/hudo.com\/si\/#\/schema\/logo\/image\/","url":"https:\/\/hudo.com\/si\/wp-content\/uploads\/sites\/2\/2021\/03\/hudo-app-2.png","contentUrl":"https:\/\/hudo.com\/si\/wp-content\/uploads\/sites\/2\/2021\/03\/hudo-app-2.png","width":2185,"height":2167,"caption":"VSN Media"},"image":{"@id":"https:\/\/hudo.com\/si\/#\/schema\/logo\/image\/"},"sameAs":["https:\/\/www.facebook.com\/hudo.si","https:\/\/twitter.com\/hudo_si"]},{"@type":"Person","@id":"https:\/\/hudo.com\/si\/#\/schema\/person\/601cf3379633985b20f7e50f2bb47707","name":"hudo","image":{"@type":"ImageObject","inLanguage":"sl-SI","@id":"https:\/\/hudo.com\/si\/#\/schema\/person\/image\/","url":"https:\/\/secure.gravatar.com\/avatar\/c4ca25fa72cace7a696b52ff5db9e095?s=96&d=mm&r=g","contentUrl":"https:\/\/secure.gravatar.com\/avatar\/c4ca25fa72cace7a696b52ff5db9e095?s=96&d=mm&r=g","caption":"hudo"},"url":"https:\/\/hudo.com\/si\/author\/hudo\/"}]}},"amp_enabled":true,"_links":{"self":[{"href":"https:\/\/hudo.com\/si\/wp-json\/wp\/v2\/posts\/310420"}],"collection":[{"href":"https:\/\/hudo.com\/si\/wp-json\/wp\/v2\/posts"}],"about":[{"href":"https:\/\/hudo.com\/si\/wp-json\/wp\/v2\/types\/post"}],"author":[{"embeddable":true,"href":"https:\/\/hudo.com\/si\/wp-json\/wp\/v2\/users\/1"}],"replies":[{"embeddable":true,"href":"https:\/\/hudo.com\/si\/wp-json\/wp\/v2\/comments?post=310420"}],"version-history":[{"count":0,"href":"https:\/\/hudo.com\/si\/wp-json\/wp\/v2\/posts\/310420\/revisions"}],"wp:attachment":[{"href":"https:\/\/hudo.com\/si\/wp-json\/wp\/v2\/media?parent=310420"}],"wp:term":[{"taxonomy":"category","embeddable":true,"href":"https:\/\/hudo.com\/si\/wp-json\/wp\/v2\/categories?post=310420"},{"taxonomy":"post_tag","embeddable":true,"href":"https:\/\/hudo.com\/si\/wp-json\/wp\/v2\/tags?post=310420"},{"taxonomy":"source","embeddable":true,"href":"https:\/\/hudo.com\/si\/wp-json\/wp\/v2\/source?post=310420"},{"taxonomy":"supertag","embeddable":true,"href":"https:\/\/hudo.com\/si\/wp-json\/wp\/v2\/supertag?post=310420"}],"curies":[{"name":"wp","href":"https:\/\/api.w.org\/{rel}","templated":true}]}}