{"id":310452,"date":"2017-10-16T05:00:00","date_gmt":"2017-10-16T03:00:00","guid":{"rendered":"http:\/\/hudo.com\/si\/2017\/10\/16\/sanacija-agrokorja-ples-v-ritmu-vlahovica-in-tedeschija\/"},"modified":"2017-10-16T05:00:00","modified_gmt":"2017-10-16T03:00:00","slug":"sanacija-agrokorja-ples-v-ritmu-vlahovica-in-tedeschija","status":"publish","type":"post","link":"https:\/\/hudo.com\/si\/aktualno\/sanacija-agrokorja-ples-v-ritmu-vlahovica-in-tedeschija\/","title":{"rendered":"Sanacija Agrokorja: Ples v ritmu Vlahovi\u0107a in Tedeschija"},"content":{"rendered":"<p>Kategorija: Podjetja Mon, 16 Oct 2017 07:00:00 +0200  Ljubljana \u2013 Agrokor bo treba nujno dokapitalizirati, sicer bo skupina z vsemi h\u010derami in Mercatorjem vred v devetih mesecih \u0161la v ste\u010daj, je za hrva\u0161ki Jutarnji list povedal ljubljanski \u017eupan Zoran Jankovi\u0107. Mo\u017ena re\u0161itelja sta Adris in Atlantic Grupa. Potem ko je izredni upravitelj Agrokorja Ante Ramljak objavil izsledke izredne revizije preteklega poslovanja, iz katerih je razvidno, da se je nabralo za skoraj dve milijardi evrov luknje v kapital, je Ramljak znova poudaril, da hrva\u0161ki davkopla\u010devalci ne bodo pla\u010devali za sanacijo nasedlega velikana. \u00bbNekdo bo ta denar moral dati, \u010de ne davkopla\u010devalci, je jasno, kdo bo to,\u00ab pravi Matej Lahovnik, \u010dlan nadzornega sveta Mercatorja, ki je prepri\u010dan, da sanacije Agrokorja ne bo brez posega v \u017eepe upnikov. Jankovi\u0107 daje devet mesecev \u010dasa Tudi \u017eupan Ljubljane in nekdanji predsednik uprave\u00a0&#8230;<\/p>\n","protected":false},"excerpt":{"rendered":"<p>Kategorija: Podjetja Mon, 16 Oct 2017 07:00:00 +0200  Ljubljana \u2013 Agrokor bo treba nujno dokapitalizirati, sicer bo skupina z vsemi h\u010derami in Mercatorjem vred v devetih mesecih \u0161la v ste\u010daj, je za hrva\u0161ki Jutarnji list povedal ljubljanski \u017eupan Zoran Jankovi\u0107. Mo\u017ena re\u0161itelja sta Adris in Atlantic Grupa. Potem ko je izredni upravitelj Agrokorja Ante Ramljak objavil izsledke izredne revizije preteklega poslovanja, iz katerih je razvidno, da se je nabralo za skoraj dve milijardi evrov luknje v kapital, je Ramljak znova poudaril, da hrva\u0161ki davkopla\u010devalci ne bodo pla\u010devali za sanacijo nasedlega velikana. \u00bbNekdo bo ta denar moral dati, \u010de ne davkopla\u010devalci, je jasno, kdo bo to,\u00ab pravi Matej Lahovnik, \u010dlan nadzornega sveta Mercatorja, ki je prepri\u010dan, da sanacije Agrokorja ne bo brez posega v \u017eepe upnikov. Jankovi\u0107 daje devet mesecev \u010dasa Tudi \u017eupan Ljubljane in nekdanji predsednik uprave\u00a0&#8230;<\/p>\n","protected":false},"author":1,"featured_media":0,"comment_status":"closed","ping_status":"closed","sticky":false,"template":"","format":"standard","meta":{"footnotes":""},"categories":[1179],"tags":[],"source":[1703],"supertag":[],"acf":[],"yoast_head":"<!-- This site is optimized with the Yoast SEO plugin v21.3 - https:\/\/yoast.com\/wordpress\/plugins\/seo\/ -->\n<title>Sanacija Agrokorja: Ples v ritmu Vlahovi\u0107a in Tedeschija - Hudo Slovenija<\/title>\n<meta name=\"robots\" content=\"index, follow, max-snippet:-1, max-image-preview:large, max-video-preview:-1\" \/>\n<link rel=\"canonical\" href=\"https:\/\/hudo.com\/si\/aktualno\/sanacija-agrokorja-ples-v-ritmu-vlahovica-in-tedeschija\/\" \/>\n<meta property=\"og:locale\" content=\"sl_SI\" \/>\n<meta property=\"og:type\" content=\"article\" \/>\n<meta property=\"og:title\" content=\"Sanacija Agrokorja: Ples v ritmu Vlahovi\u0107a in Tedeschija - Hudo Slovenija\" \/>\n<meta property=\"og:description\" content=\"Kategorija: Podjetja Mon, 16 Oct 2017 07:00:00 +0200 Ljubljana \u2013 Agrokor bo treba nujno dokapitalizirati, sicer bo skupina z vsemi h\u010derami in Mercatorjem vred v devetih mesecih \u0161la v ste\u010daj, je za hrva\u0161ki Jutarnji list povedal ljubljanski \u017eupan Zoran Jankovi\u0107. Mo\u017ena re\u0161itelja sta Adris in Atlantic Grupa. Potem ko je izredni upravitelj Agrokorja Ante Ramljak objavil izsledke izredne revizije preteklega poslovanja, iz katerih je razvidno, da se je nabralo za skoraj dve milijardi evrov luknje v kapital, je Ramljak znova poudaril, da hrva\u0161ki davkopla\u010devalci ne bodo pla\u010devali za sanacijo nasedlega velikana. \u00bbNekdo bo ta denar moral dati, \u010de ne davkopla\u010devalci, je jasno, kdo bo to,\u00ab pravi Matej Lahovnik, \u010dlan nadzornega sveta Mercatorja, ki je prepri\u010dan, da sanacije Agrokorja ne bo brez posega v \u017eepe upnikov. Jankovi\u0107 daje devet mesecev \u010dasa Tudi \u017eupan Ljubljane in nekdanji predsednik uprave\u00a0...\" \/>\n<meta property=\"og:url\" content=\"https:\/\/hudo.com\/si\/aktualno\/sanacija-agrokorja-ples-v-ritmu-vlahovica-in-tedeschija\/\" \/>\n<meta property=\"og:site_name\" content=\"Hudo Slovenija\" \/>\n<meta property=\"article:publisher\" content=\"https:\/\/www.facebook.com\/hudo.si\" \/>\n<meta property=\"article:published_time\" content=\"2017-10-16T03:00:00+00:00\" \/>\n<meta property=\"og:image\" content=\"https:\/\/hudo.com\/si\/wp-content\/uploads\/sites\/2\/2017\/10\/480x290_Delo_Foto-20160720185752-26692900.jpeg\" \/>\n\t<meta property=\"og:image:width\" content=\"480\" \/>\n\t<meta property=\"og:image:height\" content=\"290\" \/>\n\t<meta property=\"og:image:type\" content=\"image\/jpeg\" \/>\n<meta name=\"author\" content=\"hudo\" \/>\n<meta name=\"twitter:card\" content=\"summary_large_image\" \/>\n<meta name=\"twitter:creator\" content=\"@hudo_si\" \/>\n<meta name=\"twitter:site\" content=\"@hudo_si\" \/>\n<meta name=\"twitter:label1\" content=\"Written by\" \/>\n\t<meta name=\"twitter:data1\" content=\"hudo\" \/>\n\t<meta name=\"twitter:label2\" content=\"Est. reading time\" \/>\n\t<meta name=\"twitter:data2\" content=\"1 minuta\" \/>\n<script type=\"application\/ld+json\" class=\"yoast-schema-graph\">{\"@context\":\"https:\/\/schema.org\",\"@graph\":[{\"@type\":\"Article\",\"@id\":\"https:\/\/hudo.com\/si\/aktualno\/sanacija-agrokorja-ples-v-ritmu-vlahovica-in-tedeschija\/#article\",\"isPartOf\":{\"@id\":\"https:\/\/hudo.com\/si\/aktualno\/sanacija-agrokorja-ples-v-ritmu-vlahovica-in-tedeschija\/\"},\"author\":{\"name\":\"hudo\",\"@id\":\"https:\/\/hudo.com\/si\/#\/schema\/person\/601cf3379633985b20f7e50f2bb47707\"},\"headline\":\"Sanacija Agrokorja: Ples v ritmu Vlahovi\u0107a in Tedeschija\",\"datePublished\":\"2017-10-16T03:00:00+00:00\",\"dateModified\":\"2017-10-16T03:00:00+00:00\",\"mainEntityOfPage\":{\"@id\":\"https:\/\/hudo.com\/si\/aktualno\/sanacija-agrokorja-ples-v-ritmu-vlahovica-in-tedeschija\/\"},\"wordCount\":151,\"publisher\":{\"@id\":\"https:\/\/hudo.com\/si\/#organization\"},\"articleSection\":[\"Aktualno\"],\"inLanguage\":\"sl-SI\"},{\"@type\":\"WebPage\",\"@id\":\"https:\/\/hudo.com\/si\/aktualno\/sanacija-agrokorja-ples-v-ritmu-vlahovica-in-tedeschija\/\",\"url\":\"https:\/\/hudo.com\/si\/aktualno\/sanacija-agrokorja-ples-v-ritmu-vlahovica-in-tedeschija\/\",\"name\":\"Sanacija Agrokorja: Ples v ritmu Vlahovi\u0107a in Tedeschija - Hudo Slovenija\",\"isPartOf\":{\"@id\":\"https:\/\/hudo.com\/si\/#website\"},\"datePublished\":\"2017-10-16T03:00:00+00:00\",\"dateModified\":\"2017-10-16T03:00:00+00:00\",\"breadcrumb\":{\"@id\":\"https:\/\/hudo.com\/si\/aktualno\/sanacija-agrokorja-ples-v-ritmu-vlahovica-in-tedeschija\/#breadcrumb\"},\"inLanguage\":\"sl-SI\",\"potentialAction\":[{\"@type\":\"ReadAction\",\"target\":[\"https:\/\/hudo.com\/si\/aktualno\/sanacija-agrokorja-ples-v-ritmu-vlahovica-in-tedeschija\/\"]}]},{\"@type\":\"BreadcrumbList\",\"@id\":\"https:\/\/hudo.com\/si\/aktualno\/sanacija-agrokorja-ples-v-ritmu-vlahovica-in-tedeschija\/#breadcrumb\",\"itemListElement\":[{\"@type\":\"ListItem\",\"position\":1,\"name\":\"Home\",\"item\":\"https:\/\/hudo.com\/si\/\"},{\"@type\":\"ListItem\",\"position\":2,\"name\":\"Sanacija Agrokorja: Ples v ritmu Vlahovi\u0107a in Tedeschija\"}]},{\"@type\":\"WebSite\",\"@id\":\"https:\/\/hudo.com\/si\/#website\",\"url\":\"https:\/\/hudo.com\/si\/\",\"name\":\"Hudo Slovenija\",\"description\":\"Vse novice iz Slovenije in sveta\",\"publisher\":{\"@id\":\"https:\/\/hudo.com\/si\/#organization\"},\"potentialAction\":[{\"@type\":\"SearchAction\",\"target\":{\"@type\":\"EntryPoint\",\"urlTemplate\":\"https:\/\/hudo.com\/si\/?s={search_term_string}\"},\"query-input\":\"required name=search_term_string\"}],\"inLanguage\":\"sl-SI\"},{\"@type\":\"Organization\",\"@id\":\"https:\/\/hudo.com\/si\/#organization\",\"name\":\"VSN Media\",\"url\":\"https:\/\/hudo.com\/si\/\",\"logo\":{\"@type\":\"ImageObject\",\"inLanguage\":\"sl-SI\",\"@id\":\"https:\/\/hudo.com\/si\/#\/schema\/logo\/image\/\",\"url\":\"https:\/\/hudo.com\/si\/wp-content\/uploads\/sites\/2\/2021\/03\/hudo-app-2.png\",\"contentUrl\":\"https:\/\/hudo.com\/si\/wp-content\/uploads\/sites\/2\/2021\/03\/hudo-app-2.png\",\"width\":2185,\"height\":2167,\"caption\":\"VSN Media\"},\"image\":{\"@id\":\"https:\/\/hudo.com\/si\/#\/schema\/logo\/image\/\"},\"sameAs\":[\"https:\/\/www.facebook.com\/hudo.si\",\"https:\/\/twitter.com\/hudo_si\"]},{\"@type\":\"Person\",\"@id\":\"https:\/\/hudo.com\/si\/#\/schema\/person\/601cf3379633985b20f7e50f2bb47707\",\"name\":\"hudo\",\"image\":{\"@type\":\"ImageObject\",\"inLanguage\":\"sl-SI\",\"@id\":\"https:\/\/hudo.com\/si\/#\/schema\/person\/image\/\",\"url\":\"https:\/\/secure.gravatar.com\/avatar\/c4ca25fa72cace7a696b52ff5db9e095?s=96&d=mm&r=g\",\"contentUrl\":\"https:\/\/secure.gravatar.com\/avatar\/c4ca25fa72cace7a696b52ff5db9e095?s=96&d=mm&r=g\",\"caption\":\"hudo\"},\"url\":\"https:\/\/hudo.com\/si\/author\/hudo\/\"}]}<\/script>\n<!-- \/ Yoast SEO plugin. -->","yoast_head_json":{"title":"Sanacija Agrokorja: Ples v ritmu Vlahovi\u0107a in Tedeschija - Hudo Slovenija","robots":{"index":"index","follow":"follow","max-snippet":"max-snippet:-1","max-image-preview":"max-image-preview:large","max-video-preview":"max-video-preview:-1"},"canonical":"https:\/\/hudo.com\/si\/aktualno\/sanacija-agrokorja-ples-v-ritmu-vlahovica-in-tedeschija\/","og_locale":"sl_SI","og_type":"article","og_title":"Sanacija Agrokorja: Ples v ritmu Vlahovi\u0107a in Tedeschija - Hudo Slovenija","og_description":"Kategorija: Podjetja Mon, 16 Oct 2017 07:00:00 +0200 Ljubljana \u2013 Agrokor bo treba nujno dokapitalizirati, sicer bo skupina z vsemi h\u010derami in Mercatorjem vred v devetih mesecih \u0161la v ste\u010daj, je za hrva\u0161ki Jutarnji list povedal ljubljanski \u017eupan Zoran Jankovi\u0107. Mo\u017ena re\u0161itelja sta Adris in Atlantic Grupa. Potem ko je izredni upravitelj Agrokorja Ante Ramljak objavil izsledke izredne revizije preteklega poslovanja, iz katerih je razvidno, da se je nabralo za skoraj dve milijardi evrov luknje v kapital, je Ramljak znova poudaril, da hrva\u0161ki davkopla\u010devalci ne bodo pla\u010devali za sanacijo nasedlega velikana. \u00bbNekdo bo ta denar moral dati, \u010de ne davkopla\u010devalci, je jasno, kdo bo to,\u00ab pravi Matej Lahovnik, \u010dlan nadzornega sveta Mercatorja, ki je prepri\u010dan, da sanacije Agrokorja ne bo brez posega v \u017eepe upnikov. Jankovi\u0107 daje devet mesecev \u010dasa Tudi \u017eupan Ljubljane in nekdanji predsednik uprave\u00a0...","og_url":"https:\/\/hudo.com\/si\/aktualno\/sanacija-agrokorja-ples-v-ritmu-vlahovica-in-tedeschija\/","og_site_name":"Hudo Slovenija","article_publisher":"https:\/\/www.facebook.com\/hudo.si","article_published_time":"2017-10-16T03:00:00+00:00","og_image":[{"width":480,"height":290,"url":"https:\/\/hudo.com\/si\/wp-content\/uploads\/sites\/2\/2017\/10\/480x290_Delo_Foto-20160720185752-26692900.jpeg","type":"image\/jpeg"}],"author":"hudo","twitter_card":"summary_large_image","twitter_creator":"@hudo_si","twitter_site":"@hudo_si","twitter_misc":{"Written by":"hudo","Est. reading time":"1 minuta"},"schema":{"@context":"https:\/\/schema.org","@graph":[{"@type":"Article","@id":"https:\/\/hudo.com\/si\/aktualno\/sanacija-agrokorja-ples-v-ritmu-vlahovica-in-tedeschija\/#article","isPartOf":{"@id":"https:\/\/hudo.com\/si\/aktualno\/sanacija-agrokorja-ples-v-ritmu-vlahovica-in-tedeschija\/"},"author":{"name":"hudo","@id":"https:\/\/hudo.com\/si\/#\/schema\/person\/601cf3379633985b20f7e50f2bb47707"},"headline":"Sanacija Agrokorja: Ples v ritmu Vlahovi\u0107a in Tedeschija","datePublished":"2017-10-16T03:00:00+00:00","dateModified":"2017-10-16T03:00:00+00:00","mainEntityOfPage":{"@id":"https:\/\/hudo.com\/si\/aktualno\/sanacija-agrokorja-ples-v-ritmu-vlahovica-in-tedeschija\/"},"wordCount":151,"publisher":{"@id":"https:\/\/hudo.com\/si\/#organization"},"articleSection":["Aktualno"],"inLanguage":"sl-SI"},{"@type":"WebPage","@id":"https:\/\/hudo.com\/si\/aktualno\/sanacija-agrokorja-ples-v-ritmu-vlahovica-in-tedeschija\/","url":"https:\/\/hudo.com\/si\/aktualno\/sanacija-agrokorja-ples-v-ritmu-vlahovica-in-tedeschija\/","name":"Sanacija Agrokorja: Ples v ritmu Vlahovi\u0107a in Tedeschija - Hudo Slovenija","isPartOf":{"@id":"https:\/\/hudo.com\/si\/#website"},"datePublished":"2017-10-16T03:00:00+00:00","dateModified":"2017-10-16T03:00:00+00:00","breadcrumb":{"@id":"https:\/\/hudo.com\/si\/aktualno\/sanacija-agrokorja-ples-v-ritmu-vlahovica-in-tedeschija\/#breadcrumb"},"inLanguage":"sl-SI","potentialAction":[{"@type":"ReadAction","target":["https:\/\/hudo.com\/si\/aktualno\/sanacija-agrokorja-ples-v-ritmu-vlahovica-in-tedeschija\/"]}]},{"@type":"BreadcrumbList","@id":"https:\/\/hudo.com\/si\/aktualno\/sanacija-agrokorja-ples-v-ritmu-vlahovica-in-tedeschija\/#breadcrumb","itemListElement":[{"@type":"ListItem","position":1,"name":"Home","item":"https:\/\/hudo.com\/si\/"},{"@type":"ListItem","position":2,"name":"Sanacija Agrokorja: Ples v ritmu Vlahovi\u0107a in Tedeschija"}]},{"@type":"WebSite","@id":"https:\/\/hudo.com\/si\/#website","url":"https:\/\/hudo.com\/si\/","name":"Hudo Slovenija","description":"Vse novice iz Slovenije in sveta","publisher":{"@id":"https:\/\/hudo.com\/si\/#organization"},"potentialAction":[{"@type":"SearchAction","target":{"@type":"EntryPoint","urlTemplate":"https:\/\/hudo.com\/si\/?s={search_term_string}"},"query-input":"required name=search_term_string"}],"inLanguage":"sl-SI"},{"@type":"Organization","@id":"https:\/\/hudo.com\/si\/#organization","name":"VSN Media","url":"https:\/\/hudo.com\/si\/","logo":{"@type":"ImageObject","inLanguage":"sl-SI","@id":"https:\/\/hudo.com\/si\/#\/schema\/logo\/image\/","url":"https:\/\/hudo.com\/si\/wp-content\/uploads\/sites\/2\/2021\/03\/hudo-app-2.png","contentUrl":"https:\/\/hudo.com\/si\/wp-content\/uploads\/sites\/2\/2021\/03\/hudo-app-2.png","width":2185,"height":2167,"caption":"VSN Media"},"image":{"@id":"https:\/\/hudo.com\/si\/#\/schema\/logo\/image\/"},"sameAs":["https:\/\/www.facebook.com\/hudo.si","https:\/\/twitter.com\/hudo_si"]},{"@type":"Person","@id":"https:\/\/hudo.com\/si\/#\/schema\/person\/601cf3379633985b20f7e50f2bb47707","name":"hudo","image":{"@type":"ImageObject","inLanguage":"sl-SI","@id":"https:\/\/hudo.com\/si\/#\/schema\/person\/image\/","url":"https:\/\/secure.gravatar.com\/avatar\/c4ca25fa72cace7a696b52ff5db9e095?s=96&d=mm&r=g","contentUrl":"https:\/\/secure.gravatar.com\/avatar\/c4ca25fa72cace7a696b52ff5db9e095?s=96&d=mm&r=g","caption":"hudo"},"url":"https:\/\/hudo.com\/si\/author\/hudo\/"}]}},"amp_enabled":true,"_links":{"self":[{"href":"https:\/\/hudo.com\/si\/wp-json\/wp\/v2\/posts\/310452"}],"collection":[{"href":"https:\/\/hudo.com\/si\/wp-json\/wp\/v2\/posts"}],"about":[{"href":"https:\/\/hudo.com\/si\/wp-json\/wp\/v2\/types\/post"}],"author":[{"embeddable":true,"href":"https:\/\/hudo.com\/si\/wp-json\/wp\/v2\/users\/1"}],"replies":[{"embeddable":true,"href":"https:\/\/hudo.com\/si\/wp-json\/wp\/v2\/comments?post=310452"}],"version-history":[{"count":0,"href":"https:\/\/hudo.com\/si\/wp-json\/wp\/v2\/posts\/310452\/revisions"}],"wp:attachment":[{"href":"https:\/\/hudo.com\/si\/wp-json\/wp\/v2\/media?parent=310452"}],"wp:term":[{"taxonomy":"category","embeddable":true,"href":"https:\/\/hudo.com\/si\/wp-json\/wp\/v2\/categories?post=310452"},{"taxonomy":"post_tag","embeddable":true,"href":"https:\/\/hudo.com\/si\/wp-json\/wp\/v2\/tags?post=310452"},{"taxonomy":"source","embeddable":true,"href":"https:\/\/hudo.com\/si\/wp-json\/wp\/v2\/source?post=310452"},{"taxonomy":"supertag","embeddable":true,"href":"https:\/\/hudo.com\/si\/wp-json\/wp\/v2\/supertag?post=310452"}],"curies":[{"name":"wp","href":"https:\/\/api.w.org\/{rel}","templated":true}]}}