{"id":310537,"date":"2017-10-16T07:12:00","date_gmt":"2017-10-16T05:12:00","guid":{"rendered":"http:\/\/hudo.com\/si\/2017\/10\/16\/v-pozarih-na-iberskem-polotoku-sest-mrtvih\/"},"modified":"2017-10-16T07:12:00","modified_gmt":"2017-10-16T05:12:00","slug":"v-pozarih-na-iberskem-polotoku-sest-mrtvih","status":"publish","type":"post","link":"https:\/\/hudo.com\/si\/aktualno\/v-pozarih-na-iberskem-polotoku-sest-mrtvih\/","title":{"rendered":"V po\u017earih na Iberskem polotoku \u0161est mrtvih"},"content":{"rendered":"<p>Kategorija: Evropa Mon, 16 Oct 2017 09:12:00 +0200  Lizbona &#8211; Na Portugalskem je v nedeljo divjalo 440 gozdnih po\u017earov, tiskovnapredstavnica portugalske civilne za\u0161\u010dite Patricia Gaspar pa je dan opisala kot \u00bbnajhuj\u0161ega letos\u00ab. Poleg treh smrtnih \u017ertev na Portugalskem in treh v \u0160paniji je bilo po\u0161kodovanih 25 ljudi. Hitremu \u0161irjenju gozdnih po\u017earov v \u0160paniji so botrovali tudi vetrovi orkana Ophelia, ki bo predvidoma danes dosegel Irsko. Kot je dejala Gasparjeva, so po\u017eari posledica neobi\u010dajno visokih temperatur in hude su\u0161e. Po\u017eare je gasilo ve\u010d tiso\u010d gasilcev, zaprte so bile tri avtoceste, tudi glavna povezava med Lizbono in Portom. V \u0160paniji je bilo po navedbah tamkaj\u0161njih oblasti podtaknjenih najmanj 17 po\u017earov, ki so v nedeljo zahtevali tri smrtne \u017ertve. Samo v \u0161panski pokrajini Galicija divja 15 po\u017earov, ki bi se lahko zdru\u017eili v en sam ogromen po\u017ear, je po poro\u010danju francoske tiskovne\u00a0&#8230;<\/p>\n","protected":false},"excerpt":{"rendered":"<p>Kategorija: Evropa Mon, 16 Oct 2017 09:12:00 +0200  Lizbona &#8211; Na Portugalskem je v nedeljo divjalo 440 gozdnih po\u017earov, tiskovnapredstavnica portugalske civilne za\u0161\u010dite Patricia Gaspar pa je dan opisala kot \u00bbnajhuj\u0161ega letos\u00ab. Poleg treh smrtnih \u017ertev na Portugalskem in treh v \u0160paniji je bilo po\u0161kodovanih 25 ljudi. Hitremu \u0161irjenju gozdnih po\u017earov v \u0160paniji so botrovali tudi vetrovi orkana Ophelia, ki bo predvidoma danes dosegel Irsko. Kot je dejala Gasparjeva, so po\u017eari posledica neobi\u010dajno visokih temperatur in hude su\u0161e. Po\u017eare je gasilo ve\u010d tiso\u010d gasilcev, zaprte so bile tri avtoceste, tudi glavna povezava med Lizbono in Portom. V \u0160paniji je bilo po navedbah tamkaj\u0161njih oblasti podtaknjenih najmanj 17 po\u017earov, ki so v nedeljo zahtevali tri smrtne \u017ertve. Samo v \u0161panski pokrajini Galicija divja 15 po\u017earov, ki bi se lahko zdru\u017eili v en sam ogromen po\u017ear, je po poro\u010danju francoske tiskovne\u00a0&#8230;<\/p>\n","protected":false},"author":1,"featured_media":0,"comment_status":"closed","ping_status":"closed","sticky":false,"template":"","format":"standard","meta":{"footnotes":""},"categories":[1179],"tags":[],"source":[1703],"supertag":[],"acf":[],"yoast_head":"<!-- This site is optimized with the Yoast SEO plugin v21.3 - https:\/\/yoast.com\/wordpress\/plugins\/seo\/ -->\n<title>V po\u017earih na Iberskem polotoku \u0161est mrtvih - Hudo Slovenija<\/title>\n<meta name=\"robots\" content=\"index, follow, max-snippet:-1, max-image-preview:large, max-video-preview:-1\" \/>\n<link rel=\"canonical\" href=\"https:\/\/hudo.com\/si\/aktualno\/v-pozarih-na-iberskem-polotoku-sest-mrtvih\/\" \/>\n<meta property=\"og:locale\" content=\"sl_SI\" \/>\n<meta property=\"og:type\" content=\"article\" \/>\n<meta property=\"og:title\" content=\"V po\u017earih na Iberskem polotoku \u0161est mrtvih - Hudo Slovenija\" \/>\n<meta property=\"og:description\" content=\"Kategorija: Evropa Mon, 16 Oct 2017 09:12:00 +0200 Lizbona - Na Portugalskem je v nedeljo divjalo 440 gozdnih po\u017earov, tiskovnapredstavnica portugalske civilne za\u0161\u010dite Patricia Gaspar pa je dan opisala kot \u00bbnajhuj\u0161ega letos\u00ab. Poleg treh smrtnih \u017ertev na Portugalskem in treh v \u0160paniji je bilo po\u0161kodovanih 25 ljudi. Hitremu \u0161irjenju gozdnih po\u017earov v \u0160paniji so botrovali tudi vetrovi orkana Ophelia, ki bo predvidoma danes dosegel Irsko. Kot je dejala Gasparjeva, so po\u017eari posledica neobi\u010dajno visokih temperatur in hude su\u0161e. Po\u017eare je gasilo ve\u010d tiso\u010d gasilcev, zaprte so bile tri avtoceste, tudi glavna povezava med Lizbono in Portom. V \u0160paniji je bilo po navedbah tamkaj\u0161njih oblasti podtaknjenih najmanj 17 po\u017earov, ki so v nedeljo zahtevali tri smrtne \u017ertve. Samo v \u0161panski pokrajini Galicija divja 15 po\u017earov, ki bi se lahko zdru\u017eili v en sam ogromen po\u017ear, je po poro\u010danju francoske tiskovne\u00a0...\" \/>\n<meta property=\"og:url\" content=\"https:\/\/hudo.com\/si\/aktualno\/v-pozarih-na-iberskem-polotoku-sest-mrtvih\/\" \/>\n<meta property=\"og:site_name\" content=\"Hudo Slovenija\" \/>\n<meta property=\"article:publisher\" content=\"https:\/\/www.facebook.com\/hudo.si\" \/>\n<meta property=\"article:published_time\" content=\"2017-10-16T05:12:00+00:00\" \/>\n<meta property=\"og:image\" content=\"https:\/\/hudo.com\/si\/wp-content\/uploads\/sites\/2\/2017\/10\/480x290_AP_Pictures-20171016072332-73308500.jpeg\" \/>\n\t<meta property=\"og:image:width\" content=\"480\" \/>\n\t<meta property=\"og:image:height\" content=\"290\" \/>\n\t<meta property=\"og:image:type\" content=\"image\/jpeg\" \/>\n<meta name=\"author\" content=\"hudo\" \/>\n<meta name=\"twitter:card\" content=\"summary_large_image\" \/>\n<meta name=\"twitter:creator\" content=\"@hudo_si\" \/>\n<meta name=\"twitter:site\" content=\"@hudo_si\" \/>\n<meta name=\"twitter:label1\" content=\"Written by\" \/>\n\t<meta name=\"twitter:data1\" content=\"hudo\" \/>\n\t<meta name=\"twitter:label2\" content=\"Est. reading time\" \/>\n\t<meta name=\"twitter:data2\" content=\"1 minuta\" \/>\n<script type=\"application\/ld+json\" class=\"yoast-schema-graph\">{\"@context\":\"https:\/\/schema.org\",\"@graph\":[{\"@type\":\"Article\",\"@id\":\"https:\/\/hudo.com\/si\/aktualno\/v-pozarih-na-iberskem-polotoku-sest-mrtvih\/#article\",\"isPartOf\":{\"@id\":\"https:\/\/hudo.com\/si\/aktualno\/v-pozarih-na-iberskem-polotoku-sest-mrtvih\/\"},\"author\":{\"name\":\"hudo\",\"@id\":\"https:\/\/hudo.com\/si\/#\/schema\/person\/601cf3379633985b20f7e50f2bb47707\"},\"headline\":\"V po\u017earih na Iberskem polotoku \u0161est mrtvih\",\"datePublished\":\"2017-10-16T05:12:00+00:00\",\"dateModified\":\"2017-10-16T05:12:00+00:00\",\"mainEntityOfPage\":{\"@id\":\"https:\/\/hudo.com\/si\/aktualno\/v-pozarih-na-iberskem-polotoku-sest-mrtvih\/\"},\"wordCount\":154,\"publisher\":{\"@id\":\"https:\/\/hudo.com\/si\/#organization\"},\"articleSection\":[\"Aktualno\"],\"inLanguage\":\"sl-SI\"},{\"@type\":\"WebPage\",\"@id\":\"https:\/\/hudo.com\/si\/aktualno\/v-pozarih-na-iberskem-polotoku-sest-mrtvih\/\",\"url\":\"https:\/\/hudo.com\/si\/aktualno\/v-pozarih-na-iberskem-polotoku-sest-mrtvih\/\",\"name\":\"V po\u017earih na Iberskem polotoku \u0161est mrtvih - Hudo Slovenija\",\"isPartOf\":{\"@id\":\"https:\/\/hudo.com\/si\/#website\"},\"datePublished\":\"2017-10-16T05:12:00+00:00\",\"dateModified\":\"2017-10-16T05:12:00+00:00\",\"breadcrumb\":{\"@id\":\"https:\/\/hudo.com\/si\/aktualno\/v-pozarih-na-iberskem-polotoku-sest-mrtvih\/#breadcrumb\"},\"inLanguage\":\"sl-SI\",\"potentialAction\":[{\"@type\":\"ReadAction\",\"target\":[\"https:\/\/hudo.com\/si\/aktualno\/v-pozarih-na-iberskem-polotoku-sest-mrtvih\/\"]}]},{\"@type\":\"BreadcrumbList\",\"@id\":\"https:\/\/hudo.com\/si\/aktualno\/v-pozarih-na-iberskem-polotoku-sest-mrtvih\/#breadcrumb\",\"itemListElement\":[{\"@type\":\"ListItem\",\"position\":1,\"name\":\"Home\",\"item\":\"https:\/\/hudo.com\/si\/\"},{\"@type\":\"ListItem\",\"position\":2,\"name\":\"V po\u017earih na Iberskem polotoku \u0161est mrtvih\"}]},{\"@type\":\"WebSite\",\"@id\":\"https:\/\/hudo.com\/si\/#website\",\"url\":\"https:\/\/hudo.com\/si\/\",\"name\":\"Hudo Slovenija\",\"description\":\"Vse novice iz Slovenije in sveta\",\"publisher\":{\"@id\":\"https:\/\/hudo.com\/si\/#organization\"},\"potentialAction\":[{\"@type\":\"SearchAction\",\"target\":{\"@type\":\"EntryPoint\",\"urlTemplate\":\"https:\/\/hudo.com\/si\/?s={search_term_string}\"},\"query-input\":\"required name=search_term_string\"}],\"inLanguage\":\"sl-SI\"},{\"@type\":\"Organization\",\"@id\":\"https:\/\/hudo.com\/si\/#organization\",\"name\":\"VSN Media\",\"url\":\"https:\/\/hudo.com\/si\/\",\"logo\":{\"@type\":\"ImageObject\",\"inLanguage\":\"sl-SI\",\"@id\":\"https:\/\/hudo.com\/si\/#\/schema\/logo\/image\/\",\"url\":\"https:\/\/hudo.com\/si\/wp-content\/uploads\/sites\/2\/2021\/03\/hudo-app-2.png\",\"contentUrl\":\"https:\/\/hudo.com\/si\/wp-content\/uploads\/sites\/2\/2021\/03\/hudo-app-2.png\",\"width\":2185,\"height\":2167,\"caption\":\"VSN Media\"},\"image\":{\"@id\":\"https:\/\/hudo.com\/si\/#\/schema\/logo\/image\/\"},\"sameAs\":[\"https:\/\/www.facebook.com\/hudo.si\",\"https:\/\/twitter.com\/hudo_si\"]},{\"@type\":\"Person\",\"@id\":\"https:\/\/hudo.com\/si\/#\/schema\/person\/601cf3379633985b20f7e50f2bb47707\",\"name\":\"hudo\",\"image\":{\"@type\":\"ImageObject\",\"inLanguage\":\"sl-SI\",\"@id\":\"https:\/\/hudo.com\/si\/#\/schema\/person\/image\/\",\"url\":\"https:\/\/secure.gravatar.com\/avatar\/c4ca25fa72cace7a696b52ff5db9e095?s=96&d=mm&r=g\",\"contentUrl\":\"https:\/\/secure.gravatar.com\/avatar\/c4ca25fa72cace7a696b52ff5db9e095?s=96&d=mm&r=g\",\"caption\":\"hudo\"},\"url\":\"https:\/\/hudo.com\/si\/author\/hudo\/\"}]}<\/script>\n<!-- \/ Yoast SEO plugin. -->","yoast_head_json":{"title":"V po\u017earih na Iberskem polotoku \u0161est mrtvih - Hudo Slovenija","robots":{"index":"index","follow":"follow","max-snippet":"max-snippet:-1","max-image-preview":"max-image-preview:large","max-video-preview":"max-video-preview:-1"},"canonical":"https:\/\/hudo.com\/si\/aktualno\/v-pozarih-na-iberskem-polotoku-sest-mrtvih\/","og_locale":"sl_SI","og_type":"article","og_title":"V po\u017earih na Iberskem polotoku \u0161est mrtvih - Hudo Slovenija","og_description":"Kategorija: Evropa Mon, 16 Oct 2017 09:12:00 +0200 Lizbona - Na Portugalskem je v nedeljo divjalo 440 gozdnih po\u017earov, tiskovnapredstavnica portugalske civilne za\u0161\u010dite Patricia Gaspar pa je dan opisala kot \u00bbnajhuj\u0161ega letos\u00ab. Poleg treh smrtnih \u017ertev na Portugalskem in treh v \u0160paniji je bilo po\u0161kodovanih 25 ljudi. Hitremu \u0161irjenju gozdnih po\u017earov v \u0160paniji so botrovali tudi vetrovi orkana Ophelia, ki bo predvidoma danes dosegel Irsko. Kot je dejala Gasparjeva, so po\u017eari posledica neobi\u010dajno visokih temperatur in hude su\u0161e. Po\u017eare je gasilo ve\u010d tiso\u010d gasilcev, zaprte so bile tri avtoceste, tudi glavna povezava med Lizbono in Portom. V \u0160paniji je bilo po navedbah tamkaj\u0161njih oblasti podtaknjenih najmanj 17 po\u017earov, ki so v nedeljo zahtevali tri smrtne \u017ertve. Samo v \u0161panski pokrajini Galicija divja 15 po\u017earov, ki bi se lahko zdru\u017eili v en sam ogromen po\u017ear, je po poro\u010danju francoske tiskovne\u00a0...","og_url":"https:\/\/hudo.com\/si\/aktualno\/v-pozarih-na-iberskem-polotoku-sest-mrtvih\/","og_site_name":"Hudo Slovenija","article_publisher":"https:\/\/www.facebook.com\/hudo.si","article_published_time":"2017-10-16T05:12:00+00:00","og_image":[{"width":480,"height":290,"url":"https:\/\/hudo.com\/si\/wp-content\/uploads\/sites\/2\/2017\/10\/480x290_AP_Pictures-20171016072332-73308500.jpeg","type":"image\/jpeg"}],"author":"hudo","twitter_card":"summary_large_image","twitter_creator":"@hudo_si","twitter_site":"@hudo_si","twitter_misc":{"Written by":"hudo","Est. reading time":"1 minuta"},"schema":{"@context":"https:\/\/schema.org","@graph":[{"@type":"Article","@id":"https:\/\/hudo.com\/si\/aktualno\/v-pozarih-na-iberskem-polotoku-sest-mrtvih\/#article","isPartOf":{"@id":"https:\/\/hudo.com\/si\/aktualno\/v-pozarih-na-iberskem-polotoku-sest-mrtvih\/"},"author":{"name":"hudo","@id":"https:\/\/hudo.com\/si\/#\/schema\/person\/601cf3379633985b20f7e50f2bb47707"},"headline":"V po\u017earih na Iberskem polotoku \u0161est mrtvih","datePublished":"2017-10-16T05:12:00+00:00","dateModified":"2017-10-16T05:12:00+00:00","mainEntityOfPage":{"@id":"https:\/\/hudo.com\/si\/aktualno\/v-pozarih-na-iberskem-polotoku-sest-mrtvih\/"},"wordCount":154,"publisher":{"@id":"https:\/\/hudo.com\/si\/#organization"},"articleSection":["Aktualno"],"inLanguage":"sl-SI"},{"@type":"WebPage","@id":"https:\/\/hudo.com\/si\/aktualno\/v-pozarih-na-iberskem-polotoku-sest-mrtvih\/","url":"https:\/\/hudo.com\/si\/aktualno\/v-pozarih-na-iberskem-polotoku-sest-mrtvih\/","name":"V po\u017earih na Iberskem polotoku \u0161est mrtvih - Hudo Slovenija","isPartOf":{"@id":"https:\/\/hudo.com\/si\/#website"},"datePublished":"2017-10-16T05:12:00+00:00","dateModified":"2017-10-16T05:12:00+00:00","breadcrumb":{"@id":"https:\/\/hudo.com\/si\/aktualno\/v-pozarih-na-iberskem-polotoku-sest-mrtvih\/#breadcrumb"},"inLanguage":"sl-SI","potentialAction":[{"@type":"ReadAction","target":["https:\/\/hudo.com\/si\/aktualno\/v-pozarih-na-iberskem-polotoku-sest-mrtvih\/"]}]},{"@type":"BreadcrumbList","@id":"https:\/\/hudo.com\/si\/aktualno\/v-pozarih-na-iberskem-polotoku-sest-mrtvih\/#breadcrumb","itemListElement":[{"@type":"ListItem","position":1,"name":"Home","item":"https:\/\/hudo.com\/si\/"},{"@type":"ListItem","position":2,"name":"V po\u017earih na Iberskem polotoku \u0161est mrtvih"}]},{"@type":"WebSite","@id":"https:\/\/hudo.com\/si\/#website","url":"https:\/\/hudo.com\/si\/","name":"Hudo Slovenija","description":"Vse novice iz Slovenije in sveta","publisher":{"@id":"https:\/\/hudo.com\/si\/#organization"},"potentialAction":[{"@type":"SearchAction","target":{"@type":"EntryPoint","urlTemplate":"https:\/\/hudo.com\/si\/?s={search_term_string}"},"query-input":"required name=search_term_string"}],"inLanguage":"sl-SI"},{"@type":"Organization","@id":"https:\/\/hudo.com\/si\/#organization","name":"VSN Media","url":"https:\/\/hudo.com\/si\/","logo":{"@type":"ImageObject","inLanguage":"sl-SI","@id":"https:\/\/hudo.com\/si\/#\/schema\/logo\/image\/","url":"https:\/\/hudo.com\/si\/wp-content\/uploads\/sites\/2\/2021\/03\/hudo-app-2.png","contentUrl":"https:\/\/hudo.com\/si\/wp-content\/uploads\/sites\/2\/2021\/03\/hudo-app-2.png","width":2185,"height":2167,"caption":"VSN Media"},"image":{"@id":"https:\/\/hudo.com\/si\/#\/schema\/logo\/image\/"},"sameAs":["https:\/\/www.facebook.com\/hudo.si","https:\/\/twitter.com\/hudo_si"]},{"@type":"Person","@id":"https:\/\/hudo.com\/si\/#\/schema\/person\/601cf3379633985b20f7e50f2bb47707","name":"hudo","image":{"@type":"ImageObject","inLanguage":"sl-SI","@id":"https:\/\/hudo.com\/si\/#\/schema\/person\/image\/","url":"https:\/\/secure.gravatar.com\/avatar\/c4ca25fa72cace7a696b52ff5db9e095?s=96&d=mm&r=g","contentUrl":"https:\/\/secure.gravatar.com\/avatar\/c4ca25fa72cace7a696b52ff5db9e095?s=96&d=mm&r=g","caption":"hudo"},"url":"https:\/\/hudo.com\/si\/author\/hudo\/"}]}},"amp_enabled":true,"_links":{"self":[{"href":"https:\/\/hudo.com\/si\/wp-json\/wp\/v2\/posts\/310537"}],"collection":[{"href":"https:\/\/hudo.com\/si\/wp-json\/wp\/v2\/posts"}],"about":[{"href":"https:\/\/hudo.com\/si\/wp-json\/wp\/v2\/types\/post"}],"author":[{"embeddable":true,"href":"https:\/\/hudo.com\/si\/wp-json\/wp\/v2\/users\/1"}],"replies":[{"embeddable":true,"href":"https:\/\/hudo.com\/si\/wp-json\/wp\/v2\/comments?post=310537"}],"version-history":[{"count":0,"href":"https:\/\/hudo.com\/si\/wp-json\/wp\/v2\/posts\/310537\/revisions"}],"wp:attachment":[{"href":"https:\/\/hudo.com\/si\/wp-json\/wp\/v2\/media?parent=310537"}],"wp:term":[{"taxonomy":"category","embeddable":true,"href":"https:\/\/hudo.com\/si\/wp-json\/wp\/v2\/categories?post=310537"},{"taxonomy":"post_tag","embeddable":true,"href":"https:\/\/hudo.com\/si\/wp-json\/wp\/v2\/tags?post=310537"},{"taxonomy":"source","embeddable":true,"href":"https:\/\/hudo.com\/si\/wp-json\/wp\/v2\/source?post=310537"},{"taxonomy":"supertag","embeddable":true,"href":"https:\/\/hudo.com\/si\/wp-json\/wp\/v2\/supertag?post=310537"}],"curies":[{"name":"wp","href":"https:\/\/api.w.org\/{rel}","templated":true}]}}