{"id":310545,"date":"2017-10-16T04:46:00","date_gmt":"2017-10-16T02:46:00","guid":{"rendered":"http:\/\/hudo.com\/si\/2017\/10\/16\/kdo-bo-imenovan-za-izvrsnega-direktorja-dutb\/"},"modified":"2017-10-16T04:46:00","modified_gmt":"2017-10-16T02:46:00","slug":"kdo-bo-imenovan-za-izvrsnega-direktorja-dutb","status":"publish","type":"post","link":"https:\/\/hudo.com\/si\/aktualno\/kdo-bo-imenovan-za-izvrsnega-direktorja-dutb\/","title":{"rendered":"Kdo bo imenovan za izvr\u0161nega direktorja DUTB"},"content":{"rendered":"<p>\u010cez teden dni se bodo predvidoma sestali vsi \u0161tirje neizvr\u0161ni direktorji Dru\u017ebe za upravljanje terjatev bank (DUTB) in takrat naj bi razpravljali tudi o imenovanju dveh novih izvr\u0161nih direktorjev dru\u017ebe. Janezu \u0160krubeju in Ale\u0161u Kor\u0161i\u010du bo mandat potekel konec leta, \u010deprav naj bi se po enih informacijah \u0160krubeju obetal nov mandat, je to, kot pojasnjujejo na\u0161i sogovorniki, te\u017eko verjetno. Ugotovitve revizije poslov slabe banke naj bi bile namre\u010d preve\u010d obremenjujo\u010de.<\/p>\n","protected":false},"excerpt":{"rendered":"<p>\u010cez teden dni se bodo predvidoma sestali vsi \u0161tirje neizvr\u0161ni direktorji Dru\u017ebe za upravljanje terjatev bank (DUTB) in takrat naj bi razpravljali tudi o imenovanju dveh novih izvr\u0161nih direktorjev dru\u017ebe. Janezu \u0160krubeju in Ale\u0161u Kor\u0161i\u010du bo mandat potekel konec leta, \u010deprav naj bi se po enih informacijah \u0160krubeju obetal nov mandat, je to, kot pojasnjujejo na\u0161i sogovorniki, te\u017eko verjetno. Ugotovitve revizije poslov slabe banke naj bi bile namre\u010d preve\u010d obremenjujo\u010de.<\/p>\n","protected":false},"author":1,"featured_media":0,"comment_status":"closed","ping_status":"closed","sticky":false,"template":"","format":"standard","meta":{"footnotes":""},"categories":[1179],"tags":[],"source":[6627],"supertag":[],"acf":[],"yoast_head":"<!-- This site is optimized with the Yoast SEO plugin v21.3 - https:\/\/yoast.com\/wordpress\/plugins\/seo\/ -->\n<title>Kdo bo imenovan za izvr\u0161nega direktorja DUTB - Hudo Slovenija<\/title>\n<meta name=\"robots\" content=\"index, follow, max-snippet:-1, max-image-preview:large, max-video-preview:-1\" \/>\n<link rel=\"canonical\" href=\"https:\/\/hudo.com\/si\/aktualno\/kdo-bo-imenovan-za-izvrsnega-direktorja-dutb\/\" \/>\n<meta property=\"og:locale\" content=\"sl_SI\" \/>\n<meta property=\"og:type\" content=\"article\" \/>\n<meta property=\"og:title\" content=\"Kdo bo imenovan za izvr\u0161nega direktorja DUTB - Hudo Slovenija\" \/>\n<meta property=\"og:description\" content=\"\u010cez teden dni se bodo predvidoma sestali vsi \u0161tirje neizvr\u0161ni direktorji Dru\u017ebe za upravljanje terjatev bank (DUTB) in takrat naj bi razpravljali tudi o imenovanju dveh novih izvr\u0161nih direktorjev dru\u017ebe. Janezu \u0160krubeju in Ale\u0161u Kor\u0161i\u010du bo mandat potekel konec leta, \u010deprav naj bi se po enih informacijah \u0160krubeju obetal nov mandat, je to, kot pojasnjujejo na\u0161i sogovorniki, te\u017eko verjetno. Ugotovitve revizije poslov slabe banke naj bi bile namre\u010d preve\u010d obremenjujo\u010de.\" \/>\n<meta property=\"og:url\" content=\"https:\/\/hudo.com\/si\/aktualno\/kdo-bo-imenovan-za-izvrsnega-direktorja-dutb\/\" \/>\n<meta property=\"og:site_name\" content=\"Hudo Slovenija\" \/>\n<meta property=\"article:publisher\" content=\"https:\/\/www.facebook.com\/hudo.si\" \/>\n<meta property=\"article:published_time\" content=\"2017-10-16T02:46:00+00:00\" \/>\n<meta property=\"og:image\" content=\"https:\/\/hudo.com\/si\/wp-content\/uploads\/sites\/2\/2017\/10\/4417beadaa221f8fd4c9.jpeg\" \/>\n\t<meta property=\"og:image:width\" content=\"950\" \/>\n\t<meta property=\"og:image:height\" content=\"529\" \/>\n\t<meta property=\"og:image:type\" content=\"image\/jpeg\" \/>\n<meta name=\"author\" content=\"hudo\" \/>\n<meta name=\"twitter:card\" content=\"summary_large_image\" \/>\n<meta name=\"twitter:creator\" content=\"@hudo_si\" \/>\n<meta name=\"twitter:site\" content=\"@hudo_si\" \/>\n<meta name=\"twitter:label1\" content=\"Written by\" \/>\n\t<meta name=\"twitter:data1\" content=\"hudo\" \/>\n<script type=\"application\/ld+json\" class=\"yoast-schema-graph\">{\"@context\":\"https:\/\/schema.org\",\"@graph\":[{\"@type\":\"Article\",\"@id\":\"https:\/\/hudo.com\/si\/aktualno\/kdo-bo-imenovan-za-izvrsnega-direktorja-dutb\/#article\",\"isPartOf\":{\"@id\":\"https:\/\/hudo.com\/si\/aktualno\/kdo-bo-imenovan-za-izvrsnega-direktorja-dutb\/\"},\"author\":{\"name\":\"hudo\",\"@id\":\"https:\/\/hudo.com\/si\/#\/schema\/person\/601cf3379633985b20f7e50f2bb47707\"},\"headline\":\"Kdo bo imenovan za izvr\u0161nega direktorja DUTB\",\"datePublished\":\"2017-10-16T02:46:00+00:00\",\"dateModified\":\"2017-10-16T02:46:00+00:00\",\"mainEntityOfPage\":{\"@id\":\"https:\/\/hudo.com\/si\/aktualno\/kdo-bo-imenovan-za-izvrsnega-direktorja-dutb\/\"},\"wordCount\":88,\"publisher\":{\"@id\":\"https:\/\/hudo.com\/si\/#organization\"},\"articleSection\":[\"Aktualno\"],\"inLanguage\":\"sl-SI\"},{\"@type\":\"WebPage\",\"@id\":\"https:\/\/hudo.com\/si\/aktualno\/kdo-bo-imenovan-za-izvrsnega-direktorja-dutb\/\",\"url\":\"https:\/\/hudo.com\/si\/aktualno\/kdo-bo-imenovan-za-izvrsnega-direktorja-dutb\/\",\"name\":\"Kdo bo imenovan za izvr\u0161nega direktorja DUTB - Hudo Slovenija\",\"isPartOf\":{\"@id\":\"https:\/\/hudo.com\/si\/#website\"},\"datePublished\":\"2017-10-16T02:46:00+00:00\",\"dateModified\":\"2017-10-16T02:46:00+00:00\",\"breadcrumb\":{\"@id\":\"https:\/\/hudo.com\/si\/aktualno\/kdo-bo-imenovan-za-izvrsnega-direktorja-dutb\/#breadcrumb\"},\"inLanguage\":\"sl-SI\",\"potentialAction\":[{\"@type\":\"ReadAction\",\"target\":[\"https:\/\/hudo.com\/si\/aktualno\/kdo-bo-imenovan-za-izvrsnega-direktorja-dutb\/\"]}]},{\"@type\":\"BreadcrumbList\",\"@id\":\"https:\/\/hudo.com\/si\/aktualno\/kdo-bo-imenovan-za-izvrsnega-direktorja-dutb\/#breadcrumb\",\"itemListElement\":[{\"@type\":\"ListItem\",\"position\":1,\"name\":\"Home\",\"item\":\"https:\/\/hudo.com\/si\/\"},{\"@type\":\"ListItem\",\"position\":2,\"name\":\"Kdo bo imenovan za izvr\u0161nega direktorja DUTB\"}]},{\"@type\":\"WebSite\",\"@id\":\"https:\/\/hudo.com\/si\/#website\",\"url\":\"https:\/\/hudo.com\/si\/\",\"name\":\"Hudo Slovenija\",\"description\":\"Vse novice iz Slovenije in sveta\",\"publisher\":{\"@id\":\"https:\/\/hudo.com\/si\/#organization\"},\"potentialAction\":[{\"@type\":\"SearchAction\",\"target\":{\"@type\":\"EntryPoint\",\"urlTemplate\":\"https:\/\/hudo.com\/si\/?s={search_term_string}\"},\"query-input\":\"required name=search_term_string\"}],\"inLanguage\":\"sl-SI\"},{\"@type\":\"Organization\",\"@id\":\"https:\/\/hudo.com\/si\/#organization\",\"name\":\"VSN Media\",\"url\":\"https:\/\/hudo.com\/si\/\",\"logo\":{\"@type\":\"ImageObject\",\"inLanguage\":\"sl-SI\",\"@id\":\"https:\/\/hudo.com\/si\/#\/schema\/logo\/image\/\",\"url\":\"https:\/\/hudo.com\/si\/wp-content\/uploads\/sites\/2\/2021\/03\/hudo-app-2.png\",\"contentUrl\":\"https:\/\/hudo.com\/si\/wp-content\/uploads\/sites\/2\/2021\/03\/hudo-app-2.png\",\"width\":2185,\"height\":2167,\"caption\":\"VSN Media\"},\"image\":{\"@id\":\"https:\/\/hudo.com\/si\/#\/schema\/logo\/image\/\"},\"sameAs\":[\"https:\/\/www.facebook.com\/hudo.si\",\"https:\/\/twitter.com\/hudo_si\"]},{\"@type\":\"Person\",\"@id\":\"https:\/\/hudo.com\/si\/#\/schema\/person\/601cf3379633985b20f7e50f2bb47707\",\"name\":\"hudo\",\"image\":{\"@type\":\"ImageObject\",\"inLanguage\":\"sl-SI\",\"@id\":\"https:\/\/hudo.com\/si\/#\/schema\/person\/image\/\",\"url\":\"https:\/\/secure.gravatar.com\/avatar\/c4ca25fa72cace7a696b52ff5db9e095?s=96&d=mm&r=g\",\"contentUrl\":\"https:\/\/secure.gravatar.com\/avatar\/c4ca25fa72cace7a696b52ff5db9e095?s=96&d=mm&r=g\",\"caption\":\"hudo\"},\"url\":\"https:\/\/hudo.com\/si\/author\/hudo\/\"}]}<\/script>\n<!-- \/ Yoast SEO plugin. -->","yoast_head_json":{"title":"Kdo bo imenovan za izvr\u0161nega direktorja DUTB - Hudo Slovenija","robots":{"index":"index","follow":"follow","max-snippet":"max-snippet:-1","max-image-preview":"max-image-preview:large","max-video-preview":"max-video-preview:-1"},"canonical":"https:\/\/hudo.com\/si\/aktualno\/kdo-bo-imenovan-za-izvrsnega-direktorja-dutb\/","og_locale":"sl_SI","og_type":"article","og_title":"Kdo bo imenovan za izvr\u0161nega direktorja DUTB - Hudo Slovenija","og_description":"\u010cez teden dni se bodo predvidoma sestali vsi \u0161tirje neizvr\u0161ni direktorji Dru\u017ebe za upravljanje terjatev bank (DUTB) in takrat naj bi razpravljali tudi o imenovanju dveh novih izvr\u0161nih direktorjev dru\u017ebe. Janezu \u0160krubeju in Ale\u0161u Kor\u0161i\u010du bo mandat potekel konec leta, \u010deprav naj bi se po enih informacijah \u0160krubeju obetal nov mandat, je to, kot pojasnjujejo na\u0161i sogovorniki, te\u017eko verjetno. Ugotovitve revizije poslov slabe banke naj bi bile namre\u010d preve\u010d obremenjujo\u010de.","og_url":"https:\/\/hudo.com\/si\/aktualno\/kdo-bo-imenovan-za-izvrsnega-direktorja-dutb\/","og_site_name":"Hudo Slovenija","article_publisher":"https:\/\/www.facebook.com\/hudo.si","article_published_time":"2017-10-16T02:46:00+00:00","og_image":[{"width":950,"height":529,"url":"https:\/\/hudo.com\/si\/wp-content\/uploads\/sites\/2\/2017\/10\/4417beadaa221f8fd4c9.jpeg","type":"image\/jpeg"}],"author":"hudo","twitter_card":"summary_large_image","twitter_creator":"@hudo_si","twitter_site":"@hudo_si","twitter_misc":{"Written by":"hudo"},"schema":{"@context":"https:\/\/schema.org","@graph":[{"@type":"Article","@id":"https:\/\/hudo.com\/si\/aktualno\/kdo-bo-imenovan-za-izvrsnega-direktorja-dutb\/#article","isPartOf":{"@id":"https:\/\/hudo.com\/si\/aktualno\/kdo-bo-imenovan-za-izvrsnega-direktorja-dutb\/"},"author":{"name":"hudo","@id":"https:\/\/hudo.com\/si\/#\/schema\/person\/601cf3379633985b20f7e50f2bb47707"},"headline":"Kdo bo imenovan za izvr\u0161nega direktorja DUTB","datePublished":"2017-10-16T02:46:00+00:00","dateModified":"2017-10-16T02:46:00+00:00","mainEntityOfPage":{"@id":"https:\/\/hudo.com\/si\/aktualno\/kdo-bo-imenovan-za-izvrsnega-direktorja-dutb\/"},"wordCount":88,"publisher":{"@id":"https:\/\/hudo.com\/si\/#organization"},"articleSection":["Aktualno"],"inLanguage":"sl-SI"},{"@type":"WebPage","@id":"https:\/\/hudo.com\/si\/aktualno\/kdo-bo-imenovan-za-izvrsnega-direktorja-dutb\/","url":"https:\/\/hudo.com\/si\/aktualno\/kdo-bo-imenovan-za-izvrsnega-direktorja-dutb\/","name":"Kdo bo imenovan za izvr\u0161nega direktorja DUTB - Hudo Slovenija","isPartOf":{"@id":"https:\/\/hudo.com\/si\/#website"},"datePublished":"2017-10-16T02:46:00+00:00","dateModified":"2017-10-16T02:46:00+00:00","breadcrumb":{"@id":"https:\/\/hudo.com\/si\/aktualno\/kdo-bo-imenovan-za-izvrsnega-direktorja-dutb\/#breadcrumb"},"inLanguage":"sl-SI","potentialAction":[{"@type":"ReadAction","target":["https:\/\/hudo.com\/si\/aktualno\/kdo-bo-imenovan-za-izvrsnega-direktorja-dutb\/"]}]},{"@type":"BreadcrumbList","@id":"https:\/\/hudo.com\/si\/aktualno\/kdo-bo-imenovan-za-izvrsnega-direktorja-dutb\/#breadcrumb","itemListElement":[{"@type":"ListItem","position":1,"name":"Home","item":"https:\/\/hudo.com\/si\/"},{"@type":"ListItem","position":2,"name":"Kdo bo imenovan za izvr\u0161nega direktorja DUTB"}]},{"@type":"WebSite","@id":"https:\/\/hudo.com\/si\/#website","url":"https:\/\/hudo.com\/si\/","name":"Hudo Slovenija","description":"Vse novice iz Slovenije in sveta","publisher":{"@id":"https:\/\/hudo.com\/si\/#organization"},"potentialAction":[{"@type":"SearchAction","target":{"@type":"EntryPoint","urlTemplate":"https:\/\/hudo.com\/si\/?s={search_term_string}"},"query-input":"required name=search_term_string"}],"inLanguage":"sl-SI"},{"@type":"Organization","@id":"https:\/\/hudo.com\/si\/#organization","name":"VSN Media","url":"https:\/\/hudo.com\/si\/","logo":{"@type":"ImageObject","inLanguage":"sl-SI","@id":"https:\/\/hudo.com\/si\/#\/schema\/logo\/image\/","url":"https:\/\/hudo.com\/si\/wp-content\/uploads\/sites\/2\/2021\/03\/hudo-app-2.png","contentUrl":"https:\/\/hudo.com\/si\/wp-content\/uploads\/sites\/2\/2021\/03\/hudo-app-2.png","width":2185,"height":2167,"caption":"VSN Media"},"image":{"@id":"https:\/\/hudo.com\/si\/#\/schema\/logo\/image\/"},"sameAs":["https:\/\/www.facebook.com\/hudo.si","https:\/\/twitter.com\/hudo_si"]},{"@type":"Person","@id":"https:\/\/hudo.com\/si\/#\/schema\/person\/601cf3379633985b20f7e50f2bb47707","name":"hudo","image":{"@type":"ImageObject","inLanguage":"sl-SI","@id":"https:\/\/hudo.com\/si\/#\/schema\/person\/image\/","url":"https:\/\/secure.gravatar.com\/avatar\/c4ca25fa72cace7a696b52ff5db9e095?s=96&d=mm&r=g","contentUrl":"https:\/\/secure.gravatar.com\/avatar\/c4ca25fa72cace7a696b52ff5db9e095?s=96&d=mm&r=g","caption":"hudo"},"url":"https:\/\/hudo.com\/si\/author\/hudo\/"}]}},"amp_enabled":true,"_links":{"self":[{"href":"https:\/\/hudo.com\/si\/wp-json\/wp\/v2\/posts\/310545"}],"collection":[{"href":"https:\/\/hudo.com\/si\/wp-json\/wp\/v2\/posts"}],"about":[{"href":"https:\/\/hudo.com\/si\/wp-json\/wp\/v2\/types\/post"}],"author":[{"embeddable":true,"href":"https:\/\/hudo.com\/si\/wp-json\/wp\/v2\/users\/1"}],"replies":[{"embeddable":true,"href":"https:\/\/hudo.com\/si\/wp-json\/wp\/v2\/comments?post=310545"}],"version-history":[{"count":0,"href":"https:\/\/hudo.com\/si\/wp-json\/wp\/v2\/posts\/310545\/revisions"}],"wp:attachment":[{"href":"https:\/\/hudo.com\/si\/wp-json\/wp\/v2\/media?parent=310545"}],"wp:term":[{"taxonomy":"category","embeddable":true,"href":"https:\/\/hudo.com\/si\/wp-json\/wp\/v2\/categories?post=310545"},{"taxonomy":"post_tag","embeddable":true,"href":"https:\/\/hudo.com\/si\/wp-json\/wp\/v2\/tags?post=310545"},{"taxonomy":"source","embeddable":true,"href":"https:\/\/hudo.com\/si\/wp-json\/wp\/v2\/source?post=310545"},{"taxonomy":"supertag","embeddable":true,"href":"https:\/\/hudo.com\/si\/wp-json\/wp\/v2\/supertag?post=310545"}],"curies":[{"name":"wp","href":"https:\/\/api.w.org\/{rel}","templated":true}]}}