{"id":310684,"date":"2017-10-16T11:50:07","date_gmt":"2017-10-16T09:50:07","guid":{"rendered":"http:\/\/hudo.com\/si\/2017\/10\/16\/v-mariboru-bodo-reciklirali-zemljo-za-nove-urbane-vrtove\/"},"modified":"2017-10-16T11:50:07","modified_gmt":"2017-10-16T09:50:07","slug":"v-mariboru-bodo-reciklirali-zemljo-za-nove-urbane-vrtove","status":"publish","type":"post","link":"https:\/\/hudo.com\/si\/lifestyle\/v-mariboru-bodo-reciklirali-zemljo-za-nove-urbane-vrtove\/","title":{"rendered":"V Mariboru bodo reciklirali zemljo za nove urbane vrtove"},"content":{"rendered":"<figure>\n\t\t\t\t\t<img loading=\"lazy\" decoding=\"async\" width=\"660\" height=\"320\" src=\"data:image\/gif;base64,R0lGODlhAQABAAAAACH5BAEKAAEALAAAAAABAAEAAAICTAEAOw==\" class=\"lazyload\" data-src=\"http:\/\/moski.hudo.com\/wp-content\/uploads\/2017\/10\/profimedia-0143482637-320x155.jpg\" data-srcset=\"http:\/\/moski.hudo.com\/wp-content\/uploads\/2017\/10\/profimedia-0143482637-660x320.jpg 660w,http:\/\/moski.hudo.com\/wp-content\/uploads\/2017\/10\/profimedia-0143482637-320x155.jpg 330w\" sizes=\"(max-width: 660px) 100vw, 660px\"\/><figcaption>Urbani vrti\u010dek v  K\u00f6lnu (foto:Profimedia)<\/figcaption><\/figure>\n<p>S projektom je bil ob\u010dinski In\u0161titut Wcycle uspe\u0161en na razpisu Urban Innovative Actions (UIA), ki urbanim okoljem po vsej Evropi omogo\u010da financiranje pilotske izvedbe novih in \u0161e nedokazanih re\u0161itev za urbane izzive. Med 206 oddanimi projekti iz razli\u010dnih evropskih dr\u017eav so izbrali 16 najbolj\u0161ih, od tega sta dva iz Slovenije.<\/p>\n<h2>Urbani vrtovi\u00a0za bolj zdravo okolje<\/h2>\n<p>Evropski sklad za regionalni razvoj bo tako za ljubljanski projekt, ki se osredoto\u010da na tujerodne vrste, namenil 4,2 milijona evrov, Maribor pa bo za projekt recikliranja zemlje prejel skoraj tri milijone evropskih sredstev.<\/p>\n<p>&#8220;To je dokaz, da Slovenija \u017ee dobiva dolo\u010den status v evropskem prostoru na podro\u010dju kro\u017ene ekonomije,&#8221; je na dana\u0161nji novinarski konferenci v Mariboru izpostavil Igor Kos iz kabineta mariborskega \u017eupana in podrobneje predstavil mariborski projekt.<\/p>\n<p>Kot je dejal, nameravajo iz odpadne zemljine in odpadkov izdelati zemljino, ki bi jo lahko uporabljali na urbanih vrtovih. Te so v Mariboru za\u010deli vzpostavljati leta 2012, ko je bilo mesto Evropska prestolnica kulture (EPK). V okviru tega projekta pa jih nameravajo postaviti \u0161e na dodatnih 7000 kvadratnih metrih na razli\u010dnih lokacijah v ob\u010dini. Kje to\u010dno, \u0161e ni znano, saj so lokacije med drugim odvisne od povpra\u0161evanja.<\/p>\n<p>Triletni projekt Urban soil 4 food (Urbana tla za hrano), ki ga bodo uradno za\u010deli izvajati novembra, je prvi evropsko sofinancirani projekt In\u0161tituta Wcycle, ki so ga v Mariboru ustanovili na za\u010detku leta s ciljem izvajanja ambicioznega na\u010drta kro\u017enega gospodarstva. V okviru tega na\u010drta so letos za\u010deli graditi napredno sortirnico odpadkov, v nadaljevanju pa nameravajo razviti vrsto razli\u010dnih projektov, kako odpadke uporabiti kot surovine. Med njimi so tovarna kompozitov, energetski objekt na biomaso in obrat biolo\u0161ke obdelave me\u0161anih komunalnih odpadkov.<\/p>\n<p>&#8220;Kro\u017eno gospodarstvo ni ravnanje z odpadki temve\u010d ravnanje z viri,&#8221; je danes ponovno poudaril Mirko \u0160prinzer, avtor modela Wcycle kot urbanega kro\u017enega gospodarstva mesta Maribor.<\/p>\n<p>Partnerji projekta Urban soil 4 food, katerega celotna vrednost je 3,7 milijona evrov, so poleg Mestne ob\u010dine Maribor in In\u0161tituta Wcycle \u0161e Zavod za inovativnost in podjetni\u0161tvo, E-zavod, Snaga, Aktiviraj se!, Delta plan in ZAG Ljubljana.<\/p>\n","protected":false},"excerpt":{"rendered":"<p>Mestna ob\u010dina Maribor namerava v okviru projekta Urban soil 4 food, za katerega je prej\u0161nji teden dobila odobrena evropska sredstva, raziskovati na\u010dine, kako iz izkopane zemljine in biolo\u0161kih odpadkov zame\u0161ati certificirano zemljino, ki bi bila uporabna za gojenje rastlin v mestih. Posledi\u010dno naj bi v mestu vzpostavili nove urbane vrtove.<\/p>\n","protected":false},"author":1,"featured_media":0,"comment_status":"closed","ping_status":"closed","sticky":false,"template":"","format":"standard","meta":{"footnotes":""},"categories":[1091],"tags":[2171,5722,1595,9661,8704],"source":[1522,1518,1552],"supertag":[8710],"acf":[],"yoast_head":"<!-- This site is optimized with the Yoast SEO plugin v21.3 - https:\/\/yoast.com\/wordpress\/plugins\/seo\/ -->\n<title>V Mariboru bodo reciklirali zemljo za nove urbane vrtove - Hudo Slovenija<\/title>\n<meta name=\"robots\" content=\"index, follow, max-snippet:-1, max-image-preview:large, max-video-preview:-1\" \/>\n<link rel=\"canonical\" href=\"https:\/\/hudo.com\/si\/lifestyle\/v-mariboru-bodo-reciklirali-zemljo-za-nove-urbane-vrtove\/\" \/>\n<meta property=\"og:locale\" content=\"sl_SI\" \/>\n<meta property=\"og:type\" content=\"article\" \/>\n<meta property=\"og:title\" content=\"V Mariboru bodo reciklirali zemljo za nove urbane vrtove - Hudo Slovenija\" \/>\n<meta property=\"og:description\" content=\"Mestna ob\u010dina Maribor namerava v okviru projekta Urban soil 4 food, za katerega je prej\u0161nji teden dobila odobrena evropska sredstva, raziskovati na\u010dine, kako iz izkopane zemljine in biolo\u0161kih odpadkov zame\u0161ati certificirano zemljino, ki bi bila uporabna za gojenje rastlin v mestih. Posledi\u010dno naj bi v mestu vzpostavili nove urbane vrtove.\" \/>\n<meta property=\"og:url\" content=\"https:\/\/hudo.com\/si\/lifestyle\/v-mariboru-bodo-reciklirali-zemljo-za-nove-urbane-vrtove\/\" \/>\n<meta property=\"og:site_name\" content=\"Hudo Slovenija\" \/>\n<meta property=\"article:publisher\" content=\"https:\/\/www.facebook.com\/hudo.si\" \/>\n<meta property=\"article:published_time\" content=\"2017-10-16T09:50:07+00:00\" \/>\n<meta property=\"og:image\" content=\"https:\/\/hudo.com\/si\/wp-content\/uploads\/sites\/2\/2017\/10\/profimedia-0143482637.jpg\" \/>\n\t<meta property=\"og:image:width\" content=\"1250\" \/>\n\t<meta property=\"og:image:height\" content=\"830\" \/>\n\t<meta property=\"og:image:type\" content=\"image\/jpeg\" \/>\n<meta name=\"author\" content=\"hudo\" \/>\n<meta name=\"twitter:card\" content=\"summary_large_image\" \/>\n<meta name=\"twitter:creator\" content=\"@hudo_si\" \/>\n<meta name=\"twitter:site\" content=\"@hudo_si\" \/>\n<meta name=\"twitter:label1\" content=\"Written by\" \/>\n\t<meta name=\"twitter:data1\" content=\"hudo\" \/>\n\t<meta name=\"twitter:label2\" content=\"Est. reading time\" \/>\n\t<meta name=\"twitter:data2\" content=\"2 minuti\" \/>\n<script type=\"application\/ld+json\" class=\"yoast-schema-graph\">{\"@context\":\"https:\/\/schema.org\",\"@graph\":[{\"@type\":\"Article\",\"@id\":\"https:\/\/hudo.com\/si\/lifestyle\/v-mariboru-bodo-reciklirali-zemljo-za-nove-urbane-vrtove\/#article\",\"isPartOf\":{\"@id\":\"https:\/\/hudo.com\/si\/lifestyle\/v-mariboru-bodo-reciklirali-zemljo-za-nove-urbane-vrtove\/\"},\"author\":{\"name\":\"hudo\",\"@id\":\"https:\/\/hudo.com\/si\/#\/schema\/person\/601cf3379633985b20f7e50f2bb47707\"},\"headline\":\"V Mariboru bodo reciklirali zemljo za nove urbane vrtove\",\"datePublished\":\"2017-10-16T09:50:07+00:00\",\"dateModified\":\"2017-10-16T09:50:07+00:00\",\"mainEntityOfPage\":{\"@id\":\"https:\/\/hudo.com\/si\/lifestyle\/v-mariboru-bodo-reciklirali-zemljo-za-nove-urbane-vrtove\/\"},\"wordCount\":374,\"publisher\":{\"@id\":\"https:\/\/hudo.com\/si\/#organization\"},\"keywords\":[\"ekologija\",\"maribor\",\"Slovenija\",\"urbani vrtovi\",\"vrtnarstvo\"],\"articleSection\":[\"Lifestyle\"],\"inLanguage\":\"sl-SI\"},{\"@type\":\"WebPage\",\"@id\":\"https:\/\/hudo.com\/si\/lifestyle\/v-mariboru-bodo-reciklirali-zemljo-za-nove-urbane-vrtove\/\",\"url\":\"https:\/\/hudo.com\/si\/lifestyle\/v-mariboru-bodo-reciklirali-zemljo-za-nove-urbane-vrtove\/\",\"name\":\"V Mariboru bodo reciklirali zemljo za nove urbane vrtove - Hudo Slovenija\",\"isPartOf\":{\"@id\":\"https:\/\/hudo.com\/si\/#website\"},\"datePublished\":\"2017-10-16T09:50:07+00:00\",\"dateModified\":\"2017-10-16T09:50:07+00:00\",\"breadcrumb\":{\"@id\":\"https:\/\/hudo.com\/si\/lifestyle\/v-mariboru-bodo-reciklirali-zemljo-za-nove-urbane-vrtove\/#breadcrumb\"},\"inLanguage\":\"sl-SI\",\"potentialAction\":[{\"@type\":\"ReadAction\",\"target\":[\"https:\/\/hudo.com\/si\/lifestyle\/v-mariboru-bodo-reciklirali-zemljo-za-nove-urbane-vrtove\/\"]}]},{\"@type\":\"BreadcrumbList\",\"@id\":\"https:\/\/hudo.com\/si\/lifestyle\/v-mariboru-bodo-reciklirali-zemljo-za-nove-urbane-vrtove\/#breadcrumb\",\"itemListElement\":[{\"@type\":\"ListItem\",\"position\":1,\"name\":\"Home\",\"item\":\"https:\/\/hudo.com\/si\/\"},{\"@type\":\"ListItem\",\"position\":2,\"name\":\"V Mariboru bodo reciklirali zemljo za nove urbane vrtove\"}]},{\"@type\":\"WebSite\",\"@id\":\"https:\/\/hudo.com\/si\/#website\",\"url\":\"https:\/\/hudo.com\/si\/\",\"name\":\"Hudo Slovenija\",\"description\":\"Vse novice iz Slovenije in sveta\",\"publisher\":{\"@id\":\"https:\/\/hudo.com\/si\/#organization\"},\"potentialAction\":[{\"@type\":\"SearchAction\",\"target\":{\"@type\":\"EntryPoint\",\"urlTemplate\":\"https:\/\/hudo.com\/si\/?s={search_term_string}\"},\"query-input\":\"required name=search_term_string\"}],\"inLanguage\":\"sl-SI\"},{\"@type\":\"Organization\",\"@id\":\"https:\/\/hudo.com\/si\/#organization\",\"name\":\"VSN Media\",\"url\":\"https:\/\/hudo.com\/si\/\",\"logo\":{\"@type\":\"ImageObject\",\"inLanguage\":\"sl-SI\",\"@id\":\"https:\/\/hudo.com\/si\/#\/schema\/logo\/image\/\",\"url\":\"https:\/\/hudo.com\/si\/wp-content\/uploads\/sites\/2\/2021\/03\/hudo-app-2.png\",\"contentUrl\":\"https:\/\/hudo.com\/si\/wp-content\/uploads\/sites\/2\/2021\/03\/hudo-app-2.png\",\"width\":2185,\"height\":2167,\"caption\":\"VSN Media\"},\"image\":{\"@id\":\"https:\/\/hudo.com\/si\/#\/schema\/logo\/image\/\"},\"sameAs\":[\"https:\/\/www.facebook.com\/hudo.si\",\"https:\/\/twitter.com\/hudo_si\"]},{\"@type\":\"Person\",\"@id\":\"https:\/\/hudo.com\/si\/#\/schema\/person\/601cf3379633985b20f7e50f2bb47707\",\"name\":\"hudo\",\"image\":{\"@type\":\"ImageObject\",\"inLanguage\":\"sl-SI\",\"@id\":\"https:\/\/hudo.com\/si\/#\/schema\/person\/image\/\",\"url\":\"https:\/\/secure.gravatar.com\/avatar\/c4ca25fa72cace7a696b52ff5db9e095?s=96&d=mm&r=g\",\"contentUrl\":\"https:\/\/secure.gravatar.com\/avatar\/c4ca25fa72cace7a696b52ff5db9e095?s=96&d=mm&r=g\",\"caption\":\"hudo\"},\"url\":\"https:\/\/hudo.com\/si\/author\/hudo\/\"}]}<\/script>\n<!-- \/ Yoast SEO plugin. -->","yoast_head_json":{"title":"V Mariboru bodo reciklirali zemljo za nove urbane vrtove - Hudo Slovenija","robots":{"index":"index","follow":"follow","max-snippet":"max-snippet:-1","max-image-preview":"max-image-preview:large","max-video-preview":"max-video-preview:-1"},"canonical":"https:\/\/hudo.com\/si\/lifestyle\/v-mariboru-bodo-reciklirali-zemljo-za-nove-urbane-vrtove\/","og_locale":"sl_SI","og_type":"article","og_title":"V Mariboru bodo reciklirali zemljo za nove urbane vrtove - Hudo Slovenija","og_description":"Mestna ob\u010dina Maribor namerava v okviru projekta Urban soil 4 food, za katerega je prej\u0161nji teden dobila odobrena evropska sredstva, raziskovati na\u010dine, kako iz izkopane zemljine in biolo\u0161kih odpadkov zame\u0161ati certificirano zemljino, ki bi bila uporabna za gojenje rastlin v mestih. Posledi\u010dno naj bi v mestu vzpostavili nove urbane vrtove.","og_url":"https:\/\/hudo.com\/si\/lifestyle\/v-mariboru-bodo-reciklirali-zemljo-za-nove-urbane-vrtove\/","og_site_name":"Hudo Slovenija","article_publisher":"https:\/\/www.facebook.com\/hudo.si","article_published_time":"2017-10-16T09:50:07+00:00","og_image":[{"width":1250,"height":830,"url":"https:\/\/hudo.com\/si\/wp-content\/uploads\/sites\/2\/2017\/10\/profimedia-0143482637.jpg","type":"image\/jpeg"}],"author":"hudo","twitter_card":"summary_large_image","twitter_creator":"@hudo_si","twitter_site":"@hudo_si","twitter_misc":{"Written by":"hudo","Est. reading time":"2 minuti"},"schema":{"@context":"https:\/\/schema.org","@graph":[{"@type":"Article","@id":"https:\/\/hudo.com\/si\/lifestyle\/v-mariboru-bodo-reciklirali-zemljo-za-nove-urbane-vrtove\/#article","isPartOf":{"@id":"https:\/\/hudo.com\/si\/lifestyle\/v-mariboru-bodo-reciklirali-zemljo-za-nove-urbane-vrtove\/"},"author":{"name":"hudo","@id":"https:\/\/hudo.com\/si\/#\/schema\/person\/601cf3379633985b20f7e50f2bb47707"},"headline":"V Mariboru bodo reciklirali zemljo za nove urbane vrtove","datePublished":"2017-10-16T09:50:07+00:00","dateModified":"2017-10-16T09:50:07+00:00","mainEntityOfPage":{"@id":"https:\/\/hudo.com\/si\/lifestyle\/v-mariboru-bodo-reciklirali-zemljo-za-nove-urbane-vrtove\/"},"wordCount":374,"publisher":{"@id":"https:\/\/hudo.com\/si\/#organization"},"keywords":["ekologija","maribor","Slovenija","urbani vrtovi","vrtnarstvo"],"articleSection":["Lifestyle"],"inLanguage":"sl-SI"},{"@type":"WebPage","@id":"https:\/\/hudo.com\/si\/lifestyle\/v-mariboru-bodo-reciklirali-zemljo-za-nove-urbane-vrtove\/","url":"https:\/\/hudo.com\/si\/lifestyle\/v-mariboru-bodo-reciklirali-zemljo-za-nove-urbane-vrtove\/","name":"V Mariboru bodo reciklirali zemljo za nove urbane vrtove - Hudo Slovenija","isPartOf":{"@id":"https:\/\/hudo.com\/si\/#website"},"datePublished":"2017-10-16T09:50:07+00:00","dateModified":"2017-10-16T09:50:07+00:00","breadcrumb":{"@id":"https:\/\/hudo.com\/si\/lifestyle\/v-mariboru-bodo-reciklirali-zemljo-za-nove-urbane-vrtove\/#breadcrumb"},"inLanguage":"sl-SI","potentialAction":[{"@type":"ReadAction","target":["https:\/\/hudo.com\/si\/lifestyle\/v-mariboru-bodo-reciklirali-zemljo-za-nove-urbane-vrtove\/"]}]},{"@type":"BreadcrumbList","@id":"https:\/\/hudo.com\/si\/lifestyle\/v-mariboru-bodo-reciklirali-zemljo-za-nove-urbane-vrtove\/#breadcrumb","itemListElement":[{"@type":"ListItem","position":1,"name":"Home","item":"https:\/\/hudo.com\/si\/"},{"@type":"ListItem","position":2,"name":"V Mariboru bodo reciklirali zemljo za nove urbane vrtove"}]},{"@type":"WebSite","@id":"https:\/\/hudo.com\/si\/#website","url":"https:\/\/hudo.com\/si\/","name":"Hudo Slovenija","description":"Vse novice iz Slovenije in sveta","publisher":{"@id":"https:\/\/hudo.com\/si\/#organization"},"potentialAction":[{"@type":"SearchAction","target":{"@type":"EntryPoint","urlTemplate":"https:\/\/hudo.com\/si\/?s={search_term_string}"},"query-input":"required name=search_term_string"}],"inLanguage":"sl-SI"},{"@type":"Organization","@id":"https:\/\/hudo.com\/si\/#organization","name":"VSN Media","url":"https:\/\/hudo.com\/si\/","logo":{"@type":"ImageObject","inLanguage":"sl-SI","@id":"https:\/\/hudo.com\/si\/#\/schema\/logo\/image\/","url":"https:\/\/hudo.com\/si\/wp-content\/uploads\/sites\/2\/2021\/03\/hudo-app-2.png","contentUrl":"https:\/\/hudo.com\/si\/wp-content\/uploads\/sites\/2\/2021\/03\/hudo-app-2.png","width":2185,"height":2167,"caption":"VSN Media"},"image":{"@id":"https:\/\/hudo.com\/si\/#\/schema\/logo\/image\/"},"sameAs":["https:\/\/www.facebook.com\/hudo.si","https:\/\/twitter.com\/hudo_si"]},{"@type":"Person","@id":"https:\/\/hudo.com\/si\/#\/schema\/person\/601cf3379633985b20f7e50f2bb47707","name":"hudo","image":{"@type":"ImageObject","inLanguage":"sl-SI","@id":"https:\/\/hudo.com\/si\/#\/schema\/person\/image\/","url":"https:\/\/secure.gravatar.com\/avatar\/c4ca25fa72cace7a696b52ff5db9e095?s=96&d=mm&r=g","contentUrl":"https:\/\/secure.gravatar.com\/avatar\/c4ca25fa72cace7a696b52ff5db9e095?s=96&d=mm&r=g","caption":"hudo"},"url":"https:\/\/hudo.com\/si\/author\/hudo\/"}]}},"amp_enabled":true,"_links":{"self":[{"href":"https:\/\/hudo.com\/si\/wp-json\/wp\/v2\/posts\/310684"}],"collection":[{"href":"https:\/\/hudo.com\/si\/wp-json\/wp\/v2\/posts"}],"about":[{"href":"https:\/\/hudo.com\/si\/wp-json\/wp\/v2\/types\/post"}],"author":[{"embeddable":true,"href":"https:\/\/hudo.com\/si\/wp-json\/wp\/v2\/users\/1"}],"replies":[{"embeddable":true,"href":"https:\/\/hudo.com\/si\/wp-json\/wp\/v2\/comments?post=310684"}],"version-history":[{"count":0,"href":"https:\/\/hudo.com\/si\/wp-json\/wp\/v2\/posts\/310684\/revisions"}],"wp:attachment":[{"href":"https:\/\/hudo.com\/si\/wp-json\/wp\/v2\/media?parent=310684"}],"wp:term":[{"taxonomy":"category","embeddable":true,"href":"https:\/\/hudo.com\/si\/wp-json\/wp\/v2\/categories?post=310684"},{"taxonomy":"post_tag","embeddable":true,"href":"https:\/\/hudo.com\/si\/wp-json\/wp\/v2\/tags?post=310684"},{"taxonomy":"source","embeddable":true,"href":"https:\/\/hudo.com\/si\/wp-json\/wp\/v2\/source?post=310684"},{"taxonomy":"supertag","embeddable":true,"href":"https:\/\/hudo.com\/si\/wp-json\/wp\/v2\/supertag?post=310684"}],"curies":[{"name":"wp","href":"https:\/\/api.w.org\/{rel}","templated":true}]}}