{"id":311533,"date":"2017-10-18T13:19:58","date_gmt":"2017-10-18T11:19:58","guid":{"rendered":"http:\/\/hudo.com\/si\/?p=311533"},"modified":"2017-10-18T13:19:58","modified_gmt":"2017-10-18T11:19:58","slug":"v-sds-prepricani-da-jim-je-bila-skoda-s-procesom-patria-povzrocena-namerno","status":"publish","type":"post","link":"https:\/\/hudo.com\/si\/aktualno\/v-sds-prepricani-da-jim-je-bila-skoda-s-procesom-patria-povzrocena-namerno\/","title":{"rendered":"V SDS prepri\u010dani, da jim je bila \u0161koda s procesom Patria povzro\u010dena namerno"},"content":{"rendered":"<div class=\"text\">\n<p>Odvetnik SDS Franci Matoz je na za\u010detku dana\u0161njega naroka povedal, da v SDS vztrajajo pri to\u017ebi, podal je tudi nekatere dodatne dokazne predloge. Kot dokaz, da je bila \u0161koda povzro\u010dena namerno in ne iz malomarnosti, je navedel, da je bilo v sodbah ljubljanskega okro\u017enega in vi\u0161jega sodi\u0161\u010da ugotovljeno, da je to\u017eilka Branka Zobec Hrastar, ki je vlo\u017eila obto\u017eni predlog v zadevi Patria, v predlogu &#8220;zapisala neresnico in priredila dokaz&#8221;, kar po Matozovih besedah ka\u017ee, da je ravnala v nasprotju z dol\u017enim ravnanjem in pooblastili. Za kateri sodbi gre, Matoz ni podrobneje navedel, najverjetneje pa gre za odlo\u010ditvi okrajnega in vi\u0161jega sodi\u0161\u010da iz let 2015 in 2016, s katerima sta bila Jan\u0161a in Matoz opro\u0161\u010dena krive ovadbe Zobec Hrastarjeve.<\/p>\n<p>Da je bila \u0161koda v sojenju v zadevi Patria narejena namerno, po besedah Matoza dokazuje tudi domnevno dejstvo, da je predsednik senata vi\u0161jega sodi\u0161\u010da, ki je obravnaval eno izmed prito\u017eb v omenjeni zadevi, vi\u0161ji sodnik Milan \u0160trukelj povedal Jo\u017eetu Razpotniku, da je bila prito\u017eba zavrnjena, ker je za to dobil ukaz &#8220;z vrha&#8221;. Zato je Matoz danes dodatno predlagal zasli\u0161anje Razpotnika in Toneta Krkovi\u010da, ki mu je Razpotnik povedal za \u0160trukljevo izpovedbo.<\/p>\n<p>Dodatno je Matoz danes predlagal zasli\u0161anje zakoncev Radovana in Mire Marvin, ki bosta po njegovih besedah izpovedala, kako je takratni predsednik vrhovnega sodi\u0161\u010da Branko Masle\u0161a nekemu kolegu na javnem kraju razlagal, da je treba Jan\u0161o &#8220;sf &#8230;&#8221; Oba naj bi svoje pri\u010danje tudi notarsko overila.<\/p>\n<p>V SDS kot dokaz, da je bila celotna zadeva vodena v smeri, da se Jan\u0161o obsodi, vidijo tudi takratno odlo\u010ditev Masle\u0161e, da se imenuje za predsednika senata, ki je odlo\u010dal o Jan\u0161evi zahtevi za varstvo zakonitosti zoper obsodilno sodbo. Po Matozovih besedah je bila tak\u0161na odlo\u010ditev izvedena mimo pravil sodnega reda, kar je po njegovih navedbah ugotovilo tudi ustavno sodi\u0161\u010de, ko je v odlo\u010dbi, s katero je razveljavilo obsodilno sodbo, zapisalo, da Masle\u0161a ne bi smel predsedovati senatu in bi se moral iz odlo\u010danja izlo\u010diti.<\/p>\n<p>V SDS poleg danes omenjenih in \u0161e nekaterih drugih pri\u010d predlagajo \u0161e zasli\u0161anje nekaterih pravnikov, ki so opozarjali na nepravilnosti v procesu &#8211; Matev\u017ea Krivica, Klemna Jakli\u010da in Mateja Avblja.<\/p>\n<p>Ker so bili danes predlo\u017eeni nekateri novi dokazni predlogi, je ljubljansko okro\u017eno sodi\u0161\u010de pravobranilstvu odobrilo 15 dnevni rok, da odgovori nanje. Tako predsednika SDS Jan\u0161e danes niso zasli\u0161ali, pa\u010d pa ga bodo 13. decembra.<\/p>\n<p>SDS od\u0161kodnino od dr\u017eave zahteva zaradi vpliva sojenja v aferi Patria na volitve leta 2014. Ob tem v SDS predlagajo pravobranilstvu, da od\u0161kodnino izterja od Branke Zobec Hrastar, Andreja Ferlinca, Branka Masle\u0161e, Barbare Klajn\u0161ek in ostalih sodnikov in to\u017eilcev v zadevi Patria.<\/p>\n<p>Po odhodu iz sodne dvorane je sicer danes Jan\u0161o pri\u010dakal sodni vro\u010devalec, ki mu je hotel izro\u010diti ve\u010dji sodni paket, a ga je Jan\u0161a zavrnil. Kot je pozneje pred sodi\u0161\u010dem povedal novinarjem, je \u0161lo najverjetneje za poskus vro\u010ditve to\u017ebe za odvzem premo\u017eenja nezakonitega izvora. A Jan\u0161a pravi, da mu je bil tak\u0161en paket vr\u017een pod po\u0161tni nabiralnik \u017ee maja letos s t. i. fikcijo vro\u010ditve.<\/p>\n<p>V primeru to\u017eb novinark Radiotelevizije Slovenija je bila po njegovih besedah tak\u0161na &#8220;fikcija vro\u010ditve upo\u0161tevana, tukaj pa jim roki o\u010ditno ne odgovarjajo in se zdaj sprenevedajo zato, da bi sam cirkus pomaknili \u010dim bli\u017eje volitvam&#8221;. &#8220;Vro\u010ditev je bila izvr\u0161ena v skladu z razlago zakonodaje, kot jo uporabljajo sodi\u0161\u010da, zato sem pri\u010dakoval, da se bodo stvari odvijale naprej,&#8221; je dejal. Jan\u0161a je sicer \u0161e vedno prepri\u010dan, da je to\u017eilstvo to\u017ebo za odvzem premo\u017eenja vlo\u017eilo ve\u010d kot dve leti prepozno.<\/p>\n<\/div>\n","protected":false},"excerpt":{"rendered":"<p>Na okro\u017enem sodi\u0161\u010du je potekal prvi narok glavne obravnave v to\u017ebi, s katero SDS od dr\u017eave zahteva 886.257 evrov od\u0161kodnine zaradi sojenja v zadevi Patria. \u0160e pred tem je bil neuspe\u0161no izveden poravnalni narok. Dr\u017eava namre\u010d po besedah Janeza Jan\u0161e zahtevek zavra\u010da, SDS pa vztraja, da je do \u0161kode pri\u0161lo in to namerno.<\/p>\n","protected":false},"author":5,"featured_media":311534,"comment_status":"closed","ping_status":"closed","sticky":false,"template":"","format":"standard","meta":{"footnotes":""},"categories":[1179],"tags":[6234,4632,1595,4814,4919],"source":[4511],"supertag":[],"acf":[],"yoast_head":"<!-- This site is optimized with the Yoast SEO plugin v21.3 - https:\/\/yoast.com\/wordpress\/plugins\/seo\/ -->\n<title>V SDS prepri\u010dani, da jim je bila \u0161koda s procesom Patria povzro\u010dena namerno - Hudo Slovenija<\/title>\n<meta name=\"robots\" content=\"index, follow, max-snippet:-1, max-image-preview:large, max-video-preview:-1\" \/>\n<link rel=\"canonical\" href=\"https:\/\/hudo.com\/si\/aktualno\/v-sds-prepricani-da-jim-je-bila-skoda-s-procesom-patria-povzrocena-namerno\/\" \/>\n<meta property=\"og:locale\" content=\"sl_SI\" \/>\n<meta property=\"og:type\" content=\"article\" \/>\n<meta property=\"og:title\" content=\"V SDS prepri\u010dani, da jim je bila \u0161koda s procesom Patria povzro\u010dena namerno - Hudo Slovenija\" \/>\n<meta property=\"og:description\" content=\"Na okro\u017enem sodi\u0161\u010du je potekal prvi narok glavne obravnave v to\u017ebi, s katero SDS od dr\u017eave zahteva 886.257 evrov od\u0161kodnine zaradi sojenja v zadevi Patria. \u0160e pred tem je bil neuspe\u0161no izveden poravnalni narok. Dr\u017eava namre\u010d po besedah Janeza Jan\u0161e zahtevek zavra\u010da, SDS pa vztraja, da je do \u0161kode pri\u0161lo in to namerno.\" \/>\n<meta property=\"og:url\" content=\"https:\/\/hudo.com\/si\/aktualno\/v-sds-prepricani-da-jim-je-bila-skoda-s-procesom-patria-povzrocena-namerno\/\" \/>\n<meta property=\"og:site_name\" content=\"Hudo Slovenija\" \/>\n<meta property=\"article:publisher\" content=\"https:\/\/www.facebook.com\/hudo.si\" \/>\n<meta property=\"article:published_time\" content=\"2017-10-18T11:19:58+00:00\" \/>\n<meta property=\"og:image\" content=\"https:\/\/hudo.com\/si\/wp-content\/uploads\/sites\/2\/2017\/10\/profimedia-0025926870.jpg\" \/>\n\t<meta property=\"og:image:width\" content=\"1250\" \/>\n\t<meta property=\"og:image:height\" content=\"830\" \/>\n\t<meta property=\"og:image:type\" content=\"image\/jpeg\" \/>\n<meta name=\"author\" content=\"A. G., STA\" \/>\n<meta name=\"twitter:card\" content=\"summary_large_image\" \/>\n<meta name=\"twitter:creator\" content=\"@hudo_si\" \/>\n<meta name=\"twitter:site\" content=\"@hudo_si\" \/>\n<meta name=\"twitter:label1\" content=\"Written by\" \/>\n\t<meta name=\"twitter:data1\" content=\"A. G., STA\" \/>\n\t<meta name=\"twitter:label2\" content=\"Est. reading time\" \/>\n\t<meta name=\"twitter:data2\" content=\"3 minute\" \/>\n<script type=\"application\/ld+json\" class=\"yoast-schema-graph\">{\"@context\":\"https:\/\/schema.org\",\"@graph\":[{\"@type\":\"Article\",\"@id\":\"https:\/\/hudo.com\/si\/aktualno\/v-sds-prepricani-da-jim-je-bila-skoda-s-procesom-patria-povzrocena-namerno\/#article\",\"isPartOf\":{\"@id\":\"https:\/\/hudo.com\/si\/aktualno\/v-sds-prepricani-da-jim-je-bila-skoda-s-procesom-patria-povzrocena-namerno\/\"},\"author\":{\"name\":\"A. G., STA\",\"@id\":\"https:\/\/hudo.com\/si\/#\/schema\/person\/2391667a63ea075ba94f2f2dc6b77537\"},\"headline\":\"V SDS prepri\u010dani, da jim je bila \u0161koda s procesom Patria povzro\u010dena namerno\",\"datePublished\":\"2017-10-18T11:19:58+00:00\",\"dateModified\":\"2017-10-18T11:19:58+00:00\",\"mainEntityOfPage\":{\"@id\":\"https:\/\/hudo.com\/si\/aktualno\/v-sds-prepricani-da-jim-je-bila-skoda-s-procesom-patria-povzrocena-namerno\/\"},\"wordCount\":665,\"publisher\":{\"@id\":\"https:\/\/hudo.com\/si\/#organization\"},\"keywords\":[\"patria\",\"SDS\",\"Slovenija\",\"to\u017eba\",\"volitve\"],\"articleSection\":[\"Aktualno\"],\"inLanguage\":\"sl-SI\"},{\"@type\":\"WebPage\",\"@id\":\"https:\/\/hudo.com\/si\/aktualno\/v-sds-prepricani-da-jim-je-bila-skoda-s-procesom-patria-povzrocena-namerno\/\",\"url\":\"https:\/\/hudo.com\/si\/aktualno\/v-sds-prepricani-da-jim-je-bila-skoda-s-procesom-patria-povzrocena-namerno\/\",\"name\":\"V SDS prepri\u010dani, da jim je bila \u0161koda s procesom Patria povzro\u010dena namerno - Hudo Slovenija\",\"isPartOf\":{\"@id\":\"https:\/\/hudo.com\/si\/#website\"},\"datePublished\":\"2017-10-18T11:19:58+00:00\",\"dateModified\":\"2017-10-18T11:19:58+00:00\",\"breadcrumb\":{\"@id\":\"https:\/\/hudo.com\/si\/aktualno\/v-sds-prepricani-da-jim-je-bila-skoda-s-procesom-patria-povzrocena-namerno\/#breadcrumb\"},\"inLanguage\":\"sl-SI\",\"potentialAction\":[{\"@type\":\"ReadAction\",\"target\":[\"https:\/\/hudo.com\/si\/aktualno\/v-sds-prepricani-da-jim-je-bila-skoda-s-procesom-patria-povzrocena-namerno\/\"]}]},{\"@type\":\"BreadcrumbList\",\"@id\":\"https:\/\/hudo.com\/si\/aktualno\/v-sds-prepricani-da-jim-je-bila-skoda-s-procesom-patria-povzrocena-namerno\/#breadcrumb\",\"itemListElement\":[{\"@type\":\"ListItem\",\"position\":1,\"name\":\"Home\",\"item\":\"https:\/\/hudo.com\/si\/\"},{\"@type\":\"ListItem\",\"position\":2,\"name\":\"V SDS prepri\u010dani, da jim je bila \u0161koda s procesom Patria povzro\u010dena namerno\"}]},{\"@type\":\"WebSite\",\"@id\":\"https:\/\/hudo.com\/si\/#website\",\"url\":\"https:\/\/hudo.com\/si\/\",\"name\":\"Hudo Slovenija\",\"description\":\"Vse novice iz Slovenije in sveta\",\"publisher\":{\"@id\":\"https:\/\/hudo.com\/si\/#organization\"},\"potentialAction\":[{\"@type\":\"SearchAction\",\"target\":{\"@type\":\"EntryPoint\",\"urlTemplate\":\"https:\/\/hudo.com\/si\/?s={search_term_string}\"},\"query-input\":\"required name=search_term_string\"}],\"inLanguage\":\"sl-SI\"},{\"@type\":\"Organization\",\"@id\":\"https:\/\/hudo.com\/si\/#organization\",\"name\":\"VSN Media\",\"url\":\"https:\/\/hudo.com\/si\/\",\"logo\":{\"@type\":\"ImageObject\",\"inLanguage\":\"sl-SI\",\"@id\":\"https:\/\/hudo.com\/si\/#\/schema\/logo\/image\/\",\"url\":\"https:\/\/hudo.com\/si\/wp-content\/uploads\/sites\/2\/2021\/03\/hudo-app-2.png\",\"contentUrl\":\"https:\/\/hudo.com\/si\/wp-content\/uploads\/sites\/2\/2021\/03\/hudo-app-2.png\",\"width\":2185,\"height\":2167,\"caption\":\"VSN Media\"},\"image\":{\"@id\":\"https:\/\/hudo.com\/si\/#\/schema\/logo\/image\/\"},\"sameAs\":[\"https:\/\/www.facebook.com\/hudo.si\",\"https:\/\/twitter.com\/hudo_si\"]},{\"@type\":\"Person\",\"@id\":\"https:\/\/hudo.com\/si\/#\/schema\/person\/2391667a63ea075ba94f2f2dc6b77537\",\"name\":\"A. G., STA\",\"image\":{\"@type\":\"ImageObject\",\"inLanguage\":\"sl-SI\",\"@id\":\"https:\/\/hudo.com\/si\/#\/schema\/person\/image\/\",\"url\":\"https:\/\/secure.gravatar.com\/avatar\/e13d22ac3e442658d5025fbbe6238a79?s=96&d=mm&r=g\",\"contentUrl\":\"https:\/\/secure.gravatar.com\/avatar\/e13d22ac3e442658d5025fbbe6238a79?s=96&d=mm&r=g\",\"caption\":\"A. G., STA\"},\"url\":\"https:\/\/hudo.com\/si\/author\/alenka\/\"}]}<\/script>\n<!-- \/ Yoast SEO plugin. -->","yoast_head_json":{"title":"V SDS prepri\u010dani, da jim je bila \u0161koda s procesom Patria povzro\u010dena namerno - Hudo Slovenija","robots":{"index":"index","follow":"follow","max-snippet":"max-snippet:-1","max-image-preview":"max-image-preview:large","max-video-preview":"max-video-preview:-1"},"canonical":"https:\/\/hudo.com\/si\/aktualno\/v-sds-prepricani-da-jim-je-bila-skoda-s-procesom-patria-povzrocena-namerno\/","og_locale":"sl_SI","og_type":"article","og_title":"V SDS prepri\u010dani, da jim je bila \u0161koda s procesom Patria povzro\u010dena namerno - Hudo Slovenija","og_description":"Na okro\u017enem sodi\u0161\u010du je potekal prvi narok glavne obravnave v to\u017ebi, s katero SDS od dr\u017eave zahteva 886.257 evrov od\u0161kodnine zaradi sojenja v zadevi Patria. \u0160e pred tem je bil neuspe\u0161no izveden poravnalni narok. Dr\u017eava namre\u010d po besedah Janeza Jan\u0161e zahtevek zavra\u010da, SDS pa vztraja, da je do \u0161kode pri\u0161lo in to namerno.","og_url":"https:\/\/hudo.com\/si\/aktualno\/v-sds-prepricani-da-jim-je-bila-skoda-s-procesom-patria-povzrocena-namerno\/","og_site_name":"Hudo Slovenija","article_publisher":"https:\/\/www.facebook.com\/hudo.si","article_published_time":"2017-10-18T11:19:58+00:00","og_image":[{"width":1250,"height":830,"url":"https:\/\/hudo.com\/si\/wp-content\/uploads\/sites\/2\/2017\/10\/profimedia-0025926870.jpg","type":"image\/jpeg"}],"author":"A. G., STA","twitter_card":"summary_large_image","twitter_creator":"@hudo_si","twitter_site":"@hudo_si","twitter_misc":{"Written by":"A. G., STA","Est. reading time":"3 minute"},"schema":{"@context":"https:\/\/schema.org","@graph":[{"@type":"Article","@id":"https:\/\/hudo.com\/si\/aktualno\/v-sds-prepricani-da-jim-je-bila-skoda-s-procesom-patria-povzrocena-namerno\/#article","isPartOf":{"@id":"https:\/\/hudo.com\/si\/aktualno\/v-sds-prepricani-da-jim-je-bila-skoda-s-procesom-patria-povzrocena-namerno\/"},"author":{"name":"A. G., STA","@id":"https:\/\/hudo.com\/si\/#\/schema\/person\/2391667a63ea075ba94f2f2dc6b77537"},"headline":"V SDS prepri\u010dani, da jim je bila \u0161koda s procesom Patria povzro\u010dena namerno","datePublished":"2017-10-18T11:19:58+00:00","dateModified":"2017-10-18T11:19:58+00:00","mainEntityOfPage":{"@id":"https:\/\/hudo.com\/si\/aktualno\/v-sds-prepricani-da-jim-je-bila-skoda-s-procesom-patria-povzrocena-namerno\/"},"wordCount":665,"publisher":{"@id":"https:\/\/hudo.com\/si\/#organization"},"keywords":["patria","SDS","Slovenija","to\u017eba","volitve"],"articleSection":["Aktualno"],"inLanguage":"sl-SI"},{"@type":"WebPage","@id":"https:\/\/hudo.com\/si\/aktualno\/v-sds-prepricani-da-jim-je-bila-skoda-s-procesom-patria-povzrocena-namerno\/","url":"https:\/\/hudo.com\/si\/aktualno\/v-sds-prepricani-da-jim-je-bila-skoda-s-procesom-patria-povzrocena-namerno\/","name":"V SDS prepri\u010dani, da jim je bila \u0161koda s procesom Patria povzro\u010dena namerno - Hudo Slovenija","isPartOf":{"@id":"https:\/\/hudo.com\/si\/#website"},"datePublished":"2017-10-18T11:19:58+00:00","dateModified":"2017-10-18T11:19:58+00:00","breadcrumb":{"@id":"https:\/\/hudo.com\/si\/aktualno\/v-sds-prepricani-da-jim-je-bila-skoda-s-procesom-patria-povzrocena-namerno\/#breadcrumb"},"inLanguage":"sl-SI","potentialAction":[{"@type":"ReadAction","target":["https:\/\/hudo.com\/si\/aktualno\/v-sds-prepricani-da-jim-je-bila-skoda-s-procesom-patria-povzrocena-namerno\/"]}]},{"@type":"BreadcrumbList","@id":"https:\/\/hudo.com\/si\/aktualno\/v-sds-prepricani-da-jim-je-bila-skoda-s-procesom-patria-povzrocena-namerno\/#breadcrumb","itemListElement":[{"@type":"ListItem","position":1,"name":"Home","item":"https:\/\/hudo.com\/si\/"},{"@type":"ListItem","position":2,"name":"V SDS prepri\u010dani, da jim je bila \u0161koda s procesom Patria povzro\u010dena namerno"}]},{"@type":"WebSite","@id":"https:\/\/hudo.com\/si\/#website","url":"https:\/\/hudo.com\/si\/","name":"Hudo Slovenija","description":"Vse novice iz Slovenije in sveta","publisher":{"@id":"https:\/\/hudo.com\/si\/#organization"},"potentialAction":[{"@type":"SearchAction","target":{"@type":"EntryPoint","urlTemplate":"https:\/\/hudo.com\/si\/?s={search_term_string}"},"query-input":"required name=search_term_string"}],"inLanguage":"sl-SI"},{"@type":"Organization","@id":"https:\/\/hudo.com\/si\/#organization","name":"VSN Media","url":"https:\/\/hudo.com\/si\/","logo":{"@type":"ImageObject","inLanguage":"sl-SI","@id":"https:\/\/hudo.com\/si\/#\/schema\/logo\/image\/","url":"https:\/\/hudo.com\/si\/wp-content\/uploads\/sites\/2\/2021\/03\/hudo-app-2.png","contentUrl":"https:\/\/hudo.com\/si\/wp-content\/uploads\/sites\/2\/2021\/03\/hudo-app-2.png","width":2185,"height":2167,"caption":"VSN Media"},"image":{"@id":"https:\/\/hudo.com\/si\/#\/schema\/logo\/image\/"},"sameAs":["https:\/\/www.facebook.com\/hudo.si","https:\/\/twitter.com\/hudo_si"]},{"@type":"Person","@id":"https:\/\/hudo.com\/si\/#\/schema\/person\/2391667a63ea075ba94f2f2dc6b77537","name":"A. G., STA","image":{"@type":"ImageObject","inLanguage":"sl-SI","@id":"https:\/\/hudo.com\/si\/#\/schema\/person\/image\/","url":"https:\/\/secure.gravatar.com\/avatar\/e13d22ac3e442658d5025fbbe6238a79?s=96&d=mm&r=g","contentUrl":"https:\/\/secure.gravatar.com\/avatar\/e13d22ac3e442658d5025fbbe6238a79?s=96&d=mm&r=g","caption":"A. G., STA"},"url":"https:\/\/hudo.com\/si\/author\/alenka\/"}]}},"amp_enabled":true,"_links":{"self":[{"href":"https:\/\/hudo.com\/si\/wp-json\/wp\/v2\/posts\/311533"}],"collection":[{"href":"https:\/\/hudo.com\/si\/wp-json\/wp\/v2\/posts"}],"about":[{"href":"https:\/\/hudo.com\/si\/wp-json\/wp\/v2\/types\/post"}],"author":[{"embeddable":true,"href":"https:\/\/hudo.com\/si\/wp-json\/wp\/v2\/users\/5"}],"replies":[{"embeddable":true,"href":"https:\/\/hudo.com\/si\/wp-json\/wp\/v2\/comments?post=311533"}],"version-history":[{"count":1,"href":"https:\/\/hudo.com\/si\/wp-json\/wp\/v2\/posts\/311533\/revisions"}],"predecessor-version":[{"id":311535,"href":"https:\/\/hudo.com\/si\/wp-json\/wp\/v2\/posts\/311533\/revisions\/311535"}],"wp:featuredmedia":[{"embeddable":true,"href":"https:\/\/hudo.com\/si\/wp-json\/wp\/v2\/media\/311534"}],"wp:attachment":[{"href":"https:\/\/hudo.com\/si\/wp-json\/wp\/v2\/media?parent=311533"}],"wp:term":[{"taxonomy":"category","embeddable":true,"href":"https:\/\/hudo.com\/si\/wp-json\/wp\/v2\/categories?post=311533"},{"taxonomy":"post_tag","embeddable":true,"href":"https:\/\/hudo.com\/si\/wp-json\/wp\/v2\/tags?post=311533"},{"taxonomy":"source","embeddable":true,"href":"https:\/\/hudo.com\/si\/wp-json\/wp\/v2\/source?post=311533"},{"taxonomy":"supertag","embeddable":true,"href":"https:\/\/hudo.com\/si\/wp-json\/wp\/v2\/supertag?post=311533"}],"curies":[{"name":"wp","href":"https:\/\/api.w.org\/{rel}","templated":true}]}}