{"id":31224,"date":"2016-04-16T12:15:00","date_gmt":"2016-04-16T10:15:00","guid":{"rendered":"http:\/\/hudo.com\/si\/2016\/04\/16\/veslajo-za-ohranitev-nedotaknjenih-balkanskih-rek\/"},"modified":"2016-04-16T17:16:21","modified_gmt":"2016-04-16T15:16:21","slug":"veslajo-za-ohranitev-nedotaknjenih-balkanskih-rek","status":"publish","type":"post","link":"https:\/\/hudo.com\/si\/aktualno\/veslajo-za-ohranitev-nedotaknjenih-balkanskih-rek\/","title":{"rendered":"Veslajo za ohranitev nedotaknjenih balkanskih rek"},"content":{"rendered":"<p>Kategorija: Slovenija Sat, 16 Apr 2016 14:15:00 +0200  Rib\u010dev Laz v Bohinju \u2013 Danes to\u010dno opoldne je z veslanjem po Savi Bohinjki na 36-dnevno veslanje po balkanskih rekah krenila pet\u010dlanska odprava Balkan Rivers Tour. Z veslanjem \u017eeli peterica vesla\u010dev pod vodstvom nekdanjega olimpijca Roka Rozmana opozoriti na velik pomen nedotaknjenih rek na Balkanskem polotoku. Te reke so obenem tudi zadnje nedotaknjene reke v Evropi, je o pomenu ohranitve balkanskih rek dejal Ulrich Eichelmann iz organizacije EuroNatur in dodal, da se odprava zavzema za ohranitev rek, hkrati pa nasprotujejo gradnji na\u010drtovanih 2.700 jezov na balkanskih rekah. Kot je dejal idejni o\u010de projekta Rok Rozman, ki je danes uradno prestopil iz tekmovalnega vesla\u0161kega \u010dolna v kajak, je s tem opustil \u00bbzablodo profesionalnega \u0161porta\u00ab in se posvetil varovanju in ohranjanju rek kot \u017eivljenjskih \u017eil. Skupaj bo peterica vesla\u010dev veslala po 18 rekah v Sloveniji,\u00a0&#8230;<\/p>\n","protected":false},"excerpt":{"rendered":"<p>Kategorija: Slovenija Sat, 16 Apr 2016 14:15:00 +0200  Rib\u010dev Laz v Bohinju \u2013 Danes to\u010dno opoldne je z veslanjem po Savi Bohinjki na 36-dnevno veslanje po balkanskih rekah krenila pet\u010dlanska odprava Balkan Rivers Tour. Z veslanjem \u017eeli peterica vesla\u010dev pod vodstvom nekdanjega olimpijca Roka Rozmana opozoriti na velik pomen nedotaknjenih rek na Balkanskem polotoku. Te reke so obenem tudi zadnje nedotaknjene reke v Evropi, je o pomenu ohranitve balkanskih rek dejal Ulrich Eichelmann iz organizacije EuroNatur in dodal, da se odprava zavzema za ohranitev rek, hkrati pa nasprotujejo gradnji na\u010drtovanih 2.700 jezov na balkanskih rekah. Kot je dejal idejni o\u010de projekta Rok Rozman, ki je danes uradno prestopil iz tekmovalnega vesla\u0161kega \u010dolna v kajak, je s tem opustil \u00bbzablodo profesionalnega \u0161porta\u00ab in se posvetil varovanju in ohranjanju rek kot \u017eivljenjskih \u017eil. Skupaj bo peterica vesla\u010dev veslala po 18 rekah v Sloveniji,\u00a0&#8230;<\/p>\n","protected":false},"author":1,"featured_media":0,"comment_status":"closed","ping_status":"closed","sticky":false,"template":"","format":"standard","meta":{"footnotes":""},"categories":[1179],"tags":[],"source":[4511],"supertag":[],"acf":[],"yoast_head":"<!-- This site is optimized with the Yoast SEO plugin v21.3 - https:\/\/yoast.com\/wordpress\/plugins\/seo\/ -->\n<title>Veslajo za ohranitev nedotaknjenih balkanskih rek - Hudo Slovenija<\/title>\n<meta name=\"robots\" content=\"index, follow, max-snippet:-1, max-image-preview:large, max-video-preview:-1\" \/>\n<link rel=\"canonical\" href=\"https:\/\/hudo.com\/si\/aktualno\/veslajo-za-ohranitev-nedotaknjenih-balkanskih-rek\/\" \/>\n<meta property=\"og:locale\" content=\"sl_SI\" \/>\n<meta property=\"og:type\" content=\"article\" \/>\n<meta property=\"og:title\" content=\"Veslajo za ohranitev nedotaknjenih balkanskih rek - Hudo Slovenija\" \/>\n<meta property=\"og:description\" content=\"Kategorija: Slovenija Sat, 16 Apr 2016 14:15:00 +0200 Rib\u010dev Laz v Bohinju \u2013 Danes to\u010dno opoldne je z veslanjem po Savi Bohinjki na 36-dnevno veslanje po balkanskih rekah krenila pet\u010dlanska odprava Balkan Rivers Tour. Z veslanjem \u017eeli peterica vesla\u010dev pod vodstvom nekdanjega olimpijca Roka Rozmana opozoriti na velik pomen nedotaknjenih rek na Balkanskem polotoku. Te reke so obenem tudi zadnje nedotaknjene reke v Evropi, je o pomenu ohranitve balkanskih rek dejal Ulrich Eichelmann iz organizacije EuroNatur in dodal, da se odprava zavzema za ohranitev rek, hkrati pa nasprotujejo gradnji na\u010drtovanih 2.700 jezov na balkanskih rekah. Kot je dejal idejni o\u010de projekta Rok Rozman, ki je danes uradno prestopil iz tekmovalnega vesla\u0161kega \u010dolna v kajak, je s tem opustil \u00bbzablodo profesionalnega \u0161porta\u00ab in se posvetil varovanju in ohranjanju rek kot \u017eivljenjskih \u017eil. Skupaj bo peterica vesla\u010dev veslala po 18 rekah v Sloveniji,\u00a0...\" \/>\n<meta property=\"og:url\" content=\"https:\/\/hudo.com\/si\/aktualno\/veslajo-za-ohranitev-nedotaknjenih-balkanskih-rek\/\" \/>\n<meta property=\"og:site_name\" content=\"Hudo Slovenija\" \/>\n<meta property=\"article:publisher\" content=\"https:\/\/www.facebook.com\/hudo.si\" \/>\n<meta property=\"article:published_time\" content=\"2016-04-16T10:15:00+00:00\" \/>\n<meta property=\"article:modified_time\" content=\"2016-04-16T15:16:21+00:00\" \/>\n<meta property=\"og:image\" content=\"https:\/\/hudo.com\/si\/wp-content\/uploads\/sites\/2\/2016\/04\/480x290_Delo_Foto-20160416134409-47410200.jpeg\" \/>\n\t<meta property=\"og:image:width\" content=\"480\" \/>\n\t<meta property=\"og:image:height\" content=\"290\" \/>\n\t<meta property=\"og:image:type\" content=\"image\/jpeg\" \/>\n<meta name=\"author\" content=\"hudo\" \/>\n<meta name=\"twitter:card\" content=\"summary_large_image\" \/>\n<meta name=\"twitter:creator\" content=\"@hudo_si\" \/>\n<meta name=\"twitter:site\" content=\"@hudo_si\" \/>\n<meta name=\"twitter:label1\" content=\"Written by\" \/>\n\t<meta name=\"twitter:data1\" content=\"hudo\" \/>\n\t<meta name=\"twitter:label2\" content=\"Est. reading time\" \/>\n\t<meta name=\"twitter:data2\" content=\"1 minuta\" \/>\n<script type=\"application\/ld+json\" class=\"yoast-schema-graph\">{\"@context\":\"https:\/\/schema.org\",\"@graph\":[{\"@type\":\"Article\",\"@id\":\"https:\/\/hudo.com\/si\/aktualno\/veslajo-za-ohranitev-nedotaknjenih-balkanskih-rek\/#article\",\"isPartOf\":{\"@id\":\"https:\/\/hudo.com\/si\/aktualno\/veslajo-za-ohranitev-nedotaknjenih-balkanskih-rek\/\"},\"author\":{\"name\":\"hudo\",\"@id\":\"https:\/\/hudo.com\/si\/#\/schema\/person\/601cf3379633985b20f7e50f2bb47707\"},\"headline\":\"Veslajo za ohranitev nedotaknjenih balkanskih rek\",\"datePublished\":\"2016-04-16T10:15:00+00:00\",\"dateModified\":\"2016-04-16T15:16:21+00:00\",\"mainEntityOfPage\":{\"@id\":\"https:\/\/hudo.com\/si\/aktualno\/veslajo-za-ohranitev-nedotaknjenih-balkanskih-rek\/\"},\"wordCount\":148,\"publisher\":{\"@id\":\"https:\/\/hudo.com\/si\/#organization\"},\"articleSection\":[\"Aktualno\"],\"inLanguage\":\"sl-SI\"},{\"@type\":\"WebPage\",\"@id\":\"https:\/\/hudo.com\/si\/aktualno\/veslajo-za-ohranitev-nedotaknjenih-balkanskih-rek\/\",\"url\":\"https:\/\/hudo.com\/si\/aktualno\/veslajo-za-ohranitev-nedotaknjenih-balkanskih-rek\/\",\"name\":\"Veslajo za ohranitev nedotaknjenih balkanskih rek - Hudo Slovenija\",\"isPartOf\":{\"@id\":\"https:\/\/hudo.com\/si\/#website\"},\"datePublished\":\"2016-04-16T10:15:00+00:00\",\"dateModified\":\"2016-04-16T15:16:21+00:00\",\"breadcrumb\":{\"@id\":\"https:\/\/hudo.com\/si\/aktualno\/veslajo-za-ohranitev-nedotaknjenih-balkanskih-rek\/#breadcrumb\"},\"inLanguage\":\"sl-SI\",\"potentialAction\":[{\"@type\":\"ReadAction\",\"target\":[\"https:\/\/hudo.com\/si\/aktualno\/veslajo-za-ohranitev-nedotaknjenih-balkanskih-rek\/\"]}]},{\"@type\":\"BreadcrumbList\",\"@id\":\"https:\/\/hudo.com\/si\/aktualno\/veslajo-za-ohranitev-nedotaknjenih-balkanskih-rek\/#breadcrumb\",\"itemListElement\":[{\"@type\":\"ListItem\",\"position\":1,\"name\":\"Home\",\"item\":\"https:\/\/hudo.com\/si\/\"},{\"@type\":\"ListItem\",\"position\":2,\"name\":\"Veslajo za ohranitev nedotaknjenih balkanskih rek\"}]},{\"@type\":\"WebSite\",\"@id\":\"https:\/\/hudo.com\/si\/#website\",\"url\":\"https:\/\/hudo.com\/si\/\",\"name\":\"Hudo Slovenija\",\"description\":\"Vse novice iz Slovenije in sveta\",\"publisher\":{\"@id\":\"https:\/\/hudo.com\/si\/#organization\"},\"potentialAction\":[{\"@type\":\"SearchAction\",\"target\":{\"@type\":\"EntryPoint\",\"urlTemplate\":\"https:\/\/hudo.com\/si\/?s={search_term_string}\"},\"query-input\":\"required name=search_term_string\"}],\"inLanguage\":\"sl-SI\"},{\"@type\":\"Organization\",\"@id\":\"https:\/\/hudo.com\/si\/#organization\",\"name\":\"VSN Media\",\"url\":\"https:\/\/hudo.com\/si\/\",\"logo\":{\"@type\":\"ImageObject\",\"inLanguage\":\"sl-SI\",\"@id\":\"https:\/\/hudo.com\/si\/#\/schema\/logo\/image\/\",\"url\":\"https:\/\/hudo.com\/si\/wp-content\/uploads\/sites\/2\/2021\/03\/hudo-app-2.png\",\"contentUrl\":\"https:\/\/hudo.com\/si\/wp-content\/uploads\/sites\/2\/2021\/03\/hudo-app-2.png\",\"width\":2185,\"height\":2167,\"caption\":\"VSN Media\"},\"image\":{\"@id\":\"https:\/\/hudo.com\/si\/#\/schema\/logo\/image\/\"},\"sameAs\":[\"https:\/\/www.facebook.com\/hudo.si\",\"https:\/\/twitter.com\/hudo_si\"]},{\"@type\":\"Person\",\"@id\":\"https:\/\/hudo.com\/si\/#\/schema\/person\/601cf3379633985b20f7e50f2bb47707\",\"name\":\"hudo\",\"image\":{\"@type\":\"ImageObject\",\"inLanguage\":\"sl-SI\",\"@id\":\"https:\/\/hudo.com\/si\/#\/schema\/person\/image\/\",\"url\":\"https:\/\/secure.gravatar.com\/avatar\/c4ca25fa72cace7a696b52ff5db9e095?s=96&d=mm&r=g\",\"contentUrl\":\"https:\/\/secure.gravatar.com\/avatar\/c4ca25fa72cace7a696b52ff5db9e095?s=96&d=mm&r=g\",\"caption\":\"hudo\"},\"url\":\"https:\/\/hudo.com\/si\/author\/hudo\/\"}]}<\/script>\n<!-- \/ Yoast SEO plugin. -->","yoast_head_json":{"title":"Veslajo za ohranitev nedotaknjenih balkanskih rek - Hudo Slovenija","robots":{"index":"index","follow":"follow","max-snippet":"max-snippet:-1","max-image-preview":"max-image-preview:large","max-video-preview":"max-video-preview:-1"},"canonical":"https:\/\/hudo.com\/si\/aktualno\/veslajo-za-ohranitev-nedotaknjenih-balkanskih-rek\/","og_locale":"sl_SI","og_type":"article","og_title":"Veslajo za ohranitev nedotaknjenih balkanskih rek - Hudo Slovenija","og_description":"Kategorija: Slovenija Sat, 16 Apr 2016 14:15:00 +0200 Rib\u010dev Laz v Bohinju \u2013 Danes to\u010dno opoldne je z veslanjem po Savi Bohinjki na 36-dnevno veslanje po balkanskih rekah krenila pet\u010dlanska odprava Balkan Rivers Tour. Z veslanjem \u017eeli peterica vesla\u010dev pod vodstvom nekdanjega olimpijca Roka Rozmana opozoriti na velik pomen nedotaknjenih rek na Balkanskem polotoku. Te reke so obenem tudi zadnje nedotaknjene reke v Evropi, je o pomenu ohranitve balkanskih rek dejal Ulrich Eichelmann iz organizacije EuroNatur in dodal, da se odprava zavzema za ohranitev rek, hkrati pa nasprotujejo gradnji na\u010drtovanih 2.700 jezov na balkanskih rekah. Kot je dejal idejni o\u010de projekta Rok Rozman, ki je danes uradno prestopil iz tekmovalnega vesla\u0161kega \u010dolna v kajak, je s tem opustil \u00bbzablodo profesionalnega \u0161porta\u00ab in se posvetil varovanju in ohranjanju rek kot \u017eivljenjskih \u017eil. Skupaj bo peterica vesla\u010dev veslala po 18 rekah v Sloveniji,\u00a0...","og_url":"https:\/\/hudo.com\/si\/aktualno\/veslajo-za-ohranitev-nedotaknjenih-balkanskih-rek\/","og_site_name":"Hudo Slovenija","article_publisher":"https:\/\/www.facebook.com\/hudo.si","article_published_time":"2016-04-16T10:15:00+00:00","article_modified_time":"2016-04-16T15:16:21+00:00","og_image":[{"width":480,"height":290,"url":"https:\/\/hudo.com\/si\/wp-content\/uploads\/sites\/2\/2016\/04\/480x290_Delo_Foto-20160416134409-47410200.jpeg","type":"image\/jpeg"}],"author":"hudo","twitter_card":"summary_large_image","twitter_creator":"@hudo_si","twitter_site":"@hudo_si","twitter_misc":{"Written by":"hudo","Est. reading time":"1 minuta"},"schema":{"@context":"https:\/\/schema.org","@graph":[{"@type":"Article","@id":"https:\/\/hudo.com\/si\/aktualno\/veslajo-za-ohranitev-nedotaknjenih-balkanskih-rek\/#article","isPartOf":{"@id":"https:\/\/hudo.com\/si\/aktualno\/veslajo-za-ohranitev-nedotaknjenih-balkanskih-rek\/"},"author":{"name":"hudo","@id":"https:\/\/hudo.com\/si\/#\/schema\/person\/601cf3379633985b20f7e50f2bb47707"},"headline":"Veslajo za ohranitev nedotaknjenih balkanskih rek","datePublished":"2016-04-16T10:15:00+00:00","dateModified":"2016-04-16T15:16:21+00:00","mainEntityOfPage":{"@id":"https:\/\/hudo.com\/si\/aktualno\/veslajo-za-ohranitev-nedotaknjenih-balkanskih-rek\/"},"wordCount":148,"publisher":{"@id":"https:\/\/hudo.com\/si\/#organization"},"articleSection":["Aktualno"],"inLanguage":"sl-SI"},{"@type":"WebPage","@id":"https:\/\/hudo.com\/si\/aktualno\/veslajo-za-ohranitev-nedotaknjenih-balkanskih-rek\/","url":"https:\/\/hudo.com\/si\/aktualno\/veslajo-za-ohranitev-nedotaknjenih-balkanskih-rek\/","name":"Veslajo za ohranitev nedotaknjenih balkanskih rek - Hudo Slovenija","isPartOf":{"@id":"https:\/\/hudo.com\/si\/#website"},"datePublished":"2016-04-16T10:15:00+00:00","dateModified":"2016-04-16T15:16:21+00:00","breadcrumb":{"@id":"https:\/\/hudo.com\/si\/aktualno\/veslajo-za-ohranitev-nedotaknjenih-balkanskih-rek\/#breadcrumb"},"inLanguage":"sl-SI","potentialAction":[{"@type":"ReadAction","target":["https:\/\/hudo.com\/si\/aktualno\/veslajo-za-ohranitev-nedotaknjenih-balkanskih-rek\/"]}]},{"@type":"BreadcrumbList","@id":"https:\/\/hudo.com\/si\/aktualno\/veslajo-za-ohranitev-nedotaknjenih-balkanskih-rek\/#breadcrumb","itemListElement":[{"@type":"ListItem","position":1,"name":"Home","item":"https:\/\/hudo.com\/si\/"},{"@type":"ListItem","position":2,"name":"Veslajo za ohranitev nedotaknjenih balkanskih rek"}]},{"@type":"WebSite","@id":"https:\/\/hudo.com\/si\/#website","url":"https:\/\/hudo.com\/si\/","name":"Hudo Slovenija","description":"Vse novice iz Slovenije in sveta","publisher":{"@id":"https:\/\/hudo.com\/si\/#organization"},"potentialAction":[{"@type":"SearchAction","target":{"@type":"EntryPoint","urlTemplate":"https:\/\/hudo.com\/si\/?s={search_term_string}"},"query-input":"required name=search_term_string"}],"inLanguage":"sl-SI"},{"@type":"Organization","@id":"https:\/\/hudo.com\/si\/#organization","name":"VSN Media","url":"https:\/\/hudo.com\/si\/","logo":{"@type":"ImageObject","inLanguage":"sl-SI","@id":"https:\/\/hudo.com\/si\/#\/schema\/logo\/image\/","url":"https:\/\/hudo.com\/si\/wp-content\/uploads\/sites\/2\/2021\/03\/hudo-app-2.png","contentUrl":"https:\/\/hudo.com\/si\/wp-content\/uploads\/sites\/2\/2021\/03\/hudo-app-2.png","width":2185,"height":2167,"caption":"VSN Media"},"image":{"@id":"https:\/\/hudo.com\/si\/#\/schema\/logo\/image\/"},"sameAs":["https:\/\/www.facebook.com\/hudo.si","https:\/\/twitter.com\/hudo_si"]},{"@type":"Person","@id":"https:\/\/hudo.com\/si\/#\/schema\/person\/601cf3379633985b20f7e50f2bb47707","name":"hudo","image":{"@type":"ImageObject","inLanguage":"sl-SI","@id":"https:\/\/hudo.com\/si\/#\/schema\/person\/image\/","url":"https:\/\/secure.gravatar.com\/avatar\/c4ca25fa72cace7a696b52ff5db9e095?s=96&d=mm&r=g","contentUrl":"https:\/\/secure.gravatar.com\/avatar\/c4ca25fa72cace7a696b52ff5db9e095?s=96&d=mm&r=g","caption":"hudo"},"url":"https:\/\/hudo.com\/si\/author\/hudo\/"}]}},"amp_enabled":true,"_links":{"self":[{"href":"https:\/\/hudo.com\/si\/wp-json\/wp\/v2\/posts\/31224"}],"collection":[{"href":"https:\/\/hudo.com\/si\/wp-json\/wp\/v2\/posts"}],"about":[{"href":"https:\/\/hudo.com\/si\/wp-json\/wp\/v2\/types\/post"}],"author":[{"embeddable":true,"href":"https:\/\/hudo.com\/si\/wp-json\/wp\/v2\/users\/1"}],"replies":[{"embeddable":true,"href":"https:\/\/hudo.com\/si\/wp-json\/wp\/v2\/comments?post=31224"}],"version-history":[{"count":1,"href":"https:\/\/hudo.com\/si\/wp-json\/wp\/v2\/posts\/31224\/revisions"}],"predecessor-version":[{"id":31280,"href":"https:\/\/hudo.com\/si\/wp-json\/wp\/v2\/posts\/31224\/revisions\/31280"}],"wp:attachment":[{"href":"https:\/\/hudo.com\/si\/wp-json\/wp\/v2\/media?parent=31224"}],"wp:term":[{"taxonomy":"category","embeddable":true,"href":"https:\/\/hudo.com\/si\/wp-json\/wp\/v2\/categories?post=31224"},{"taxonomy":"post_tag","embeddable":true,"href":"https:\/\/hudo.com\/si\/wp-json\/wp\/v2\/tags?post=31224"},{"taxonomy":"source","embeddable":true,"href":"https:\/\/hudo.com\/si\/wp-json\/wp\/v2\/source?post=31224"},{"taxonomy":"supertag","embeddable":true,"href":"https:\/\/hudo.com\/si\/wp-json\/wp\/v2\/supertag?post=31224"}],"curies":[{"name":"wp","href":"https:\/\/api.w.org\/{rel}","templated":true}]}}