{"id":31229,"date":"2016-04-16T12:00:00","date_gmt":"2016-04-16T10:00:00","guid":{"rendered":"http:\/\/hudo.com\/si\/2016\/04\/16\/brodet-s-skarpeno-dubaj-ukradel-kopru-eiffla\/"},"modified":"2016-04-16T16:16:08","modified_gmt":"2016-04-16T14:16:08","slug":"brodet-s-skarpeno-dubaj-ukradel-kopru-eiffla","status":"publish","type":"post","link":"https:\/\/hudo.com\/si\/aktualno\/brodet-s-skarpeno-dubaj-ukradel-kopru-eiffla\/","title":{"rendered":"Brodet s \u0161karpeno: Dubaj ukradel Kopru Eiffla"},"content":{"rendered":"<p>Kategorija: Kolumne Sat, 16 Apr 2016 14:00:00 +0200  Kopru se dogaja krivica. A ne zato, ker bo osrednji istrski praznik drevi z Rudijem v Ljubljani. Vsi pravoverni Kopr\u010dani dobro vedo, da je \u017ee davnega leta 1884 Gustav Eiffel po naklju\u010dju obiskal Koper, kjer je tedaj \u0161e neznani koprski politehnik \u010copovi\u010d Borsi izdelal projekt najvi\u0161jega stolpa na svetu. \u010copovi\u010d je projekt v dobri veri pokazal Eiffelu, ta pa si je \u0161e isto leto zamisel brez zadr\u017ekov prisvojil in prodal na svetovni razstavi v Parizu. Pribli\u017eno 130 let kasneje se je zgodovina ponovila. Praprapravnuk \u010copovi\u010da Borsija je \u017ee leta 2014 narisal nov projekt za Popetov Kanela Raketa \u0160pica turn. \u010copovi\u010d je imel \u017ee vse zmenjeno z Zaho Hadid in Santiagom Calatravo. Potem pa so razstavo selili v Dubaj, Zaha je od\u0161la, Calatrava je projekt prodal \u0161ejkom. In zdaj bodo v\u00a0&#8230;<\/p>\n","protected":false},"excerpt":{"rendered":"<p>Kategorija: Kolumne Sat, 16 Apr 2016 14:00:00 +0200  Kopru se dogaja krivica. A ne zato, ker bo osrednji istrski praznik drevi z Rudijem v Ljubljani. Vsi pravoverni Kopr\u010dani dobro vedo, da je \u017ee davnega leta 1884 Gustav Eiffel po naklju\u010dju obiskal Koper, kjer je tedaj \u0161e neznani koprski politehnik \u010copovi\u010d Borsi izdelal projekt najvi\u0161jega stolpa na svetu. \u010copovi\u010d je projekt v dobri veri pokazal Eiffelu, ta pa si je \u0161e isto leto zamisel brez zadr\u017ekov prisvojil in prodal na svetovni razstavi v Parizu. Pribli\u017eno 130 let kasneje se je zgodovina ponovila. Praprapravnuk \u010copovi\u010da Borsija je \u017ee leta 2014 narisal nov projekt za Popetov Kanela Raketa \u0160pica turn. \u010copovi\u010d je imel \u017ee vse zmenjeno z Zaho Hadid in Santiagom Calatravo. Potem pa so razstavo selili v Dubaj, Zaha je od\u0161la, Calatrava je projekt prodal \u0161ejkom. In zdaj bodo v\u00a0&#8230;<\/p>\n","protected":false},"author":1,"featured_media":0,"comment_status":"closed","ping_status":"closed","sticky":false,"template":"","format":"standard","meta":{"footnotes":""},"categories":[1179],"tags":[],"source":[4511],"supertag":[],"acf":[],"yoast_head":"<!-- This site is optimized with the Yoast SEO plugin v21.3 - https:\/\/yoast.com\/wordpress\/plugins\/seo\/ -->\n<title>Brodet s \u0161karpeno: Dubaj ukradel Kopru Eiffla - Hudo Slovenija<\/title>\n<meta name=\"robots\" content=\"index, follow, max-snippet:-1, max-image-preview:large, max-video-preview:-1\" \/>\n<link rel=\"canonical\" href=\"https:\/\/hudo.com\/si\/aktualno\/brodet-s-skarpeno-dubaj-ukradel-kopru-eiffla\/\" \/>\n<meta property=\"og:locale\" content=\"sl_SI\" \/>\n<meta property=\"og:type\" content=\"article\" \/>\n<meta property=\"og:title\" content=\"Brodet s \u0161karpeno: Dubaj ukradel Kopru Eiffla - Hudo Slovenija\" \/>\n<meta property=\"og:description\" content=\"Kategorija: Kolumne Sat, 16 Apr 2016 14:00:00 +0200 Kopru se dogaja krivica. A ne zato, ker bo osrednji istrski praznik drevi z Rudijem v Ljubljani. Vsi pravoverni Kopr\u010dani dobro vedo, da je \u017ee davnega leta 1884 Gustav Eiffel po naklju\u010dju obiskal Koper, kjer je tedaj \u0161e neznani koprski politehnik \u010copovi\u010d Borsi izdelal projekt najvi\u0161jega stolpa na svetu. \u010copovi\u010d je projekt v dobri veri pokazal Eiffelu, ta pa si je \u0161e isto leto zamisel brez zadr\u017ekov prisvojil in prodal na svetovni razstavi v Parizu. Pribli\u017eno 130 let kasneje se je zgodovina ponovila. Praprapravnuk \u010copovi\u010da Borsija je \u017ee leta 2014 narisal nov projekt za Popetov Kanela Raketa \u0160pica turn. \u010copovi\u010d je imel \u017ee vse zmenjeno z Zaho Hadid in Santiagom Calatravo. Potem pa so razstavo selili v Dubaj, Zaha je od\u0161la, Calatrava je projekt prodal \u0161ejkom. In zdaj bodo v\u00a0...\" \/>\n<meta property=\"og:url\" content=\"https:\/\/hudo.com\/si\/aktualno\/brodet-s-skarpeno-dubaj-ukradel-kopru-eiffla\/\" \/>\n<meta property=\"og:site_name\" content=\"Hudo Slovenija\" \/>\n<meta property=\"article:publisher\" content=\"https:\/\/www.facebook.com\/hudo.si\" \/>\n<meta property=\"article:published_time\" content=\"2016-04-16T10:00:00+00:00\" \/>\n<meta property=\"article:modified_time\" content=\"2016-04-16T14:16:08+00:00\" \/>\n<meta property=\"og:image\" content=\"https:\/\/hudo.com\/si\/wp-content\/uploads\/sites\/2\/2016\/04\/480x290_Delo_Foto-20140403151337-93849500.jpeg\" \/>\n\t<meta property=\"og:image:width\" content=\"480\" \/>\n\t<meta property=\"og:image:height\" content=\"290\" \/>\n\t<meta property=\"og:image:type\" content=\"image\/jpeg\" \/>\n<meta name=\"author\" content=\"hudo\" \/>\n<meta name=\"twitter:card\" content=\"summary_large_image\" \/>\n<meta name=\"twitter:creator\" content=\"@hudo_si\" \/>\n<meta name=\"twitter:site\" content=\"@hudo_si\" \/>\n<meta name=\"twitter:label1\" content=\"Written by\" \/>\n\t<meta name=\"twitter:data1\" content=\"hudo\" \/>\n\t<meta name=\"twitter:label2\" content=\"Est. reading time\" \/>\n\t<meta name=\"twitter:data2\" content=\"1 minuta\" \/>\n<script type=\"application\/ld+json\" class=\"yoast-schema-graph\">{\"@context\":\"https:\/\/schema.org\",\"@graph\":[{\"@type\":\"Article\",\"@id\":\"https:\/\/hudo.com\/si\/aktualno\/brodet-s-skarpeno-dubaj-ukradel-kopru-eiffla\/#article\",\"isPartOf\":{\"@id\":\"https:\/\/hudo.com\/si\/aktualno\/brodet-s-skarpeno-dubaj-ukradel-kopru-eiffla\/\"},\"author\":{\"name\":\"hudo\",\"@id\":\"https:\/\/hudo.com\/si\/#\/schema\/person\/601cf3379633985b20f7e50f2bb47707\"},\"headline\":\"Brodet s \u0161karpeno: Dubaj ukradel Kopru Eiffla\",\"datePublished\":\"2016-04-16T10:00:00+00:00\",\"dateModified\":\"2016-04-16T14:16:08+00:00\",\"mainEntityOfPage\":{\"@id\":\"https:\/\/hudo.com\/si\/aktualno\/brodet-s-skarpeno-dubaj-ukradel-kopru-eiffla\/\"},\"wordCount\":145,\"publisher\":{\"@id\":\"https:\/\/hudo.com\/si\/#organization\"},\"articleSection\":[\"Aktualno\"],\"inLanguage\":\"sl-SI\"},{\"@type\":\"WebPage\",\"@id\":\"https:\/\/hudo.com\/si\/aktualno\/brodet-s-skarpeno-dubaj-ukradel-kopru-eiffla\/\",\"url\":\"https:\/\/hudo.com\/si\/aktualno\/brodet-s-skarpeno-dubaj-ukradel-kopru-eiffla\/\",\"name\":\"Brodet s \u0161karpeno: Dubaj ukradel Kopru Eiffla - Hudo Slovenija\",\"isPartOf\":{\"@id\":\"https:\/\/hudo.com\/si\/#website\"},\"datePublished\":\"2016-04-16T10:00:00+00:00\",\"dateModified\":\"2016-04-16T14:16:08+00:00\",\"breadcrumb\":{\"@id\":\"https:\/\/hudo.com\/si\/aktualno\/brodet-s-skarpeno-dubaj-ukradel-kopru-eiffla\/#breadcrumb\"},\"inLanguage\":\"sl-SI\",\"potentialAction\":[{\"@type\":\"ReadAction\",\"target\":[\"https:\/\/hudo.com\/si\/aktualno\/brodet-s-skarpeno-dubaj-ukradel-kopru-eiffla\/\"]}]},{\"@type\":\"BreadcrumbList\",\"@id\":\"https:\/\/hudo.com\/si\/aktualno\/brodet-s-skarpeno-dubaj-ukradel-kopru-eiffla\/#breadcrumb\",\"itemListElement\":[{\"@type\":\"ListItem\",\"position\":1,\"name\":\"Home\",\"item\":\"https:\/\/hudo.com\/si\/\"},{\"@type\":\"ListItem\",\"position\":2,\"name\":\"Brodet s \u0161karpeno: Dubaj ukradel Kopru Eiffla\"}]},{\"@type\":\"WebSite\",\"@id\":\"https:\/\/hudo.com\/si\/#website\",\"url\":\"https:\/\/hudo.com\/si\/\",\"name\":\"Hudo Slovenija\",\"description\":\"Vse novice iz Slovenije in sveta\",\"publisher\":{\"@id\":\"https:\/\/hudo.com\/si\/#organization\"},\"potentialAction\":[{\"@type\":\"SearchAction\",\"target\":{\"@type\":\"EntryPoint\",\"urlTemplate\":\"https:\/\/hudo.com\/si\/?s={search_term_string}\"},\"query-input\":\"required name=search_term_string\"}],\"inLanguage\":\"sl-SI\"},{\"@type\":\"Organization\",\"@id\":\"https:\/\/hudo.com\/si\/#organization\",\"name\":\"VSN Media\",\"url\":\"https:\/\/hudo.com\/si\/\",\"logo\":{\"@type\":\"ImageObject\",\"inLanguage\":\"sl-SI\",\"@id\":\"https:\/\/hudo.com\/si\/#\/schema\/logo\/image\/\",\"url\":\"https:\/\/hudo.com\/si\/wp-content\/uploads\/sites\/2\/2021\/03\/hudo-app-2.png\",\"contentUrl\":\"https:\/\/hudo.com\/si\/wp-content\/uploads\/sites\/2\/2021\/03\/hudo-app-2.png\",\"width\":2185,\"height\":2167,\"caption\":\"VSN Media\"},\"image\":{\"@id\":\"https:\/\/hudo.com\/si\/#\/schema\/logo\/image\/\"},\"sameAs\":[\"https:\/\/www.facebook.com\/hudo.si\",\"https:\/\/twitter.com\/hudo_si\"]},{\"@type\":\"Person\",\"@id\":\"https:\/\/hudo.com\/si\/#\/schema\/person\/601cf3379633985b20f7e50f2bb47707\",\"name\":\"hudo\",\"image\":{\"@type\":\"ImageObject\",\"inLanguage\":\"sl-SI\",\"@id\":\"https:\/\/hudo.com\/si\/#\/schema\/person\/image\/\",\"url\":\"https:\/\/secure.gravatar.com\/avatar\/c4ca25fa72cace7a696b52ff5db9e095?s=96&d=mm&r=g\",\"contentUrl\":\"https:\/\/secure.gravatar.com\/avatar\/c4ca25fa72cace7a696b52ff5db9e095?s=96&d=mm&r=g\",\"caption\":\"hudo\"},\"url\":\"https:\/\/hudo.com\/si\/author\/hudo\/\"}]}<\/script>\n<!-- \/ Yoast SEO plugin. -->","yoast_head_json":{"title":"Brodet s \u0161karpeno: Dubaj ukradel Kopru Eiffla - Hudo Slovenija","robots":{"index":"index","follow":"follow","max-snippet":"max-snippet:-1","max-image-preview":"max-image-preview:large","max-video-preview":"max-video-preview:-1"},"canonical":"https:\/\/hudo.com\/si\/aktualno\/brodet-s-skarpeno-dubaj-ukradel-kopru-eiffla\/","og_locale":"sl_SI","og_type":"article","og_title":"Brodet s \u0161karpeno: Dubaj ukradel Kopru Eiffla - Hudo Slovenija","og_description":"Kategorija: Kolumne Sat, 16 Apr 2016 14:00:00 +0200 Kopru se dogaja krivica. A ne zato, ker bo osrednji istrski praznik drevi z Rudijem v Ljubljani. Vsi pravoverni Kopr\u010dani dobro vedo, da je \u017ee davnega leta 1884 Gustav Eiffel po naklju\u010dju obiskal Koper, kjer je tedaj \u0161e neznani koprski politehnik \u010copovi\u010d Borsi izdelal projekt najvi\u0161jega stolpa na svetu. \u010copovi\u010d je projekt v dobri veri pokazal Eiffelu, ta pa si je \u0161e isto leto zamisel brez zadr\u017ekov prisvojil in prodal na svetovni razstavi v Parizu. Pribli\u017eno 130 let kasneje se je zgodovina ponovila. Praprapravnuk \u010copovi\u010da Borsija je \u017ee leta 2014 narisal nov projekt za Popetov Kanela Raketa \u0160pica turn. \u010copovi\u010d je imel \u017ee vse zmenjeno z Zaho Hadid in Santiagom Calatravo. Potem pa so razstavo selili v Dubaj, Zaha je od\u0161la, Calatrava je projekt prodal \u0161ejkom. In zdaj bodo v\u00a0...","og_url":"https:\/\/hudo.com\/si\/aktualno\/brodet-s-skarpeno-dubaj-ukradel-kopru-eiffla\/","og_site_name":"Hudo Slovenija","article_publisher":"https:\/\/www.facebook.com\/hudo.si","article_published_time":"2016-04-16T10:00:00+00:00","article_modified_time":"2016-04-16T14:16:08+00:00","og_image":[{"width":480,"height":290,"url":"https:\/\/hudo.com\/si\/wp-content\/uploads\/sites\/2\/2016\/04\/480x290_Delo_Foto-20140403151337-93849500.jpeg","type":"image\/jpeg"}],"author":"hudo","twitter_card":"summary_large_image","twitter_creator":"@hudo_si","twitter_site":"@hudo_si","twitter_misc":{"Written by":"hudo","Est. reading time":"1 minuta"},"schema":{"@context":"https:\/\/schema.org","@graph":[{"@type":"Article","@id":"https:\/\/hudo.com\/si\/aktualno\/brodet-s-skarpeno-dubaj-ukradel-kopru-eiffla\/#article","isPartOf":{"@id":"https:\/\/hudo.com\/si\/aktualno\/brodet-s-skarpeno-dubaj-ukradel-kopru-eiffla\/"},"author":{"name":"hudo","@id":"https:\/\/hudo.com\/si\/#\/schema\/person\/601cf3379633985b20f7e50f2bb47707"},"headline":"Brodet s \u0161karpeno: Dubaj ukradel Kopru Eiffla","datePublished":"2016-04-16T10:00:00+00:00","dateModified":"2016-04-16T14:16:08+00:00","mainEntityOfPage":{"@id":"https:\/\/hudo.com\/si\/aktualno\/brodet-s-skarpeno-dubaj-ukradel-kopru-eiffla\/"},"wordCount":145,"publisher":{"@id":"https:\/\/hudo.com\/si\/#organization"},"articleSection":["Aktualno"],"inLanguage":"sl-SI"},{"@type":"WebPage","@id":"https:\/\/hudo.com\/si\/aktualno\/brodet-s-skarpeno-dubaj-ukradel-kopru-eiffla\/","url":"https:\/\/hudo.com\/si\/aktualno\/brodet-s-skarpeno-dubaj-ukradel-kopru-eiffla\/","name":"Brodet s \u0161karpeno: Dubaj ukradel Kopru Eiffla - Hudo Slovenija","isPartOf":{"@id":"https:\/\/hudo.com\/si\/#website"},"datePublished":"2016-04-16T10:00:00+00:00","dateModified":"2016-04-16T14:16:08+00:00","breadcrumb":{"@id":"https:\/\/hudo.com\/si\/aktualno\/brodet-s-skarpeno-dubaj-ukradel-kopru-eiffla\/#breadcrumb"},"inLanguage":"sl-SI","potentialAction":[{"@type":"ReadAction","target":["https:\/\/hudo.com\/si\/aktualno\/brodet-s-skarpeno-dubaj-ukradel-kopru-eiffla\/"]}]},{"@type":"BreadcrumbList","@id":"https:\/\/hudo.com\/si\/aktualno\/brodet-s-skarpeno-dubaj-ukradel-kopru-eiffla\/#breadcrumb","itemListElement":[{"@type":"ListItem","position":1,"name":"Home","item":"https:\/\/hudo.com\/si\/"},{"@type":"ListItem","position":2,"name":"Brodet s \u0161karpeno: Dubaj ukradel Kopru Eiffla"}]},{"@type":"WebSite","@id":"https:\/\/hudo.com\/si\/#website","url":"https:\/\/hudo.com\/si\/","name":"Hudo Slovenija","description":"Vse novice iz Slovenije in sveta","publisher":{"@id":"https:\/\/hudo.com\/si\/#organization"},"potentialAction":[{"@type":"SearchAction","target":{"@type":"EntryPoint","urlTemplate":"https:\/\/hudo.com\/si\/?s={search_term_string}"},"query-input":"required name=search_term_string"}],"inLanguage":"sl-SI"},{"@type":"Organization","@id":"https:\/\/hudo.com\/si\/#organization","name":"VSN Media","url":"https:\/\/hudo.com\/si\/","logo":{"@type":"ImageObject","inLanguage":"sl-SI","@id":"https:\/\/hudo.com\/si\/#\/schema\/logo\/image\/","url":"https:\/\/hudo.com\/si\/wp-content\/uploads\/sites\/2\/2021\/03\/hudo-app-2.png","contentUrl":"https:\/\/hudo.com\/si\/wp-content\/uploads\/sites\/2\/2021\/03\/hudo-app-2.png","width":2185,"height":2167,"caption":"VSN Media"},"image":{"@id":"https:\/\/hudo.com\/si\/#\/schema\/logo\/image\/"},"sameAs":["https:\/\/www.facebook.com\/hudo.si","https:\/\/twitter.com\/hudo_si"]},{"@type":"Person","@id":"https:\/\/hudo.com\/si\/#\/schema\/person\/601cf3379633985b20f7e50f2bb47707","name":"hudo","image":{"@type":"ImageObject","inLanguage":"sl-SI","@id":"https:\/\/hudo.com\/si\/#\/schema\/person\/image\/","url":"https:\/\/secure.gravatar.com\/avatar\/c4ca25fa72cace7a696b52ff5db9e095?s=96&d=mm&r=g","contentUrl":"https:\/\/secure.gravatar.com\/avatar\/c4ca25fa72cace7a696b52ff5db9e095?s=96&d=mm&r=g","caption":"hudo"},"url":"https:\/\/hudo.com\/si\/author\/hudo\/"}]}},"amp_enabled":true,"_links":{"self":[{"href":"https:\/\/hudo.com\/si\/wp-json\/wp\/v2\/posts\/31229"}],"collection":[{"href":"https:\/\/hudo.com\/si\/wp-json\/wp\/v2\/posts"}],"about":[{"href":"https:\/\/hudo.com\/si\/wp-json\/wp\/v2\/types\/post"}],"author":[{"embeddable":true,"href":"https:\/\/hudo.com\/si\/wp-json\/wp\/v2\/users\/1"}],"replies":[{"embeddable":true,"href":"https:\/\/hudo.com\/si\/wp-json\/wp\/v2\/comments?post=31229"}],"version-history":[{"count":1,"href":"https:\/\/hudo.com\/si\/wp-json\/wp\/v2\/posts\/31229\/revisions"}],"predecessor-version":[{"id":31282,"href":"https:\/\/hudo.com\/si\/wp-json\/wp\/v2\/posts\/31229\/revisions\/31282"}],"wp:attachment":[{"href":"https:\/\/hudo.com\/si\/wp-json\/wp\/v2\/media?parent=31229"}],"wp:term":[{"taxonomy":"category","embeddable":true,"href":"https:\/\/hudo.com\/si\/wp-json\/wp\/v2\/categories?post=31229"},{"taxonomy":"post_tag","embeddable":true,"href":"https:\/\/hudo.com\/si\/wp-json\/wp\/v2\/tags?post=31229"},{"taxonomy":"source","embeddable":true,"href":"https:\/\/hudo.com\/si\/wp-json\/wp\/v2\/source?post=31229"},{"taxonomy":"supertag","embeddable":true,"href":"https:\/\/hudo.com\/si\/wp-json\/wp\/v2\/supertag?post=31229"}],"curies":[{"name":"wp","href":"https:\/\/api.w.org\/{rel}","templated":true}]}}