{"id":31304,"date":"2016-04-16T14:04:00","date_gmt":"2016-04-16T12:04:00","guid":{"rendered":"http:\/\/hudo.com\/si\/2016\/04\/16\/cerar-pogajanja-s-policisti-so-v-sklepni-fazi\/"},"modified":"2016-04-17T08:21:26","modified_gmt":"2016-04-17T06:21:26","slug":"cerar-pogajanja-s-policisti-so-v-sklepni-fazi","status":"publish","type":"post","link":"https:\/\/hudo.com\/si\/aktualno\/cerar-pogajanja-s-policisti-so-v-sklepni-fazi\/","title":{"rendered":"Cerar: Pogajanja s policisti so v sklepni fazi"},"content":{"rendered":"<p>Kategorija: Politika Sat, 16 Apr 2016 16:04:00 +0200  Ljubljana &#8211; Pogajanja s stavkajo\u010dimi policisti so v sklepni fazi, je danes v izjavi ob robu Akademije SMC dejal predsednik te stranke in premier Miro Cerar. Z notranjo ministrico Vesno Gy\u00f6rk\u00f6s \u017dnidar sta se v petek tudi sestala na delovnem posvetu, kjer mu je ministrica zagotovila, \u00bbda se pribli\u017eujejo tisti to\u010dki, ko bo jasno, kak\u0161ne so kon\u010dne pozicije\u00ab. Zato Cerar pri\u010dakuje, da bo skozi dialog, ki da ga vlada ves \u010das vodi, pri\u0161lo od ustreznega sporazuma. Spomnil je, da je vlada policiji v zadnjem letu in pol zagotovila veliko ve\u010d sredstev, opreme, vozil in zaposlitev kot kar nekaj vlad v preteklih letih skupaj. Hkrati pa je vlada sklenila, da bo v okviru pogajanj \u0161la v smeri zavez, ki so jih prej\u0161nje vlade \u00bbdo neke mere neodgovorno, nepremi\u0161ljeno\u00ab dale. Vlada je po njegovem v\u00a0&#8230;<\/p>\n","protected":false},"excerpt":{"rendered":"<p>Kategorija: Politika Sat, 16 Apr 2016 16:04:00 +0200  Ljubljana &#8211; Pogajanja s stavkajo\u010dimi policisti so v sklepni fazi, je danes v izjavi ob robu Akademije SMC dejal predsednik te stranke in premier Miro Cerar. Z notranjo ministrico Vesno Gy\u00f6rk\u00f6s \u017dnidar sta se v petek tudi sestala na delovnem posvetu, kjer mu je ministrica zagotovila, \u00bbda se pribli\u017eujejo tisti to\u010dki, ko bo jasno, kak\u0161ne so kon\u010dne pozicije\u00ab. Zato Cerar pri\u010dakuje, da bo skozi dialog, ki da ga vlada ves \u010das vodi, pri\u0161lo od ustreznega sporazuma. Spomnil je, da je vlada policiji v zadnjem letu in pol zagotovila veliko ve\u010d sredstev, opreme, vozil in zaposlitev kot kar nekaj vlad v preteklih letih skupaj. Hkrati pa je vlada sklenila, da bo v okviru pogajanj \u0161la v smeri zavez, ki so jih prej\u0161nje vlade \u00bbdo neke mere neodgovorno, nepremi\u0161ljeno\u00ab dale. Vlada je po njegovem v\u00a0&#8230;<\/p>\n","protected":false},"author":1,"featured_media":0,"comment_status":"closed","ping_status":"closed","sticky":false,"template":"","format":"standard","meta":{"footnotes":""},"categories":[1179],"tags":[],"source":[4511],"supertag":[],"acf":[],"yoast_head":"<!-- This site is optimized with the Yoast SEO plugin v21.3 - https:\/\/yoast.com\/wordpress\/plugins\/seo\/ -->\n<title>Cerar: Pogajanja s policisti so v sklepni fazi - Hudo Slovenija<\/title>\n<meta name=\"robots\" content=\"index, follow, max-snippet:-1, max-image-preview:large, max-video-preview:-1\" \/>\n<link rel=\"canonical\" href=\"https:\/\/hudo.com\/si\/aktualno\/cerar-pogajanja-s-policisti-so-v-sklepni-fazi\/\" \/>\n<meta property=\"og:locale\" content=\"sl_SI\" \/>\n<meta property=\"og:type\" content=\"article\" \/>\n<meta property=\"og:title\" content=\"Cerar: Pogajanja s policisti so v sklepni fazi - Hudo Slovenija\" \/>\n<meta property=\"og:description\" content=\"Kategorija: Politika Sat, 16 Apr 2016 16:04:00 +0200 Ljubljana - Pogajanja s stavkajo\u010dimi policisti so v sklepni fazi, je danes v izjavi ob robu Akademije SMC dejal predsednik te stranke in premier Miro Cerar. Z notranjo ministrico Vesno Gy\u00f6rk\u00f6s \u017dnidar sta se v petek tudi sestala na delovnem posvetu, kjer mu je ministrica zagotovila, \u00bbda se pribli\u017eujejo tisti to\u010dki, ko bo jasno, kak\u0161ne so kon\u010dne pozicije\u00ab. Zato Cerar pri\u010dakuje, da bo skozi dialog, ki da ga vlada ves \u010das vodi, pri\u0161lo od ustreznega sporazuma. Spomnil je, da je vlada policiji v zadnjem letu in pol zagotovila veliko ve\u010d sredstev, opreme, vozil in zaposlitev kot kar nekaj vlad v preteklih letih skupaj. Hkrati pa je vlada sklenila, da bo v okviru pogajanj \u0161la v smeri zavez, ki so jih prej\u0161nje vlade \u00bbdo neke mere neodgovorno, nepremi\u0161ljeno\u00ab dale. Vlada je po njegovem v\u00a0...\" \/>\n<meta property=\"og:url\" content=\"https:\/\/hudo.com\/si\/aktualno\/cerar-pogajanja-s-policisti-so-v-sklepni-fazi\/\" \/>\n<meta property=\"og:site_name\" content=\"Hudo Slovenija\" \/>\n<meta property=\"article:publisher\" content=\"https:\/\/www.facebook.com\/hudo.si\" \/>\n<meta property=\"article:published_time\" content=\"2016-04-16T12:04:00+00:00\" \/>\n<meta property=\"article:modified_time\" content=\"2016-04-17T06:21:26+00:00\" \/>\n<meta property=\"og:image\" content=\"https:\/\/hudo.com\/si\/wp-content\/uploads\/sites\/2\/2016\/04\/480x290_2_stran__djvu_2274842_potic_hires2-1.jpeg\" \/>\n\t<meta property=\"og:image:width\" content=\"480\" \/>\n\t<meta property=\"og:image:height\" content=\"290\" \/>\n\t<meta property=\"og:image:type\" content=\"image\/jpeg\" \/>\n<meta name=\"author\" content=\"hudo\" \/>\n<meta name=\"twitter:card\" content=\"summary_large_image\" \/>\n<meta name=\"twitter:creator\" content=\"@hudo_si\" \/>\n<meta name=\"twitter:site\" content=\"@hudo_si\" \/>\n<meta name=\"twitter:label1\" content=\"Written by\" \/>\n\t<meta name=\"twitter:data1\" content=\"hudo\" \/>\n\t<meta name=\"twitter:label2\" content=\"Est. reading time\" \/>\n\t<meta name=\"twitter:data2\" content=\"1 minuta\" \/>\n<script type=\"application\/ld+json\" class=\"yoast-schema-graph\">{\"@context\":\"https:\/\/schema.org\",\"@graph\":[{\"@type\":\"Article\",\"@id\":\"https:\/\/hudo.com\/si\/aktualno\/cerar-pogajanja-s-policisti-so-v-sklepni-fazi\/#article\",\"isPartOf\":{\"@id\":\"https:\/\/hudo.com\/si\/aktualno\/cerar-pogajanja-s-policisti-so-v-sklepni-fazi\/\"},\"author\":{\"name\":\"hudo\",\"@id\":\"https:\/\/hudo.com\/si\/#\/schema\/person\/601cf3379633985b20f7e50f2bb47707\"},\"headline\":\"Cerar: Pogajanja s policisti so v sklepni fazi\",\"datePublished\":\"2016-04-16T12:04:00+00:00\",\"dateModified\":\"2016-04-17T06:21:26+00:00\",\"mainEntityOfPage\":{\"@id\":\"https:\/\/hudo.com\/si\/aktualno\/cerar-pogajanja-s-policisti-so-v-sklepni-fazi\/\"},\"wordCount\":156,\"publisher\":{\"@id\":\"https:\/\/hudo.com\/si\/#organization\"},\"articleSection\":[\"Aktualno\"],\"inLanguage\":\"sl-SI\"},{\"@type\":\"WebPage\",\"@id\":\"https:\/\/hudo.com\/si\/aktualno\/cerar-pogajanja-s-policisti-so-v-sklepni-fazi\/\",\"url\":\"https:\/\/hudo.com\/si\/aktualno\/cerar-pogajanja-s-policisti-so-v-sklepni-fazi\/\",\"name\":\"Cerar: Pogajanja s policisti so v sklepni fazi - Hudo Slovenija\",\"isPartOf\":{\"@id\":\"https:\/\/hudo.com\/si\/#website\"},\"datePublished\":\"2016-04-16T12:04:00+00:00\",\"dateModified\":\"2016-04-17T06:21:26+00:00\",\"breadcrumb\":{\"@id\":\"https:\/\/hudo.com\/si\/aktualno\/cerar-pogajanja-s-policisti-so-v-sklepni-fazi\/#breadcrumb\"},\"inLanguage\":\"sl-SI\",\"potentialAction\":[{\"@type\":\"ReadAction\",\"target\":[\"https:\/\/hudo.com\/si\/aktualno\/cerar-pogajanja-s-policisti-so-v-sklepni-fazi\/\"]}]},{\"@type\":\"BreadcrumbList\",\"@id\":\"https:\/\/hudo.com\/si\/aktualno\/cerar-pogajanja-s-policisti-so-v-sklepni-fazi\/#breadcrumb\",\"itemListElement\":[{\"@type\":\"ListItem\",\"position\":1,\"name\":\"Home\",\"item\":\"https:\/\/hudo.com\/si\/\"},{\"@type\":\"ListItem\",\"position\":2,\"name\":\"Cerar: Pogajanja s policisti so v sklepni fazi\"}]},{\"@type\":\"WebSite\",\"@id\":\"https:\/\/hudo.com\/si\/#website\",\"url\":\"https:\/\/hudo.com\/si\/\",\"name\":\"Hudo Slovenija\",\"description\":\"Vse novice iz Slovenije in sveta\",\"publisher\":{\"@id\":\"https:\/\/hudo.com\/si\/#organization\"},\"potentialAction\":[{\"@type\":\"SearchAction\",\"target\":{\"@type\":\"EntryPoint\",\"urlTemplate\":\"https:\/\/hudo.com\/si\/?s={search_term_string}\"},\"query-input\":\"required name=search_term_string\"}],\"inLanguage\":\"sl-SI\"},{\"@type\":\"Organization\",\"@id\":\"https:\/\/hudo.com\/si\/#organization\",\"name\":\"VSN Media\",\"url\":\"https:\/\/hudo.com\/si\/\",\"logo\":{\"@type\":\"ImageObject\",\"inLanguage\":\"sl-SI\",\"@id\":\"https:\/\/hudo.com\/si\/#\/schema\/logo\/image\/\",\"url\":\"https:\/\/hudo.com\/si\/wp-content\/uploads\/sites\/2\/2021\/03\/hudo-app-2.png\",\"contentUrl\":\"https:\/\/hudo.com\/si\/wp-content\/uploads\/sites\/2\/2021\/03\/hudo-app-2.png\",\"width\":2185,\"height\":2167,\"caption\":\"VSN Media\"},\"image\":{\"@id\":\"https:\/\/hudo.com\/si\/#\/schema\/logo\/image\/\"},\"sameAs\":[\"https:\/\/www.facebook.com\/hudo.si\",\"https:\/\/twitter.com\/hudo_si\"]},{\"@type\":\"Person\",\"@id\":\"https:\/\/hudo.com\/si\/#\/schema\/person\/601cf3379633985b20f7e50f2bb47707\",\"name\":\"hudo\",\"image\":{\"@type\":\"ImageObject\",\"inLanguage\":\"sl-SI\",\"@id\":\"https:\/\/hudo.com\/si\/#\/schema\/person\/image\/\",\"url\":\"https:\/\/secure.gravatar.com\/avatar\/c4ca25fa72cace7a696b52ff5db9e095?s=96&d=mm&r=g\",\"contentUrl\":\"https:\/\/secure.gravatar.com\/avatar\/c4ca25fa72cace7a696b52ff5db9e095?s=96&d=mm&r=g\",\"caption\":\"hudo\"},\"url\":\"https:\/\/hudo.com\/si\/author\/hudo\/\"}]}<\/script>\n<!-- \/ Yoast SEO plugin. -->","yoast_head_json":{"title":"Cerar: Pogajanja s policisti so v sklepni fazi - Hudo Slovenija","robots":{"index":"index","follow":"follow","max-snippet":"max-snippet:-1","max-image-preview":"max-image-preview:large","max-video-preview":"max-video-preview:-1"},"canonical":"https:\/\/hudo.com\/si\/aktualno\/cerar-pogajanja-s-policisti-so-v-sklepni-fazi\/","og_locale":"sl_SI","og_type":"article","og_title":"Cerar: Pogajanja s policisti so v sklepni fazi - Hudo Slovenija","og_description":"Kategorija: Politika Sat, 16 Apr 2016 16:04:00 +0200 Ljubljana - Pogajanja s stavkajo\u010dimi policisti so v sklepni fazi, je danes v izjavi ob robu Akademije SMC dejal predsednik te stranke in premier Miro Cerar. Z notranjo ministrico Vesno Gy\u00f6rk\u00f6s \u017dnidar sta se v petek tudi sestala na delovnem posvetu, kjer mu je ministrica zagotovila, \u00bbda se pribli\u017eujejo tisti to\u010dki, ko bo jasno, kak\u0161ne so kon\u010dne pozicije\u00ab. Zato Cerar pri\u010dakuje, da bo skozi dialog, ki da ga vlada ves \u010das vodi, pri\u0161lo od ustreznega sporazuma. Spomnil je, da je vlada policiji v zadnjem letu in pol zagotovila veliko ve\u010d sredstev, opreme, vozil in zaposlitev kot kar nekaj vlad v preteklih letih skupaj. Hkrati pa je vlada sklenila, da bo v okviru pogajanj \u0161la v smeri zavez, ki so jih prej\u0161nje vlade \u00bbdo neke mere neodgovorno, nepremi\u0161ljeno\u00ab dale. Vlada je po njegovem v\u00a0...","og_url":"https:\/\/hudo.com\/si\/aktualno\/cerar-pogajanja-s-policisti-so-v-sklepni-fazi\/","og_site_name":"Hudo Slovenija","article_publisher":"https:\/\/www.facebook.com\/hudo.si","article_published_time":"2016-04-16T12:04:00+00:00","article_modified_time":"2016-04-17T06:21:26+00:00","og_image":[{"width":480,"height":290,"url":"https:\/\/hudo.com\/si\/wp-content\/uploads\/sites\/2\/2016\/04\/480x290_2_stran__djvu_2274842_potic_hires2-1.jpeg","type":"image\/jpeg"}],"author":"hudo","twitter_card":"summary_large_image","twitter_creator":"@hudo_si","twitter_site":"@hudo_si","twitter_misc":{"Written by":"hudo","Est. reading time":"1 minuta"},"schema":{"@context":"https:\/\/schema.org","@graph":[{"@type":"Article","@id":"https:\/\/hudo.com\/si\/aktualno\/cerar-pogajanja-s-policisti-so-v-sklepni-fazi\/#article","isPartOf":{"@id":"https:\/\/hudo.com\/si\/aktualno\/cerar-pogajanja-s-policisti-so-v-sklepni-fazi\/"},"author":{"name":"hudo","@id":"https:\/\/hudo.com\/si\/#\/schema\/person\/601cf3379633985b20f7e50f2bb47707"},"headline":"Cerar: Pogajanja s policisti so v sklepni fazi","datePublished":"2016-04-16T12:04:00+00:00","dateModified":"2016-04-17T06:21:26+00:00","mainEntityOfPage":{"@id":"https:\/\/hudo.com\/si\/aktualno\/cerar-pogajanja-s-policisti-so-v-sklepni-fazi\/"},"wordCount":156,"publisher":{"@id":"https:\/\/hudo.com\/si\/#organization"},"articleSection":["Aktualno"],"inLanguage":"sl-SI"},{"@type":"WebPage","@id":"https:\/\/hudo.com\/si\/aktualno\/cerar-pogajanja-s-policisti-so-v-sklepni-fazi\/","url":"https:\/\/hudo.com\/si\/aktualno\/cerar-pogajanja-s-policisti-so-v-sklepni-fazi\/","name":"Cerar: Pogajanja s policisti so v sklepni fazi - Hudo Slovenija","isPartOf":{"@id":"https:\/\/hudo.com\/si\/#website"},"datePublished":"2016-04-16T12:04:00+00:00","dateModified":"2016-04-17T06:21:26+00:00","breadcrumb":{"@id":"https:\/\/hudo.com\/si\/aktualno\/cerar-pogajanja-s-policisti-so-v-sklepni-fazi\/#breadcrumb"},"inLanguage":"sl-SI","potentialAction":[{"@type":"ReadAction","target":["https:\/\/hudo.com\/si\/aktualno\/cerar-pogajanja-s-policisti-so-v-sklepni-fazi\/"]}]},{"@type":"BreadcrumbList","@id":"https:\/\/hudo.com\/si\/aktualno\/cerar-pogajanja-s-policisti-so-v-sklepni-fazi\/#breadcrumb","itemListElement":[{"@type":"ListItem","position":1,"name":"Home","item":"https:\/\/hudo.com\/si\/"},{"@type":"ListItem","position":2,"name":"Cerar: Pogajanja s policisti so v sklepni fazi"}]},{"@type":"WebSite","@id":"https:\/\/hudo.com\/si\/#website","url":"https:\/\/hudo.com\/si\/","name":"Hudo Slovenija","description":"Vse novice iz Slovenije in sveta","publisher":{"@id":"https:\/\/hudo.com\/si\/#organization"},"potentialAction":[{"@type":"SearchAction","target":{"@type":"EntryPoint","urlTemplate":"https:\/\/hudo.com\/si\/?s={search_term_string}"},"query-input":"required name=search_term_string"}],"inLanguage":"sl-SI"},{"@type":"Organization","@id":"https:\/\/hudo.com\/si\/#organization","name":"VSN Media","url":"https:\/\/hudo.com\/si\/","logo":{"@type":"ImageObject","inLanguage":"sl-SI","@id":"https:\/\/hudo.com\/si\/#\/schema\/logo\/image\/","url":"https:\/\/hudo.com\/si\/wp-content\/uploads\/sites\/2\/2021\/03\/hudo-app-2.png","contentUrl":"https:\/\/hudo.com\/si\/wp-content\/uploads\/sites\/2\/2021\/03\/hudo-app-2.png","width":2185,"height":2167,"caption":"VSN Media"},"image":{"@id":"https:\/\/hudo.com\/si\/#\/schema\/logo\/image\/"},"sameAs":["https:\/\/www.facebook.com\/hudo.si","https:\/\/twitter.com\/hudo_si"]},{"@type":"Person","@id":"https:\/\/hudo.com\/si\/#\/schema\/person\/601cf3379633985b20f7e50f2bb47707","name":"hudo","image":{"@type":"ImageObject","inLanguage":"sl-SI","@id":"https:\/\/hudo.com\/si\/#\/schema\/person\/image\/","url":"https:\/\/secure.gravatar.com\/avatar\/c4ca25fa72cace7a696b52ff5db9e095?s=96&d=mm&r=g","contentUrl":"https:\/\/secure.gravatar.com\/avatar\/c4ca25fa72cace7a696b52ff5db9e095?s=96&d=mm&r=g","caption":"hudo"},"url":"https:\/\/hudo.com\/si\/author\/hudo\/"}]}},"amp_enabled":true,"_links":{"self":[{"href":"https:\/\/hudo.com\/si\/wp-json\/wp\/v2\/posts\/31304"}],"collection":[{"href":"https:\/\/hudo.com\/si\/wp-json\/wp\/v2\/posts"}],"about":[{"href":"https:\/\/hudo.com\/si\/wp-json\/wp\/v2\/types\/post"}],"author":[{"embeddable":true,"href":"https:\/\/hudo.com\/si\/wp-json\/wp\/v2\/users\/1"}],"replies":[{"embeddable":true,"href":"https:\/\/hudo.com\/si\/wp-json\/wp\/v2\/comments?post=31304"}],"version-history":[{"count":1,"href":"https:\/\/hudo.com\/si\/wp-json\/wp\/v2\/posts\/31304\/revisions"}],"predecessor-version":[{"id":31364,"href":"https:\/\/hudo.com\/si\/wp-json\/wp\/v2\/posts\/31304\/revisions\/31364"}],"wp:attachment":[{"href":"https:\/\/hudo.com\/si\/wp-json\/wp\/v2\/media?parent=31304"}],"wp:term":[{"taxonomy":"category","embeddable":true,"href":"https:\/\/hudo.com\/si\/wp-json\/wp\/v2\/categories?post=31304"},{"taxonomy":"post_tag","embeddable":true,"href":"https:\/\/hudo.com\/si\/wp-json\/wp\/v2\/tags?post=31304"},{"taxonomy":"source","embeddable":true,"href":"https:\/\/hudo.com\/si\/wp-json\/wp\/v2\/source?post=31304"},{"taxonomy":"supertag","embeddable":true,"href":"https:\/\/hudo.com\/si\/wp-json\/wp\/v2\/supertag?post=31304"}],"curies":[{"name":"wp","href":"https:\/\/api.w.org\/{rel}","templated":true}]}}