{"id":31331,"date":"2016-04-16T16:13:00","date_gmt":"2016-04-16T14:13:00","guid":{"rendered":"http:\/\/hudo.com\/si\/2016\/04\/16\/z-mocnim-vetrom-se-je-v-tacnu-zacel-slalom-proti-riu\/"},"modified":"2016-04-16T23:11:26","modified_gmt":"2016-04-16T21:11:26","slug":"z-mocnim-vetrom-se-je-v-tacnu-zacel-slalom-proti-riu","status":"publish","type":"post","link":"https:\/\/hudo.com\/si\/aktualno\/z-mocnim-vetrom-se-je-v-tacnu-zacel-slalom-proti-riu\/","title":{"rendered":"Z mo\u010dnim vetrom se je v Tacnu za\u010del slalom proti Riu"},"content":{"rendered":"<p>Kategorija: Drugi \u0161porti Sat, 16 Apr 2016 18:13:00 +0200  Tacen &#8211; Najbolj\u0161i slovenski slalomisti na divjih vodah so se danes v Tacnu za\u010deli meriti za to\u010dke, ki \u0161tejejo v kvoto za nastop na olimpijskih igrah v Riu de Janeiru in za tekme svetovnega pokala. \u010ceprav je na progi nagajal veter in precej majal vrata, tekmo so morali za eno uro tudi prekiniti, so favoriti upravi\u010dili svoje vloge. Med kanuisti je bil pri\u010dakovano najbolj\u0161i Benjamin Sav\u0161ek. Ta je prvo vo\u017enjo dobil z ve\u010d kot dvema sekundama prednosti pred Bla\u017eem Cofom, tretji je bil An\u017ee Ber\u010di\u010d. Tudi v drugo je Sav\u0161ek upravi\u010dil status aktualnega evropskega prvaka. \u00bbZadovoljen sem s prvo vo\u017enjo, \u010deprav nam je malo ponagajal veter in smo v drugo kasneje startali, tako da se je bilo malo te\u017eje pripraviti. \u017de s prvo vo\u017enjo sem bil zadovoljen,\u00a0&#8230;<\/p>\n","protected":false},"excerpt":{"rendered":"<p>Kategorija: Drugi \u0161porti Sat, 16 Apr 2016 18:13:00 +0200  Tacen &#8211; Najbolj\u0161i slovenski slalomisti na divjih vodah so se danes v Tacnu za\u010deli meriti za to\u010dke, ki \u0161tejejo v kvoto za nastop na olimpijskih igrah v Riu de Janeiru in za tekme svetovnega pokala. \u010ceprav je na progi nagajal veter in precej majal vrata, tekmo so morali za eno uro tudi prekiniti, so favoriti upravi\u010dili svoje vloge. Med kanuisti je bil pri\u010dakovano najbolj\u0161i Benjamin Sav\u0161ek. Ta je prvo vo\u017enjo dobil z ve\u010d kot dvema sekundama prednosti pred Bla\u017eem Cofom, tretji je bil An\u017ee Ber\u010di\u010d. Tudi v drugo je Sav\u0161ek upravi\u010dil status aktualnega evropskega prvaka. \u00bbZadovoljen sem s prvo vo\u017enjo, \u010deprav nam je malo ponagajal veter in smo v drugo kasneje startali, tako da se je bilo malo te\u017eje pripraviti. \u017de s prvo vo\u017enjo sem bil zadovoljen,\u00a0&#8230;<\/p>\n","protected":false},"author":1,"featured_media":0,"comment_status":"closed","ping_status":"closed","sticky":false,"template":"","format":"standard","meta":{"footnotes":""},"categories":[1179],"tags":[],"source":[4511],"supertag":[],"acf":[],"yoast_head":"<!-- This site is optimized with the Yoast SEO plugin v21.3 - https:\/\/yoast.com\/wordpress\/plugins\/seo\/ -->\n<title>Z mo\u010dnim vetrom se je v Tacnu za\u010del slalom proti Riu - Hudo Slovenija<\/title>\n<meta name=\"robots\" content=\"index, follow, max-snippet:-1, max-image-preview:large, max-video-preview:-1\" \/>\n<link rel=\"canonical\" href=\"https:\/\/hudo.com\/si\/aktualno\/z-mocnim-vetrom-se-je-v-tacnu-zacel-slalom-proti-riu\/\" \/>\n<meta property=\"og:locale\" content=\"sl_SI\" \/>\n<meta property=\"og:type\" content=\"article\" \/>\n<meta property=\"og:title\" content=\"Z mo\u010dnim vetrom se je v Tacnu za\u010del slalom proti Riu - Hudo Slovenija\" \/>\n<meta property=\"og:description\" content=\"Kategorija: Drugi \u0161porti Sat, 16 Apr 2016 18:13:00 +0200 Tacen - Najbolj\u0161i slovenski slalomisti na divjih vodah so se danes v Tacnu za\u010deli meriti za to\u010dke, ki \u0161tejejo v kvoto za nastop na olimpijskih igrah v Riu de Janeiru in za tekme svetovnega pokala. \u010ceprav je na progi nagajal veter in precej majal vrata, tekmo so morali za eno uro tudi prekiniti, so favoriti upravi\u010dili svoje vloge. Med kanuisti je bil pri\u010dakovano najbolj\u0161i Benjamin Sav\u0161ek. Ta je prvo vo\u017enjo dobil z ve\u010d kot dvema sekundama prednosti pred Bla\u017eem Cofom, tretji je bil An\u017ee Ber\u010di\u010d. Tudi v drugo je Sav\u0161ek upravi\u010dil status aktualnega evropskega prvaka. \u00bbZadovoljen sem s prvo vo\u017enjo, \u010deprav nam je malo ponagajal veter in smo v drugo kasneje startali, tako da se je bilo malo te\u017eje pripraviti. \u017de s prvo vo\u017enjo sem bil zadovoljen,\u00a0...\" \/>\n<meta property=\"og:url\" content=\"https:\/\/hudo.com\/si\/aktualno\/z-mocnim-vetrom-se-je-v-tacnu-zacel-slalom-proti-riu\/\" \/>\n<meta property=\"og:site_name\" content=\"Hudo Slovenija\" \/>\n<meta property=\"article:publisher\" content=\"https:\/\/www.facebook.com\/hudo.si\" \/>\n<meta property=\"article:published_time\" content=\"2016-04-16T14:13:00+00:00\" \/>\n<meta property=\"article:modified_time\" content=\"2016-04-16T21:11:26+00:00\" \/>\n<meta property=\"og:image\" content=\"https:\/\/hudo.com\/si\/wp-content\/uploads\/sites\/2\/2016\/04\/480x290_Delo_Foto-20160416154446-48502600.jpeg\" \/>\n\t<meta property=\"og:image:width\" content=\"480\" \/>\n\t<meta property=\"og:image:height\" content=\"290\" \/>\n\t<meta property=\"og:image:type\" content=\"image\/jpeg\" \/>\n<meta name=\"author\" content=\"hudo\" \/>\n<meta name=\"twitter:card\" content=\"summary_large_image\" \/>\n<meta name=\"twitter:creator\" content=\"@hudo_si\" \/>\n<meta name=\"twitter:site\" content=\"@hudo_si\" \/>\n<meta name=\"twitter:label1\" content=\"Written by\" \/>\n\t<meta name=\"twitter:data1\" content=\"hudo\" \/>\n\t<meta name=\"twitter:label2\" content=\"Est. reading time\" \/>\n\t<meta name=\"twitter:data2\" content=\"1 minuta\" \/>\n<script type=\"application\/ld+json\" class=\"yoast-schema-graph\">{\"@context\":\"https:\/\/schema.org\",\"@graph\":[{\"@type\":\"Article\",\"@id\":\"https:\/\/hudo.com\/si\/aktualno\/z-mocnim-vetrom-se-je-v-tacnu-zacel-slalom-proti-riu\/#article\",\"isPartOf\":{\"@id\":\"https:\/\/hudo.com\/si\/aktualno\/z-mocnim-vetrom-se-je-v-tacnu-zacel-slalom-proti-riu\/\"},\"author\":{\"name\":\"hudo\",\"@id\":\"https:\/\/hudo.com\/si\/#\/schema\/person\/601cf3379633985b20f7e50f2bb47707\"},\"headline\":\"Z mo\u010dnim vetrom se je v Tacnu za\u010del slalom proti Riu\",\"datePublished\":\"2016-04-16T14:13:00+00:00\",\"dateModified\":\"2016-04-16T21:11:26+00:00\",\"mainEntityOfPage\":{\"@id\":\"https:\/\/hudo.com\/si\/aktualno\/z-mocnim-vetrom-se-je-v-tacnu-zacel-slalom-proti-riu\/\"},\"wordCount\":161,\"publisher\":{\"@id\":\"https:\/\/hudo.com\/si\/#organization\"},\"articleSection\":[\"Aktualno\"],\"inLanguage\":\"sl-SI\"},{\"@type\":\"WebPage\",\"@id\":\"https:\/\/hudo.com\/si\/aktualno\/z-mocnim-vetrom-se-je-v-tacnu-zacel-slalom-proti-riu\/\",\"url\":\"https:\/\/hudo.com\/si\/aktualno\/z-mocnim-vetrom-se-je-v-tacnu-zacel-slalom-proti-riu\/\",\"name\":\"Z mo\u010dnim vetrom se je v Tacnu za\u010del slalom proti Riu - Hudo Slovenija\",\"isPartOf\":{\"@id\":\"https:\/\/hudo.com\/si\/#website\"},\"datePublished\":\"2016-04-16T14:13:00+00:00\",\"dateModified\":\"2016-04-16T21:11:26+00:00\",\"breadcrumb\":{\"@id\":\"https:\/\/hudo.com\/si\/aktualno\/z-mocnim-vetrom-se-je-v-tacnu-zacel-slalom-proti-riu\/#breadcrumb\"},\"inLanguage\":\"sl-SI\",\"potentialAction\":[{\"@type\":\"ReadAction\",\"target\":[\"https:\/\/hudo.com\/si\/aktualno\/z-mocnim-vetrom-se-je-v-tacnu-zacel-slalom-proti-riu\/\"]}]},{\"@type\":\"BreadcrumbList\",\"@id\":\"https:\/\/hudo.com\/si\/aktualno\/z-mocnim-vetrom-se-je-v-tacnu-zacel-slalom-proti-riu\/#breadcrumb\",\"itemListElement\":[{\"@type\":\"ListItem\",\"position\":1,\"name\":\"Home\",\"item\":\"https:\/\/hudo.com\/si\/\"},{\"@type\":\"ListItem\",\"position\":2,\"name\":\"Z mo\u010dnim vetrom se je v Tacnu za\u010del slalom proti Riu\"}]},{\"@type\":\"WebSite\",\"@id\":\"https:\/\/hudo.com\/si\/#website\",\"url\":\"https:\/\/hudo.com\/si\/\",\"name\":\"Hudo Slovenija\",\"description\":\"Vse novice iz Slovenije in sveta\",\"publisher\":{\"@id\":\"https:\/\/hudo.com\/si\/#organization\"},\"potentialAction\":[{\"@type\":\"SearchAction\",\"target\":{\"@type\":\"EntryPoint\",\"urlTemplate\":\"https:\/\/hudo.com\/si\/?s={search_term_string}\"},\"query-input\":\"required name=search_term_string\"}],\"inLanguage\":\"sl-SI\"},{\"@type\":\"Organization\",\"@id\":\"https:\/\/hudo.com\/si\/#organization\",\"name\":\"VSN Media\",\"url\":\"https:\/\/hudo.com\/si\/\",\"logo\":{\"@type\":\"ImageObject\",\"inLanguage\":\"sl-SI\",\"@id\":\"https:\/\/hudo.com\/si\/#\/schema\/logo\/image\/\",\"url\":\"https:\/\/hudo.com\/si\/wp-content\/uploads\/sites\/2\/2021\/03\/hudo-app-2.png\",\"contentUrl\":\"https:\/\/hudo.com\/si\/wp-content\/uploads\/sites\/2\/2021\/03\/hudo-app-2.png\",\"width\":2185,\"height\":2167,\"caption\":\"VSN Media\"},\"image\":{\"@id\":\"https:\/\/hudo.com\/si\/#\/schema\/logo\/image\/\"},\"sameAs\":[\"https:\/\/www.facebook.com\/hudo.si\",\"https:\/\/twitter.com\/hudo_si\"]},{\"@type\":\"Person\",\"@id\":\"https:\/\/hudo.com\/si\/#\/schema\/person\/601cf3379633985b20f7e50f2bb47707\",\"name\":\"hudo\",\"image\":{\"@type\":\"ImageObject\",\"inLanguage\":\"sl-SI\",\"@id\":\"https:\/\/hudo.com\/si\/#\/schema\/person\/image\/\",\"url\":\"https:\/\/secure.gravatar.com\/avatar\/c4ca25fa72cace7a696b52ff5db9e095?s=96&d=mm&r=g\",\"contentUrl\":\"https:\/\/secure.gravatar.com\/avatar\/c4ca25fa72cace7a696b52ff5db9e095?s=96&d=mm&r=g\",\"caption\":\"hudo\"},\"url\":\"https:\/\/hudo.com\/si\/author\/hudo\/\"}]}<\/script>\n<!-- \/ Yoast SEO plugin. -->","yoast_head_json":{"title":"Z mo\u010dnim vetrom se je v Tacnu za\u010del slalom proti Riu - Hudo Slovenija","robots":{"index":"index","follow":"follow","max-snippet":"max-snippet:-1","max-image-preview":"max-image-preview:large","max-video-preview":"max-video-preview:-1"},"canonical":"https:\/\/hudo.com\/si\/aktualno\/z-mocnim-vetrom-se-je-v-tacnu-zacel-slalom-proti-riu\/","og_locale":"sl_SI","og_type":"article","og_title":"Z mo\u010dnim vetrom se je v Tacnu za\u010del slalom proti Riu - Hudo Slovenija","og_description":"Kategorija: Drugi \u0161porti Sat, 16 Apr 2016 18:13:00 +0200 Tacen - Najbolj\u0161i slovenski slalomisti na divjih vodah so se danes v Tacnu za\u010deli meriti za to\u010dke, ki \u0161tejejo v kvoto za nastop na olimpijskih igrah v Riu de Janeiru in za tekme svetovnega pokala. \u010ceprav je na progi nagajal veter in precej majal vrata, tekmo so morali za eno uro tudi prekiniti, so favoriti upravi\u010dili svoje vloge. Med kanuisti je bil pri\u010dakovano najbolj\u0161i Benjamin Sav\u0161ek. Ta je prvo vo\u017enjo dobil z ve\u010d kot dvema sekundama prednosti pred Bla\u017eem Cofom, tretji je bil An\u017ee Ber\u010di\u010d. Tudi v drugo je Sav\u0161ek upravi\u010dil status aktualnega evropskega prvaka. \u00bbZadovoljen sem s prvo vo\u017enjo, \u010deprav nam je malo ponagajal veter in smo v drugo kasneje startali, tako da se je bilo malo te\u017eje pripraviti. \u017de s prvo vo\u017enjo sem bil zadovoljen,\u00a0...","og_url":"https:\/\/hudo.com\/si\/aktualno\/z-mocnim-vetrom-se-je-v-tacnu-zacel-slalom-proti-riu\/","og_site_name":"Hudo Slovenija","article_publisher":"https:\/\/www.facebook.com\/hudo.si","article_published_time":"2016-04-16T14:13:00+00:00","article_modified_time":"2016-04-16T21:11:26+00:00","og_image":[{"width":480,"height":290,"url":"https:\/\/hudo.com\/si\/wp-content\/uploads\/sites\/2\/2016\/04\/480x290_Delo_Foto-20160416154446-48502600.jpeg","type":"image\/jpeg"}],"author":"hudo","twitter_card":"summary_large_image","twitter_creator":"@hudo_si","twitter_site":"@hudo_si","twitter_misc":{"Written by":"hudo","Est. reading time":"1 minuta"},"schema":{"@context":"https:\/\/schema.org","@graph":[{"@type":"Article","@id":"https:\/\/hudo.com\/si\/aktualno\/z-mocnim-vetrom-se-je-v-tacnu-zacel-slalom-proti-riu\/#article","isPartOf":{"@id":"https:\/\/hudo.com\/si\/aktualno\/z-mocnim-vetrom-se-je-v-tacnu-zacel-slalom-proti-riu\/"},"author":{"name":"hudo","@id":"https:\/\/hudo.com\/si\/#\/schema\/person\/601cf3379633985b20f7e50f2bb47707"},"headline":"Z mo\u010dnim vetrom se je v Tacnu za\u010del slalom proti Riu","datePublished":"2016-04-16T14:13:00+00:00","dateModified":"2016-04-16T21:11:26+00:00","mainEntityOfPage":{"@id":"https:\/\/hudo.com\/si\/aktualno\/z-mocnim-vetrom-se-je-v-tacnu-zacel-slalom-proti-riu\/"},"wordCount":161,"publisher":{"@id":"https:\/\/hudo.com\/si\/#organization"},"articleSection":["Aktualno"],"inLanguage":"sl-SI"},{"@type":"WebPage","@id":"https:\/\/hudo.com\/si\/aktualno\/z-mocnim-vetrom-se-je-v-tacnu-zacel-slalom-proti-riu\/","url":"https:\/\/hudo.com\/si\/aktualno\/z-mocnim-vetrom-se-je-v-tacnu-zacel-slalom-proti-riu\/","name":"Z mo\u010dnim vetrom se je v Tacnu za\u010del slalom proti Riu - Hudo Slovenija","isPartOf":{"@id":"https:\/\/hudo.com\/si\/#website"},"datePublished":"2016-04-16T14:13:00+00:00","dateModified":"2016-04-16T21:11:26+00:00","breadcrumb":{"@id":"https:\/\/hudo.com\/si\/aktualno\/z-mocnim-vetrom-se-je-v-tacnu-zacel-slalom-proti-riu\/#breadcrumb"},"inLanguage":"sl-SI","potentialAction":[{"@type":"ReadAction","target":["https:\/\/hudo.com\/si\/aktualno\/z-mocnim-vetrom-se-je-v-tacnu-zacel-slalom-proti-riu\/"]}]},{"@type":"BreadcrumbList","@id":"https:\/\/hudo.com\/si\/aktualno\/z-mocnim-vetrom-se-je-v-tacnu-zacel-slalom-proti-riu\/#breadcrumb","itemListElement":[{"@type":"ListItem","position":1,"name":"Home","item":"https:\/\/hudo.com\/si\/"},{"@type":"ListItem","position":2,"name":"Z mo\u010dnim vetrom se je v Tacnu za\u010del slalom proti Riu"}]},{"@type":"WebSite","@id":"https:\/\/hudo.com\/si\/#website","url":"https:\/\/hudo.com\/si\/","name":"Hudo Slovenija","description":"Vse novice iz Slovenije in sveta","publisher":{"@id":"https:\/\/hudo.com\/si\/#organization"},"potentialAction":[{"@type":"SearchAction","target":{"@type":"EntryPoint","urlTemplate":"https:\/\/hudo.com\/si\/?s={search_term_string}"},"query-input":"required name=search_term_string"}],"inLanguage":"sl-SI"},{"@type":"Organization","@id":"https:\/\/hudo.com\/si\/#organization","name":"VSN Media","url":"https:\/\/hudo.com\/si\/","logo":{"@type":"ImageObject","inLanguage":"sl-SI","@id":"https:\/\/hudo.com\/si\/#\/schema\/logo\/image\/","url":"https:\/\/hudo.com\/si\/wp-content\/uploads\/sites\/2\/2021\/03\/hudo-app-2.png","contentUrl":"https:\/\/hudo.com\/si\/wp-content\/uploads\/sites\/2\/2021\/03\/hudo-app-2.png","width":2185,"height":2167,"caption":"VSN Media"},"image":{"@id":"https:\/\/hudo.com\/si\/#\/schema\/logo\/image\/"},"sameAs":["https:\/\/www.facebook.com\/hudo.si","https:\/\/twitter.com\/hudo_si"]},{"@type":"Person","@id":"https:\/\/hudo.com\/si\/#\/schema\/person\/601cf3379633985b20f7e50f2bb47707","name":"hudo","image":{"@type":"ImageObject","inLanguage":"sl-SI","@id":"https:\/\/hudo.com\/si\/#\/schema\/person\/image\/","url":"https:\/\/secure.gravatar.com\/avatar\/c4ca25fa72cace7a696b52ff5db9e095?s=96&d=mm&r=g","contentUrl":"https:\/\/secure.gravatar.com\/avatar\/c4ca25fa72cace7a696b52ff5db9e095?s=96&d=mm&r=g","caption":"hudo"},"url":"https:\/\/hudo.com\/si\/author\/hudo\/"}]}},"amp_enabled":true,"_links":{"self":[{"href":"https:\/\/hudo.com\/si\/wp-json\/wp\/v2\/posts\/31331"}],"collection":[{"href":"https:\/\/hudo.com\/si\/wp-json\/wp\/v2\/posts"}],"about":[{"href":"https:\/\/hudo.com\/si\/wp-json\/wp\/v2\/types\/post"}],"author":[{"embeddable":true,"href":"https:\/\/hudo.com\/si\/wp-json\/wp\/v2\/users\/1"}],"replies":[{"embeddable":true,"href":"https:\/\/hudo.com\/si\/wp-json\/wp\/v2\/comments?post=31331"}],"version-history":[{"count":1,"href":"https:\/\/hudo.com\/si\/wp-json\/wp\/v2\/posts\/31331\/revisions"}],"predecessor-version":[{"id":31402,"href":"https:\/\/hudo.com\/si\/wp-json\/wp\/v2\/posts\/31331\/revisions\/31402"}],"wp:attachment":[{"href":"https:\/\/hudo.com\/si\/wp-json\/wp\/v2\/media?parent=31331"}],"wp:term":[{"taxonomy":"category","embeddable":true,"href":"https:\/\/hudo.com\/si\/wp-json\/wp\/v2\/categories?post=31331"},{"taxonomy":"post_tag","embeddable":true,"href":"https:\/\/hudo.com\/si\/wp-json\/wp\/v2\/tags?post=31331"},{"taxonomy":"source","embeddable":true,"href":"https:\/\/hudo.com\/si\/wp-json\/wp\/v2\/source?post=31331"},{"taxonomy":"supertag","embeddable":true,"href":"https:\/\/hudo.com\/si\/wp-json\/wp\/v2\/supertag?post=31331"}],"curies":[{"name":"wp","href":"https:\/\/api.w.org\/{rel}","templated":true}]}}