{"id":31393,"date":"2016-04-16T17:00:00","date_gmt":"2016-04-16T15:00:00","guid":{"rendered":"http:\/\/hudo.com\/si\/2016\/04\/16\/postojna-z-nazivom-otrokom-prijazno-unicefovo-mest\/"},"modified":"2016-04-17T00:11:14","modified_gmt":"2016-04-16T22:11:14","slug":"postojna-z-nazivom-otrokom-prijazno-unicefovo-mest","status":"publish","type":"post","link":"https:\/\/hudo.com\/si\/aktualno\/postojna-z-nazivom-otrokom-prijazno-unicefovo-mest\/","title":{"rendered":"Postojna z nazivom otrokom prijazno Unicefovo mest"},"content":{"rendered":"<p>Postojna je naziv prevzela od Hrastnika, prvo slovensko mesto, ki se pona\u0161a s tem nazivom, pa je Nova Gorica. V sklopu prireditve, ki so jo oblikovali otroci vseh postojnskih izobra\u017eevalnih in vzgojnih ustanov, so svoja razmi\u0161ljanja o pomenu mre\u017ee otrokom prijaznih Unicefovih mest ob postojnskem \u017eupanu Igorju Marenti\u010du povedali \u0161e direktor Unicefa Slovenije Toma\u017e Bergo\u010d, glasbenika Ula Lo\u017ear in Zlatan \u010cordi\u0107 Zlatko in Mateja Premrl, ki je za to prilo\u017enost oblikovala t. i. Torbo poguma, v kateri naj najmlaj\u0161i najdejo navdih in razlog za vztrajanje pri dobrem. Otroci Osnovne \u0161ole Miroslava Vilharja so pripravili svoje misli o prihodnosti in jih zaupali predsedniku republike, ta pa jim je med drugim polo\u017eil na srce, naj bodo pogumni, so sporo\u010dili iz urada predsednika republike. Sklepni del slovesnosti je zaznamoval uraden prevzem naziva otrokom prijazno Unicefovo mesto, ob tej prilo\u017enosti pa je predsednik Pahor \u017eupanu Marenti\u010du poklonil slovensko zastavo, posebno protokolarno darilo predsednika republike ob praznovanju 25. obletnice samostojnosti na\u0161e dr\u017eave, stkano z mislijo na ljubezen in odgovornost do domovine.Slovenija<\/p>\n","protected":false},"excerpt":{"rendered":"<p>Postojna je naziv prevzela od Hrastnika, prvo slovensko mesto, ki se pona\u0161a s tem nazivom, pa je Nova Gorica. V sklopu prireditve, ki so jo oblikovali otroci vseh postojnskih izobra\u017eevalnih in vzgojnih ustanov, so svoja razmi\u0161ljanja o pomenu mre\u017ee otrokom prijaznih Unicefovih mest ob postojnskem \u017eupanu Igorju Marenti\u010du povedali \u0161e direktor Unicefa Slovenije Toma\u017e Bergo\u010d, glasbenika Ula Lo\u017ear in Zlatan \u010cordi\u0107 Zlatko in Mateja Premrl, ki je za to prilo\u017enost oblikovala t. i. Torbo poguma, v kateri naj najmlaj\u0161i najdejo navdih in razlog za vztrajanje pri dobrem. Otroci Osnovne \u0161ole Miroslava Vilharja so pripravili svoje misli o prihodnosti in jih zaupali predsedniku republike, ta pa jim je med drugim polo\u017eil na srce, naj bodo pogumni, so sporo\u010dili iz urada predsednika republike. Sklepni del slovesnosti je zaznamoval uraden prevzem naziva otrokom prijazno Unicefovo mesto, ob tej prilo\u017enosti pa je predsednik Pahor \u017eupanu Marenti\u010du poklonil slovensko zastavo, posebno protokolarno darilo predsednika republike ob praznovanju 25. obletnice samostojnosti na\u0161e dr\u017eave, stkano z mislijo na ljubezen in odgovornost do domovine.Slovenija<\/p>\n","protected":false},"author":1,"featured_media":0,"comment_status":"closed","ping_status":"closed","sticky":false,"template":"","format":"standard","meta":{"footnotes":""},"categories":[1179],"tags":[],"source":[1711],"supertag":[],"acf":[],"yoast_head":"<!-- This site is optimized with the Yoast SEO plugin v21.3 - https:\/\/yoast.com\/wordpress\/plugins\/seo\/ -->\n<title>Postojna z nazivom otrokom prijazno Unicefovo mest - Hudo Slovenija<\/title>\n<meta name=\"robots\" content=\"index, follow, max-snippet:-1, max-image-preview:large, max-video-preview:-1\" \/>\n<link rel=\"canonical\" href=\"https:\/\/hudo.com\/si\/aktualno\/postojna-z-nazivom-otrokom-prijazno-unicefovo-mest\/\" \/>\n<meta property=\"og:locale\" content=\"sl_SI\" \/>\n<meta property=\"og:type\" content=\"article\" \/>\n<meta property=\"og:title\" content=\"Postojna z nazivom otrokom prijazno Unicefovo mest - Hudo Slovenija\" \/>\n<meta property=\"og:description\" content=\"Postojna je naziv prevzela od Hrastnika, prvo slovensko mesto, ki se pona\u0161a s tem nazivom, pa je Nova Gorica. V sklopu prireditve, ki so jo oblikovali otroci vseh postojnskih izobra\u017eevalnih in vzgojnih ustanov, so svoja razmi\u0161ljanja o pomenu mre\u017ee otrokom prijaznih Unicefovih mest ob postojnskem \u017eupanu Igorju Marenti\u010du povedali \u0161e direktor Unicefa Slovenije Toma\u017e Bergo\u010d, glasbenika Ula Lo\u017ear in Zlatan \u010cordi\u0107 Zlatko in Mateja Premrl, ki je za to prilo\u017enost oblikovala t. i. Torbo poguma, v kateri naj najmlaj\u0161i najdejo navdih in razlog za vztrajanje pri dobrem. Otroci Osnovne \u0161ole Miroslava Vilharja so pripravili svoje misli o prihodnosti in jih zaupali predsedniku republike, ta pa jim je med drugim polo\u017eil na srce, naj bodo pogumni, so sporo\u010dili iz urada predsednika republike. Sklepni del slovesnosti je zaznamoval uraden prevzem naziva otrokom prijazno Unicefovo mesto, ob tej prilo\u017enosti pa je predsednik Pahor \u017eupanu Marenti\u010du poklonil slovensko zastavo, posebno protokolarno darilo predsednika republike ob praznovanju 25. obletnice samostojnosti na\u0161e dr\u017eave, stkano z mislijo na ljubezen in odgovornost do domovine.Slovenija\" \/>\n<meta property=\"og:url\" content=\"https:\/\/hudo.com\/si\/aktualno\/postojna-z-nazivom-otrokom-prijazno-unicefovo-mest\/\" \/>\n<meta property=\"og:site_name\" content=\"Hudo Slovenija\" \/>\n<meta property=\"article:publisher\" content=\"https:\/\/www.facebook.com\/hudo.si\" \/>\n<meta property=\"article:published_time\" content=\"2016-04-16T15:00:00+00:00\" \/>\n<meta property=\"article:modified_time\" content=\"2016-04-16T22:11:14+00:00\" \/>\n<meta property=\"og:image\" content=\"https:\/\/hudo.com\/si\/wp-content\/uploads\/sites\/2\/2016\/04\/00533606F-300.jpg\" \/>\n\t<meta property=\"og:image:width\" content=\"450\" \/>\n\t<meta property=\"og:image:height\" content=\"300\" \/>\n\t<meta property=\"og:image:type\" content=\"image\/jpeg\" \/>\n<meta name=\"author\" content=\"hudo\" \/>\n<meta name=\"twitter:card\" content=\"summary_large_image\" \/>\n<meta name=\"twitter:creator\" content=\"@hudo_si\" \/>\n<meta name=\"twitter:site\" content=\"@hudo_si\" \/>\n<meta name=\"twitter:label1\" content=\"Written by\" \/>\n\t<meta name=\"twitter:data1\" content=\"hudo\" \/>\n\t<meta name=\"twitter:label2\" content=\"Est. reading time\" \/>\n\t<meta name=\"twitter:data2\" content=\"1 minuta\" \/>\n<script type=\"application\/ld+json\" class=\"yoast-schema-graph\">{\"@context\":\"https:\/\/schema.org\",\"@graph\":[{\"@type\":\"Article\",\"@id\":\"https:\/\/hudo.com\/si\/aktualno\/postojna-z-nazivom-otrokom-prijazno-unicefovo-mest\/#article\",\"isPartOf\":{\"@id\":\"https:\/\/hudo.com\/si\/aktualno\/postojna-z-nazivom-otrokom-prijazno-unicefovo-mest\/\"},\"author\":{\"name\":\"hudo\",\"@id\":\"https:\/\/hudo.com\/si\/#\/schema\/person\/601cf3379633985b20f7e50f2bb47707\"},\"headline\":\"Postojna z nazivom otrokom prijazno Unicefovo mest\",\"datePublished\":\"2016-04-16T15:00:00+00:00\",\"dateModified\":\"2016-04-16T22:11:14+00:00\",\"mainEntityOfPage\":{\"@id\":\"https:\/\/hudo.com\/si\/aktualno\/postojna-z-nazivom-otrokom-prijazno-unicefovo-mest\/\"},\"wordCount\":187,\"publisher\":{\"@id\":\"https:\/\/hudo.com\/si\/#organization\"},\"articleSection\":[\"Aktualno\"],\"inLanguage\":\"sl-SI\"},{\"@type\":\"WebPage\",\"@id\":\"https:\/\/hudo.com\/si\/aktualno\/postojna-z-nazivom-otrokom-prijazno-unicefovo-mest\/\",\"url\":\"https:\/\/hudo.com\/si\/aktualno\/postojna-z-nazivom-otrokom-prijazno-unicefovo-mest\/\",\"name\":\"Postojna z nazivom otrokom prijazno Unicefovo mest - Hudo Slovenija\",\"isPartOf\":{\"@id\":\"https:\/\/hudo.com\/si\/#website\"},\"datePublished\":\"2016-04-16T15:00:00+00:00\",\"dateModified\":\"2016-04-16T22:11:14+00:00\",\"breadcrumb\":{\"@id\":\"https:\/\/hudo.com\/si\/aktualno\/postojna-z-nazivom-otrokom-prijazno-unicefovo-mest\/#breadcrumb\"},\"inLanguage\":\"sl-SI\",\"potentialAction\":[{\"@type\":\"ReadAction\",\"target\":[\"https:\/\/hudo.com\/si\/aktualno\/postojna-z-nazivom-otrokom-prijazno-unicefovo-mest\/\"]}]},{\"@type\":\"BreadcrumbList\",\"@id\":\"https:\/\/hudo.com\/si\/aktualno\/postojna-z-nazivom-otrokom-prijazno-unicefovo-mest\/#breadcrumb\",\"itemListElement\":[{\"@type\":\"ListItem\",\"position\":1,\"name\":\"Home\",\"item\":\"https:\/\/hudo.com\/si\/\"},{\"@type\":\"ListItem\",\"position\":2,\"name\":\"Postojna z nazivom otrokom prijazno Unicefovo mest\"}]},{\"@type\":\"WebSite\",\"@id\":\"https:\/\/hudo.com\/si\/#website\",\"url\":\"https:\/\/hudo.com\/si\/\",\"name\":\"Hudo Slovenija\",\"description\":\"Vse novice iz Slovenije in sveta\",\"publisher\":{\"@id\":\"https:\/\/hudo.com\/si\/#organization\"},\"potentialAction\":[{\"@type\":\"SearchAction\",\"target\":{\"@type\":\"EntryPoint\",\"urlTemplate\":\"https:\/\/hudo.com\/si\/?s={search_term_string}\"},\"query-input\":\"required name=search_term_string\"}],\"inLanguage\":\"sl-SI\"},{\"@type\":\"Organization\",\"@id\":\"https:\/\/hudo.com\/si\/#organization\",\"name\":\"VSN Media\",\"url\":\"https:\/\/hudo.com\/si\/\",\"logo\":{\"@type\":\"ImageObject\",\"inLanguage\":\"sl-SI\",\"@id\":\"https:\/\/hudo.com\/si\/#\/schema\/logo\/image\/\",\"url\":\"https:\/\/hudo.com\/si\/wp-content\/uploads\/sites\/2\/2021\/03\/hudo-app-2.png\",\"contentUrl\":\"https:\/\/hudo.com\/si\/wp-content\/uploads\/sites\/2\/2021\/03\/hudo-app-2.png\",\"width\":2185,\"height\":2167,\"caption\":\"VSN Media\"},\"image\":{\"@id\":\"https:\/\/hudo.com\/si\/#\/schema\/logo\/image\/\"},\"sameAs\":[\"https:\/\/www.facebook.com\/hudo.si\",\"https:\/\/twitter.com\/hudo_si\"]},{\"@type\":\"Person\",\"@id\":\"https:\/\/hudo.com\/si\/#\/schema\/person\/601cf3379633985b20f7e50f2bb47707\",\"name\":\"hudo\",\"image\":{\"@type\":\"ImageObject\",\"inLanguage\":\"sl-SI\",\"@id\":\"https:\/\/hudo.com\/si\/#\/schema\/person\/image\/\",\"url\":\"https:\/\/secure.gravatar.com\/avatar\/c4ca25fa72cace7a696b52ff5db9e095?s=96&d=mm&r=g\",\"contentUrl\":\"https:\/\/secure.gravatar.com\/avatar\/c4ca25fa72cace7a696b52ff5db9e095?s=96&d=mm&r=g\",\"caption\":\"hudo\"},\"url\":\"https:\/\/hudo.com\/si\/author\/hudo\/\"}]}<\/script>\n<!-- \/ Yoast SEO plugin. -->","yoast_head_json":{"title":"Postojna z nazivom otrokom prijazno Unicefovo mest - Hudo Slovenija","robots":{"index":"index","follow":"follow","max-snippet":"max-snippet:-1","max-image-preview":"max-image-preview:large","max-video-preview":"max-video-preview:-1"},"canonical":"https:\/\/hudo.com\/si\/aktualno\/postojna-z-nazivom-otrokom-prijazno-unicefovo-mest\/","og_locale":"sl_SI","og_type":"article","og_title":"Postojna z nazivom otrokom prijazno Unicefovo mest - Hudo Slovenija","og_description":"Postojna je naziv prevzela od Hrastnika, prvo slovensko mesto, ki se pona\u0161a s tem nazivom, pa je Nova Gorica. V sklopu prireditve, ki so jo oblikovali otroci vseh postojnskih izobra\u017eevalnih in vzgojnih ustanov, so svoja razmi\u0161ljanja o pomenu mre\u017ee otrokom prijaznih Unicefovih mest ob postojnskem \u017eupanu Igorju Marenti\u010du povedali \u0161e direktor Unicefa Slovenije Toma\u017e Bergo\u010d, glasbenika Ula Lo\u017ear in Zlatan \u010cordi\u0107 Zlatko in Mateja Premrl, ki je za to prilo\u017enost oblikovala t. i. Torbo poguma, v kateri naj najmlaj\u0161i najdejo navdih in razlog za vztrajanje pri dobrem. Otroci Osnovne \u0161ole Miroslava Vilharja so pripravili svoje misli o prihodnosti in jih zaupali predsedniku republike, ta pa jim je med drugim polo\u017eil na srce, naj bodo pogumni, so sporo\u010dili iz urada predsednika republike. Sklepni del slovesnosti je zaznamoval uraden prevzem naziva otrokom prijazno Unicefovo mesto, ob tej prilo\u017enosti pa je predsednik Pahor \u017eupanu Marenti\u010du poklonil slovensko zastavo, posebno protokolarno darilo predsednika republike ob praznovanju 25. obletnice samostojnosti na\u0161e dr\u017eave, stkano z mislijo na ljubezen in odgovornost do domovine.Slovenija","og_url":"https:\/\/hudo.com\/si\/aktualno\/postojna-z-nazivom-otrokom-prijazno-unicefovo-mest\/","og_site_name":"Hudo Slovenija","article_publisher":"https:\/\/www.facebook.com\/hudo.si","article_published_time":"2016-04-16T15:00:00+00:00","article_modified_time":"2016-04-16T22:11:14+00:00","og_image":[{"width":450,"height":300,"url":"https:\/\/hudo.com\/si\/wp-content\/uploads\/sites\/2\/2016\/04\/00533606F-300.jpg","type":"image\/jpeg"}],"author":"hudo","twitter_card":"summary_large_image","twitter_creator":"@hudo_si","twitter_site":"@hudo_si","twitter_misc":{"Written by":"hudo","Est. reading time":"1 minuta"},"schema":{"@context":"https:\/\/schema.org","@graph":[{"@type":"Article","@id":"https:\/\/hudo.com\/si\/aktualno\/postojna-z-nazivom-otrokom-prijazno-unicefovo-mest\/#article","isPartOf":{"@id":"https:\/\/hudo.com\/si\/aktualno\/postojna-z-nazivom-otrokom-prijazno-unicefovo-mest\/"},"author":{"name":"hudo","@id":"https:\/\/hudo.com\/si\/#\/schema\/person\/601cf3379633985b20f7e50f2bb47707"},"headline":"Postojna z nazivom otrokom prijazno Unicefovo mest","datePublished":"2016-04-16T15:00:00+00:00","dateModified":"2016-04-16T22:11:14+00:00","mainEntityOfPage":{"@id":"https:\/\/hudo.com\/si\/aktualno\/postojna-z-nazivom-otrokom-prijazno-unicefovo-mest\/"},"wordCount":187,"publisher":{"@id":"https:\/\/hudo.com\/si\/#organization"},"articleSection":["Aktualno"],"inLanguage":"sl-SI"},{"@type":"WebPage","@id":"https:\/\/hudo.com\/si\/aktualno\/postojna-z-nazivom-otrokom-prijazno-unicefovo-mest\/","url":"https:\/\/hudo.com\/si\/aktualno\/postojna-z-nazivom-otrokom-prijazno-unicefovo-mest\/","name":"Postojna z nazivom otrokom prijazno Unicefovo mest - Hudo Slovenija","isPartOf":{"@id":"https:\/\/hudo.com\/si\/#website"},"datePublished":"2016-04-16T15:00:00+00:00","dateModified":"2016-04-16T22:11:14+00:00","breadcrumb":{"@id":"https:\/\/hudo.com\/si\/aktualno\/postojna-z-nazivom-otrokom-prijazno-unicefovo-mest\/#breadcrumb"},"inLanguage":"sl-SI","potentialAction":[{"@type":"ReadAction","target":["https:\/\/hudo.com\/si\/aktualno\/postojna-z-nazivom-otrokom-prijazno-unicefovo-mest\/"]}]},{"@type":"BreadcrumbList","@id":"https:\/\/hudo.com\/si\/aktualno\/postojna-z-nazivom-otrokom-prijazno-unicefovo-mest\/#breadcrumb","itemListElement":[{"@type":"ListItem","position":1,"name":"Home","item":"https:\/\/hudo.com\/si\/"},{"@type":"ListItem","position":2,"name":"Postojna z nazivom otrokom prijazno Unicefovo mest"}]},{"@type":"WebSite","@id":"https:\/\/hudo.com\/si\/#website","url":"https:\/\/hudo.com\/si\/","name":"Hudo Slovenija","description":"Vse novice iz Slovenije in sveta","publisher":{"@id":"https:\/\/hudo.com\/si\/#organization"},"potentialAction":[{"@type":"SearchAction","target":{"@type":"EntryPoint","urlTemplate":"https:\/\/hudo.com\/si\/?s={search_term_string}"},"query-input":"required name=search_term_string"}],"inLanguage":"sl-SI"},{"@type":"Organization","@id":"https:\/\/hudo.com\/si\/#organization","name":"VSN Media","url":"https:\/\/hudo.com\/si\/","logo":{"@type":"ImageObject","inLanguage":"sl-SI","@id":"https:\/\/hudo.com\/si\/#\/schema\/logo\/image\/","url":"https:\/\/hudo.com\/si\/wp-content\/uploads\/sites\/2\/2021\/03\/hudo-app-2.png","contentUrl":"https:\/\/hudo.com\/si\/wp-content\/uploads\/sites\/2\/2021\/03\/hudo-app-2.png","width":2185,"height":2167,"caption":"VSN Media"},"image":{"@id":"https:\/\/hudo.com\/si\/#\/schema\/logo\/image\/"},"sameAs":["https:\/\/www.facebook.com\/hudo.si","https:\/\/twitter.com\/hudo_si"]},{"@type":"Person","@id":"https:\/\/hudo.com\/si\/#\/schema\/person\/601cf3379633985b20f7e50f2bb47707","name":"hudo","image":{"@type":"ImageObject","inLanguage":"sl-SI","@id":"https:\/\/hudo.com\/si\/#\/schema\/person\/image\/","url":"https:\/\/secure.gravatar.com\/avatar\/c4ca25fa72cace7a696b52ff5db9e095?s=96&d=mm&r=g","contentUrl":"https:\/\/secure.gravatar.com\/avatar\/c4ca25fa72cace7a696b52ff5db9e095?s=96&d=mm&r=g","caption":"hudo"},"url":"https:\/\/hudo.com\/si\/author\/hudo\/"}]}},"amp_enabled":true,"_links":{"self":[{"href":"https:\/\/hudo.com\/si\/wp-json\/wp\/v2\/posts\/31393"}],"collection":[{"href":"https:\/\/hudo.com\/si\/wp-json\/wp\/v2\/posts"}],"about":[{"href":"https:\/\/hudo.com\/si\/wp-json\/wp\/v2\/types\/post"}],"author":[{"embeddable":true,"href":"https:\/\/hudo.com\/si\/wp-json\/wp\/v2\/users\/1"}],"replies":[{"embeddable":true,"href":"https:\/\/hudo.com\/si\/wp-json\/wp\/v2\/comments?post=31393"}],"version-history":[{"count":1,"href":"https:\/\/hudo.com\/si\/wp-json\/wp\/v2\/posts\/31393\/revisions"}],"predecessor-version":[{"id":31439,"href":"https:\/\/hudo.com\/si\/wp-json\/wp\/v2\/posts\/31393\/revisions\/31439"}],"wp:attachment":[{"href":"https:\/\/hudo.com\/si\/wp-json\/wp\/v2\/media?parent=31393"}],"wp:term":[{"taxonomy":"category","embeddable":true,"href":"https:\/\/hudo.com\/si\/wp-json\/wp\/v2\/categories?post=31393"},{"taxonomy":"post_tag","embeddable":true,"href":"https:\/\/hudo.com\/si\/wp-json\/wp\/v2\/tags?post=31393"},{"taxonomy":"source","embeddable":true,"href":"https:\/\/hudo.com\/si\/wp-json\/wp\/v2\/source?post=31393"},{"taxonomy":"supertag","embeddable":true,"href":"https:\/\/hudo.com\/si\/wp-json\/wp\/v2\/supertag?post=31393"}],"curies":[{"name":"wp","href":"https:\/\/api.w.org\/{rel}","templated":true}]}}