{"id":31399,"date":"2016-04-16T16:30:00","date_gmt":"2016-04-16T14:30:00","guid":{"rendered":"http:\/\/hudo.com\/si\/2016\/04\/16\/budimpesta-ponuja-svojo-vizijo-resitve-migrantske-krize-2\/"},"modified":"2016-04-17T13:21:43","modified_gmt":"2016-04-17T11:21:43","slug":"budimpesta-ponuja-svojo-vizijo-resitve-migrantske-krize-2","status":"publish","type":"post","link":"https:\/\/hudo.com\/si\/aktualno\/budimpesta-ponuja-svojo-vizijo-resitve-migrantske-krize-2\/","title":{"rendered":"Budimpe\u0161ta ponuja svojo vizijo re\u0161itve migrantske krize"},"content":{"rendered":"<p>Na\u010drt v desetih to\u010dkah med drugim zavra\u010da shemo o porazdelitvi 160.000 beguncev po dr\u017eavah \u010dlanicah EU, dogovorjeno septembra lani. Nasprotno predlaga vrsto ukrepov na prostovoljni ravni ter govori o &#8220;schengnu 2.0&#8221; s krepitvijo za\u0161\u010dite meja EU in re\u0161evanjem begunske krize ne v Evropi, ampak zunaj nje, poro\u010da francoska tiskovna agencija AFP. &#8220;\u010ce neka dr\u017eava ni sposobna izpolniti svojih obveznosti, bi morala prositi za pomo\u010d ali druge dr\u017eave \u010dlanice ali pa Evropsko agencijo za varovanje meja Frontex,&#8221; med drugim na svoji spletni strani poudarja mad\u017earska vlada, kar o\u010ditno leti na Gr\u010dijo. Orban je bil lani tar\u010da ostrih kritik zaradi svoje nepripravljenosti, da sprejme vsaj nek manj\u0161i dele\u017e beguncev, in odlo\u010ditve, da meje dr\u017eave za\u0161\u010diti z bode\u010do \u017eico, a s\u010dasoma je ta kritika, vsaj s strani vodilnih politikov drugih evropskih dr\u017eav, v veliki meri potihnila. Mad\u017earsko je sicer lani pre\u010dkalo okoli 400.000 migrantov in beguncev, preden je Orbanova vlada jeseni zgradila omenjeno ograjo. Poleg tega so na Mad\u017earskem takrat sprejeli stro\u017ejo zakonodajo, s katero sta nezakonito pre\u010dkanje meje in po\u0161kodovanje mejne ograje postala kaznivo dejanje z zagro\u017eeno zaporno kaznijo. Kakih 2200 ljudi je bilo doslej obsojenih po tej novi zakonodaji, v veliki ve\u010dini pa jih je kot kazen doletel izgon iz dr\u017eave. Februarja je Orban napovedal razpis referenduma o obveznih kvotah za relokacijo beguncev v EU in Bruslju o\u010dital, da nima nobene pravice spreminjati &#8220;kulturne in verske identitete Evrope&#8221;. Referendum naj bi potekal v drugi polovici tega leta. Mad\u017earski premier naj bi se sicer v kratkem sre\u010dal z nekdanjim nem\u0161kim kanclerjem Helmutom Kohlom. Slednji je pred sre\u010danjem spisal kolumno, v kateri izra\u017ea zaskrbljenost zaradi velikega \u0161tevila ljudi, ki prihajajo v Evropo, in poudarja, da Evropa ne more biti dom milijonom beguncev. Opozarja celo, da sta morda na kocki mir in svoboda EU. Kot pi\u0161e v sestavku, ki bo iz\u0161el v nedeljski izdaji \u010dasnika Tagesspiegel, trenutna begunska politika EU ne bo zm<\/p>\n","protected":false},"excerpt":{"rendered":"<p>Na\u010drt v desetih to\u010dkah med drugim zavra\u010da shemo o porazdelitvi 160.000 beguncev po dr\u017eavah \u010dlanicah EU, dogovorjeno septembra lani. Nasprotno predlaga vrsto ukrepov na prostovoljni ravni ter govori o &#8220;schengnu 2.0&#8221; s krepitvijo za\u0161\u010dite meja EU in re\u0161evanjem begunske krize ne v Evropi, ampak zunaj nje, poro\u010da francoska tiskovna agencija AFP. &#8220;\u010ce neka dr\u017eava ni sposobna izpolniti svojih obveznosti, bi morala prositi za pomo\u010d ali druge dr\u017eave \u010dlanice ali pa Evropsko agencijo za varovanje meja Frontex,&#8221; med drugim na svoji spletni strani poudarja mad\u017earska vlada, kar o\u010ditno leti na Gr\u010dijo. Orban je bil lani tar\u010da ostrih kritik zaradi svoje nepripravljenosti, da sprejme vsaj nek manj\u0161i dele\u017e beguncev, in odlo\u010ditve, da meje dr\u017eave za\u0161\u010diti z bode\u010do \u017eico, a s\u010dasoma je ta kritika, vsaj s strani vodilnih politikov drugih evropskih dr\u017eav, v veliki meri potihnila. Mad\u017earsko je sicer lani pre\u010dkalo okoli 400.000 migrantov in beguncev, preden je Orbanova vlada jeseni zgradila omenjeno ograjo. Poleg tega so na Mad\u017earskem takrat sprejeli stro\u017ejo zakonodajo, s katero sta nezakonito pre\u010dkanje meje in po\u0161kodovanje mejne ograje postala kaznivo dejanje z zagro\u017eeno zaporno kaznijo. Kakih 2200 ljudi je bilo doslej obsojenih po tej novi zakonodaji, v veliki ve\u010dini pa jih je kot kazen doletel izgon iz dr\u017eave. Februarja je Orban napovedal razpis referenduma o obveznih kvotah za relokacijo beguncev v EU in Bruslju o\u010dital, da nima nobene pravice spreminjati &#8220;kulturne in verske identitete Evrope&#8221;. Referendum naj bi potekal v drugi polovici tega leta. Mad\u017earski premier naj bi se sicer v kratkem sre\u010dal z nekdanjim nem\u0161kim kanclerjem Helmutom Kohlom. Slednji je pred sre\u010danjem spisal kolumno, v kateri izra\u017ea zaskrbljenost zaradi velikega \u0161tevila ljudi, ki prihajajo v Evropo, in poudarja, da Evropa ne more biti dom milijonom beguncev. Opozarja celo, da sta morda na kocki mir in svoboda EU. Kot pi\u0161e v sestavku, ki bo iz\u0161el v nedeljski izdaji \u010dasnika Tagesspiegel, trenutna begunska politika EU ne bo zm<\/p>\n","protected":false},"author":1,"featured_media":0,"comment_status":"closed","ping_status":"closed","sticky":false,"template":"","format":"standard","meta":{"footnotes":""},"categories":[1179],"tags":[],"source":[1711],"supertag":[],"acf":[],"yoast_head":"<!-- This site is optimized with the Yoast SEO plugin v21.3 - https:\/\/yoast.com\/wordpress\/plugins\/seo\/ -->\n<title>Budimpe\u0161ta ponuja svojo vizijo re\u0161itve migrantske krize - Hudo Slovenija<\/title>\n<meta name=\"robots\" content=\"index, follow, max-snippet:-1, max-image-preview:large, max-video-preview:-1\" \/>\n<link rel=\"canonical\" href=\"https:\/\/hudo.com\/si\/aktualno\/budimpesta-ponuja-svojo-vizijo-resitve-migrantske-krize-2\/\" \/>\n<meta property=\"og:locale\" content=\"sl_SI\" \/>\n<meta property=\"og:type\" content=\"article\" \/>\n<meta property=\"og:title\" content=\"Budimpe\u0161ta ponuja svojo vizijo re\u0161itve migrantske krize - Hudo Slovenija\" \/>\n<meta property=\"og:description\" content=\"Na\u010drt v desetih to\u010dkah med drugim zavra\u010da shemo o porazdelitvi 160.000 beguncev po dr\u017eavah \u010dlanicah EU, dogovorjeno septembra lani. Nasprotno predlaga vrsto ukrepov na prostovoljni ravni ter govori o &quot;schengnu 2.0&quot; s krepitvijo za\u0161\u010dite meja EU in re\u0161evanjem begunske krize ne v Evropi, ampak zunaj nje, poro\u010da francoska tiskovna agencija AFP. &quot;\u010ce neka dr\u017eava ni sposobna izpolniti svojih obveznosti, bi morala prositi za pomo\u010d ali druge dr\u017eave \u010dlanice ali pa Evropsko agencijo za varovanje meja Frontex,&quot; med drugim na svoji spletni strani poudarja mad\u017earska vlada, kar o\u010ditno leti na Gr\u010dijo. Orban je bil lani tar\u010da ostrih kritik zaradi svoje nepripravljenosti, da sprejme vsaj nek manj\u0161i dele\u017e beguncev, in odlo\u010ditve, da meje dr\u017eave za\u0161\u010diti z bode\u010do \u017eico, a s\u010dasoma je ta kritika, vsaj s strani vodilnih politikov drugih evropskih dr\u017eav, v veliki meri potihnila. Mad\u017earsko je sicer lani pre\u010dkalo okoli 400.000 migrantov in beguncev, preden je Orbanova vlada jeseni zgradila omenjeno ograjo. Poleg tega so na Mad\u017earskem takrat sprejeli stro\u017ejo zakonodajo, s katero sta nezakonito pre\u010dkanje meje in po\u0161kodovanje mejne ograje postala kaznivo dejanje z zagro\u017eeno zaporno kaznijo. Kakih 2200 ljudi je bilo doslej obsojenih po tej novi zakonodaji, v veliki ve\u010dini pa jih je kot kazen doletel izgon iz dr\u017eave. Februarja je Orban napovedal razpis referenduma o obveznih kvotah za relokacijo beguncev v EU in Bruslju o\u010dital, da nima nobene pravice spreminjati &quot;kulturne in verske identitete Evrope&quot;. Referendum naj bi potekal v drugi polovici tega leta. Mad\u017earski premier naj bi se sicer v kratkem sre\u010dal z nekdanjim nem\u0161kim kanclerjem Helmutom Kohlom. Slednji je pred sre\u010danjem spisal kolumno, v kateri izra\u017ea zaskrbljenost zaradi velikega \u0161tevila ljudi, ki prihajajo v Evropo, in poudarja, da Evropa ne more biti dom milijonom beguncev. Opozarja celo, da sta morda na kocki mir in svoboda EU. Kot pi\u0161e v sestavku, ki bo iz\u0161el v nedeljski izdaji \u010dasnika Tagesspiegel, trenutna begunska politika EU ne bo zm\" \/>\n<meta property=\"og:url\" content=\"https:\/\/hudo.com\/si\/aktualno\/budimpesta-ponuja-svojo-vizijo-resitve-migrantske-krize-2\/\" \/>\n<meta property=\"og:site_name\" content=\"Hudo Slovenija\" \/>\n<meta property=\"article:publisher\" content=\"https:\/\/www.facebook.com\/hudo.si\" \/>\n<meta property=\"article:published_time\" content=\"2016-04-16T14:30:00+00:00\" \/>\n<meta property=\"article:modified_time\" content=\"2016-04-17T11:21:43+00:00\" \/>\n<meta property=\"og:image\" content=\"https:\/\/hudo.com\/si\/wp-content\/uploads\/sites\/2\/2016\/04\/01443795F-300.jpg\" \/>\n\t<meta property=\"og:image:width\" content=\"450\" \/>\n\t<meta property=\"og:image:height\" content=\"308\" \/>\n\t<meta property=\"og:image:type\" content=\"image\/jpeg\" \/>\n<meta name=\"author\" content=\"hudo\" \/>\n<meta name=\"twitter:card\" content=\"summary_large_image\" \/>\n<meta name=\"twitter:creator\" content=\"@hudo_si\" \/>\n<meta name=\"twitter:site\" content=\"@hudo_si\" \/>\n<meta name=\"twitter:label1\" content=\"Written by\" \/>\n\t<meta name=\"twitter:data1\" content=\"hudo\" \/>\n\t<meta name=\"twitter:label2\" content=\"Est. reading time\" \/>\n\t<meta name=\"twitter:data2\" content=\"2 minuti\" \/>\n<script type=\"application\/ld+json\" class=\"yoast-schema-graph\">{\"@context\":\"https:\/\/schema.org\",\"@graph\":[{\"@type\":\"Article\",\"@id\":\"https:\/\/hudo.com\/si\/aktualno\/budimpesta-ponuja-svojo-vizijo-resitve-migrantske-krize-2\/#article\",\"isPartOf\":{\"@id\":\"https:\/\/hudo.com\/si\/aktualno\/budimpesta-ponuja-svojo-vizijo-resitve-migrantske-krize-2\/\"},\"author\":{\"name\":\"hudo\",\"@id\":\"https:\/\/hudo.com\/si\/#\/schema\/person\/601cf3379633985b20f7e50f2bb47707\"},\"headline\":\"Budimpe\u0161ta ponuja svojo vizijo re\u0161itve migrantske krize\",\"datePublished\":\"2016-04-16T14:30:00+00:00\",\"dateModified\":\"2016-04-17T11:21:43+00:00\",\"mainEntityOfPage\":{\"@id\":\"https:\/\/hudo.com\/si\/aktualno\/budimpesta-ponuja-svojo-vizijo-resitve-migrantske-krize-2\/\"},\"wordCount\":351,\"publisher\":{\"@id\":\"https:\/\/hudo.com\/si\/#organization\"},\"articleSection\":[\"Aktualno\"],\"inLanguage\":\"sl-SI\"},{\"@type\":\"WebPage\",\"@id\":\"https:\/\/hudo.com\/si\/aktualno\/budimpesta-ponuja-svojo-vizijo-resitve-migrantske-krize-2\/\",\"url\":\"https:\/\/hudo.com\/si\/aktualno\/budimpesta-ponuja-svojo-vizijo-resitve-migrantske-krize-2\/\",\"name\":\"Budimpe\u0161ta ponuja svojo vizijo re\u0161itve migrantske krize - Hudo Slovenija\",\"isPartOf\":{\"@id\":\"https:\/\/hudo.com\/si\/#website\"},\"datePublished\":\"2016-04-16T14:30:00+00:00\",\"dateModified\":\"2016-04-17T11:21:43+00:00\",\"breadcrumb\":{\"@id\":\"https:\/\/hudo.com\/si\/aktualno\/budimpesta-ponuja-svojo-vizijo-resitve-migrantske-krize-2\/#breadcrumb\"},\"inLanguage\":\"sl-SI\",\"potentialAction\":[{\"@type\":\"ReadAction\",\"target\":[\"https:\/\/hudo.com\/si\/aktualno\/budimpesta-ponuja-svojo-vizijo-resitve-migrantske-krize-2\/\"]}]},{\"@type\":\"BreadcrumbList\",\"@id\":\"https:\/\/hudo.com\/si\/aktualno\/budimpesta-ponuja-svojo-vizijo-resitve-migrantske-krize-2\/#breadcrumb\",\"itemListElement\":[{\"@type\":\"ListItem\",\"position\":1,\"name\":\"Home\",\"item\":\"https:\/\/hudo.com\/si\/\"},{\"@type\":\"ListItem\",\"position\":2,\"name\":\"Budimpe\u0161ta ponuja svojo vizijo re\u0161itve migrantske krize\"}]},{\"@type\":\"WebSite\",\"@id\":\"https:\/\/hudo.com\/si\/#website\",\"url\":\"https:\/\/hudo.com\/si\/\",\"name\":\"Hudo Slovenija\",\"description\":\"Vse novice iz Slovenije in sveta\",\"publisher\":{\"@id\":\"https:\/\/hudo.com\/si\/#organization\"},\"potentialAction\":[{\"@type\":\"SearchAction\",\"target\":{\"@type\":\"EntryPoint\",\"urlTemplate\":\"https:\/\/hudo.com\/si\/?s={search_term_string}\"},\"query-input\":\"required name=search_term_string\"}],\"inLanguage\":\"sl-SI\"},{\"@type\":\"Organization\",\"@id\":\"https:\/\/hudo.com\/si\/#organization\",\"name\":\"VSN Media\",\"url\":\"https:\/\/hudo.com\/si\/\",\"logo\":{\"@type\":\"ImageObject\",\"inLanguage\":\"sl-SI\",\"@id\":\"https:\/\/hudo.com\/si\/#\/schema\/logo\/image\/\",\"url\":\"https:\/\/hudo.com\/si\/wp-content\/uploads\/sites\/2\/2021\/03\/hudo-app-2.png\",\"contentUrl\":\"https:\/\/hudo.com\/si\/wp-content\/uploads\/sites\/2\/2021\/03\/hudo-app-2.png\",\"width\":2185,\"height\":2167,\"caption\":\"VSN Media\"},\"image\":{\"@id\":\"https:\/\/hudo.com\/si\/#\/schema\/logo\/image\/\"},\"sameAs\":[\"https:\/\/www.facebook.com\/hudo.si\",\"https:\/\/twitter.com\/hudo_si\"]},{\"@type\":\"Person\",\"@id\":\"https:\/\/hudo.com\/si\/#\/schema\/person\/601cf3379633985b20f7e50f2bb47707\",\"name\":\"hudo\",\"image\":{\"@type\":\"ImageObject\",\"inLanguage\":\"sl-SI\",\"@id\":\"https:\/\/hudo.com\/si\/#\/schema\/person\/image\/\",\"url\":\"https:\/\/secure.gravatar.com\/avatar\/c4ca25fa72cace7a696b52ff5db9e095?s=96&d=mm&r=g\",\"contentUrl\":\"https:\/\/secure.gravatar.com\/avatar\/c4ca25fa72cace7a696b52ff5db9e095?s=96&d=mm&r=g\",\"caption\":\"hudo\"},\"url\":\"https:\/\/hudo.com\/si\/author\/hudo\/\"}]}<\/script>\n<!-- \/ Yoast SEO plugin. -->","yoast_head_json":{"title":"Budimpe\u0161ta ponuja svojo vizijo re\u0161itve migrantske krize - Hudo Slovenija","robots":{"index":"index","follow":"follow","max-snippet":"max-snippet:-1","max-image-preview":"max-image-preview:large","max-video-preview":"max-video-preview:-1"},"canonical":"https:\/\/hudo.com\/si\/aktualno\/budimpesta-ponuja-svojo-vizijo-resitve-migrantske-krize-2\/","og_locale":"sl_SI","og_type":"article","og_title":"Budimpe\u0161ta ponuja svojo vizijo re\u0161itve migrantske krize - Hudo Slovenija","og_description":"Na\u010drt v desetih to\u010dkah med drugim zavra\u010da shemo o porazdelitvi 160.000 beguncev po dr\u017eavah \u010dlanicah EU, dogovorjeno septembra lani. Nasprotno predlaga vrsto ukrepov na prostovoljni ravni ter govori o \"schengnu 2.0\" s krepitvijo za\u0161\u010dite meja EU in re\u0161evanjem begunske krize ne v Evropi, ampak zunaj nje, poro\u010da francoska tiskovna agencija AFP. \"\u010ce neka dr\u017eava ni sposobna izpolniti svojih obveznosti, bi morala prositi za pomo\u010d ali druge dr\u017eave \u010dlanice ali pa Evropsko agencijo za varovanje meja Frontex,\" med drugim na svoji spletni strani poudarja mad\u017earska vlada, kar o\u010ditno leti na Gr\u010dijo. Orban je bil lani tar\u010da ostrih kritik zaradi svoje nepripravljenosti, da sprejme vsaj nek manj\u0161i dele\u017e beguncev, in odlo\u010ditve, da meje dr\u017eave za\u0161\u010diti z bode\u010do \u017eico, a s\u010dasoma je ta kritika, vsaj s strani vodilnih politikov drugih evropskih dr\u017eav, v veliki meri potihnila. Mad\u017earsko je sicer lani pre\u010dkalo okoli 400.000 migrantov in beguncev, preden je Orbanova vlada jeseni zgradila omenjeno ograjo. Poleg tega so na Mad\u017earskem takrat sprejeli stro\u017ejo zakonodajo, s katero sta nezakonito pre\u010dkanje meje in po\u0161kodovanje mejne ograje postala kaznivo dejanje z zagro\u017eeno zaporno kaznijo. Kakih 2200 ljudi je bilo doslej obsojenih po tej novi zakonodaji, v veliki ve\u010dini pa jih je kot kazen doletel izgon iz dr\u017eave. Februarja je Orban napovedal razpis referenduma o obveznih kvotah za relokacijo beguncev v EU in Bruslju o\u010dital, da nima nobene pravice spreminjati \"kulturne in verske identitete Evrope\". Referendum naj bi potekal v drugi polovici tega leta. Mad\u017earski premier naj bi se sicer v kratkem sre\u010dal z nekdanjim nem\u0161kim kanclerjem Helmutom Kohlom. Slednji je pred sre\u010danjem spisal kolumno, v kateri izra\u017ea zaskrbljenost zaradi velikega \u0161tevila ljudi, ki prihajajo v Evropo, in poudarja, da Evropa ne more biti dom milijonom beguncev. Opozarja celo, da sta morda na kocki mir in svoboda EU. Kot pi\u0161e v sestavku, ki bo iz\u0161el v nedeljski izdaji \u010dasnika Tagesspiegel, trenutna begunska politika EU ne bo zm","og_url":"https:\/\/hudo.com\/si\/aktualno\/budimpesta-ponuja-svojo-vizijo-resitve-migrantske-krize-2\/","og_site_name":"Hudo Slovenija","article_publisher":"https:\/\/www.facebook.com\/hudo.si","article_published_time":"2016-04-16T14:30:00+00:00","article_modified_time":"2016-04-17T11:21:43+00:00","og_image":[{"width":450,"height":308,"url":"https:\/\/hudo.com\/si\/wp-content\/uploads\/sites\/2\/2016\/04\/01443795F-300.jpg","type":"image\/jpeg"}],"author":"hudo","twitter_card":"summary_large_image","twitter_creator":"@hudo_si","twitter_site":"@hudo_si","twitter_misc":{"Written by":"hudo","Est. reading time":"2 minuti"},"schema":{"@context":"https:\/\/schema.org","@graph":[{"@type":"Article","@id":"https:\/\/hudo.com\/si\/aktualno\/budimpesta-ponuja-svojo-vizijo-resitve-migrantske-krize-2\/#article","isPartOf":{"@id":"https:\/\/hudo.com\/si\/aktualno\/budimpesta-ponuja-svojo-vizijo-resitve-migrantske-krize-2\/"},"author":{"name":"hudo","@id":"https:\/\/hudo.com\/si\/#\/schema\/person\/601cf3379633985b20f7e50f2bb47707"},"headline":"Budimpe\u0161ta ponuja svojo vizijo re\u0161itve migrantske krize","datePublished":"2016-04-16T14:30:00+00:00","dateModified":"2016-04-17T11:21:43+00:00","mainEntityOfPage":{"@id":"https:\/\/hudo.com\/si\/aktualno\/budimpesta-ponuja-svojo-vizijo-resitve-migrantske-krize-2\/"},"wordCount":351,"publisher":{"@id":"https:\/\/hudo.com\/si\/#organization"},"articleSection":["Aktualno"],"inLanguage":"sl-SI"},{"@type":"WebPage","@id":"https:\/\/hudo.com\/si\/aktualno\/budimpesta-ponuja-svojo-vizijo-resitve-migrantske-krize-2\/","url":"https:\/\/hudo.com\/si\/aktualno\/budimpesta-ponuja-svojo-vizijo-resitve-migrantske-krize-2\/","name":"Budimpe\u0161ta ponuja svojo vizijo re\u0161itve migrantske krize - Hudo Slovenija","isPartOf":{"@id":"https:\/\/hudo.com\/si\/#website"},"datePublished":"2016-04-16T14:30:00+00:00","dateModified":"2016-04-17T11:21:43+00:00","breadcrumb":{"@id":"https:\/\/hudo.com\/si\/aktualno\/budimpesta-ponuja-svojo-vizijo-resitve-migrantske-krize-2\/#breadcrumb"},"inLanguage":"sl-SI","potentialAction":[{"@type":"ReadAction","target":["https:\/\/hudo.com\/si\/aktualno\/budimpesta-ponuja-svojo-vizijo-resitve-migrantske-krize-2\/"]}]},{"@type":"BreadcrumbList","@id":"https:\/\/hudo.com\/si\/aktualno\/budimpesta-ponuja-svojo-vizijo-resitve-migrantske-krize-2\/#breadcrumb","itemListElement":[{"@type":"ListItem","position":1,"name":"Home","item":"https:\/\/hudo.com\/si\/"},{"@type":"ListItem","position":2,"name":"Budimpe\u0161ta ponuja svojo vizijo re\u0161itve migrantske krize"}]},{"@type":"WebSite","@id":"https:\/\/hudo.com\/si\/#website","url":"https:\/\/hudo.com\/si\/","name":"Hudo Slovenija","description":"Vse novice iz Slovenije in sveta","publisher":{"@id":"https:\/\/hudo.com\/si\/#organization"},"potentialAction":[{"@type":"SearchAction","target":{"@type":"EntryPoint","urlTemplate":"https:\/\/hudo.com\/si\/?s={search_term_string}"},"query-input":"required name=search_term_string"}],"inLanguage":"sl-SI"},{"@type":"Organization","@id":"https:\/\/hudo.com\/si\/#organization","name":"VSN Media","url":"https:\/\/hudo.com\/si\/","logo":{"@type":"ImageObject","inLanguage":"sl-SI","@id":"https:\/\/hudo.com\/si\/#\/schema\/logo\/image\/","url":"https:\/\/hudo.com\/si\/wp-content\/uploads\/sites\/2\/2021\/03\/hudo-app-2.png","contentUrl":"https:\/\/hudo.com\/si\/wp-content\/uploads\/sites\/2\/2021\/03\/hudo-app-2.png","width":2185,"height":2167,"caption":"VSN Media"},"image":{"@id":"https:\/\/hudo.com\/si\/#\/schema\/logo\/image\/"},"sameAs":["https:\/\/www.facebook.com\/hudo.si","https:\/\/twitter.com\/hudo_si"]},{"@type":"Person","@id":"https:\/\/hudo.com\/si\/#\/schema\/person\/601cf3379633985b20f7e50f2bb47707","name":"hudo","image":{"@type":"ImageObject","inLanguage":"sl-SI","@id":"https:\/\/hudo.com\/si\/#\/schema\/person\/image\/","url":"https:\/\/secure.gravatar.com\/avatar\/c4ca25fa72cace7a696b52ff5db9e095?s=96&d=mm&r=g","contentUrl":"https:\/\/secure.gravatar.com\/avatar\/c4ca25fa72cace7a696b52ff5db9e095?s=96&d=mm&r=g","caption":"hudo"},"url":"https:\/\/hudo.com\/si\/author\/hudo\/"}]}},"amp_enabled":true,"_links":{"self":[{"href":"https:\/\/hudo.com\/si\/wp-json\/wp\/v2\/posts\/31399"}],"collection":[{"href":"https:\/\/hudo.com\/si\/wp-json\/wp\/v2\/posts"}],"about":[{"href":"https:\/\/hudo.com\/si\/wp-json\/wp\/v2\/types\/post"}],"author":[{"embeddable":true,"href":"https:\/\/hudo.com\/si\/wp-json\/wp\/v2\/users\/1"}],"replies":[{"embeddable":true,"href":"https:\/\/hudo.com\/si\/wp-json\/wp\/v2\/comments?post=31399"}],"version-history":[{"count":1,"href":"https:\/\/hudo.com\/si\/wp-json\/wp\/v2\/posts\/31399\/revisions"}],"predecessor-version":[{"id":31441,"href":"https:\/\/hudo.com\/si\/wp-json\/wp\/v2\/posts\/31399\/revisions\/31441"}],"wp:attachment":[{"href":"https:\/\/hudo.com\/si\/wp-json\/wp\/v2\/media?parent=31399"}],"wp:term":[{"taxonomy":"category","embeddable":true,"href":"https:\/\/hudo.com\/si\/wp-json\/wp\/v2\/categories?post=31399"},{"taxonomy":"post_tag","embeddable":true,"href":"https:\/\/hudo.com\/si\/wp-json\/wp\/v2\/tags?post=31399"},{"taxonomy":"source","embeddable":true,"href":"https:\/\/hudo.com\/si\/wp-json\/wp\/v2\/source?post=31399"},{"taxonomy":"supertag","embeddable":true,"href":"https:\/\/hudo.com\/si\/wp-json\/wp\/v2\/supertag?post=31399"}],"curies":[{"name":"wp","href":"https:\/\/api.w.org\/{rel}","templated":true}]}}