{"id":314432,"date":"2017-10-25T18:00:00","date_gmt":"2017-10-25T16:00:00","guid":{"rendered":"http:\/\/hudo.com\/si\/2017\/10\/25\/manevrom-proti-kimu-se-je-pridruzila-tudi-japonska\/"},"modified":"2017-10-25T18:00:00","modified_gmt":"2017-10-25T16:00:00","slug":"manevrom-proti-kimu-se-je-pridruzila-tudi-japonska","status":"publish","type":"post","link":"https:\/\/hudo.com\/si\/aktualno\/manevrom-proti-kimu-se-je-pridruzila-tudi-japonska\/","title":{"rendered":"Manevrom proti Kimu se je pridru\u017eila tudi Japonska"},"content":{"rendered":"<p>Kategorija: Krize Wed, 25 Oct 2017 20:00:00 +0200  Severnokorejski re\u017eim je pred kratkim zaradi skupnih pomorskih manevrov ZDA in Ju\u017ene\u00ad Koreje opozoril Washington, da lahko \u00bbvsak trenutek \u00adizbruhne jedrska vojna\u00ab. Zdaj sta obe \u00addr\u017eavi, ZDA in Ju\u017ena Koreja,\u00ad skupaj z Japonsko izvedli \u0161e dodatne dvodnevne \u00admanevre, namenjene predvsem testiranju skupne protiraketne obrambe. Voja\u0161ke vaje v vodah Ju\u017ene Koreje in Japonske so bile po poro\u010danju tiskovnih agencij namenjene predvsem skupni obrambi pred morebitnim raketnim napadom, s katerim ves \u010das grozi severnokorejski diktator Kim D\u017eong Un. Po trditvah ju\u017enokorejskega armadnega vrha so bili manevri na\u010drtovani \u017ee lani, sodili pa naj bi v okvir rednih voja\u0161kih vaj, ki jih zavezni\u0161ke armade izvajajo na vsakih \u00adnekaj mesecev. Ameri\u0161ki predsednik Donald Trump, ki vsem opozorilom navkljub o\u010ditno vztraja pri maksimalno trdi in tudi z neposrednimi voja\u0161kimi gro\u017enjami podprti politiki do severnokorejskega \u00bbrocket mana\u00ab, bo po\u00a0&#8230;<\/p>\n","protected":false},"excerpt":{"rendered":"<p>Kategorija: Krize Wed, 25 Oct 2017 20:00:00 +0200  Severnokorejski re\u017eim je pred kratkim zaradi skupnih pomorskih manevrov ZDA in Ju\u017ene\u00ad Koreje opozoril Washington, da lahko \u00bbvsak trenutek \u00adizbruhne jedrska vojna\u00ab. Zdaj sta obe \u00addr\u017eavi, ZDA in Ju\u017ena Koreja,\u00ad skupaj z Japonsko izvedli \u0161e dodatne dvodnevne \u00admanevre, namenjene predvsem testiranju skupne protiraketne obrambe. Voja\u0161ke vaje v vodah Ju\u017ene Koreje in Japonske so bile po poro\u010danju tiskovnih agencij namenjene predvsem skupni obrambi pred morebitnim raketnim napadom, s katerim ves \u010das grozi severnokorejski diktator Kim D\u017eong Un. Po trditvah ju\u017enokorejskega armadnega vrha so bili manevri na\u010drtovani \u017ee lani, sodili pa naj bi v okvir rednih voja\u0161kih vaj, ki jih zavezni\u0161ke armade izvajajo na vsakih \u00adnekaj mesecev. Ameri\u0161ki predsednik Donald Trump, ki vsem opozorilom navkljub o\u010ditno vztraja pri maksimalno trdi in tudi z neposrednimi voja\u0161kimi gro\u017enjami podprti politiki do severnokorejskega \u00bbrocket mana\u00ab, bo po\u00a0&#8230;<\/p>\n","protected":false},"author":1,"featured_media":0,"comment_status":"closed","ping_status":"closed","sticky":false,"template":"","format":"standard","meta":{"footnotes":""},"categories":[1179],"tags":[],"source":[1703],"supertag":[],"acf":[],"yoast_head":"<!-- This site is optimized with the Yoast SEO plugin v21.3 - https:\/\/yoast.com\/wordpress\/plugins\/seo\/ -->\n<title>Manevrom proti Kimu se je pridru\u017eila tudi Japonska - Hudo Slovenija<\/title>\n<meta name=\"robots\" content=\"index, follow, max-snippet:-1, max-image-preview:large, max-video-preview:-1\" \/>\n<link rel=\"canonical\" href=\"https:\/\/hudo.com\/si\/aktualno\/manevrom-proti-kimu-se-je-pridruzila-tudi-japonska\/\" \/>\n<meta property=\"og:locale\" content=\"sl_SI\" \/>\n<meta property=\"og:type\" content=\"article\" \/>\n<meta property=\"og:title\" content=\"Manevrom proti Kimu se je pridru\u017eila tudi Japonska - Hudo Slovenija\" \/>\n<meta property=\"og:description\" content=\"Kategorija: Krize Wed, 25 Oct 2017 20:00:00 +0200 Severnokorejski re\u017eim je pred kratkim zaradi skupnih pomorskih manevrov ZDA in Ju\u017ene\u00ad Koreje opozoril Washington, da lahko \u00bbvsak trenutek \u00adizbruhne jedrska vojna\u00ab. Zdaj sta obe \u00addr\u017eavi, ZDA in Ju\u017ena Koreja,\u00ad skupaj z Japonsko izvedli \u0161e dodatne dvodnevne \u00admanevre, namenjene predvsem testiranju skupne protiraketne obrambe. Voja\u0161ke vaje v vodah Ju\u017ene Koreje in Japonske so bile po poro\u010danju tiskovnih agencij namenjene predvsem skupni obrambi pred morebitnim raketnim napadom, s katerim ves \u010das grozi severnokorejski diktator Kim D\u017eong Un. Po trditvah ju\u017enokorejskega armadnega vrha so bili manevri na\u010drtovani \u017ee lani, sodili pa naj bi v okvir rednih voja\u0161kih vaj, ki jih zavezni\u0161ke armade izvajajo na vsakih \u00adnekaj mesecev. Ameri\u0161ki predsednik Donald Trump, ki vsem opozorilom navkljub o\u010ditno vztraja pri maksimalno trdi in tudi z neposrednimi voja\u0161kimi gro\u017enjami podprti politiki do severnokorejskega \u00bbrocket mana\u00ab, bo po\u00a0...\" \/>\n<meta property=\"og:url\" content=\"https:\/\/hudo.com\/si\/aktualno\/manevrom-proti-kimu-se-je-pridruzila-tudi-japonska\/\" \/>\n<meta property=\"og:site_name\" content=\"Hudo Slovenija\" \/>\n<meta property=\"article:publisher\" content=\"https:\/\/www.facebook.com\/hudo.si\" \/>\n<meta property=\"article:published_time\" content=\"2017-10-25T16:00:00+00:00\" \/>\n<meta property=\"og:image\" content=\"https:\/\/hudo.com\/si\/wp-content\/uploads\/sites\/2\/2017\/10\/480x290_Zunanja__AP_Pictures_201710.12_hires0.jpeg\" \/>\n\t<meta property=\"og:image:width\" content=\"480\" \/>\n\t<meta property=\"og:image:height\" content=\"290\" \/>\n\t<meta property=\"og:image:type\" content=\"image\/jpeg\" \/>\n<meta name=\"author\" content=\"hudo\" \/>\n<meta name=\"twitter:card\" content=\"summary_large_image\" \/>\n<meta name=\"twitter:creator\" content=\"@hudo_si\" \/>\n<meta name=\"twitter:site\" content=\"@hudo_si\" \/>\n<meta name=\"twitter:label1\" content=\"Written by\" \/>\n\t<meta name=\"twitter:data1\" content=\"hudo\" \/>\n\t<meta name=\"twitter:label2\" content=\"Est. reading time\" \/>\n\t<meta name=\"twitter:data2\" content=\"1 minuta\" \/>\n<script type=\"application\/ld+json\" class=\"yoast-schema-graph\">{\"@context\":\"https:\/\/schema.org\",\"@graph\":[{\"@type\":\"Article\",\"@id\":\"https:\/\/hudo.com\/si\/aktualno\/manevrom-proti-kimu-se-je-pridruzila-tudi-japonska\/#article\",\"isPartOf\":{\"@id\":\"https:\/\/hudo.com\/si\/aktualno\/manevrom-proti-kimu-se-je-pridruzila-tudi-japonska\/\"},\"author\":{\"name\":\"hudo\",\"@id\":\"https:\/\/hudo.com\/si\/#\/schema\/person\/601cf3379633985b20f7e50f2bb47707\"},\"headline\":\"Manevrom proti Kimu se je pridru\u017eila tudi Japonska\",\"datePublished\":\"2017-10-25T16:00:00+00:00\",\"dateModified\":\"2017-10-25T16:00:00+00:00\",\"mainEntityOfPage\":{\"@id\":\"https:\/\/hudo.com\/si\/aktualno\/manevrom-proti-kimu-se-je-pridruzila-tudi-japonska\/\"},\"wordCount\":161,\"publisher\":{\"@id\":\"https:\/\/hudo.com\/si\/#organization\"},\"articleSection\":[\"Aktualno\"],\"inLanguage\":\"sl-SI\"},{\"@type\":\"WebPage\",\"@id\":\"https:\/\/hudo.com\/si\/aktualno\/manevrom-proti-kimu-se-je-pridruzila-tudi-japonska\/\",\"url\":\"https:\/\/hudo.com\/si\/aktualno\/manevrom-proti-kimu-se-je-pridruzila-tudi-japonska\/\",\"name\":\"Manevrom proti Kimu se je pridru\u017eila tudi Japonska - Hudo Slovenija\",\"isPartOf\":{\"@id\":\"https:\/\/hudo.com\/si\/#website\"},\"datePublished\":\"2017-10-25T16:00:00+00:00\",\"dateModified\":\"2017-10-25T16:00:00+00:00\",\"breadcrumb\":{\"@id\":\"https:\/\/hudo.com\/si\/aktualno\/manevrom-proti-kimu-se-je-pridruzila-tudi-japonska\/#breadcrumb\"},\"inLanguage\":\"sl-SI\",\"potentialAction\":[{\"@type\":\"ReadAction\",\"target\":[\"https:\/\/hudo.com\/si\/aktualno\/manevrom-proti-kimu-se-je-pridruzila-tudi-japonska\/\"]}]},{\"@type\":\"BreadcrumbList\",\"@id\":\"https:\/\/hudo.com\/si\/aktualno\/manevrom-proti-kimu-se-je-pridruzila-tudi-japonska\/#breadcrumb\",\"itemListElement\":[{\"@type\":\"ListItem\",\"position\":1,\"name\":\"Home\",\"item\":\"https:\/\/hudo.com\/si\/\"},{\"@type\":\"ListItem\",\"position\":2,\"name\":\"Manevrom proti Kimu se je pridru\u017eila tudi Japonska\"}]},{\"@type\":\"WebSite\",\"@id\":\"https:\/\/hudo.com\/si\/#website\",\"url\":\"https:\/\/hudo.com\/si\/\",\"name\":\"Hudo Slovenija\",\"description\":\"Vse novice iz Slovenije in sveta\",\"publisher\":{\"@id\":\"https:\/\/hudo.com\/si\/#organization\"},\"potentialAction\":[{\"@type\":\"SearchAction\",\"target\":{\"@type\":\"EntryPoint\",\"urlTemplate\":\"https:\/\/hudo.com\/si\/?s={search_term_string}\"},\"query-input\":\"required name=search_term_string\"}],\"inLanguage\":\"sl-SI\"},{\"@type\":\"Organization\",\"@id\":\"https:\/\/hudo.com\/si\/#organization\",\"name\":\"VSN Media\",\"url\":\"https:\/\/hudo.com\/si\/\",\"logo\":{\"@type\":\"ImageObject\",\"inLanguage\":\"sl-SI\",\"@id\":\"https:\/\/hudo.com\/si\/#\/schema\/logo\/image\/\",\"url\":\"https:\/\/hudo.com\/si\/wp-content\/uploads\/sites\/2\/2021\/03\/hudo-app-2.png\",\"contentUrl\":\"https:\/\/hudo.com\/si\/wp-content\/uploads\/sites\/2\/2021\/03\/hudo-app-2.png\",\"width\":2185,\"height\":2167,\"caption\":\"VSN Media\"},\"image\":{\"@id\":\"https:\/\/hudo.com\/si\/#\/schema\/logo\/image\/\"},\"sameAs\":[\"https:\/\/www.facebook.com\/hudo.si\",\"https:\/\/twitter.com\/hudo_si\"]},{\"@type\":\"Person\",\"@id\":\"https:\/\/hudo.com\/si\/#\/schema\/person\/601cf3379633985b20f7e50f2bb47707\",\"name\":\"hudo\",\"image\":{\"@type\":\"ImageObject\",\"inLanguage\":\"sl-SI\",\"@id\":\"https:\/\/hudo.com\/si\/#\/schema\/person\/image\/\",\"url\":\"https:\/\/secure.gravatar.com\/avatar\/c4ca25fa72cace7a696b52ff5db9e095?s=96&d=mm&r=g\",\"contentUrl\":\"https:\/\/secure.gravatar.com\/avatar\/c4ca25fa72cace7a696b52ff5db9e095?s=96&d=mm&r=g\",\"caption\":\"hudo\"},\"url\":\"https:\/\/hudo.com\/si\/author\/hudo\/\"}]}<\/script>\n<!-- \/ Yoast SEO plugin. -->","yoast_head_json":{"title":"Manevrom proti Kimu se je pridru\u017eila tudi Japonska - Hudo Slovenija","robots":{"index":"index","follow":"follow","max-snippet":"max-snippet:-1","max-image-preview":"max-image-preview:large","max-video-preview":"max-video-preview:-1"},"canonical":"https:\/\/hudo.com\/si\/aktualno\/manevrom-proti-kimu-se-je-pridruzila-tudi-japonska\/","og_locale":"sl_SI","og_type":"article","og_title":"Manevrom proti Kimu se je pridru\u017eila tudi Japonska - Hudo Slovenija","og_description":"Kategorija: Krize Wed, 25 Oct 2017 20:00:00 +0200 Severnokorejski re\u017eim je pred kratkim zaradi skupnih pomorskih manevrov ZDA in Ju\u017ene\u00ad Koreje opozoril Washington, da lahko \u00bbvsak trenutek \u00adizbruhne jedrska vojna\u00ab. Zdaj sta obe \u00addr\u017eavi, ZDA in Ju\u017ena Koreja,\u00ad skupaj z Japonsko izvedli \u0161e dodatne dvodnevne \u00admanevre, namenjene predvsem testiranju skupne protiraketne obrambe. Voja\u0161ke vaje v vodah Ju\u017ene Koreje in Japonske so bile po poro\u010danju tiskovnih agencij namenjene predvsem skupni obrambi pred morebitnim raketnim napadom, s katerim ves \u010das grozi severnokorejski diktator Kim D\u017eong Un. Po trditvah ju\u017enokorejskega armadnega vrha so bili manevri na\u010drtovani \u017ee lani, sodili pa naj bi v okvir rednih voja\u0161kih vaj, ki jih zavezni\u0161ke armade izvajajo na vsakih \u00adnekaj mesecev. Ameri\u0161ki predsednik Donald Trump, ki vsem opozorilom navkljub o\u010ditno vztraja pri maksimalno trdi in tudi z neposrednimi voja\u0161kimi gro\u017enjami podprti politiki do severnokorejskega \u00bbrocket mana\u00ab, bo po\u00a0...","og_url":"https:\/\/hudo.com\/si\/aktualno\/manevrom-proti-kimu-se-je-pridruzila-tudi-japonska\/","og_site_name":"Hudo Slovenija","article_publisher":"https:\/\/www.facebook.com\/hudo.si","article_published_time":"2017-10-25T16:00:00+00:00","og_image":[{"width":480,"height":290,"url":"https:\/\/hudo.com\/si\/wp-content\/uploads\/sites\/2\/2017\/10\/480x290_Zunanja__AP_Pictures_201710.12_hires0.jpeg","type":"image\/jpeg"}],"author":"hudo","twitter_card":"summary_large_image","twitter_creator":"@hudo_si","twitter_site":"@hudo_si","twitter_misc":{"Written by":"hudo","Est. reading time":"1 minuta"},"schema":{"@context":"https:\/\/schema.org","@graph":[{"@type":"Article","@id":"https:\/\/hudo.com\/si\/aktualno\/manevrom-proti-kimu-se-je-pridruzila-tudi-japonska\/#article","isPartOf":{"@id":"https:\/\/hudo.com\/si\/aktualno\/manevrom-proti-kimu-se-je-pridruzila-tudi-japonska\/"},"author":{"name":"hudo","@id":"https:\/\/hudo.com\/si\/#\/schema\/person\/601cf3379633985b20f7e50f2bb47707"},"headline":"Manevrom proti Kimu se je pridru\u017eila tudi Japonska","datePublished":"2017-10-25T16:00:00+00:00","dateModified":"2017-10-25T16:00:00+00:00","mainEntityOfPage":{"@id":"https:\/\/hudo.com\/si\/aktualno\/manevrom-proti-kimu-se-je-pridruzila-tudi-japonska\/"},"wordCount":161,"publisher":{"@id":"https:\/\/hudo.com\/si\/#organization"},"articleSection":["Aktualno"],"inLanguage":"sl-SI"},{"@type":"WebPage","@id":"https:\/\/hudo.com\/si\/aktualno\/manevrom-proti-kimu-se-je-pridruzila-tudi-japonska\/","url":"https:\/\/hudo.com\/si\/aktualno\/manevrom-proti-kimu-se-je-pridruzila-tudi-japonska\/","name":"Manevrom proti Kimu se je pridru\u017eila tudi Japonska - Hudo Slovenija","isPartOf":{"@id":"https:\/\/hudo.com\/si\/#website"},"datePublished":"2017-10-25T16:00:00+00:00","dateModified":"2017-10-25T16:00:00+00:00","breadcrumb":{"@id":"https:\/\/hudo.com\/si\/aktualno\/manevrom-proti-kimu-se-je-pridruzila-tudi-japonska\/#breadcrumb"},"inLanguage":"sl-SI","potentialAction":[{"@type":"ReadAction","target":["https:\/\/hudo.com\/si\/aktualno\/manevrom-proti-kimu-se-je-pridruzila-tudi-japonska\/"]}]},{"@type":"BreadcrumbList","@id":"https:\/\/hudo.com\/si\/aktualno\/manevrom-proti-kimu-se-je-pridruzila-tudi-japonska\/#breadcrumb","itemListElement":[{"@type":"ListItem","position":1,"name":"Home","item":"https:\/\/hudo.com\/si\/"},{"@type":"ListItem","position":2,"name":"Manevrom proti Kimu se je pridru\u017eila tudi Japonska"}]},{"@type":"WebSite","@id":"https:\/\/hudo.com\/si\/#website","url":"https:\/\/hudo.com\/si\/","name":"Hudo Slovenija","description":"Vse novice iz Slovenije in sveta","publisher":{"@id":"https:\/\/hudo.com\/si\/#organization"},"potentialAction":[{"@type":"SearchAction","target":{"@type":"EntryPoint","urlTemplate":"https:\/\/hudo.com\/si\/?s={search_term_string}"},"query-input":"required name=search_term_string"}],"inLanguage":"sl-SI"},{"@type":"Organization","@id":"https:\/\/hudo.com\/si\/#organization","name":"VSN Media","url":"https:\/\/hudo.com\/si\/","logo":{"@type":"ImageObject","inLanguage":"sl-SI","@id":"https:\/\/hudo.com\/si\/#\/schema\/logo\/image\/","url":"https:\/\/hudo.com\/si\/wp-content\/uploads\/sites\/2\/2021\/03\/hudo-app-2.png","contentUrl":"https:\/\/hudo.com\/si\/wp-content\/uploads\/sites\/2\/2021\/03\/hudo-app-2.png","width":2185,"height":2167,"caption":"VSN Media"},"image":{"@id":"https:\/\/hudo.com\/si\/#\/schema\/logo\/image\/"},"sameAs":["https:\/\/www.facebook.com\/hudo.si","https:\/\/twitter.com\/hudo_si"]},{"@type":"Person","@id":"https:\/\/hudo.com\/si\/#\/schema\/person\/601cf3379633985b20f7e50f2bb47707","name":"hudo","image":{"@type":"ImageObject","inLanguage":"sl-SI","@id":"https:\/\/hudo.com\/si\/#\/schema\/person\/image\/","url":"https:\/\/secure.gravatar.com\/avatar\/c4ca25fa72cace7a696b52ff5db9e095?s=96&d=mm&r=g","contentUrl":"https:\/\/secure.gravatar.com\/avatar\/c4ca25fa72cace7a696b52ff5db9e095?s=96&d=mm&r=g","caption":"hudo"},"url":"https:\/\/hudo.com\/si\/author\/hudo\/"}]}},"amp_enabled":true,"_links":{"self":[{"href":"https:\/\/hudo.com\/si\/wp-json\/wp\/v2\/posts\/314432"}],"collection":[{"href":"https:\/\/hudo.com\/si\/wp-json\/wp\/v2\/posts"}],"about":[{"href":"https:\/\/hudo.com\/si\/wp-json\/wp\/v2\/types\/post"}],"author":[{"embeddable":true,"href":"https:\/\/hudo.com\/si\/wp-json\/wp\/v2\/users\/1"}],"replies":[{"embeddable":true,"href":"https:\/\/hudo.com\/si\/wp-json\/wp\/v2\/comments?post=314432"}],"version-history":[{"count":0,"href":"https:\/\/hudo.com\/si\/wp-json\/wp\/v2\/posts\/314432\/revisions"}],"wp:attachment":[{"href":"https:\/\/hudo.com\/si\/wp-json\/wp\/v2\/media?parent=314432"}],"wp:term":[{"taxonomy":"category","embeddable":true,"href":"https:\/\/hudo.com\/si\/wp-json\/wp\/v2\/categories?post=314432"},{"taxonomy":"post_tag","embeddable":true,"href":"https:\/\/hudo.com\/si\/wp-json\/wp\/v2\/tags?post=314432"},{"taxonomy":"source","embeddable":true,"href":"https:\/\/hudo.com\/si\/wp-json\/wp\/v2\/source?post=314432"},{"taxonomy":"supertag","embeddable":true,"href":"https:\/\/hudo.com\/si\/wp-json\/wp\/v2\/supertag?post=314432"}],"curies":[{"name":"wp","href":"https:\/\/api.w.org\/{rel}","templated":true}]}}