{"id":314794,"date":"2017-10-26T17:40:00","date_gmt":"2017-10-26T15:40:00","guid":{"rendered":"http:\/\/hudo.com\/si\/2017\/10\/26\/minister-levici-mercator-ni-naprodaj\/"},"modified":"2017-10-26T17:40:00","modified_gmt":"2017-10-26T15:40:00","slug":"minister-levici-mercator-ni-naprodaj","status":"publish","type":"post","link":"https:\/\/hudo.com\/si\/aktualno\/minister-levici-mercator-ni-naprodaj\/","title":{"rendered":"Minister Levici: Mercator ni naprodaj"},"content":{"rendered":"<p>Kategorija: Podjetja Thu, 26 Oct 2017 19:40:00 +0200  Parlamentarni odbor za finance bo protikorupcijski komisiji in dr\u017eavnemu to\u017eilstvu nalo\u017eil, naj razi\u0161\u010deta morebitna kazniva dejanja pri prodaji Mercatorja Agrokorju. To je edini sklep, ki ga je na dana\u0161nji seji, kjer naj bi poslanci razpravljali o mo\u017enosti dr\u017eavnega odkupa Mercatorja, sprejel odbor za finance. Spomnimo, Levica je predlagala, naj SDH pripravi na\u010drt za odkup Mercatorja in njegovo sanacijo. Gospodarski minister Zdravko Po\u010dival\u0161ek je odvrnil, da je vlada za za\u0161\u010dito Mercatorja \u017ee ukrepala in \u0161e ukrepa, o nadaljnjih mo\u017enih ukrepih pa ne \u017eeli govoriti javno.\u00bbMercator trenutno ni naprodaj,\u00ab je poudaril Po\u010dival\u0161ek, ki je v stalnem stiku z izrednim poobla\u0161\u010dencem hrva\u0161ke vlade za Agrokor Antejem Ramljakom in najve\u010djimi upniki Agrokorja. Pri tem je spomnil, da Mercatorja leta 2014 Agrokorju ni prodala slovenska vlada. Prodajo pa je ozna\u010dil za \u00bbnepremi\u0161ljeno\u00ab, ker je\u00a0&#8230;<\/p>\n","protected":false},"excerpt":{"rendered":"<p>Kategorija: Podjetja Thu, 26 Oct 2017 19:40:00 +0200  Parlamentarni odbor za finance bo protikorupcijski komisiji in dr\u017eavnemu to\u017eilstvu nalo\u017eil, naj razi\u0161\u010deta morebitna kazniva dejanja pri prodaji Mercatorja Agrokorju. To je edini sklep, ki ga je na dana\u0161nji seji, kjer naj bi poslanci razpravljali o mo\u017enosti dr\u017eavnega odkupa Mercatorja, sprejel odbor za finance. Spomnimo, Levica je predlagala, naj SDH pripravi na\u010drt za odkup Mercatorja in njegovo sanacijo. Gospodarski minister Zdravko Po\u010dival\u0161ek je odvrnil, da je vlada za za\u0161\u010dito Mercatorja \u017ee ukrepala in \u0161e ukrepa, o nadaljnjih mo\u017enih ukrepih pa ne \u017eeli govoriti javno.\u00bbMercator trenutno ni naprodaj,\u00ab je poudaril Po\u010dival\u0161ek, ki je v stalnem stiku z izrednim poobla\u0161\u010dencem hrva\u0161ke vlade za Agrokor Antejem Ramljakom in najve\u010djimi upniki Agrokorja. Pri tem je spomnil, da Mercatorja leta 2014 Agrokorju ni prodala slovenska vlada. Prodajo pa je ozna\u010dil za \u00bbnepremi\u0161ljeno\u00ab, ker je\u00a0&#8230;<\/p>\n","protected":false},"author":1,"featured_media":0,"comment_status":"closed","ping_status":"closed","sticky":false,"template":"","format":"standard","meta":{"footnotes":""},"categories":[1179],"tags":[],"source":[1703],"supertag":[],"acf":[],"yoast_head":"<!-- This site is optimized with the Yoast SEO plugin v21.3 - https:\/\/yoast.com\/wordpress\/plugins\/seo\/ -->\n<title>Minister Levici: Mercator ni naprodaj - Hudo Slovenija<\/title>\n<meta name=\"robots\" content=\"index, follow, max-snippet:-1, max-image-preview:large, max-video-preview:-1\" \/>\n<link rel=\"canonical\" href=\"https:\/\/hudo.com\/si\/aktualno\/minister-levici-mercator-ni-naprodaj\/\" \/>\n<meta property=\"og:locale\" content=\"sl_SI\" \/>\n<meta property=\"og:type\" content=\"article\" \/>\n<meta property=\"og:title\" content=\"Minister Levici: Mercator ni naprodaj - Hudo Slovenija\" \/>\n<meta property=\"og:description\" content=\"Kategorija: Podjetja Thu, 26 Oct 2017 19:40:00 +0200 Parlamentarni odbor za finance bo protikorupcijski komisiji in dr\u017eavnemu to\u017eilstvu nalo\u017eil, naj razi\u0161\u010deta morebitna kazniva dejanja pri prodaji Mercatorja Agrokorju. To je edini sklep, ki ga je na dana\u0161nji seji, kjer naj bi poslanci razpravljali o mo\u017enosti dr\u017eavnega odkupa Mercatorja, sprejel odbor za finance. Spomnimo, Levica je predlagala, naj SDH pripravi na\u010drt za odkup Mercatorja in njegovo sanacijo. Gospodarski minister Zdravko Po\u010dival\u0161ek je odvrnil, da je vlada za za\u0161\u010dito Mercatorja \u017ee ukrepala in \u0161e ukrepa, o nadaljnjih mo\u017enih ukrepih pa ne \u017eeli govoriti javno.\u00bbMercator trenutno ni naprodaj,\u00ab je poudaril Po\u010dival\u0161ek, ki je v stalnem stiku z izrednim poobla\u0161\u010dencem hrva\u0161ke vlade za Agrokor Antejem Ramljakom in najve\u010djimi upniki Agrokorja. Pri tem je spomnil, da Mercatorja leta 2014 Agrokorju ni prodala slovenska vlada. Prodajo pa je ozna\u010dil za \u00bbnepremi\u0161ljeno\u00ab, ker je\u00a0...\" \/>\n<meta property=\"og:url\" content=\"https:\/\/hudo.com\/si\/aktualno\/minister-levici-mercator-ni-naprodaj\/\" \/>\n<meta property=\"og:site_name\" content=\"Hudo Slovenija\" \/>\n<meta property=\"article:publisher\" content=\"https:\/\/www.facebook.com\/hudo.si\" \/>\n<meta property=\"article:published_time\" content=\"2017-10-26T15:40:00+00:00\" \/>\n<meta property=\"og:image\" content=\"https:\/\/hudo.com\/si\/wp-content\/uploads\/sites\/2\/2017\/10\/480x290_3_stran__Delo_Foto_20140626.3_hires0.jpeg\" \/>\n\t<meta property=\"og:image:width\" content=\"480\" \/>\n\t<meta property=\"og:image:height\" content=\"290\" \/>\n\t<meta property=\"og:image:type\" content=\"image\/jpeg\" \/>\n<meta name=\"author\" content=\"hudo\" \/>\n<meta name=\"twitter:card\" content=\"summary_large_image\" \/>\n<meta name=\"twitter:creator\" content=\"@hudo_si\" \/>\n<meta name=\"twitter:site\" content=\"@hudo_si\" \/>\n<meta name=\"twitter:label1\" content=\"Written by\" \/>\n\t<meta name=\"twitter:data1\" content=\"hudo\" \/>\n\t<meta name=\"twitter:label2\" content=\"Est. reading time\" \/>\n\t<meta name=\"twitter:data2\" content=\"1 minuta\" \/>\n<script type=\"application\/ld+json\" class=\"yoast-schema-graph\">{\"@context\":\"https:\/\/schema.org\",\"@graph\":[{\"@type\":\"Article\",\"@id\":\"https:\/\/hudo.com\/si\/aktualno\/minister-levici-mercator-ni-naprodaj\/#article\",\"isPartOf\":{\"@id\":\"https:\/\/hudo.com\/si\/aktualno\/minister-levici-mercator-ni-naprodaj\/\"},\"author\":{\"name\":\"hudo\",\"@id\":\"https:\/\/hudo.com\/si\/#\/schema\/person\/601cf3379633985b20f7e50f2bb47707\"},\"headline\":\"Minister Levici: Mercator ni naprodaj\",\"datePublished\":\"2017-10-26T15:40:00+00:00\",\"dateModified\":\"2017-10-26T15:40:00+00:00\",\"mainEntityOfPage\":{\"@id\":\"https:\/\/hudo.com\/si\/aktualno\/minister-levici-mercator-ni-naprodaj\/\"},\"wordCount\":157,\"publisher\":{\"@id\":\"https:\/\/hudo.com\/si\/#organization\"},\"articleSection\":[\"Aktualno\"],\"inLanguage\":\"sl-SI\"},{\"@type\":\"WebPage\",\"@id\":\"https:\/\/hudo.com\/si\/aktualno\/minister-levici-mercator-ni-naprodaj\/\",\"url\":\"https:\/\/hudo.com\/si\/aktualno\/minister-levici-mercator-ni-naprodaj\/\",\"name\":\"Minister Levici: Mercator ni naprodaj - Hudo Slovenija\",\"isPartOf\":{\"@id\":\"https:\/\/hudo.com\/si\/#website\"},\"datePublished\":\"2017-10-26T15:40:00+00:00\",\"dateModified\":\"2017-10-26T15:40:00+00:00\",\"breadcrumb\":{\"@id\":\"https:\/\/hudo.com\/si\/aktualno\/minister-levici-mercator-ni-naprodaj\/#breadcrumb\"},\"inLanguage\":\"sl-SI\",\"potentialAction\":[{\"@type\":\"ReadAction\",\"target\":[\"https:\/\/hudo.com\/si\/aktualno\/minister-levici-mercator-ni-naprodaj\/\"]}]},{\"@type\":\"BreadcrumbList\",\"@id\":\"https:\/\/hudo.com\/si\/aktualno\/minister-levici-mercator-ni-naprodaj\/#breadcrumb\",\"itemListElement\":[{\"@type\":\"ListItem\",\"position\":1,\"name\":\"Home\",\"item\":\"https:\/\/hudo.com\/si\/\"},{\"@type\":\"ListItem\",\"position\":2,\"name\":\"Minister Levici: Mercator ni naprodaj\"}]},{\"@type\":\"WebSite\",\"@id\":\"https:\/\/hudo.com\/si\/#website\",\"url\":\"https:\/\/hudo.com\/si\/\",\"name\":\"Hudo Slovenija\",\"description\":\"Vse novice iz Slovenije in sveta\",\"publisher\":{\"@id\":\"https:\/\/hudo.com\/si\/#organization\"},\"potentialAction\":[{\"@type\":\"SearchAction\",\"target\":{\"@type\":\"EntryPoint\",\"urlTemplate\":\"https:\/\/hudo.com\/si\/?s={search_term_string}\"},\"query-input\":\"required name=search_term_string\"}],\"inLanguage\":\"sl-SI\"},{\"@type\":\"Organization\",\"@id\":\"https:\/\/hudo.com\/si\/#organization\",\"name\":\"VSN Media\",\"url\":\"https:\/\/hudo.com\/si\/\",\"logo\":{\"@type\":\"ImageObject\",\"inLanguage\":\"sl-SI\",\"@id\":\"https:\/\/hudo.com\/si\/#\/schema\/logo\/image\/\",\"url\":\"https:\/\/hudo.com\/si\/wp-content\/uploads\/sites\/2\/2021\/03\/hudo-app-2.png\",\"contentUrl\":\"https:\/\/hudo.com\/si\/wp-content\/uploads\/sites\/2\/2021\/03\/hudo-app-2.png\",\"width\":2185,\"height\":2167,\"caption\":\"VSN Media\"},\"image\":{\"@id\":\"https:\/\/hudo.com\/si\/#\/schema\/logo\/image\/\"},\"sameAs\":[\"https:\/\/www.facebook.com\/hudo.si\",\"https:\/\/twitter.com\/hudo_si\"]},{\"@type\":\"Person\",\"@id\":\"https:\/\/hudo.com\/si\/#\/schema\/person\/601cf3379633985b20f7e50f2bb47707\",\"name\":\"hudo\",\"image\":{\"@type\":\"ImageObject\",\"inLanguage\":\"sl-SI\",\"@id\":\"https:\/\/hudo.com\/si\/#\/schema\/person\/image\/\",\"url\":\"https:\/\/secure.gravatar.com\/avatar\/c4ca25fa72cace7a696b52ff5db9e095?s=96&d=mm&r=g\",\"contentUrl\":\"https:\/\/secure.gravatar.com\/avatar\/c4ca25fa72cace7a696b52ff5db9e095?s=96&d=mm&r=g\",\"caption\":\"hudo\"},\"url\":\"https:\/\/hudo.com\/si\/author\/hudo\/\"}]}<\/script>\n<!-- \/ Yoast SEO plugin. -->","yoast_head_json":{"title":"Minister Levici: Mercator ni naprodaj - Hudo Slovenija","robots":{"index":"index","follow":"follow","max-snippet":"max-snippet:-1","max-image-preview":"max-image-preview:large","max-video-preview":"max-video-preview:-1"},"canonical":"https:\/\/hudo.com\/si\/aktualno\/minister-levici-mercator-ni-naprodaj\/","og_locale":"sl_SI","og_type":"article","og_title":"Minister Levici: Mercator ni naprodaj - Hudo Slovenija","og_description":"Kategorija: Podjetja Thu, 26 Oct 2017 19:40:00 +0200 Parlamentarni odbor za finance bo protikorupcijski komisiji in dr\u017eavnemu to\u017eilstvu nalo\u017eil, naj razi\u0161\u010deta morebitna kazniva dejanja pri prodaji Mercatorja Agrokorju. To je edini sklep, ki ga je na dana\u0161nji seji, kjer naj bi poslanci razpravljali o mo\u017enosti dr\u017eavnega odkupa Mercatorja, sprejel odbor za finance. Spomnimo, Levica je predlagala, naj SDH pripravi na\u010drt za odkup Mercatorja in njegovo sanacijo. Gospodarski minister Zdravko Po\u010dival\u0161ek je odvrnil, da je vlada za za\u0161\u010dito Mercatorja \u017ee ukrepala in \u0161e ukrepa, o nadaljnjih mo\u017enih ukrepih pa ne \u017eeli govoriti javno.\u00bbMercator trenutno ni naprodaj,\u00ab je poudaril Po\u010dival\u0161ek, ki je v stalnem stiku z izrednim poobla\u0161\u010dencem hrva\u0161ke vlade za Agrokor Antejem Ramljakom in najve\u010djimi upniki Agrokorja. Pri tem je spomnil, da Mercatorja leta 2014 Agrokorju ni prodala slovenska vlada. Prodajo pa je ozna\u010dil za \u00bbnepremi\u0161ljeno\u00ab, ker je\u00a0...","og_url":"https:\/\/hudo.com\/si\/aktualno\/minister-levici-mercator-ni-naprodaj\/","og_site_name":"Hudo Slovenija","article_publisher":"https:\/\/www.facebook.com\/hudo.si","article_published_time":"2017-10-26T15:40:00+00:00","og_image":[{"width":480,"height":290,"url":"https:\/\/hudo.com\/si\/wp-content\/uploads\/sites\/2\/2017\/10\/480x290_3_stran__Delo_Foto_20140626.3_hires0.jpeg","type":"image\/jpeg"}],"author":"hudo","twitter_card":"summary_large_image","twitter_creator":"@hudo_si","twitter_site":"@hudo_si","twitter_misc":{"Written by":"hudo","Est. reading time":"1 minuta"},"schema":{"@context":"https:\/\/schema.org","@graph":[{"@type":"Article","@id":"https:\/\/hudo.com\/si\/aktualno\/minister-levici-mercator-ni-naprodaj\/#article","isPartOf":{"@id":"https:\/\/hudo.com\/si\/aktualno\/minister-levici-mercator-ni-naprodaj\/"},"author":{"name":"hudo","@id":"https:\/\/hudo.com\/si\/#\/schema\/person\/601cf3379633985b20f7e50f2bb47707"},"headline":"Minister Levici: Mercator ni naprodaj","datePublished":"2017-10-26T15:40:00+00:00","dateModified":"2017-10-26T15:40:00+00:00","mainEntityOfPage":{"@id":"https:\/\/hudo.com\/si\/aktualno\/minister-levici-mercator-ni-naprodaj\/"},"wordCount":157,"publisher":{"@id":"https:\/\/hudo.com\/si\/#organization"},"articleSection":["Aktualno"],"inLanguage":"sl-SI"},{"@type":"WebPage","@id":"https:\/\/hudo.com\/si\/aktualno\/minister-levici-mercator-ni-naprodaj\/","url":"https:\/\/hudo.com\/si\/aktualno\/minister-levici-mercator-ni-naprodaj\/","name":"Minister Levici: Mercator ni naprodaj - Hudo Slovenija","isPartOf":{"@id":"https:\/\/hudo.com\/si\/#website"},"datePublished":"2017-10-26T15:40:00+00:00","dateModified":"2017-10-26T15:40:00+00:00","breadcrumb":{"@id":"https:\/\/hudo.com\/si\/aktualno\/minister-levici-mercator-ni-naprodaj\/#breadcrumb"},"inLanguage":"sl-SI","potentialAction":[{"@type":"ReadAction","target":["https:\/\/hudo.com\/si\/aktualno\/minister-levici-mercator-ni-naprodaj\/"]}]},{"@type":"BreadcrumbList","@id":"https:\/\/hudo.com\/si\/aktualno\/minister-levici-mercator-ni-naprodaj\/#breadcrumb","itemListElement":[{"@type":"ListItem","position":1,"name":"Home","item":"https:\/\/hudo.com\/si\/"},{"@type":"ListItem","position":2,"name":"Minister Levici: Mercator ni naprodaj"}]},{"@type":"WebSite","@id":"https:\/\/hudo.com\/si\/#website","url":"https:\/\/hudo.com\/si\/","name":"Hudo Slovenija","description":"Vse novice iz Slovenije in sveta","publisher":{"@id":"https:\/\/hudo.com\/si\/#organization"},"potentialAction":[{"@type":"SearchAction","target":{"@type":"EntryPoint","urlTemplate":"https:\/\/hudo.com\/si\/?s={search_term_string}"},"query-input":"required name=search_term_string"}],"inLanguage":"sl-SI"},{"@type":"Organization","@id":"https:\/\/hudo.com\/si\/#organization","name":"VSN Media","url":"https:\/\/hudo.com\/si\/","logo":{"@type":"ImageObject","inLanguage":"sl-SI","@id":"https:\/\/hudo.com\/si\/#\/schema\/logo\/image\/","url":"https:\/\/hudo.com\/si\/wp-content\/uploads\/sites\/2\/2021\/03\/hudo-app-2.png","contentUrl":"https:\/\/hudo.com\/si\/wp-content\/uploads\/sites\/2\/2021\/03\/hudo-app-2.png","width":2185,"height":2167,"caption":"VSN Media"},"image":{"@id":"https:\/\/hudo.com\/si\/#\/schema\/logo\/image\/"},"sameAs":["https:\/\/www.facebook.com\/hudo.si","https:\/\/twitter.com\/hudo_si"]},{"@type":"Person","@id":"https:\/\/hudo.com\/si\/#\/schema\/person\/601cf3379633985b20f7e50f2bb47707","name":"hudo","image":{"@type":"ImageObject","inLanguage":"sl-SI","@id":"https:\/\/hudo.com\/si\/#\/schema\/person\/image\/","url":"https:\/\/secure.gravatar.com\/avatar\/c4ca25fa72cace7a696b52ff5db9e095?s=96&d=mm&r=g","contentUrl":"https:\/\/secure.gravatar.com\/avatar\/c4ca25fa72cace7a696b52ff5db9e095?s=96&d=mm&r=g","caption":"hudo"},"url":"https:\/\/hudo.com\/si\/author\/hudo\/"}]}},"amp_enabled":true,"_links":{"self":[{"href":"https:\/\/hudo.com\/si\/wp-json\/wp\/v2\/posts\/314794"}],"collection":[{"href":"https:\/\/hudo.com\/si\/wp-json\/wp\/v2\/posts"}],"about":[{"href":"https:\/\/hudo.com\/si\/wp-json\/wp\/v2\/types\/post"}],"author":[{"embeddable":true,"href":"https:\/\/hudo.com\/si\/wp-json\/wp\/v2\/users\/1"}],"replies":[{"embeddable":true,"href":"https:\/\/hudo.com\/si\/wp-json\/wp\/v2\/comments?post=314794"}],"version-history":[{"count":0,"href":"https:\/\/hudo.com\/si\/wp-json\/wp\/v2\/posts\/314794\/revisions"}],"wp:attachment":[{"href":"https:\/\/hudo.com\/si\/wp-json\/wp\/v2\/media?parent=314794"}],"wp:term":[{"taxonomy":"category","embeddable":true,"href":"https:\/\/hudo.com\/si\/wp-json\/wp\/v2\/categories?post=314794"},{"taxonomy":"post_tag","embeddable":true,"href":"https:\/\/hudo.com\/si\/wp-json\/wp\/v2\/tags?post=314794"},{"taxonomy":"source","embeddable":true,"href":"https:\/\/hudo.com\/si\/wp-json\/wp\/v2\/source?post=314794"},{"taxonomy":"supertag","embeddable":true,"href":"https:\/\/hudo.com\/si\/wp-json\/wp\/v2\/supertag?post=314794"}],"curies":[{"name":"wp","href":"https:\/\/api.w.org\/{rel}","templated":true}]}}