{"id":315137,"date":"2017-10-27T11:00:00","date_gmt":"2017-10-27T09:00:00","guid":{"rendered":"http:\/\/hudo.com\/si\/2017\/10\/27\/jelovica-po-novem-slovenijales-2\/"},"modified":"2017-10-27T11:00:00","modified_gmt":"2017-10-27T09:00:00","slug":"jelovica-po-novem-slovenijales-2","status":"publish","type":"post","link":"https:\/\/hudo.com\/si\/aktualno\/jelovica-po-novem-slovenijales-2\/","title":{"rendered":"Jelovica po novem Slovenijales"},"content":{"rendered":"<p>Kategorija: Podjetja Fri, 27 Oct 2017 13:00:00 +0200  Kranj \u2212 Jelovica, ki je lani kupila dru\u017ebo Slovenijales Trgovina, se bo preoblikovala iz delni\u0161ke\u00a0 dru\u017ebe v dru\u017ebo z omejeno odgovornostjo, ime dru\u017ebe pa bo spremenila v Slovenijales. To je na nedavni skup\u0161\u010dini odlo\u010dil njen lastnik, dru\u017eba EBS Group, ki je v ve\u010dinski lasti direktorja Jelovice Gregorja Ben\u010dine. Upravni odbor je predlagal, da se Jelovica preoblikuje v dru\u017ebo z omejeno odgovornostjo, s \u010dimer je delni\u010dar EBS Group sogla\u0161al. Na njegov nasprotni predlog pa je skup\u0161\u010dina nato potrdila, da je njena dejavnost opredeljena ne kot lesna industrija, temve\u010d kot dru\u017eba za upravljanje. Skup\u0161\u010dina je nato sprejela \u0161e sklep, da se ime dru\u017ebe Jelovica spremeni v Slovenijales ter da se sede\u017e dru\u017ebe prenese iz \u0160kofje Loke v Ljubljano, je razvidno iz zapisnika skup\u0161\u010dine, danes objavljenega na Ajpesu. Dru\u017eba Jelovica kot krovna dru\u017eba spada v skupino\u00a0&#8230;<\/p>\n","protected":false},"excerpt":{"rendered":"<p>Kategorija: Podjetja Fri, 27 Oct 2017 13:00:00 +0200  Kranj \u2212 Jelovica, ki je lani kupila dru\u017ebo Slovenijales Trgovina, se bo preoblikovala iz delni\u0161ke\u00a0 dru\u017ebe v dru\u017ebo z omejeno odgovornostjo, ime dru\u017ebe pa bo spremenila v Slovenijales. To je na nedavni skup\u0161\u010dini odlo\u010dil njen lastnik, dru\u017eba EBS Group, ki je v ve\u010dinski lasti direktorja Jelovice Gregorja Ben\u010dine. Upravni odbor je predlagal, da se Jelovica preoblikuje v dru\u017ebo z omejeno odgovornostjo, s \u010dimer je delni\u010dar EBS Group sogla\u0161al. Na njegov nasprotni predlog pa je skup\u0161\u010dina nato potrdila, da je njena dejavnost opredeljena ne kot lesna industrija, temve\u010d kot dru\u017eba za upravljanje. Skup\u0161\u010dina je nato sprejela \u0161e sklep, da se ime dru\u017ebe Jelovica spremeni v Slovenijales ter da se sede\u017e dru\u017ebe prenese iz \u0160kofje Loke v Ljubljano, je razvidno iz zapisnika skup\u0161\u010dine, danes objavljenega na Ajpesu. Dru\u017eba Jelovica kot krovna dru\u017eba spada v skupino\u00a0&#8230;<\/p>\n","protected":false},"author":1,"featured_media":0,"comment_status":"closed","ping_status":"closed","sticky":false,"template":"","format":"standard","meta":{"footnotes":""},"categories":[1179],"tags":[],"source":[1703],"supertag":[],"acf":[],"yoast_head":"<!-- This site is optimized with the Yoast SEO plugin v21.3 - https:\/\/yoast.com\/wordpress\/plugins\/seo\/ -->\n<title>Jelovica po novem Slovenijales - Hudo Slovenija<\/title>\n<meta name=\"robots\" content=\"index, follow, max-snippet:-1, max-image-preview:large, max-video-preview:-1\" \/>\n<link rel=\"canonical\" href=\"https:\/\/hudo.com\/si\/aktualno\/jelovica-po-novem-slovenijales-2\/\" \/>\n<meta property=\"og:locale\" content=\"sl_SI\" \/>\n<meta property=\"og:type\" content=\"article\" \/>\n<meta property=\"og:title\" content=\"Jelovica po novem Slovenijales - Hudo Slovenija\" \/>\n<meta property=\"og:description\" content=\"Kategorija: Podjetja Fri, 27 Oct 2017 13:00:00 +0200 Kranj \u2212 Jelovica, ki je lani kupila dru\u017ebo Slovenijales Trgovina, se bo preoblikovala iz delni\u0161ke\u00a0 dru\u017ebe v dru\u017ebo z omejeno odgovornostjo, ime dru\u017ebe pa bo spremenila v Slovenijales. To je na nedavni skup\u0161\u010dini odlo\u010dil njen lastnik, dru\u017eba EBS Group, ki je v ve\u010dinski lasti direktorja Jelovice Gregorja Ben\u010dine. Upravni odbor je predlagal, da se Jelovica preoblikuje v dru\u017ebo z omejeno odgovornostjo, s \u010dimer je delni\u010dar EBS Group sogla\u0161al. Na njegov nasprotni predlog pa je skup\u0161\u010dina nato potrdila, da je njena dejavnost opredeljena ne kot lesna industrija, temve\u010d kot dru\u017eba za upravljanje. Skup\u0161\u010dina je nato sprejela \u0161e sklep, da se ime dru\u017ebe Jelovica spremeni v Slovenijales ter da se sede\u017e dru\u017ebe prenese iz \u0160kofje Loke v Ljubljano, je razvidno iz zapisnika skup\u0161\u010dine, danes objavljenega na Ajpesu. Dru\u017eba Jelovica kot krovna dru\u017eba spada v skupino\u00a0...\" \/>\n<meta property=\"og:url\" content=\"https:\/\/hudo.com\/si\/aktualno\/jelovica-po-novem-slovenijales-2\/\" \/>\n<meta property=\"og:site_name\" content=\"Hudo Slovenija\" \/>\n<meta property=\"article:publisher\" content=\"https:\/\/www.facebook.com\/hudo.si\" \/>\n<meta property=\"article:published_time\" content=\"2017-10-27T09:00:00+00:00\" \/>\n<meta property=\"og:image\" content=\"https:\/\/hudo.com\/si\/wp-content\/uploads\/sites\/2\/2017\/10\/480x290_djvu_1470167_pavlinb_-jer-Gregor-Bencina-Sobotna.jpeg\" \/>\n\t<meta property=\"og:image:width\" content=\"480\" \/>\n\t<meta property=\"og:image:height\" content=\"290\" \/>\n\t<meta property=\"og:image:type\" content=\"image\/jpeg\" \/>\n<meta name=\"author\" content=\"hudo\" \/>\n<meta name=\"twitter:card\" content=\"summary_large_image\" \/>\n<meta name=\"twitter:creator\" content=\"@hudo_si\" \/>\n<meta name=\"twitter:site\" content=\"@hudo_si\" \/>\n<meta name=\"twitter:label1\" content=\"Written by\" \/>\n\t<meta name=\"twitter:data1\" content=\"hudo\" \/>\n\t<meta name=\"twitter:label2\" content=\"Est. reading time\" \/>\n\t<meta name=\"twitter:data2\" content=\"1 minuta\" \/>\n<script type=\"application\/ld+json\" class=\"yoast-schema-graph\">{\"@context\":\"https:\/\/schema.org\",\"@graph\":[{\"@type\":\"Article\",\"@id\":\"https:\/\/hudo.com\/si\/aktualno\/jelovica-po-novem-slovenijales-2\/#article\",\"isPartOf\":{\"@id\":\"https:\/\/hudo.com\/si\/aktualno\/jelovica-po-novem-slovenijales-2\/\"},\"author\":{\"name\":\"hudo\",\"@id\":\"https:\/\/hudo.com\/si\/#\/schema\/person\/601cf3379633985b20f7e50f2bb47707\"},\"headline\":\"Jelovica po novem Slovenijales\",\"datePublished\":\"2017-10-27T09:00:00+00:00\",\"dateModified\":\"2017-10-27T09:00:00+00:00\",\"mainEntityOfPage\":{\"@id\":\"https:\/\/hudo.com\/si\/aktualno\/jelovica-po-novem-slovenijales-2\/\"},\"wordCount\":161,\"publisher\":{\"@id\":\"https:\/\/hudo.com\/si\/#organization\"},\"articleSection\":[\"Aktualno\"],\"inLanguage\":\"sl-SI\"},{\"@type\":\"WebPage\",\"@id\":\"https:\/\/hudo.com\/si\/aktualno\/jelovica-po-novem-slovenijales-2\/\",\"url\":\"https:\/\/hudo.com\/si\/aktualno\/jelovica-po-novem-slovenijales-2\/\",\"name\":\"Jelovica po novem Slovenijales - Hudo Slovenija\",\"isPartOf\":{\"@id\":\"https:\/\/hudo.com\/si\/#website\"},\"datePublished\":\"2017-10-27T09:00:00+00:00\",\"dateModified\":\"2017-10-27T09:00:00+00:00\",\"breadcrumb\":{\"@id\":\"https:\/\/hudo.com\/si\/aktualno\/jelovica-po-novem-slovenijales-2\/#breadcrumb\"},\"inLanguage\":\"sl-SI\",\"potentialAction\":[{\"@type\":\"ReadAction\",\"target\":[\"https:\/\/hudo.com\/si\/aktualno\/jelovica-po-novem-slovenijales-2\/\"]}]},{\"@type\":\"BreadcrumbList\",\"@id\":\"https:\/\/hudo.com\/si\/aktualno\/jelovica-po-novem-slovenijales-2\/#breadcrumb\",\"itemListElement\":[{\"@type\":\"ListItem\",\"position\":1,\"name\":\"Home\",\"item\":\"https:\/\/hudo.com\/si\/\"},{\"@type\":\"ListItem\",\"position\":2,\"name\":\"Jelovica po novem Slovenijales\"}]},{\"@type\":\"WebSite\",\"@id\":\"https:\/\/hudo.com\/si\/#website\",\"url\":\"https:\/\/hudo.com\/si\/\",\"name\":\"Hudo Slovenija\",\"description\":\"Vse novice iz Slovenije in sveta\",\"publisher\":{\"@id\":\"https:\/\/hudo.com\/si\/#organization\"},\"potentialAction\":[{\"@type\":\"SearchAction\",\"target\":{\"@type\":\"EntryPoint\",\"urlTemplate\":\"https:\/\/hudo.com\/si\/?s={search_term_string}\"},\"query-input\":\"required name=search_term_string\"}],\"inLanguage\":\"sl-SI\"},{\"@type\":\"Organization\",\"@id\":\"https:\/\/hudo.com\/si\/#organization\",\"name\":\"VSN Media\",\"url\":\"https:\/\/hudo.com\/si\/\",\"logo\":{\"@type\":\"ImageObject\",\"inLanguage\":\"sl-SI\",\"@id\":\"https:\/\/hudo.com\/si\/#\/schema\/logo\/image\/\",\"url\":\"https:\/\/hudo.com\/si\/wp-content\/uploads\/sites\/2\/2021\/03\/hudo-app-2.png\",\"contentUrl\":\"https:\/\/hudo.com\/si\/wp-content\/uploads\/sites\/2\/2021\/03\/hudo-app-2.png\",\"width\":2185,\"height\":2167,\"caption\":\"VSN Media\"},\"image\":{\"@id\":\"https:\/\/hudo.com\/si\/#\/schema\/logo\/image\/\"},\"sameAs\":[\"https:\/\/www.facebook.com\/hudo.si\",\"https:\/\/twitter.com\/hudo_si\"]},{\"@type\":\"Person\",\"@id\":\"https:\/\/hudo.com\/si\/#\/schema\/person\/601cf3379633985b20f7e50f2bb47707\",\"name\":\"hudo\",\"image\":{\"@type\":\"ImageObject\",\"inLanguage\":\"sl-SI\",\"@id\":\"https:\/\/hudo.com\/si\/#\/schema\/person\/image\/\",\"url\":\"https:\/\/secure.gravatar.com\/avatar\/c4ca25fa72cace7a696b52ff5db9e095?s=96&d=mm&r=g\",\"contentUrl\":\"https:\/\/secure.gravatar.com\/avatar\/c4ca25fa72cace7a696b52ff5db9e095?s=96&d=mm&r=g\",\"caption\":\"hudo\"},\"url\":\"https:\/\/hudo.com\/si\/author\/hudo\/\"}]}<\/script>\n<!-- \/ Yoast SEO plugin. -->","yoast_head_json":{"title":"Jelovica po novem Slovenijales - Hudo Slovenija","robots":{"index":"index","follow":"follow","max-snippet":"max-snippet:-1","max-image-preview":"max-image-preview:large","max-video-preview":"max-video-preview:-1"},"canonical":"https:\/\/hudo.com\/si\/aktualno\/jelovica-po-novem-slovenijales-2\/","og_locale":"sl_SI","og_type":"article","og_title":"Jelovica po novem Slovenijales - Hudo Slovenija","og_description":"Kategorija: Podjetja Fri, 27 Oct 2017 13:00:00 +0200 Kranj \u2212 Jelovica, ki je lani kupila dru\u017ebo Slovenijales Trgovina, se bo preoblikovala iz delni\u0161ke\u00a0 dru\u017ebe v dru\u017ebo z omejeno odgovornostjo, ime dru\u017ebe pa bo spremenila v Slovenijales. To je na nedavni skup\u0161\u010dini odlo\u010dil njen lastnik, dru\u017eba EBS Group, ki je v ve\u010dinski lasti direktorja Jelovice Gregorja Ben\u010dine. Upravni odbor je predlagal, da se Jelovica preoblikuje v dru\u017ebo z omejeno odgovornostjo, s \u010dimer je delni\u010dar EBS Group sogla\u0161al. Na njegov nasprotni predlog pa je skup\u0161\u010dina nato potrdila, da je njena dejavnost opredeljena ne kot lesna industrija, temve\u010d kot dru\u017eba za upravljanje. Skup\u0161\u010dina je nato sprejela \u0161e sklep, da se ime dru\u017ebe Jelovica spremeni v Slovenijales ter da se sede\u017e dru\u017ebe prenese iz \u0160kofje Loke v Ljubljano, je razvidno iz zapisnika skup\u0161\u010dine, danes objavljenega na Ajpesu. Dru\u017eba Jelovica kot krovna dru\u017eba spada v skupino\u00a0...","og_url":"https:\/\/hudo.com\/si\/aktualno\/jelovica-po-novem-slovenijales-2\/","og_site_name":"Hudo Slovenija","article_publisher":"https:\/\/www.facebook.com\/hudo.si","article_published_time":"2017-10-27T09:00:00+00:00","og_image":[{"width":480,"height":290,"url":"https:\/\/hudo.com\/si\/wp-content\/uploads\/sites\/2\/2017\/10\/480x290_djvu_1470167_pavlinb_-jer-Gregor-Bencina-Sobotna.jpeg","type":"image\/jpeg"}],"author":"hudo","twitter_card":"summary_large_image","twitter_creator":"@hudo_si","twitter_site":"@hudo_si","twitter_misc":{"Written by":"hudo","Est. reading time":"1 minuta"},"schema":{"@context":"https:\/\/schema.org","@graph":[{"@type":"Article","@id":"https:\/\/hudo.com\/si\/aktualno\/jelovica-po-novem-slovenijales-2\/#article","isPartOf":{"@id":"https:\/\/hudo.com\/si\/aktualno\/jelovica-po-novem-slovenijales-2\/"},"author":{"name":"hudo","@id":"https:\/\/hudo.com\/si\/#\/schema\/person\/601cf3379633985b20f7e50f2bb47707"},"headline":"Jelovica po novem Slovenijales","datePublished":"2017-10-27T09:00:00+00:00","dateModified":"2017-10-27T09:00:00+00:00","mainEntityOfPage":{"@id":"https:\/\/hudo.com\/si\/aktualno\/jelovica-po-novem-slovenijales-2\/"},"wordCount":161,"publisher":{"@id":"https:\/\/hudo.com\/si\/#organization"},"articleSection":["Aktualno"],"inLanguage":"sl-SI"},{"@type":"WebPage","@id":"https:\/\/hudo.com\/si\/aktualno\/jelovica-po-novem-slovenijales-2\/","url":"https:\/\/hudo.com\/si\/aktualno\/jelovica-po-novem-slovenijales-2\/","name":"Jelovica po novem Slovenijales - Hudo Slovenija","isPartOf":{"@id":"https:\/\/hudo.com\/si\/#website"},"datePublished":"2017-10-27T09:00:00+00:00","dateModified":"2017-10-27T09:00:00+00:00","breadcrumb":{"@id":"https:\/\/hudo.com\/si\/aktualno\/jelovica-po-novem-slovenijales-2\/#breadcrumb"},"inLanguage":"sl-SI","potentialAction":[{"@type":"ReadAction","target":["https:\/\/hudo.com\/si\/aktualno\/jelovica-po-novem-slovenijales-2\/"]}]},{"@type":"BreadcrumbList","@id":"https:\/\/hudo.com\/si\/aktualno\/jelovica-po-novem-slovenijales-2\/#breadcrumb","itemListElement":[{"@type":"ListItem","position":1,"name":"Home","item":"https:\/\/hudo.com\/si\/"},{"@type":"ListItem","position":2,"name":"Jelovica po novem Slovenijales"}]},{"@type":"WebSite","@id":"https:\/\/hudo.com\/si\/#website","url":"https:\/\/hudo.com\/si\/","name":"Hudo Slovenija","description":"Vse novice iz Slovenije in sveta","publisher":{"@id":"https:\/\/hudo.com\/si\/#organization"},"potentialAction":[{"@type":"SearchAction","target":{"@type":"EntryPoint","urlTemplate":"https:\/\/hudo.com\/si\/?s={search_term_string}"},"query-input":"required name=search_term_string"}],"inLanguage":"sl-SI"},{"@type":"Organization","@id":"https:\/\/hudo.com\/si\/#organization","name":"VSN Media","url":"https:\/\/hudo.com\/si\/","logo":{"@type":"ImageObject","inLanguage":"sl-SI","@id":"https:\/\/hudo.com\/si\/#\/schema\/logo\/image\/","url":"https:\/\/hudo.com\/si\/wp-content\/uploads\/sites\/2\/2021\/03\/hudo-app-2.png","contentUrl":"https:\/\/hudo.com\/si\/wp-content\/uploads\/sites\/2\/2021\/03\/hudo-app-2.png","width":2185,"height":2167,"caption":"VSN Media"},"image":{"@id":"https:\/\/hudo.com\/si\/#\/schema\/logo\/image\/"},"sameAs":["https:\/\/www.facebook.com\/hudo.si","https:\/\/twitter.com\/hudo_si"]},{"@type":"Person","@id":"https:\/\/hudo.com\/si\/#\/schema\/person\/601cf3379633985b20f7e50f2bb47707","name":"hudo","image":{"@type":"ImageObject","inLanguage":"sl-SI","@id":"https:\/\/hudo.com\/si\/#\/schema\/person\/image\/","url":"https:\/\/secure.gravatar.com\/avatar\/c4ca25fa72cace7a696b52ff5db9e095?s=96&d=mm&r=g","contentUrl":"https:\/\/secure.gravatar.com\/avatar\/c4ca25fa72cace7a696b52ff5db9e095?s=96&d=mm&r=g","caption":"hudo"},"url":"https:\/\/hudo.com\/si\/author\/hudo\/"}]}},"amp_enabled":true,"_links":{"self":[{"href":"https:\/\/hudo.com\/si\/wp-json\/wp\/v2\/posts\/315137"}],"collection":[{"href":"https:\/\/hudo.com\/si\/wp-json\/wp\/v2\/posts"}],"about":[{"href":"https:\/\/hudo.com\/si\/wp-json\/wp\/v2\/types\/post"}],"author":[{"embeddable":true,"href":"https:\/\/hudo.com\/si\/wp-json\/wp\/v2\/users\/1"}],"replies":[{"embeddable":true,"href":"https:\/\/hudo.com\/si\/wp-json\/wp\/v2\/comments?post=315137"}],"version-history":[{"count":0,"href":"https:\/\/hudo.com\/si\/wp-json\/wp\/v2\/posts\/315137\/revisions"}],"wp:attachment":[{"href":"https:\/\/hudo.com\/si\/wp-json\/wp\/v2\/media?parent=315137"}],"wp:term":[{"taxonomy":"category","embeddable":true,"href":"https:\/\/hudo.com\/si\/wp-json\/wp\/v2\/categories?post=315137"},{"taxonomy":"post_tag","embeddable":true,"href":"https:\/\/hudo.com\/si\/wp-json\/wp\/v2\/tags?post=315137"},{"taxonomy":"source","embeddable":true,"href":"https:\/\/hudo.com\/si\/wp-json\/wp\/v2\/source?post=315137"},{"taxonomy":"supertag","embeddable":true,"href":"https:\/\/hudo.com\/si\/wp-json\/wp\/v2\/supertag?post=315137"}],"curies":[{"name":"wp","href":"https:\/\/api.w.org\/{rel}","templated":true}]}}